{"id":13052,"date":"2025-06-20T10:04:54","date_gmt":"2025-06-20T08:04:54","guid":{"rendered":"https:\/\/www.metrica-global.com\/usas-tu-wifi-de-forma-segura-dia-mundial-del-wifi-y-ciberseguridad\/"},"modified":"2025-08-26T10:25:57","modified_gmt":"2025-08-26T08:25:57","slug":"usas-tu-wifi-de-forma-segura-dia-mundial-del-wifi-y-ciberseguridad","status":"publish","type":"post","link":"https:\/\/www.metrica-global.com\/cl\/usas-tu-wifi-de-forma-segura-dia-mundial-del-wifi-y-ciberseguridad\/","title":{"rendered":"\u00bfUsas tu WiFi de forma segura? | D\u00eda Mundial del WiFi y Ciberseguridad"},"content":{"rendered":"<p data-start=\"273\" data-end=\"552\">En el <strong data-start=\"279\" data-end=\"303\">D\u00eda Mundial del WiFi<\/strong>, desde <strong data-start=\"311\" data-end=\"322\">METRICA<\/strong> queremos ir m\u00e1s all\u00e1 de la velocidad de conexi\u00f3n o la cobertura. Hoy, m\u00e1s que nunca, es fundamental hablar de <strong data-start=\"433\" data-end=\"451\">ciberseguridad<\/strong> y concienciar sobre los riesgos que pueden implicar las redes WiFi p\u00fablicas o mal configuradas. \ud83d\udd10\ud83d\udcf6  <\/p>\n<h2 data-start=\"554\" data-end=\"632\">\u00bfPor qu\u00e9 es importante hablar de ciberseguridad en el D\u00eda Mundial del WiFi?<\/h2>\n<p data-start=\"634\" data-end=\"963\">La conectividad inal\u00e1mbrica ha transformado nuestra forma de trabajar, estudiar, comunicarnos y entretenernos. Sin embargo, este avance tambi\u00e9n ha abierto la puerta a nuevas vulnerabilidades. Desde redes p\u00fablicas en aeropuertos hasta WiFis abiertas en cafeter\u00edas, cada conexi\u00f3n representa una oportunidad\u2026 y tambi\u00e9n un riesgo. \ud83d\ude2c<\/p>\n<p data-start=\"965\" data-end=\"1188\"><strong data-start=\"965\" data-end=\"1049\">\u00bfSab\u00edas que existen redes falsas dise\u00f1adas espec\u00edficamente para robar tus datos?<\/strong> Este tipo de ataque se conoce como <strong data-start=\"1085\" data-end=\"1098\">Evil Twin<\/strong> o \u201cgemelo malvado\u201d, y es una de las amenazas m\u00e1s comunes en entornos de conexi\u00f3n p\u00fablica.<\/p>\n<hr data-start=\"1190\" data-end=\"1193\">\n<h2 data-start=\"1195\" data-end=\"1226\">\u00bfQu\u00e9 es un ataque Evil Twin?<\/h2>\n<p data-start=\"1228\" data-end=\"1481\">Un <strong data-start=\"1231\" data-end=\"1244\">Evil Twin<\/strong> es una red WiFi maliciosa que imita el nombre de una red leg\u00edtima para enga\u00f1ar al usuario. Por ejemplo, puedes ver dos redes llamadas &#8220;Caf\u00e9Central_WiFi&#8221; y no notar la diferencia\u2026 pero una de ellas ha sido creada por un ciberdelincuente. <\/p>\n<p data-start=\"1483\" data-end=\"1649\">\ud83d\udcf2 Al conectarte a la red falsa, todo tu tr\u00e1fico puede ser monitorizado: contrase\u00f1as, mensajes, correos, credenciales bancarias&#8230; Todo queda al alcance del atacante. <\/p>\n<hr data-start=\"1651\" data-end=\"1654\">\n<h2 data-start=\"1656\" data-end=\"1712\">\u00bfC\u00f3mo protegerte del Evil Twin y otras amenazas WiFi?<\/h2>\n<p data-start=\"1714\" data-end=\"1861\">En METRICA apostamos por una transformaci\u00f3n digital segura. Por eso, te compartimos algunas <strong data-start=\"1806\" data-end=\"1860\">buenas pr\u00e1cticas para usar el WiFi de forma segura<\/strong>: <\/p>\n<p data-start=\"1863\" data-end=\"2295\">\u2705 <strong data-start=\"1865\" data-end=\"1902\">Evita conectarte a redes abiertas<\/strong>: si no tienen contrase\u00f1a, cualquier persona puede acceder\u2026 incluidos los atacantes.<br data-start=\"1986\" data-end=\"1989\">\u2705 <strong data-start=\"1991\" data-end=\"2010\">Utiliza una VPN<\/strong>: cifra tu conexi\u00f3n y protege tu informaci\u00f3n incluso en redes p\u00fablicas.<br data-start=\"2081\" data-end=\"2084\">\u2705 <strong data-start=\"2086\" data-end=\"2135\">Desactiva la conexi\u00f3n autom\u00e1tica a redes WiFi<\/strong>: as\u00ed evitar\u00e1s conectarte sin darte cuenta a una red maliciosa.<br data-start=\"2198\" data-end=\"2201\">\u2705 <strong data-start=\"2203\" data-end=\"2243\">Verifica siempre el nombre de la red<\/strong>: pregunta al personal del lugar si no est\u00e1s seguro.<\/p>\n<hr data-start=\"2297\" data-end=\"2300\">\n<h2 data-start=\"2302\" data-end=\"2372\">Ciberseguridad como parte de una transformaci\u00f3n digital responsable<\/h2>\n<p data-start=\"2374\" data-end=\"2563\">La seguridad digital no es opcional. En un entorno donde el trabajo h\u00edbrido, la nube y la movilidad son protagonistas, proteger nuestros datos y conexiones es m\u00e1s importante que nunca. \ud83e\udde0\ud83d\udca1  <\/p>\n<p data-start=\"2565\" data-end=\"2731\">En <strong data-start=\"2568\" data-end=\"2579\">METRICA<\/strong> trabajamos cada d\u00eda para impulsar una cultura tecnol\u00f3gica m\u00e1s consciente, responsable y alineada con las mejores pr\u00e1cticas de seguridad y cumplimiento.<\/p>\n<hr data-start=\"2733\" data-end=\"2736\">\n<h2 data-start=\"2738\" data-end=\"2751\">Conclusi\u00f3n<\/h2>\n<p data-start=\"2753\" data-end=\"2962\">El <strong data-start=\"2756\" data-end=\"2780\">D\u00eda Mundial del WiFi<\/strong> es una excelente oportunidad para reflexionar sobre c\u00f3mo usamos la tecnolog\u00eda en nuestro d\u00eda a d\u00eda. Una buena conexi\u00f3n no solo depende de los megas\u2026 tambi\u00e9n de lo segura que sea. \ud83d\udd10<\/p>\n<p data-start=\"2964\" data-end=\"3186\">Desde METRICA te animamos a revisar tus h\u00e1bitos digitales y adoptar medidas de ciberseguridad que te protejan frente a amenazas como el Evil Twin. Porque una transformaci\u00f3n digital segura es una transformaci\u00f3n inteligente. <\/p>\n<hr data-start=\"3188\" data-end=\"3191\">\n<p data-start=\"3193\" data-end=\"3344\">\ud83d\udd0e <strong data-start=\"3196\" data-end=\"3268\">\u00bfTe interesa saber m\u00e1s sobre c\u00f3mo protegemos los entornos digitales?<\/strong><br data-start=\"3268\" data-end=\"3271\">Visita nuestras redes sociales o contacta con nuestro equipo de expertos.<\/p>\n","protected":false},"excerpt":{"rendered":"<p>Hoy, m\u00e1s que nunca, es fundamental hablar de ciberseguridad y concienciar sobre los riesgos que pueden implicar las redes WiFi p\u00fablicas o mal configuradas.<\/p>\n","protected":false},"author":2,"featured_media":12719,"comment_status":"open","ping_status":"open","sticky":false,"template":"","format":"standard","meta":{"content-type":"","footnotes":""},"categories":[387,449],"tags":[428,453,577,2988,2987,436,580,385,2985,593,594,2986],"class_list":["post-13052","post","type-post","status-publish","format-standard","has-post-thumbnail","hentry","category-actualidad-cl","category-calidad-cl","tag-ambito-tecnologico-cl","tag-ciberseguridad-cl","tag-consejos-de-ciberseguridad-cl","tag-dia-mundial-del-wifi-cl","tag-evil-twin-cl","tag-sector-it-cl","tag-seguridad-informatica-cl","tag-tecnologia-cl","tag-transformacion-digital-cl","tag-vpn-cl","tag-wifi-cl","tag-wifi-seguro-cl"],"yoast_head":"<!-- This site is optimized with the Yoast SEO plugin v25.9 - https:\/\/yoast.com\/wordpress\/plugins\/seo\/ -->\n<title>\u00bfUsas tu WiFi de forma segura? | D\u00eda Mundial del WiFi y Ciberseguridad - METRICA<\/title>\n<meta name=\"robots\" content=\"index, follow, max-snippet:-1, max-image-preview:large, max-video-preview:-1\" \/>\n<link rel=\"canonical\" href=\"https:\/\/www.metrica-global.com\/cl\/usas-tu-wifi-de-forma-segura-dia-mundial-del-wifi-y-ciberseguridad\/\" \/>\n<meta property=\"og:locale\" content=\"es_ES\" \/>\n<meta property=\"og:type\" content=\"article\" \/>\n<meta property=\"og:title\" content=\"\u00bfUsas tu WiFi de forma segura? | D\u00eda Mundial del WiFi y Ciberseguridad - METRICA\" \/>\n<meta property=\"og:description\" content=\"Hoy, m\u00e1s que nunca, es fundamental hablar de ciberseguridad y concienciar sobre los riesgos que pueden implicar las redes WiFi p\u00fablicas o mal configuradas.\" \/>\n<meta property=\"og:url\" content=\"https:\/\/www.metrica-global.com\/cl\/usas-tu-wifi-de-forma-segura-dia-mundial-del-wifi-y-ciberseguridad\/\" \/>\n<meta property=\"og:site_name\" content=\"METRICA\" \/>\n<meta property=\"article:published_time\" content=\"2025-06-20T08:04:54+00:00\" \/>\n<meta property=\"article:modified_time\" content=\"2025-08-26T08:25:57+00:00\" \/>\n<meta property=\"og:image\" content=\"https:\/\/www.metrica-global.com\/wp-content\/uploads\/2025\/08\/banner-wifi-ciber.jpg\" \/>\n\t<meta property=\"og:image:width\" content=\"3456\" \/>\n\t<meta property=\"og:image:height\" content=\"1728\" \/>\n\t<meta property=\"og:image:type\" content=\"image\/jpeg\" \/>\n<meta name=\"author\" content=\"metrica\" \/>\n<meta name=\"twitter:card\" content=\"summary_large_image\" \/>\n<meta name=\"twitter:creator\" content=\"@desarrollo\" \/>\n<meta name=\"twitter:label1\" content=\"Written by\" \/>\n\t<meta name=\"twitter:data1\" content=\"metrica\" \/>\n\t<meta name=\"twitter:label2\" content=\"Est. reading time\" \/>\n\t<meta name=\"twitter:data2\" content=\"3 minutes\" \/>\n<script type=\"application\/ld+json\" class=\"yoast-schema-graph\">{\"@context\":\"https:\/\/schema.org\",\"@graph\":[{\"@type\":\"Article\",\"@id\":\"https:\/\/www.metrica-global.com\/cl\/usas-tu-wifi-de-forma-segura-dia-mundial-del-wifi-y-ciberseguridad\/#article\",\"isPartOf\":{\"@id\":\"https:\/\/www.metrica-global.com\/cl\/usas-tu-wifi-de-forma-segura-dia-mundial-del-wifi-y-ciberseguridad\/\"},\"author\":{\"name\":\"metrica\",\"@id\":\"https:\/\/www.metrica-global.com\/#\/schema\/person\/2f4208bdc63892f387a04f4106dd0fcb\"},\"headline\":\"\u00bfUsas tu WiFi de forma segura? | D\u00eda Mundial del WiFi y Ciberseguridad\",\"datePublished\":\"2025-06-20T08:04:54+00:00\",\"dateModified\":\"2025-08-26T08:25:57+00:00\",\"mainEntityOfPage\":{\"@id\":\"https:\/\/www.metrica-global.com\/cl\/usas-tu-wifi-de-forma-segura-dia-mundial-del-wifi-y-ciberseguridad\/\"},\"wordCount\":523,\"commentCount\":0,\"publisher\":{\"@id\":\"https:\/\/www.metrica-global.com\/#organization\"},\"image\":{\"@id\":\"https:\/\/www.metrica-global.com\/cl\/usas-tu-wifi-de-forma-segura-dia-mundial-del-wifi-y-ciberseguridad\/#primaryimage\"},\"thumbnailUrl\":\"https:\/\/www.metrica-global.com\/wp-content\/uploads\/2025\/08\/banner-wifi-ciber.jpg\",\"keywords\":[\"\u00c1mbito Tecnol\u00f3gico\",\"Ciberseguridad\",\"Consejos de ciberseguridad\",\"Dia Mundial del Wifi\",\"Evil Twin\",\"Sector IT\",\"Seguridad Inform\u00e1tica\",\"Tecnolog\u00eda\",\"Transformaci\u00f3n Digital\",\"VPN\",\"Wifi\",\"Wifi seguro\"],\"articleSection\":[\"Actualidad\",\"Calidad\"],\"inLanguage\":\"es-CL\",\"potentialAction\":[{\"@type\":\"CommentAction\",\"name\":\"Comment\",\"target\":[\"https:\/\/www.metrica-global.com\/cl\/usas-tu-wifi-de-forma-segura-dia-mundial-del-wifi-y-ciberseguridad\/#respond\"]}]},{\"@type\":\"WebPage\",\"@id\":\"https:\/\/www.metrica-global.com\/cl\/usas-tu-wifi-de-forma-segura-dia-mundial-del-wifi-y-ciberseguridad\/\",\"url\":\"https:\/\/www.metrica-global.com\/cl\/usas-tu-wifi-de-forma-segura-dia-mundial-del-wifi-y-ciberseguridad\/\",\"name\":\"\u00bfUsas tu WiFi de forma segura? | D\u00eda Mundial del WiFi y Ciberseguridad - METRICA\",\"isPartOf\":{\"@id\":\"https:\/\/www.metrica-global.com\/#website\"},\"primaryImageOfPage\":{\"@id\":\"https:\/\/www.metrica-global.com\/cl\/usas-tu-wifi-de-forma-segura-dia-mundial-del-wifi-y-ciberseguridad\/#primaryimage\"},\"image\":{\"@id\":\"https:\/\/www.metrica-global.com\/cl\/usas-tu-wifi-de-forma-segura-dia-mundial-del-wifi-y-ciberseguridad\/#primaryimage\"},\"thumbnailUrl\":\"https:\/\/www.metrica-global.com\/wp-content\/uploads\/2025\/08\/banner-wifi-ciber.jpg\",\"datePublished\":\"2025-06-20T08:04:54+00:00\",\"dateModified\":\"2025-08-26T08:25:57+00:00\",\"breadcrumb\":{\"@id\":\"https:\/\/www.metrica-global.com\/cl\/usas-tu-wifi-de-forma-segura-dia-mundial-del-wifi-y-ciberseguridad\/#breadcrumb\"},\"inLanguage\":\"es-CL\",\"potentialAction\":[{\"@type\":\"ReadAction\",\"target\":[\"https:\/\/www.metrica-global.com\/cl\/usas-tu-wifi-de-forma-segura-dia-mundial-del-wifi-y-ciberseguridad\/\"]}]},{\"@type\":\"ImageObject\",\"inLanguage\":\"es-CL\",\"@id\":\"https:\/\/www.metrica-global.com\/cl\/usas-tu-wifi-de-forma-segura-dia-mundial-del-wifi-y-ciberseguridad\/#primaryimage\",\"url\":\"https:\/\/www.metrica-global.com\/wp-content\/uploads\/2025\/08\/banner-wifi-ciber.jpg\",\"contentUrl\":\"https:\/\/www.metrica-global.com\/wp-content\/uploads\/2025\/08\/banner-wifi-ciber.jpg\",\"width\":3456,\"height\":1728},{\"@type\":\"BreadcrumbList\",\"@id\":\"https:\/\/www.metrica-global.com\/cl\/usas-tu-wifi-de-forma-segura-dia-mundial-del-wifi-y-ciberseguridad\/#breadcrumb\",\"itemListElement\":[{\"@type\":\"ListItem\",\"position\":1,\"name\":\"Portada\",\"item\":\"https:\/\/www.metrica-global.com\/pt\/\"},{\"@type\":\"ListItem\",\"position\":2,\"name\":\"\u00bfUsas tu WiFi de forma segura? | D\u00eda Mundial del WiFi y Ciberseguridad\"}]},{\"@type\":\"WebSite\",\"@id\":\"https:\/\/www.metrica-global.com\/#website\",\"url\":\"https:\/\/www.metrica-global.com\/\",\"name\":\"METRICA\",\"description\":\"Servicios Globales IT\",\"publisher\":{\"@id\":\"https:\/\/www.metrica-global.com\/#organization\"},\"potentialAction\":[{\"@type\":\"SearchAction\",\"target\":{\"@type\":\"EntryPoint\",\"urlTemplate\":\"https:\/\/www.metrica-global.com\/?s={search_term_string}\"},\"query-input\":{\"@type\":\"PropertyValueSpecification\",\"valueRequired\":true,\"valueName\":\"search_term_string\"}}],\"inLanguage\":\"es-CL\"},{\"@type\":\"Organization\",\"@id\":\"https:\/\/www.metrica-global.com\/#organization\",\"name\":\"METRICA\",\"url\":\"https:\/\/www.metrica-global.com\/\",\"logo\":{\"@type\":\"ImageObject\",\"inLanguage\":\"es-CL\",\"@id\":\"https:\/\/www.metrica-global.com\/#\/schema\/logo\/image\/\",\"url\":\"https:\/\/www.metrica-global.com\/wp-content\/uploads\/2023\/12\/logo-metrica.png\",\"contentUrl\":\"https:\/\/www.metrica-global.com\/wp-content\/uploads\/2023\/12\/logo-metrica.png\",\"width\":332,\"height\":58,\"caption\":\"METRICA\"},\"image\":{\"@id\":\"https:\/\/www.metrica-global.com\/#\/schema\/logo\/image\/\"}},{\"@type\":\"Person\",\"@id\":\"https:\/\/www.metrica-global.com\/#\/schema\/person\/2f4208bdc63892f387a04f4106dd0fcb\",\"name\":\"metrica\",\"image\":{\"@type\":\"ImageObject\",\"inLanguage\":\"es-CL\",\"@id\":\"https:\/\/www.metrica-global.com\/#\/schema\/person\/image\/\",\"url\":\"https:\/\/secure.gravatar.com\/avatar\/735533d52394faf02a8736d8f477256b9fb421f39d81c48c55ea37c267061786?s=96&d=mm&r=g\",\"contentUrl\":\"https:\/\/secure.gravatar.com\/avatar\/735533d52394faf02a8736d8f477256b9fb421f39d81c48c55ea37c267061786?s=96&d=mm&r=g\",\"caption\":\"metrica\"},\"sameAs\":[\"https:\/\/x.com\/desarrollo\"],\"url\":\"https:\/\/www.metrica-global.com\/cl\/author\/metrica\/\"}]}<\/script>\n<!-- \/ Yoast SEO plugin. -->","yoast_head_json":{"title":"\u00bfUsas tu WiFi de forma segura? | D\u00eda Mundial del WiFi y Ciberseguridad - METRICA","robots":{"index":"index","follow":"follow","max-snippet":"max-snippet:-1","max-image-preview":"max-image-preview:large","max-video-preview":"max-video-preview:-1"},"canonical":"https:\/\/www.metrica-global.com\/cl\/usas-tu-wifi-de-forma-segura-dia-mundial-del-wifi-y-ciberseguridad\/","og_locale":"es_ES","og_type":"article","og_title":"\u00bfUsas tu WiFi de forma segura? | D\u00eda Mundial del WiFi y Ciberseguridad - METRICA","og_description":"Hoy, m\u00e1s que nunca, es fundamental hablar de ciberseguridad y concienciar sobre los riesgos que pueden implicar las redes WiFi p\u00fablicas o mal configuradas.","og_url":"https:\/\/www.metrica-global.com\/cl\/usas-tu-wifi-de-forma-segura-dia-mundial-del-wifi-y-ciberseguridad\/","og_site_name":"METRICA","article_published_time":"2025-06-20T08:04:54+00:00","article_modified_time":"2025-08-26T08:25:57+00:00","og_image":[{"width":3456,"height":1728,"url":"https:\/\/www.metrica-global.com\/wp-content\/uploads\/2025\/08\/banner-wifi-ciber.jpg","type":"image\/jpeg"}],"author":"metrica","twitter_card":"summary_large_image","twitter_creator":"@desarrollo","twitter_misc":{"Written by":"metrica","Est. reading time":"3 minutes"},"schema":{"@context":"https:\/\/schema.org","@graph":[{"@type":"Article","@id":"https:\/\/www.metrica-global.com\/cl\/usas-tu-wifi-de-forma-segura-dia-mundial-del-wifi-y-ciberseguridad\/#article","isPartOf":{"@id":"https:\/\/www.metrica-global.com\/cl\/usas-tu-wifi-de-forma-segura-dia-mundial-del-wifi-y-ciberseguridad\/"},"author":{"name":"metrica","@id":"https:\/\/www.metrica-global.com\/#\/schema\/person\/2f4208bdc63892f387a04f4106dd0fcb"},"headline":"\u00bfUsas tu WiFi de forma segura? | D\u00eda Mundial del WiFi y Ciberseguridad","datePublished":"2025-06-20T08:04:54+00:00","dateModified":"2025-08-26T08:25:57+00:00","mainEntityOfPage":{"@id":"https:\/\/www.metrica-global.com\/cl\/usas-tu-wifi-de-forma-segura-dia-mundial-del-wifi-y-ciberseguridad\/"},"wordCount":523,"commentCount":0,"publisher":{"@id":"https:\/\/www.metrica-global.com\/#organization"},"image":{"@id":"https:\/\/www.metrica-global.com\/cl\/usas-tu-wifi-de-forma-segura-dia-mundial-del-wifi-y-ciberseguridad\/#primaryimage"},"thumbnailUrl":"https:\/\/www.metrica-global.com\/wp-content\/uploads\/2025\/08\/banner-wifi-ciber.jpg","keywords":["\u00c1mbito Tecnol\u00f3gico","Ciberseguridad","Consejos de ciberseguridad","Dia Mundial del Wifi","Evil Twin","Sector IT","Seguridad Inform\u00e1tica","Tecnolog\u00eda","Transformaci\u00f3n Digital","VPN","Wifi","Wifi seguro"],"articleSection":["Actualidad","Calidad"],"inLanguage":"es-CL","potentialAction":[{"@type":"CommentAction","name":"Comment","target":["https:\/\/www.metrica-global.com\/cl\/usas-tu-wifi-de-forma-segura-dia-mundial-del-wifi-y-ciberseguridad\/#respond"]}]},{"@type":"WebPage","@id":"https:\/\/www.metrica-global.com\/cl\/usas-tu-wifi-de-forma-segura-dia-mundial-del-wifi-y-ciberseguridad\/","url":"https:\/\/www.metrica-global.com\/cl\/usas-tu-wifi-de-forma-segura-dia-mundial-del-wifi-y-ciberseguridad\/","name":"\u00bfUsas tu WiFi de forma segura? | D\u00eda Mundial del WiFi y Ciberseguridad - METRICA","isPartOf":{"@id":"https:\/\/www.metrica-global.com\/#website"},"primaryImageOfPage":{"@id":"https:\/\/www.metrica-global.com\/cl\/usas-tu-wifi-de-forma-segura-dia-mundial-del-wifi-y-ciberseguridad\/#primaryimage"},"image":{"@id":"https:\/\/www.metrica-global.com\/cl\/usas-tu-wifi-de-forma-segura-dia-mundial-del-wifi-y-ciberseguridad\/#primaryimage"},"thumbnailUrl":"https:\/\/www.metrica-global.com\/wp-content\/uploads\/2025\/08\/banner-wifi-ciber.jpg","datePublished":"2025-06-20T08:04:54+00:00","dateModified":"2025-08-26T08:25:57+00:00","breadcrumb":{"@id":"https:\/\/www.metrica-global.com\/cl\/usas-tu-wifi-de-forma-segura-dia-mundial-del-wifi-y-ciberseguridad\/#breadcrumb"},"inLanguage":"es-CL","potentialAction":[{"@type":"ReadAction","target":["https:\/\/www.metrica-global.com\/cl\/usas-tu-wifi-de-forma-segura-dia-mundial-del-wifi-y-ciberseguridad\/"]}]},{"@type":"ImageObject","inLanguage":"es-CL","@id":"https:\/\/www.metrica-global.com\/cl\/usas-tu-wifi-de-forma-segura-dia-mundial-del-wifi-y-ciberseguridad\/#primaryimage","url":"https:\/\/www.metrica-global.com\/wp-content\/uploads\/2025\/08\/banner-wifi-ciber.jpg","contentUrl":"https:\/\/www.metrica-global.com\/wp-content\/uploads\/2025\/08\/banner-wifi-ciber.jpg","width":3456,"height":1728},{"@type":"BreadcrumbList","@id":"https:\/\/www.metrica-global.com\/cl\/usas-tu-wifi-de-forma-segura-dia-mundial-del-wifi-y-ciberseguridad\/#breadcrumb","itemListElement":[{"@type":"ListItem","position":1,"name":"Portada","item":"https:\/\/www.metrica-global.com\/pt\/"},{"@type":"ListItem","position":2,"name":"\u00bfUsas tu WiFi de forma segura? | D\u00eda Mundial del WiFi y Ciberseguridad"}]},{"@type":"WebSite","@id":"https:\/\/www.metrica-global.com\/#website","url":"https:\/\/www.metrica-global.com\/","name":"METRICA","description":"Servicios Globales IT","publisher":{"@id":"https:\/\/www.metrica-global.com\/#organization"},"potentialAction":[{"@type":"SearchAction","target":{"@type":"EntryPoint","urlTemplate":"https:\/\/www.metrica-global.com\/?s={search_term_string}"},"query-input":{"@type":"PropertyValueSpecification","valueRequired":true,"valueName":"search_term_string"}}],"inLanguage":"es-CL"},{"@type":"Organization","@id":"https:\/\/www.metrica-global.com\/#organization","name":"METRICA","url":"https:\/\/www.metrica-global.com\/","logo":{"@type":"ImageObject","inLanguage":"es-CL","@id":"https:\/\/www.metrica-global.com\/#\/schema\/logo\/image\/","url":"https:\/\/www.metrica-global.com\/wp-content\/uploads\/2023\/12\/logo-metrica.png","contentUrl":"https:\/\/www.metrica-global.com\/wp-content\/uploads\/2023\/12\/logo-metrica.png","width":332,"height":58,"caption":"METRICA"},"image":{"@id":"https:\/\/www.metrica-global.com\/#\/schema\/logo\/image\/"}},{"@type":"Person","@id":"https:\/\/www.metrica-global.com\/#\/schema\/person\/2f4208bdc63892f387a04f4106dd0fcb","name":"metrica","image":{"@type":"ImageObject","inLanguage":"es-CL","@id":"https:\/\/www.metrica-global.com\/#\/schema\/person\/image\/","url":"https:\/\/secure.gravatar.com\/avatar\/735533d52394faf02a8736d8f477256b9fb421f39d81c48c55ea37c267061786?s=96&d=mm&r=g","contentUrl":"https:\/\/secure.gravatar.com\/avatar\/735533d52394faf02a8736d8f477256b9fb421f39d81c48c55ea37c267061786?s=96&d=mm&r=g","caption":"metrica"},"sameAs":["https:\/\/x.com\/desarrollo"],"url":"https:\/\/www.metrica-global.com\/cl\/author\/metrica\/"}]}},"_links":{"self":[{"href":"https:\/\/www.metrica-global.com\/cl\/wp-json\/wp\/v2\/posts\/13052","targetHints":{"allow":["GET"]}}],"collection":[{"href":"https:\/\/www.metrica-global.com\/cl\/wp-json\/wp\/v2\/posts"}],"about":[{"href":"https:\/\/www.metrica-global.com\/cl\/wp-json\/wp\/v2\/types\/post"}],"author":[{"embeddable":true,"href":"https:\/\/www.metrica-global.com\/cl\/wp-json\/wp\/v2\/users\/2"}],"replies":[{"embeddable":true,"href":"https:\/\/www.metrica-global.com\/cl\/wp-json\/wp\/v2\/comments?post=13052"}],"version-history":[{"count":1,"href":"https:\/\/www.metrica-global.com\/cl\/wp-json\/wp\/v2\/posts\/13052\/revisions"}],"predecessor-version":[{"id":13053,"href":"https:\/\/www.metrica-global.com\/cl\/wp-json\/wp\/v2\/posts\/13052\/revisions\/13053"}],"wp:featuredmedia":[{"embeddable":true,"href":"https:\/\/www.metrica-global.com\/cl\/wp-json\/wp\/v2\/media\/12719"}],"wp:attachment":[{"href":"https:\/\/www.metrica-global.com\/cl\/wp-json\/wp\/v2\/media?parent=13052"}],"wp:term":[{"taxonomy":"category","embeddable":true,"href":"https:\/\/www.metrica-global.com\/cl\/wp-json\/wp\/v2\/categories?post=13052"},{"taxonomy":"post_tag","embeddable":true,"href":"https:\/\/www.metrica-global.com\/cl\/wp-json\/wp\/v2\/tags?post=13052"}],"curies":[{"name":"wp","href":"https:\/\/api.w.org\/{rel}","templated":true}]}}