{"id":13062,"date":"2025-07-10T10:18:26","date_gmt":"2025-07-10T08:18:26","guid":{"rendered":"https:\/\/www.metrica-global.com\/la-importancia-de-la-proteccion-de-datos-en-metrica\/"},"modified":"2025-08-26T12:04:44","modified_gmt":"2025-08-26T10:04:44","slug":"la-importancia-de-la-proteccion-de-datos-en-metrica","status":"publish","type":"post","link":"https:\/\/www.metrica-global.com\/cl\/la-importancia-de-la-proteccion-de-datos-en-metrica\/","title":{"rendered":"La importancia de la protecci\u00f3n de datos en METRICA"},"content":{"rendered":"<p data-start=\"535\" data-end=\"876\">La <strong data-start=\"538\" data-end=\"572\">protecci\u00f3n de datos personales<\/strong> es hoy un <strong data-start=\"583\" data-end=\"604\">pilar fundamental<\/strong> para todas las empresas tecnol\u00f3gicas. En un contexto donde la <strong data-start=\"667\" data-end=\"703\">informaci\u00f3n fluye constantemente<\/strong> a trav\u00e9s de herramientas digitales, <strong data-start=\"740\" data-end=\"762\">proteger los datos<\/strong> no solo es una <strong data-start=\"778\" data-end=\"798\">obligaci\u00f3n legal<\/strong>, sino tambi\u00e9n un <strong data-start=\"816\" data-end=\"836\">compromiso \u00e9tico<\/strong> que genera <strong data-start=\"848\" data-end=\"873\">confianza y seguridad<\/strong>.<\/p>\n<p data-start=\"878\" data-end=\"1054\">En <strong data-start=\"881\" data-end=\"892\">METRICA<\/strong>, trabajamos por una <strong data-start=\"913\" data-end=\"951\">transformaci\u00f3n digital responsable<\/strong>, donde la <strong data-start=\"962\" data-end=\"976\">innovaci\u00f3n<\/strong> siempre vaya acompa\u00f1ada de <strong data-start=\"1004\" data-end=\"1021\">transparencia<\/strong> y <strong data-start=\"1024\" data-end=\"1053\">respeto por la privacidad<\/strong>.<\/p>\n<hr data-start=\"1056\" data-end=\"1059\" \/>\n<h2 data-start=\"1061\" data-end=\"1116\">\u00bfQu\u00e9 son los datos personales y por qu\u00e9 protegerlos?<\/h2>\n<p data-start=\"1118\" data-end=\"1227\">Los <strong data-start=\"1122\" data-end=\"1142\">datos personales<\/strong> son cualquier tipo de informaci\u00f3n que permite <strong data-start=\"1189\" data-end=\"1218\">identificar a una persona<\/strong>, como:<\/p>\n<ul data-start=\"1228\" data-end=\"1375\">\n<li data-start=\"1228\" data-end=\"1250\">\n<p data-start=\"1230\" data-end=\"1250\">Nombre y apellido.<\/p>\n<\/li>\n<li data-start=\"1251\" data-end=\"1287\">\n<p data-start=\"1253\" data-end=\"1287\">Direcci\u00f3n de correo electr\u00f3nico.<\/p>\n<\/li>\n<li data-start=\"1288\" data-end=\"1324\">\n<p data-start=\"1290\" data-end=\"1324\">N\u00famero de documento o matr\u00edcula.<\/p>\n<\/li>\n<li data-start=\"1325\" data-end=\"1344\">\n<p data-start=\"1327\" data-end=\"1344\">Im\u00e1genes o voz.<\/p>\n<\/li>\n<li data-start=\"1345\" data-end=\"1375\">\n<p data-start=\"1347\" data-end=\"1375\">Direcci\u00f3n IP, entre otros.<\/p>\n<\/li>\n<\/ul>\n<p data-start=\"1377\" data-end=\"1497\">Adem\u00e1s, existen <strong data-start=\"1393\" data-end=\"1427\">categor\u00edas especiales de datos<\/strong> que requieren un <strong data-start=\"1445\" data-end=\"1474\">mayor nivel de protecci\u00f3n<\/strong> por su sensibilidad:<\/p>\n<ul data-start=\"1498\" data-end=\"1732\">\n<li data-start=\"1498\" data-end=\"1537\">\n<p data-start=\"1500\" data-end=\"1537\">Datos de <strong data-start=\"1509\" data-end=\"1534\">salud f\u00edsica o mental<\/strong>.<\/p>\n<\/li>\n<li data-start=\"1538\" data-end=\"1593\">\n<p data-start=\"1540\" data-end=\"1593\"><strong data-start=\"1540\" data-end=\"1563\">Opiniones pol\u00edticas<\/strong> o <strong data-start=\"1566\" data-end=\"1590\">creencias religiosas<\/strong>.<\/p>\n<\/li>\n<li data-start=\"1594\" data-end=\"1625\">\n<p data-start=\"1596\" data-end=\"1625\"><strong data-start=\"1596\" data-end=\"1622\">Origen \u00e9tnico o racial<\/strong>.<\/p>\n<\/li>\n<li data-start=\"1626\" data-end=\"1668\">\n<p data-start=\"1628\" data-end=\"1668\"><strong data-start=\"1628\" data-end=\"1649\">Datos biom\u00e9tricos<\/strong> o <strong data-start=\"1652\" data-end=\"1665\">gen\u00e9ticos<\/strong>.<\/p>\n<\/li>\n<li data-start=\"1669\" data-end=\"1732\">\n<p data-start=\"1671\" data-end=\"1732\"><strong data-start=\"1671\" data-end=\"1693\">Orientaci\u00f3n sexual<\/strong> o informaci\u00f3n sobre la vida privada.<\/p>\n<\/li>\n<\/ul>\n<p data-start=\"1734\" data-end=\"1976\">En <strong data-start=\"1737\" data-end=\"1746\">Chile<\/strong>, actualmente rige la <strong data-start=\"1768\" data-end=\"1818\">Ley 19.628 sobre Protecci\u00f3n de la Vida Privada<\/strong>, pero la discusi\u00f3n legislativa avanza hacia un <strong data-start=\"1866\" data-end=\"1891\">nuevo marco normativo<\/strong> que se alinee con el <strong data-start=\"1913\" data-end=\"1965\">Reglamento General de Protecci\u00f3n de Datos (RGPD)<\/strong> europeo.<\/p>\n<p data-start=\"1978\" data-end=\"2182\">El <strong data-start=\"1981\" data-end=\"2017\">cumplimiento de estas normativas<\/strong> es esencial, no solo para <strong data-start=\"2044\" data-end=\"2064\">evitar sanciones<\/strong> y <strong data-start=\"2067\" data-end=\"2105\">proteger la reputaci\u00f3n corporativa<\/strong>, sino tambi\u00e9n para <strong data-start=\"2125\" data-end=\"2181\">garantizar el respeto a los derechos de las personas<\/strong>.<\/p>\n<hr data-start=\"2184\" data-end=\"2187\" \/>\n<h2 data-start=\"2189\" data-end=\"2255\">Inteligencia artificial y protecci\u00f3n de datos: un nuevo desaf\u00edo<\/h2>\n<p data-start=\"2257\" data-end=\"2583\">En <strong data-start=\"2260\" data-end=\"2271\">METRICA<\/strong>, trabajamos en un entorno donde las <strong data-start=\"2308\" data-end=\"2362\">herramientas de inteligencia artificial generativa<\/strong> son cada vez m\u00e1s habituales. Estas tecnolog\u00edas permiten <strong data-start=\"2419\" data-end=\"2454\">crear textos, im\u00e1genes o videos<\/strong> a partir de grandes vol\u00famenes de datos, pero tambi\u00e9n plantean <strong data-start=\"2517\" data-end=\"2541\">retos significativos<\/strong> en materia de <strong data-start=\"2556\" data-end=\"2582\">privacidad y seguridad<\/strong>:<\/p>\n<ul data-start=\"2585\" data-end=\"2826\">\n<li data-start=\"2585\" data-end=\"2632\">\n<p data-start=\"2587\" data-end=\"2632\">Riesgo de <strong data-start=\"2597\" data-end=\"2629\">fuga de informaci\u00f3n sensible<\/strong>.<\/p>\n<\/li>\n<li data-start=\"2633\" data-end=\"2689\">\n<p data-start=\"2635\" data-end=\"2689\"><strong data-start=\"2635\" data-end=\"2657\">P\u00e9rdida de control<\/strong> sobre los datos introducidos.<\/p>\n<\/li>\n<li data-start=\"2690\" data-end=\"2755\">\n<p data-start=\"2692\" data-end=\"2755\">Generaci\u00f3n de <strong data-start=\"2706\" data-end=\"2738\">contenido manipulado o falso<\/strong> (<em data-start=\"2740\" data-end=\"2751\">deepfakes<\/em>).<\/p>\n<\/li>\n<li data-start=\"2756\" data-end=\"2826\">\n<p data-start=\"2758\" data-end=\"2826\"><strong data-start=\"2758\" data-end=\"2781\">Sesgos algor\u00edtmicos<\/strong> que pueden afectar derechos fundamentales.<\/p>\n<\/li>\n<\/ul>\n<p data-start=\"2828\" data-end=\"3125\">Por ello, en <strong data-start=\"2841\" data-end=\"2852\">METRICA<\/strong> <strong data-start=\"2853\" data-end=\"2896\">nunca introducimos datos confidenciales<\/strong> en plataformas de IA abiertas a terceros. Adem\u00e1s, capacitamos a nuestros equipos, revisamos <strong data-start=\"2989\" data-end=\"3011\">condiciones de uso<\/strong> de las herramientas y establecemos <strong data-start=\"3047\" data-end=\"3076\">pol\u00edticas internas claras<\/strong> para garantizar un <strong data-start=\"3096\" data-end=\"3124\">uso seguro y responsable<\/strong>.<\/p>\n<hr data-start=\"3127\" data-end=\"3130\" \/>\n<h2 data-start=\"3132\" data-end=\"3189\">Buenas pr\u00e1cticas para proteger los datos en el trabajo<\/h2>\n<p data-start=\"3191\" data-end=\"3324\">La <strong data-start=\"3194\" data-end=\"3212\">ciberseguridad<\/strong> comienza con <strong data-start=\"3226\" data-end=\"3245\">h\u00e1bitos diarios<\/strong>. En <strong data-start=\"3250\" data-end=\"3261\">METRICA<\/strong>, fomentamos <strong data-start=\"3274\" data-end=\"3294\">buenas pr\u00e1cticas<\/strong> que ayudan a reducir riesgos:<\/p>\n<p data-start=\"3326\" data-end=\"3927\">\ud83d\udd10 <strong data-start=\"3329\" data-end=\"3352\">Contrase\u00f1as seguras<\/strong>: combinar may\u00fasculas, min\u00fasculas, n\u00fameros y s\u00edmbolos. No reutilizarlas.<br data-start=\"3424\" data-end=\"3427\" \/>\ud83d\udd10 <strong data-start=\"3430\" data-end=\"3463\">Doble factor de autenticaci\u00f3n<\/strong>: especialmente en correos corporativos y plataformas cr\u00edticas.<br data-start=\"3526\" data-end=\"3529\" \/>\ud83d\udd10 <strong data-start=\"3532\" data-end=\"3559\">Dispositivos protegidos<\/strong>: bloquear el computador al ausentarse y mantener un <strong data-start=\"3612\" data-end=\"3633\">escritorio limpio<\/strong>.<br data-start=\"3634\" data-end=\"3637\" \/>\ud83d\udd10 <strong data-start=\"3640\" data-end=\"3671\">Gesti\u00f3n correcta del correo<\/strong>: no usar cuentas personales para datos corporativos y verificar destinatarios.<br data-start=\"3750\" data-end=\"3753\" \/>\ud83d\udd10 <strong data-start=\"3756\" data-end=\"3783\">Prevenci\u00f3n del phishing<\/strong>: no abrir enlaces o archivos sospechosos.<br data-start=\"3825\" data-end=\"3828\" \/>\ud83d\udd10 <strong data-start=\"3831\" data-end=\"3857\">Comunicaci\u00f3n inmediata<\/strong>: ante cualquier incidente, informar al <strong data-start=\"3897\" data-end=\"3913\">equipo de IT<\/strong> o al <strong data-start=\"3919\" data-end=\"3926\">DPO<\/strong>.<\/p>\n<hr data-start=\"3929\" data-end=\"3932\" \/>\n<h2 data-start=\"3934\" data-end=\"3966\">Nuestro compromiso en METRICA<\/h2>\n<p data-start=\"3968\" data-end=\"4159\">En <strong data-start=\"3971\" data-end=\"3982\">METRICA<\/strong> cumplimos con las normativas <strong data-start=\"4012\" data-end=\"4031\">internacionales<\/strong> como el <strong data-start=\"4040\" data-end=\"4048\">RGPD<\/strong> y adaptamos nuestras pol\u00edticas a la legislaci\u00f3n vigente en <strong data-start=\"4108\" data-end=\"4121\">cada pa\u00eds<\/strong> donde operamos, incluida <strong data-start=\"4147\" data-end=\"4156\">Chile<\/strong>.<\/p>\n<p data-start=\"4161\" data-end=\"4339\">Creemos en una <strong data-start=\"4176\" data-end=\"4217\">transformaci\u00f3n digital \u00e9tica y segura<\/strong>, donde la <strong data-start=\"4228\" data-end=\"4251\">protecci\u00f3n de datos<\/strong> sea un <strong data-start=\"4259\" data-end=\"4276\">valor central<\/strong> para generar confianza entre clientes, colaboradores y socios.<\/p>\n<p data-start=\"4341\" data-end=\"4422\">\ud83d\udcf2 <strong data-start=\"4344\" data-end=\"4420\">En METRICA, apostamos por una tecnolog\u00eda responsable, \u00e9tica y protegida.<\/strong><\/p>\n","protected":false},"excerpt":{"rendered":"<p>Protecci\u00f3n de datos en Chile: descubre c\u00f3mo METRICA impulsa una transformaci\u00f3n digital segura, \u00e9tica y responsable con buenas pr\u00e1cticas y uso seguro de la IA.<\/p>\n","protected":false},"author":2,"featured_media":12735,"comment_status":"open","ping_status":"open","sticky":false,"template":"","format":"standard","meta":{"content-type":"","footnotes":""},"categories":[449],"tags":[428,3023,3021,501,3019,3020,3017,3022,3015,3016,436,385,3018],"class_list":["post-13062","post","type-post","status-publish","format-standard","has-post-thumbnail","hentry","category-calidad-cl","tag-ambito-tecnologico-cl","tag-buenas-practicas-en-proteccion-de-datos-cl","tag-ciberseguridad-en-empresas-cl","tag-cumplimiento-normativo-cl","tag-datos-sensibles-cl","tag-inteligencia-artificial-y-privacidad-cl","tag-lopdgdd-cl","tag-normativa-proteccion-de-datos-cl","tag-proteccion-de-datos-personales-cl","tag-rgpd-cl","tag-sector-it-cl","tag-tecnologia-cl","tag-tratamiento-de-datos-cl"],"yoast_head":"<!-- This site is optimized with the Yoast SEO plugin v25.9 - https:\/\/yoast.com\/wordpress\/plugins\/seo\/ -->\n<title>La importancia de la protecci\u00f3n de datos en METRICA - METRICA<\/title>\n<meta name=\"robots\" content=\"index, follow, max-snippet:-1, max-image-preview:large, max-video-preview:-1\" \/>\n<link rel=\"canonical\" href=\"https:\/\/www.metrica-global.com\/cl\/la-importancia-de-la-proteccion-de-datos-en-metrica\/\" \/>\n<meta property=\"og:locale\" content=\"es_ES\" \/>\n<meta property=\"og:type\" content=\"article\" \/>\n<meta property=\"og:title\" content=\"La importancia de la protecci\u00f3n de datos en METRICA - METRICA\" \/>\n<meta property=\"og:description\" content=\"Protecci\u00f3n de datos en Chile: descubre c\u00f3mo METRICA impulsa una transformaci\u00f3n digital segura, \u00e9tica y responsable con buenas pr\u00e1cticas y uso seguro de la IA.\" \/>\n<meta property=\"og:url\" content=\"https:\/\/www.metrica-global.com\/cl\/la-importancia-de-la-proteccion-de-datos-en-metrica\/\" \/>\n<meta property=\"og:site_name\" content=\"METRICA\" \/>\n<meta property=\"article:published_time\" content=\"2025-07-10T08:18:26+00:00\" \/>\n<meta property=\"article:modified_time\" content=\"2025-08-26T10:04:44+00:00\" \/>\n<meta property=\"og:image\" content=\"https:\/\/www.metrica-global.com\/wp-content\/uploads\/2025\/08\/banner-rgpd.jpg\" \/>\n\t<meta property=\"og:image:width\" content=\"3456\" \/>\n\t<meta property=\"og:image:height\" content=\"1728\" \/>\n\t<meta property=\"og:image:type\" content=\"image\/jpeg\" \/>\n<meta name=\"author\" content=\"metrica\" \/>\n<meta name=\"twitter:card\" content=\"summary_large_image\" \/>\n<meta name=\"twitter:creator\" content=\"@desarrollo\" \/>\n<meta name=\"twitter:label1\" content=\"Written by\" \/>\n\t<meta name=\"twitter:data1\" content=\"metrica\" \/>\n\t<meta name=\"twitter:label2\" content=\"Est. reading time\" \/>\n\t<meta name=\"twitter:data2\" content=\"3 minutes\" \/>\n<script type=\"application\/ld+json\" class=\"yoast-schema-graph\">{\"@context\":\"https:\/\/schema.org\",\"@graph\":[{\"@type\":\"Article\",\"@id\":\"https:\/\/www.metrica-global.com\/cl\/la-importancia-de-la-proteccion-de-datos-en-metrica\/#article\",\"isPartOf\":{\"@id\":\"https:\/\/www.metrica-global.com\/cl\/la-importancia-de-la-proteccion-de-datos-en-metrica\/\"},\"author\":{\"name\":\"metrica\",\"@id\":\"https:\/\/www.metrica-global.com\/#\/schema\/person\/2f4208bdc63892f387a04f4106dd0fcb\"},\"headline\":\"La importancia de la protecci\u00f3n de datos en METRICA\",\"datePublished\":\"2025-07-10T08:18:26+00:00\",\"dateModified\":\"2025-08-26T10:04:44+00:00\",\"mainEntityOfPage\":{\"@id\":\"https:\/\/www.metrica-global.com\/cl\/la-importancia-de-la-proteccion-de-datos-en-metrica\/\"},\"wordCount\":567,\"commentCount\":0,\"publisher\":{\"@id\":\"https:\/\/www.metrica-global.com\/#organization\"},\"image\":{\"@id\":\"https:\/\/www.metrica-global.com\/cl\/la-importancia-de-la-proteccion-de-datos-en-metrica\/#primaryimage\"},\"thumbnailUrl\":\"https:\/\/www.metrica-global.com\/wp-content\/uploads\/2025\/08\/banner-rgpd.jpg\",\"keywords\":[\"\u00c1mbito Tecnol\u00f3gico\",\"buenas pr\u00e1cticas en protecci\u00f3n de datos\",\"ciberseguridad en empresas\",\"Cumplimiento normativo\",\"datos sensibles\",\"inteligencia artificial y privacidad\",\"LOPDGDD\",\"normativa protecci\u00f3n de datos\",\"protecci\u00f3n de datos personales\",\"RGPD\",\"Sector IT\",\"Tecnolog\u00eda\",\"tratamiento de datos\"],\"articleSection\":[\"Calidad\"],\"inLanguage\":\"es-CL\",\"potentialAction\":[{\"@type\":\"CommentAction\",\"name\":\"Comment\",\"target\":[\"https:\/\/www.metrica-global.com\/cl\/la-importancia-de-la-proteccion-de-datos-en-metrica\/#respond\"]}]},{\"@type\":\"WebPage\",\"@id\":\"https:\/\/www.metrica-global.com\/cl\/la-importancia-de-la-proteccion-de-datos-en-metrica\/\",\"url\":\"https:\/\/www.metrica-global.com\/cl\/la-importancia-de-la-proteccion-de-datos-en-metrica\/\",\"name\":\"La importancia de la protecci\u00f3n de datos en METRICA - METRICA\",\"isPartOf\":{\"@id\":\"https:\/\/www.metrica-global.com\/#website\"},\"primaryImageOfPage\":{\"@id\":\"https:\/\/www.metrica-global.com\/cl\/la-importancia-de-la-proteccion-de-datos-en-metrica\/#primaryimage\"},\"image\":{\"@id\":\"https:\/\/www.metrica-global.com\/cl\/la-importancia-de-la-proteccion-de-datos-en-metrica\/#primaryimage\"},\"thumbnailUrl\":\"https:\/\/www.metrica-global.com\/wp-content\/uploads\/2025\/08\/banner-rgpd.jpg\",\"datePublished\":\"2025-07-10T08:18:26+00:00\",\"dateModified\":\"2025-08-26T10:04:44+00:00\",\"breadcrumb\":{\"@id\":\"https:\/\/www.metrica-global.com\/cl\/la-importancia-de-la-proteccion-de-datos-en-metrica\/#breadcrumb\"},\"inLanguage\":\"es-CL\",\"potentialAction\":[{\"@type\":\"ReadAction\",\"target\":[\"https:\/\/www.metrica-global.com\/cl\/la-importancia-de-la-proteccion-de-datos-en-metrica\/\"]}]},{\"@type\":\"ImageObject\",\"inLanguage\":\"es-CL\",\"@id\":\"https:\/\/www.metrica-global.com\/cl\/la-importancia-de-la-proteccion-de-datos-en-metrica\/#primaryimage\",\"url\":\"https:\/\/www.metrica-global.com\/wp-content\/uploads\/2025\/08\/banner-rgpd.jpg\",\"contentUrl\":\"https:\/\/www.metrica-global.com\/wp-content\/uploads\/2025\/08\/banner-rgpd.jpg\",\"width\":3456,\"height\":1728},{\"@type\":\"BreadcrumbList\",\"@id\":\"https:\/\/www.metrica-global.com\/cl\/la-importancia-de-la-proteccion-de-datos-en-metrica\/#breadcrumb\",\"itemListElement\":[{\"@type\":\"ListItem\",\"position\":1,\"name\":\"Portada\",\"item\":\"https:\/\/www.metrica-global.com\/pt\/\"},{\"@type\":\"ListItem\",\"position\":2,\"name\":\"La importancia de la protecci\u00f3n de datos en METRICA\"}]},{\"@type\":\"WebSite\",\"@id\":\"https:\/\/www.metrica-global.com\/#website\",\"url\":\"https:\/\/www.metrica-global.com\/\",\"name\":\"METRICA\",\"description\":\"Servicios Globales IT\",\"publisher\":{\"@id\":\"https:\/\/www.metrica-global.com\/#organization\"},\"potentialAction\":[{\"@type\":\"SearchAction\",\"target\":{\"@type\":\"EntryPoint\",\"urlTemplate\":\"https:\/\/www.metrica-global.com\/?s={search_term_string}\"},\"query-input\":{\"@type\":\"PropertyValueSpecification\",\"valueRequired\":true,\"valueName\":\"search_term_string\"}}],\"inLanguage\":\"es-CL\"},{\"@type\":\"Organization\",\"@id\":\"https:\/\/www.metrica-global.com\/#organization\",\"name\":\"METRICA\",\"url\":\"https:\/\/www.metrica-global.com\/\",\"logo\":{\"@type\":\"ImageObject\",\"inLanguage\":\"es-CL\",\"@id\":\"https:\/\/www.metrica-global.com\/#\/schema\/logo\/image\/\",\"url\":\"https:\/\/www.metrica-global.com\/wp-content\/uploads\/2023\/12\/logo-metrica.png\",\"contentUrl\":\"https:\/\/www.metrica-global.com\/wp-content\/uploads\/2023\/12\/logo-metrica.png\",\"width\":332,\"height\":58,\"caption\":\"METRICA\"},\"image\":{\"@id\":\"https:\/\/www.metrica-global.com\/#\/schema\/logo\/image\/\"}},{\"@type\":\"Person\",\"@id\":\"https:\/\/www.metrica-global.com\/#\/schema\/person\/2f4208bdc63892f387a04f4106dd0fcb\",\"name\":\"metrica\",\"image\":{\"@type\":\"ImageObject\",\"inLanguage\":\"es-CL\",\"@id\":\"https:\/\/www.metrica-global.com\/#\/schema\/person\/image\/\",\"url\":\"https:\/\/secure.gravatar.com\/avatar\/735533d52394faf02a8736d8f477256b9fb421f39d81c48c55ea37c267061786?s=96&d=mm&r=g\",\"contentUrl\":\"https:\/\/secure.gravatar.com\/avatar\/735533d52394faf02a8736d8f477256b9fb421f39d81c48c55ea37c267061786?s=96&d=mm&r=g\",\"caption\":\"metrica\"},\"sameAs\":[\"https:\/\/x.com\/desarrollo\"],\"url\":\"https:\/\/www.metrica-global.com\/cl\/author\/metrica\/\"}]}<\/script>\n<!-- \/ Yoast SEO plugin. -->","yoast_head_json":{"title":"La importancia de la protecci\u00f3n de datos en METRICA - METRICA","robots":{"index":"index","follow":"follow","max-snippet":"max-snippet:-1","max-image-preview":"max-image-preview:large","max-video-preview":"max-video-preview:-1"},"canonical":"https:\/\/www.metrica-global.com\/cl\/la-importancia-de-la-proteccion-de-datos-en-metrica\/","og_locale":"es_ES","og_type":"article","og_title":"La importancia de la protecci\u00f3n de datos en METRICA - METRICA","og_description":"Protecci\u00f3n de datos en Chile: descubre c\u00f3mo METRICA impulsa una transformaci\u00f3n digital segura, \u00e9tica y responsable con buenas pr\u00e1cticas y uso seguro de la IA.","og_url":"https:\/\/www.metrica-global.com\/cl\/la-importancia-de-la-proteccion-de-datos-en-metrica\/","og_site_name":"METRICA","article_published_time":"2025-07-10T08:18:26+00:00","article_modified_time":"2025-08-26T10:04:44+00:00","og_image":[{"width":3456,"height":1728,"url":"https:\/\/www.metrica-global.com\/wp-content\/uploads\/2025\/08\/banner-rgpd.jpg","type":"image\/jpeg"}],"author":"metrica","twitter_card":"summary_large_image","twitter_creator":"@desarrollo","twitter_misc":{"Written by":"metrica","Est. reading time":"3 minutes"},"schema":{"@context":"https:\/\/schema.org","@graph":[{"@type":"Article","@id":"https:\/\/www.metrica-global.com\/cl\/la-importancia-de-la-proteccion-de-datos-en-metrica\/#article","isPartOf":{"@id":"https:\/\/www.metrica-global.com\/cl\/la-importancia-de-la-proteccion-de-datos-en-metrica\/"},"author":{"name":"metrica","@id":"https:\/\/www.metrica-global.com\/#\/schema\/person\/2f4208bdc63892f387a04f4106dd0fcb"},"headline":"La importancia de la protecci\u00f3n de datos en METRICA","datePublished":"2025-07-10T08:18:26+00:00","dateModified":"2025-08-26T10:04:44+00:00","mainEntityOfPage":{"@id":"https:\/\/www.metrica-global.com\/cl\/la-importancia-de-la-proteccion-de-datos-en-metrica\/"},"wordCount":567,"commentCount":0,"publisher":{"@id":"https:\/\/www.metrica-global.com\/#organization"},"image":{"@id":"https:\/\/www.metrica-global.com\/cl\/la-importancia-de-la-proteccion-de-datos-en-metrica\/#primaryimage"},"thumbnailUrl":"https:\/\/www.metrica-global.com\/wp-content\/uploads\/2025\/08\/banner-rgpd.jpg","keywords":["\u00c1mbito Tecnol\u00f3gico","buenas pr\u00e1cticas en protecci\u00f3n de datos","ciberseguridad en empresas","Cumplimiento normativo","datos sensibles","inteligencia artificial y privacidad","LOPDGDD","normativa protecci\u00f3n de datos","protecci\u00f3n de datos personales","RGPD","Sector IT","Tecnolog\u00eda","tratamiento de datos"],"articleSection":["Calidad"],"inLanguage":"es-CL","potentialAction":[{"@type":"CommentAction","name":"Comment","target":["https:\/\/www.metrica-global.com\/cl\/la-importancia-de-la-proteccion-de-datos-en-metrica\/#respond"]}]},{"@type":"WebPage","@id":"https:\/\/www.metrica-global.com\/cl\/la-importancia-de-la-proteccion-de-datos-en-metrica\/","url":"https:\/\/www.metrica-global.com\/cl\/la-importancia-de-la-proteccion-de-datos-en-metrica\/","name":"La importancia de la protecci\u00f3n de datos en METRICA - METRICA","isPartOf":{"@id":"https:\/\/www.metrica-global.com\/#website"},"primaryImageOfPage":{"@id":"https:\/\/www.metrica-global.com\/cl\/la-importancia-de-la-proteccion-de-datos-en-metrica\/#primaryimage"},"image":{"@id":"https:\/\/www.metrica-global.com\/cl\/la-importancia-de-la-proteccion-de-datos-en-metrica\/#primaryimage"},"thumbnailUrl":"https:\/\/www.metrica-global.com\/wp-content\/uploads\/2025\/08\/banner-rgpd.jpg","datePublished":"2025-07-10T08:18:26+00:00","dateModified":"2025-08-26T10:04:44+00:00","breadcrumb":{"@id":"https:\/\/www.metrica-global.com\/cl\/la-importancia-de-la-proteccion-de-datos-en-metrica\/#breadcrumb"},"inLanguage":"es-CL","potentialAction":[{"@type":"ReadAction","target":["https:\/\/www.metrica-global.com\/cl\/la-importancia-de-la-proteccion-de-datos-en-metrica\/"]}]},{"@type":"ImageObject","inLanguage":"es-CL","@id":"https:\/\/www.metrica-global.com\/cl\/la-importancia-de-la-proteccion-de-datos-en-metrica\/#primaryimage","url":"https:\/\/www.metrica-global.com\/wp-content\/uploads\/2025\/08\/banner-rgpd.jpg","contentUrl":"https:\/\/www.metrica-global.com\/wp-content\/uploads\/2025\/08\/banner-rgpd.jpg","width":3456,"height":1728},{"@type":"BreadcrumbList","@id":"https:\/\/www.metrica-global.com\/cl\/la-importancia-de-la-proteccion-de-datos-en-metrica\/#breadcrumb","itemListElement":[{"@type":"ListItem","position":1,"name":"Portada","item":"https:\/\/www.metrica-global.com\/pt\/"},{"@type":"ListItem","position":2,"name":"La importancia de la protecci\u00f3n de datos en METRICA"}]},{"@type":"WebSite","@id":"https:\/\/www.metrica-global.com\/#website","url":"https:\/\/www.metrica-global.com\/","name":"METRICA","description":"Servicios Globales IT","publisher":{"@id":"https:\/\/www.metrica-global.com\/#organization"},"potentialAction":[{"@type":"SearchAction","target":{"@type":"EntryPoint","urlTemplate":"https:\/\/www.metrica-global.com\/?s={search_term_string}"},"query-input":{"@type":"PropertyValueSpecification","valueRequired":true,"valueName":"search_term_string"}}],"inLanguage":"es-CL"},{"@type":"Organization","@id":"https:\/\/www.metrica-global.com\/#organization","name":"METRICA","url":"https:\/\/www.metrica-global.com\/","logo":{"@type":"ImageObject","inLanguage":"es-CL","@id":"https:\/\/www.metrica-global.com\/#\/schema\/logo\/image\/","url":"https:\/\/www.metrica-global.com\/wp-content\/uploads\/2023\/12\/logo-metrica.png","contentUrl":"https:\/\/www.metrica-global.com\/wp-content\/uploads\/2023\/12\/logo-metrica.png","width":332,"height":58,"caption":"METRICA"},"image":{"@id":"https:\/\/www.metrica-global.com\/#\/schema\/logo\/image\/"}},{"@type":"Person","@id":"https:\/\/www.metrica-global.com\/#\/schema\/person\/2f4208bdc63892f387a04f4106dd0fcb","name":"metrica","image":{"@type":"ImageObject","inLanguage":"es-CL","@id":"https:\/\/www.metrica-global.com\/#\/schema\/person\/image\/","url":"https:\/\/secure.gravatar.com\/avatar\/735533d52394faf02a8736d8f477256b9fb421f39d81c48c55ea37c267061786?s=96&d=mm&r=g","contentUrl":"https:\/\/secure.gravatar.com\/avatar\/735533d52394faf02a8736d8f477256b9fb421f39d81c48c55ea37c267061786?s=96&d=mm&r=g","caption":"metrica"},"sameAs":["https:\/\/x.com\/desarrollo"],"url":"https:\/\/www.metrica-global.com\/cl\/author\/metrica\/"}]}},"_links":{"self":[{"href":"https:\/\/www.metrica-global.com\/cl\/wp-json\/wp\/v2\/posts\/13062","targetHints":{"allow":["GET"]}}],"collection":[{"href":"https:\/\/www.metrica-global.com\/cl\/wp-json\/wp\/v2\/posts"}],"about":[{"href":"https:\/\/www.metrica-global.com\/cl\/wp-json\/wp\/v2\/types\/post"}],"author":[{"embeddable":true,"href":"https:\/\/www.metrica-global.com\/cl\/wp-json\/wp\/v2\/users\/2"}],"replies":[{"embeddable":true,"href":"https:\/\/www.metrica-global.com\/cl\/wp-json\/wp\/v2\/comments?post=13062"}],"version-history":[{"count":3,"href":"https:\/\/www.metrica-global.com\/cl\/wp-json\/wp\/v2\/posts\/13062\/revisions"}],"predecessor-version":[{"id":13080,"href":"https:\/\/www.metrica-global.com\/cl\/wp-json\/wp\/v2\/posts\/13062\/revisions\/13080"}],"wp:featuredmedia":[{"embeddable":true,"href":"https:\/\/www.metrica-global.com\/cl\/wp-json\/wp\/v2\/media\/12735"}],"wp:attachment":[{"href":"https:\/\/www.metrica-global.com\/cl\/wp-json\/wp\/v2\/media?parent=13062"}],"wp:term":[{"taxonomy":"category","embeddable":true,"href":"https:\/\/www.metrica-global.com\/cl\/wp-json\/wp\/v2\/categories?post=13062"},{"taxonomy":"post_tag","embeddable":true,"href":"https:\/\/www.metrica-global.com\/cl\/wp-json\/wp\/v2\/tags?post=13062"}],"curies":[{"name":"wp","href":"https:\/\/api.w.org\/{rel}","templated":true}]}}