{"id":13070,"date":"2025-08-19T10:09:48","date_gmt":"2025-08-19T08:09:48","guid":{"rendered":"https:\/\/www.metrica-global.com\/varinka-farren-y-la-brecha-digital-de-genero-en-latam\/"},"modified":"2025-08-26T11:49:57","modified_gmt":"2025-08-26T09:49:57","slug":"varinka-farren-y-la-brecha-digital-de-genero-en-latam","status":"publish","type":"post","link":"https:\/\/www.metrica-global.com\/cl\/varinka-farren-y-la-brecha-digital-de-genero-en-latam\/","title":{"rendered":"Varinka Farren y la brecha digital de g\u00e9nero en LATAM"},"content":{"rendered":"<p data-start=\"230\" data-end=\"735\">A pesar de los avances en inclusi\u00f3n y equidad, la brecha de g\u00e9nero en el \u00e1mbito <strong data-start=\"310\" data-end=\"318\">STEM<\/strong> (ciencia, tecnolog\u00eda, ingenier\u00eda y matem\u00e1ticas) sigue siendo un desaf\u00edo importante en <strong data-start=\"405\" data-end=\"422\">Latinoam\u00e9rica<\/strong> y, particularmente, en Chile. En el marco del <strong data-start=\"469\" data-end=\"490\">Congreso NexoTech<\/strong>, desde <strong data-start=\"498\" data-end=\"515\">METRICA CHILE<\/strong> tuvimos la oportunidad de conversar con <strong data-start=\"556\" data-end=\"574\">Varinka Farren<\/strong>, Directora Ejecutiva de <strong data-start=\"599\" data-end=\"611\">HUB APTA<\/strong> y referente en innovaci\u00f3n liderada por mujeres, sobre este tema clave para el desarrollo sostenible e inclusivo del sector.<\/p>\n<hr data-start=\"737\" data-end=\"740\" \/>\n<h2 data-start=\"742\" data-end=\"799\">M\u00e1s mujeres graduadas, pero pocos liderazgos femeninos<\/h2>\n<p data-start=\"801\" data-end=\"1000\">Si bien cada vez m\u00e1s mujeres egresan de carreras cient\u00edficas y tecnol\u00f3gicas, su presencia en cargos de toma de decisiones y liderazgo contin\u00faa siendo baja. Tal como se\u00f1al\u00f3 Varinka durante el podcast:<\/p>\n<blockquote data-start=\"1002\" data-end=\"1184\">\n<p data-start=\"1004\" data-end=\"1184\">\u201cEstamos reci\u00e9n en un inicio. Si bien ha habido avances, no son suficientes. En cinco a\u00f1os, pasamos de un 11% a un 12,8% de empresas cient\u00edfico-tecnol\u00f3gicas lideradas por mujeres\u201d.<\/p>\n<\/blockquote>\n<p data-start=\"1186\" data-end=\"1358\">Aunque el aumento es positivo, la cifra demuestra la <strong data-start=\"1239\" data-end=\"1294\">urgencia de seguir impulsando pol\u00edticas y pr\u00e1cticas<\/strong> que reduzcan la brecha de representaci\u00f3n en el ecosistema STEM.<\/p>\n<hr data-start=\"1360\" data-end=\"1363\" \/>\n<h2 data-start=\"1365\" data-end=\"1404\">\u00bfC\u00f3mo podemos cambiar esta realidad?<\/h2>\n<p data-start=\"1406\" data-end=\"1515\">Durante la entrevista, Varinka destac\u00f3 algunas <strong data-start=\"1453\" data-end=\"1471\">acciones clave<\/strong> para empoderar a m\u00e1s mujeres en tecnolog\u00eda:<\/p>\n<h3 data-start=\"1517\" data-end=\"1555\">1. Educar desde edades tempranas<\/h3>\n<p data-start=\"1556\" data-end=\"1767\">Es fundamental <strong data-start=\"1571\" data-end=\"1606\">incorporar referentes femeninos<\/strong> y utilizar un <strong data-start=\"1621\" data-end=\"1643\">lenguaje inclusivo<\/strong> desde los primeros a\u00f1os de formaci\u00f3n. La equidad comienza cuando ni\u00f1as y ni\u00f1os crecen con la misma visi\u00f3n de posibilidades.<\/p>\n<h3 data-start=\"1769\" data-end=\"1820\">2. Romper estereotipos y sesgos inconscientes<\/h3>\n<p data-start=\"1821\" data-end=\"2035\">\u201cMuchas veces me preguntan c\u00f3mo hago para trabajar tanto. No s\u00e9 si a los hombres les preguntan eso\u201d, coment\u00f3 Varinka, subrayando los <strong data-start=\"1954\" data-end=\"1979\">estigmas persistentes<\/strong> que enfrentan las mujeres l\u00edderes en Chile y la regi\u00f3n.<\/p>\n<h3 data-start=\"2037\" data-end=\"2081\">3. Diversidad como motor de innovaci\u00f3n<\/h3>\n<blockquote data-start=\"2082\" data-end=\"2315\">\n<p data-start=\"2084\" data-end=\"2315\">\u201cLa riqueza en generar mejor innovaci\u00f3n est\u00e1 en la diversidad\u201d, afirm\u00f3.<br data-start=\"2155\" data-end=\"2158\" \/>Incluir personas de <strong data-start=\"2178\" data-end=\"2251\">distintas regiones, g\u00e9neros, realidades socioecon\u00f3micas y formaciones<\/strong> permite desarrollar miradas frescas y soluciones m\u00e1s completas.<\/p>\n<\/blockquote>\n<h3 data-start=\"2317\" data-end=\"2389\">4. Reformular la composici\u00f3n de directorios y espacios de decisi\u00f3n<\/h3>\n<p data-start=\"2390\" data-end=\"2609\">Los directorios y comit\u00e9s ejecutivos enfrentan el desaf\u00edo de <strong data-start=\"2451\" data-end=\"2479\">no solo integrar mujeres<\/strong>, sino tambi\u00e9n <strong data-start=\"2494\" data-end=\"2563\">garantizar la pluralidad de profesiones, experiencias y contextos<\/strong> para enriquecer la estrategia organizacional.<\/p>\n<hr data-start=\"2611\" data-end=\"2614\" \/>\n<h2 data-start=\"2616\" data-end=\"2654\">El rol de las empresas tecnol\u00f3gicas<\/h2>\n<p data-start=\"2656\" data-end=\"2924\">En <strong data-start=\"2659\" data-end=\"2670\">METRICA<\/strong>, estamos convencidos de que <strong data-start=\"2699\" data-end=\"2734\">no hay innovaci\u00f3n sin inclusi\u00f3n<\/strong>. Por eso, espacios de conversaci\u00f3n como este podcast con <strong data-start=\"2792\" data-end=\"2810\">Varinka Farren<\/strong> son fundamentales para <strong data-start=\"2834\" data-end=\"2910\">visibilizar el problema, compartir buenas pr\u00e1cticas y generar conciencia<\/strong> en el sector.<\/p>\n<p data-start=\"2926\" data-end=\"3049\">\ud83d\udcf2 <strong data-start=\"2929\" data-end=\"2963\">Escucha la entrevista completa<\/strong> en nuestras redes sociales o visita nuestro perfil de <strong data-start=\"3018\" data-end=\"3031\">Instagram<\/strong> para conocer m\u00e1s.<\/p>\n","protected":false},"excerpt":{"rendered":"<p>En el Congreso NexoTech, tuvimos la oportunidad de conversar con Varinka Farren, Directora Ejecutiva de HUB APTA, sobre el desarrollo sostenible e inclusivo del sector.<\/p>\n","protected":false},"author":2,"featured_media":13042,"comment_status":"open","ping_status":"open","sticky":false,"template":"","format":"standard","meta":{"content-type":"","footnotes":""},"categories":[387],"tags":[3040,3042,3043,3041,3047,3039,3045,3046,3044,2997,3038],"class_list":["post-13070","post","type-post","status-publish","format-standard","has-post-thumbnail","hentry","category-actualidad-cl","tag-brechadegenerotecnologica-cl","tag-equidadenciencia-cl","tag-innovacioncondiversidad-cl","tag-liderazgofemenino-cl","tag-metricapodcast-cl","tag-mujeresenstem-cl","tag-nexotech-cl","tag-somosmetrica-cl","tag-tecnologiainclusiva-cl","tag-themetricachange-cl","tag-varinkafarren-cl"],"yoast_head":"<!-- This site is optimized with the Yoast SEO plugin v25.9 - https:\/\/yoast.com\/wordpress\/plugins\/seo\/ -->\n<title>Varinka Farren y la brecha digital de g\u00e9nero en LATAM - METRICA<\/title>\n<meta name=\"robots\" content=\"index, follow, max-snippet:-1, max-image-preview:large, max-video-preview:-1\" \/>\n<link rel=\"canonical\" href=\"https:\/\/www.metrica-global.com\/cl\/varinka-farren-y-la-brecha-digital-de-genero-en-latam\/\" \/>\n<meta property=\"og:locale\" content=\"es_ES\" \/>\n<meta property=\"og:type\" content=\"article\" \/>\n<meta property=\"og:title\" content=\"Varinka Farren y la brecha digital de g\u00e9nero en LATAM - METRICA\" \/>\n<meta property=\"og:description\" content=\"En el Congreso NexoTech, tuvimos la oportunidad de conversar con Varinka Farren, Directora Ejecutiva de HUB APTA, sobre el desarrollo sostenible e inclusivo del sector.\" \/>\n<meta property=\"og:url\" content=\"https:\/\/www.metrica-global.com\/cl\/varinka-farren-y-la-brecha-digital-de-genero-en-latam\/\" \/>\n<meta property=\"og:site_name\" content=\"METRICA\" \/>\n<meta property=\"article:published_time\" content=\"2025-08-19T08:09:48+00:00\" \/>\n<meta property=\"article:modified_time\" content=\"2025-08-26T09:49:57+00:00\" \/>\n<meta property=\"og:image\" content=\"https:\/\/www.metrica-global.com\/wp-content\/uploads\/2025\/08\/BANNER-NOTICIAS-1.jpg\" \/>\n\t<meta property=\"og:image:width\" content=\"2560\" \/>\n\t<meta property=\"og:image:height\" content=\"1280\" \/>\n\t<meta property=\"og:image:type\" content=\"image\/jpeg\" \/>\n<meta name=\"author\" content=\"metrica\" \/>\n<meta name=\"twitter:card\" content=\"summary_large_image\" \/>\n<meta name=\"twitter:creator\" content=\"@desarrollo\" \/>\n<meta name=\"twitter:label1\" content=\"Written by\" \/>\n\t<meta name=\"twitter:data1\" content=\"metrica\" \/>\n\t<meta name=\"twitter:label2\" content=\"Est. reading time\" \/>\n\t<meta name=\"twitter:data2\" content=\"2 minutes\" \/>\n<script type=\"application\/ld+json\" class=\"yoast-schema-graph\">{\"@context\":\"https:\/\/schema.org\",\"@graph\":[{\"@type\":\"Article\",\"@id\":\"https:\/\/www.metrica-global.com\/cl\/varinka-farren-y-la-brecha-digital-de-genero-en-latam\/#article\",\"isPartOf\":{\"@id\":\"https:\/\/www.metrica-global.com\/cl\/varinka-farren-y-la-brecha-digital-de-genero-en-latam\/\"},\"author\":{\"name\":\"metrica\",\"@id\":\"https:\/\/www.metrica-global.com\/#\/schema\/person\/2f4208bdc63892f387a04f4106dd0fcb\"},\"headline\":\"Varinka Farren y la brecha digital de g\u00e9nero en LATAM\",\"datePublished\":\"2025-08-19T08:09:48+00:00\",\"dateModified\":\"2025-08-26T09:49:57+00:00\",\"mainEntityOfPage\":{\"@id\":\"https:\/\/www.metrica-global.com\/cl\/varinka-farren-y-la-brecha-digital-de-genero-en-latam\/\"},\"wordCount\":449,\"commentCount\":0,\"publisher\":{\"@id\":\"https:\/\/www.metrica-global.com\/#organization\"},\"image\":{\"@id\":\"https:\/\/www.metrica-global.com\/cl\/varinka-farren-y-la-brecha-digital-de-genero-en-latam\/#primaryimage\"},\"thumbnailUrl\":\"https:\/\/www.metrica-global.com\/wp-content\/uploads\/2025\/08\/BANNER-NOTICIAS-1.jpg\",\"keywords\":[\"BrechaDeG\u00e9neroTecnol\u00f3gica\",\"EquidadEnCiencia\",\"Innovaci\u00f3nConDiversidad\",\"LiderazgoFemenino\",\"METRICAPodcast\",\"MujeresEnSTEM\",\"NexoTech\",\"SomosMETRICA\",\"Tecnolog\u00edaInclusiva\",\"TheMetricaChange\",\"VarinkaFarren\"],\"articleSection\":[\"Actualidad\"],\"inLanguage\":\"es-CL\",\"potentialAction\":[{\"@type\":\"CommentAction\",\"name\":\"Comment\",\"target\":[\"https:\/\/www.metrica-global.com\/cl\/varinka-farren-y-la-brecha-digital-de-genero-en-latam\/#respond\"]}]},{\"@type\":\"WebPage\",\"@id\":\"https:\/\/www.metrica-global.com\/cl\/varinka-farren-y-la-brecha-digital-de-genero-en-latam\/\",\"url\":\"https:\/\/www.metrica-global.com\/cl\/varinka-farren-y-la-brecha-digital-de-genero-en-latam\/\",\"name\":\"Varinka Farren y la brecha digital de g\u00e9nero en LATAM - METRICA\",\"isPartOf\":{\"@id\":\"https:\/\/www.metrica-global.com\/#website\"},\"primaryImageOfPage\":{\"@id\":\"https:\/\/www.metrica-global.com\/cl\/varinka-farren-y-la-brecha-digital-de-genero-en-latam\/#primaryimage\"},\"image\":{\"@id\":\"https:\/\/www.metrica-global.com\/cl\/varinka-farren-y-la-brecha-digital-de-genero-en-latam\/#primaryimage\"},\"thumbnailUrl\":\"https:\/\/www.metrica-global.com\/wp-content\/uploads\/2025\/08\/BANNER-NOTICIAS-1.jpg\",\"datePublished\":\"2025-08-19T08:09:48+00:00\",\"dateModified\":\"2025-08-26T09:49:57+00:00\",\"breadcrumb\":{\"@id\":\"https:\/\/www.metrica-global.com\/cl\/varinka-farren-y-la-brecha-digital-de-genero-en-latam\/#breadcrumb\"},\"inLanguage\":\"es-CL\",\"potentialAction\":[{\"@type\":\"ReadAction\",\"target\":[\"https:\/\/www.metrica-global.com\/cl\/varinka-farren-y-la-brecha-digital-de-genero-en-latam\/\"]}]},{\"@type\":\"ImageObject\",\"inLanguage\":\"es-CL\",\"@id\":\"https:\/\/www.metrica-global.com\/cl\/varinka-farren-y-la-brecha-digital-de-genero-en-latam\/#primaryimage\",\"url\":\"https:\/\/www.metrica-global.com\/wp-content\/uploads\/2025\/08\/BANNER-NOTICIAS-1.jpg\",\"contentUrl\":\"https:\/\/www.metrica-global.com\/wp-content\/uploads\/2025\/08\/BANNER-NOTICIAS-1.jpg\",\"width\":2560,\"height\":1280},{\"@type\":\"BreadcrumbList\",\"@id\":\"https:\/\/www.metrica-global.com\/cl\/varinka-farren-y-la-brecha-digital-de-genero-en-latam\/#breadcrumb\",\"itemListElement\":[{\"@type\":\"ListItem\",\"position\":1,\"name\":\"Portada\",\"item\":\"https:\/\/www.metrica-global.com\/pt\/\"},{\"@type\":\"ListItem\",\"position\":2,\"name\":\"Varinka Farren y la brecha digital de g\u00e9nero en LATAM\"}]},{\"@type\":\"WebSite\",\"@id\":\"https:\/\/www.metrica-global.com\/#website\",\"url\":\"https:\/\/www.metrica-global.com\/\",\"name\":\"METRICA\",\"description\":\"Servicios Globales IT\",\"publisher\":{\"@id\":\"https:\/\/www.metrica-global.com\/#organization\"},\"potentialAction\":[{\"@type\":\"SearchAction\",\"target\":{\"@type\":\"EntryPoint\",\"urlTemplate\":\"https:\/\/www.metrica-global.com\/?s={search_term_string}\"},\"query-input\":{\"@type\":\"PropertyValueSpecification\",\"valueRequired\":true,\"valueName\":\"search_term_string\"}}],\"inLanguage\":\"es-CL\"},{\"@type\":\"Organization\",\"@id\":\"https:\/\/www.metrica-global.com\/#organization\",\"name\":\"METRICA\",\"url\":\"https:\/\/www.metrica-global.com\/\",\"logo\":{\"@type\":\"ImageObject\",\"inLanguage\":\"es-CL\",\"@id\":\"https:\/\/www.metrica-global.com\/#\/schema\/logo\/image\/\",\"url\":\"https:\/\/www.metrica-global.com\/wp-content\/uploads\/2023\/12\/logo-metrica.png\",\"contentUrl\":\"https:\/\/www.metrica-global.com\/wp-content\/uploads\/2023\/12\/logo-metrica.png\",\"width\":332,\"height\":58,\"caption\":\"METRICA\"},\"image\":{\"@id\":\"https:\/\/www.metrica-global.com\/#\/schema\/logo\/image\/\"}},{\"@type\":\"Person\",\"@id\":\"https:\/\/www.metrica-global.com\/#\/schema\/person\/2f4208bdc63892f387a04f4106dd0fcb\",\"name\":\"metrica\",\"image\":{\"@type\":\"ImageObject\",\"inLanguage\":\"es-CL\",\"@id\":\"https:\/\/www.metrica-global.com\/#\/schema\/person\/image\/\",\"url\":\"https:\/\/secure.gravatar.com\/avatar\/735533d52394faf02a8736d8f477256b9fb421f39d81c48c55ea37c267061786?s=96&d=mm&r=g\",\"contentUrl\":\"https:\/\/secure.gravatar.com\/avatar\/735533d52394faf02a8736d8f477256b9fb421f39d81c48c55ea37c267061786?s=96&d=mm&r=g\",\"caption\":\"metrica\"},\"sameAs\":[\"https:\/\/x.com\/desarrollo\"],\"url\":\"https:\/\/www.metrica-global.com\/cl\/author\/metrica\/\"}]}<\/script>\n<!-- \/ Yoast SEO plugin. -->","yoast_head_json":{"title":"Varinka Farren y la brecha digital de g\u00e9nero en LATAM - METRICA","robots":{"index":"index","follow":"follow","max-snippet":"max-snippet:-1","max-image-preview":"max-image-preview:large","max-video-preview":"max-video-preview:-1"},"canonical":"https:\/\/www.metrica-global.com\/cl\/varinka-farren-y-la-brecha-digital-de-genero-en-latam\/","og_locale":"es_ES","og_type":"article","og_title":"Varinka Farren y la brecha digital de g\u00e9nero en LATAM - METRICA","og_description":"En el Congreso NexoTech, tuvimos la oportunidad de conversar con Varinka Farren, Directora Ejecutiva de HUB APTA, sobre el desarrollo sostenible e inclusivo del sector.","og_url":"https:\/\/www.metrica-global.com\/cl\/varinka-farren-y-la-brecha-digital-de-genero-en-latam\/","og_site_name":"METRICA","article_published_time":"2025-08-19T08:09:48+00:00","article_modified_time":"2025-08-26T09:49:57+00:00","og_image":[{"width":2560,"height":1280,"url":"https:\/\/www.metrica-global.com\/wp-content\/uploads\/2025\/08\/BANNER-NOTICIAS-1.jpg","type":"image\/jpeg"}],"author":"metrica","twitter_card":"summary_large_image","twitter_creator":"@desarrollo","twitter_misc":{"Written by":"metrica","Est. reading time":"2 minutes"},"schema":{"@context":"https:\/\/schema.org","@graph":[{"@type":"Article","@id":"https:\/\/www.metrica-global.com\/cl\/varinka-farren-y-la-brecha-digital-de-genero-en-latam\/#article","isPartOf":{"@id":"https:\/\/www.metrica-global.com\/cl\/varinka-farren-y-la-brecha-digital-de-genero-en-latam\/"},"author":{"name":"metrica","@id":"https:\/\/www.metrica-global.com\/#\/schema\/person\/2f4208bdc63892f387a04f4106dd0fcb"},"headline":"Varinka Farren y la brecha digital de g\u00e9nero en LATAM","datePublished":"2025-08-19T08:09:48+00:00","dateModified":"2025-08-26T09:49:57+00:00","mainEntityOfPage":{"@id":"https:\/\/www.metrica-global.com\/cl\/varinka-farren-y-la-brecha-digital-de-genero-en-latam\/"},"wordCount":449,"commentCount":0,"publisher":{"@id":"https:\/\/www.metrica-global.com\/#organization"},"image":{"@id":"https:\/\/www.metrica-global.com\/cl\/varinka-farren-y-la-brecha-digital-de-genero-en-latam\/#primaryimage"},"thumbnailUrl":"https:\/\/www.metrica-global.com\/wp-content\/uploads\/2025\/08\/BANNER-NOTICIAS-1.jpg","keywords":["BrechaDeG\u00e9neroTecnol\u00f3gica","EquidadEnCiencia","Innovaci\u00f3nConDiversidad","LiderazgoFemenino","METRICAPodcast","MujeresEnSTEM","NexoTech","SomosMETRICA","Tecnolog\u00edaInclusiva","TheMetricaChange","VarinkaFarren"],"articleSection":["Actualidad"],"inLanguage":"es-CL","potentialAction":[{"@type":"CommentAction","name":"Comment","target":["https:\/\/www.metrica-global.com\/cl\/varinka-farren-y-la-brecha-digital-de-genero-en-latam\/#respond"]}]},{"@type":"WebPage","@id":"https:\/\/www.metrica-global.com\/cl\/varinka-farren-y-la-brecha-digital-de-genero-en-latam\/","url":"https:\/\/www.metrica-global.com\/cl\/varinka-farren-y-la-brecha-digital-de-genero-en-latam\/","name":"Varinka Farren y la brecha digital de g\u00e9nero en LATAM - METRICA","isPartOf":{"@id":"https:\/\/www.metrica-global.com\/#website"},"primaryImageOfPage":{"@id":"https:\/\/www.metrica-global.com\/cl\/varinka-farren-y-la-brecha-digital-de-genero-en-latam\/#primaryimage"},"image":{"@id":"https:\/\/www.metrica-global.com\/cl\/varinka-farren-y-la-brecha-digital-de-genero-en-latam\/#primaryimage"},"thumbnailUrl":"https:\/\/www.metrica-global.com\/wp-content\/uploads\/2025\/08\/BANNER-NOTICIAS-1.jpg","datePublished":"2025-08-19T08:09:48+00:00","dateModified":"2025-08-26T09:49:57+00:00","breadcrumb":{"@id":"https:\/\/www.metrica-global.com\/cl\/varinka-farren-y-la-brecha-digital-de-genero-en-latam\/#breadcrumb"},"inLanguage":"es-CL","potentialAction":[{"@type":"ReadAction","target":["https:\/\/www.metrica-global.com\/cl\/varinka-farren-y-la-brecha-digital-de-genero-en-latam\/"]}]},{"@type":"ImageObject","inLanguage":"es-CL","@id":"https:\/\/www.metrica-global.com\/cl\/varinka-farren-y-la-brecha-digital-de-genero-en-latam\/#primaryimage","url":"https:\/\/www.metrica-global.com\/wp-content\/uploads\/2025\/08\/BANNER-NOTICIAS-1.jpg","contentUrl":"https:\/\/www.metrica-global.com\/wp-content\/uploads\/2025\/08\/BANNER-NOTICIAS-1.jpg","width":2560,"height":1280},{"@type":"BreadcrumbList","@id":"https:\/\/www.metrica-global.com\/cl\/varinka-farren-y-la-brecha-digital-de-genero-en-latam\/#breadcrumb","itemListElement":[{"@type":"ListItem","position":1,"name":"Portada","item":"https:\/\/www.metrica-global.com\/pt\/"},{"@type":"ListItem","position":2,"name":"Varinka Farren y la brecha digital de g\u00e9nero en LATAM"}]},{"@type":"WebSite","@id":"https:\/\/www.metrica-global.com\/#website","url":"https:\/\/www.metrica-global.com\/","name":"METRICA","description":"Servicios Globales IT","publisher":{"@id":"https:\/\/www.metrica-global.com\/#organization"},"potentialAction":[{"@type":"SearchAction","target":{"@type":"EntryPoint","urlTemplate":"https:\/\/www.metrica-global.com\/?s={search_term_string}"},"query-input":{"@type":"PropertyValueSpecification","valueRequired":true,"valueName":"search_term_string"}}],"inLanguage":"es-CL"},{"@type":"Organization","@id":"https:\/\/www.metrica-global.com\/#organization","name":"METRICA","url":"https:\/\/www.metrica-global.com\/","logo":{"@type":"ImageObject","inLanguage":"es-CL","@id":"https:\/\/www.metrica-global.com\/#\/schema\/logo\/image\/","url":"https:\/\/www.metrica-global.com\/wp-content\/uploads\/2023\/12\/logo-metrica.png","contentUrl":"https:\/\/www.metrica-global.com\/wp-content\/uploads\/2023\/12\/logo-metrica.png","width":332,"height":58,"caption":"METRICA"},"image":{"@id":"https:\/\/www.metrica-global.com\/#\/schema\/logo\/image\/"}},{"@type":"Person","@id":"https:\/\/www.metrica-global.com\/#\/schema\/person\/2f4208bdc63892f387a04f4106dd0fcb","name":"metrica","image":{"@type":"ImageObject","inLanguage":"es-CL","@id":"https:\/\/www.metrica-global.com\/#\/schema\/person\/image\/","url":"https:\/\/secure.gravatar.com\/avatar\/735533d52394faf02a8736d8f477256b9fb421f39d81c48c55ea37c267061786?s=96&d=mm&r=g","contentUrl":"https:\/\/secure.gravatar.com\/avatar\/735533d52394faf02a8736d8f477256b9fb421f39d81c48c55ea37c267061786?s=96&d=mm&r=g","caption":"metrica"},"sameAs":["https:\/\/x.com\/desarrollo"],"url":"https:\/\/www.metrica-global.com\/cl\/author\/metrica\/"}]}},"_links":{"self":[{"href":"https:\/\/www.metrica-global.com\/cl\/wp-json\/wp\/v2\/posts\/13070","targetHints":{"allow":["GET"]}}],"collection":[{"href":"https:\/\/www.metrica-global.com\/cl\/wp-json\/wp\/v2\/posts"}],"about":[{"href":"https:\/\/www.metrica-global.com\/cl\/wp-json\/wp\/v2\/types\/post"}],"author":[{"embeddable":true,"href":"https:\/\/www.metrica-global.com\/cl\/wp-json\/wp\/v2\/users\/2"}],"replies":[{"embeddable":true,"href":"https:\/\/www.metrica-global.com\/cl\/wp-json\/wp\/v2\/comments?post=13070"}],"version-history":[{"count":2,"href":"https:\/\/www.metrica-global.com\/cl\/wp-json\/wp\/v2\/posts\/13070\/revisions"}],"predecessor-version":[{"id":13072,"href":"https:\/\/www.metrica-global.com\/cl\/wp-json\/wp\/v2\/posts\/13070\/revisions\/13072"}],"wp:featuredmedia":[{"embeddable":true,"href":"https:\/\/www.metrica-global.com\/cl\/wp-json\/wp\/v2\/media\/13042"}],"wp:attachment":[{"href":"https:\/\/www.metrica-global.com\/cl\/wp-json\/wp\/v2\/media?parent=13070"}],"wp:term":[{"taxonomy":"category","embeddable":true,"href":"https:\/\/www.metrica-global.com\/cl\/wp-json\/wp\/v2\/categories?post=13070"},{"taxonomy":"post_tag","embeddable":true,"href":"https:\/\/www.metrica-global.com\/cl\/wp-json\/wp\/v2\/tags?post=13070"}],"curies":[{"name":"wp","href":"https:\/\/api.w.org\/{rel}","templated":true}]}}