{"id":13215,"date":"2025-09-05T17:14:27","date_gmt":"2025-09-05T15:14:27","guid":{"rendered":"https:\/\/www.metrica-global.com\/vuelta-al-trabajo-5-claves-para-reforzar-tu-ciberseguridad-tras-las-vacaciones\/"},"modified":"2025-09-05T17:14:27","modified_gmt":"2025-09-05T15:14:27","slug":"vuelta-al-trabajo-5-claves-para-reforzar-tu-ciberseguridad-tras-las-vacaciones","status":"publish","type":"post","link":"https:\/\/www.metrica-global.com\/cl\/vuelta-al-trabajo-5-claves-para-reforzar-tu-ciberseguridad-tras-las-vacaciones\/","title":{"rendered":"Vuelta al trabajo: 5 claves para reforzar tu ciberseguridad tras las vacaciones"},"content":{"rendered":"<p data-start=\"367\" data-end=\"745\">Despu\u00e9s de las vacaciones de verano, retomar el ritmo laboral no solo implica organizar tareas o reuniones: tambi\u00e9n es el momento ideal para revisar y reforzar nuestras medidas de <strong data-start=\"547\" data-end=\"565\">ciberseguridad<\/strong>. Durante el periodo estival, es habitual relajar ciertos h\u00e1bitos digitales, y eso nos puede dejar expuestos a <strong data-start=\"676\" data-end=\"744\">riesgos que comprometen nuestros datos personales y corporativos<\/strong>. <\/p>\n<p data-start=\"747\" data-end=\"914\">Desde METRICA te compartimos cinco acciones esenciales que puedes aplicar en los primeros d\u00edas tras tu regreso. Cinco gestos sencillos que pueden marcar la diferencia. <\/p>\n<hr data-start=\"916\" data-end=\"919\">\n<h2 data-start=\"921\" data-end=\"993\">\u00bfPor qu\u00e9 es tan importante reforzar la ciberseguridad tras el verano?<\/h2>\n<p data-start=\"995\" data-end=\"1311\">Durante las vacaciones, muchos usuarios utilizan redes Wi\u2011Fi p\u00fablicas, realizan compras online desde el m\u00f3vil o acceden a plataformas laborales desde dispositivos compartidos. Esta relajaci\u00f3n en las medidas de seguridad puede facilitar <strong data-start=\"1231\" data-end=\"1310\">accesos no autorizados, suplantaci\u00f3n de identidad o infecciones por malware<\/strong>. <\/p>\n<p data-start=\"1313\" data-end=\"1469\">Por eso, al volver al entorno profesional, es crucial hacer una <strong data-start=\"1377\" data-end=\"1403\">puesta a punto digital<\/strong>, igual que revisamos el correo o actualizamos nuestro calendario.<\/p>\n<hr data-start=\"1471\" data-end=\"1474\">\n<h2 data-start=\"1476\" data-end=\"1532\">\ud83d\udee1\ufe0f 5 consejos para una vuelta al trabajo cibersegura<\/h2>\n<h3 data-start=\"1534\" data-end=\"1592\">1. Actualiza el sistema operativo y las aplicaciones<\/h3>\n<p data-start=\"1593\" data-end=\"1744\">Aseg\u00farate de que tanto tu equipo como tus apps est\u00e9n al d\u00eda. Las actualizaciones corrigen vulnerabilidades que los ciberdelincuentes pueden aprovechar. <\/p>\n<h3 data-start=\"1746\" data-end=\"1797\">2. Cambia tus contrase\u00f1as tras las vacaciones<\/h3>\n<p data-start=\"1798\" data-end=\"1980\">Especialmente las de acceso a cuentas corporativas, correo electr\u00f3nico o herramientas de gesti\u00f3n. Utiliza contrase\u00f1as seguras y, si puedes, activa la verificaci\u00f3n en dos pasos (2FA). <\/p>\n<h3 data-start=\"1982\" data-end=\"2043\">3. Evita abrir correos sospechosos o demasiado urgentes<\/h3>\n<p data-start=\"2044\" data-end=\"2191\">El phishing sigue siendo uno de los ataques m\u00e1s comunes. Desconf\u00eda de mensajes que generen alarma o pidan informaci\u00f3n sensible de forma inesperada. <\/p>\n<h3 data-start=\"2193\" data-end=\"2253\">4. Revisa los accesos y permisos de apps y plataformas<\/h3>\n<p data-start=\"2254\" data-end=\"2385\">Haz una auditor\u00eda r\u00e1pida: \u00bfqu\u00e9 herramientas tienen acceso a tus cuentas? Revoca permisos innecesarios o de apps que ya no utilizas. <\/p>\n<h3 data-start=\"2387\" data-end=\"2448\">5. Descon\u00e9ctate de redes Wi\u2011Fi p\u00fablicas o no utilizadas<\/h3>\n<p data-start=\"2449\" data-end=\"2574\">Si te conectaste a redes p\u00fablicas durante el verano, elim\u00ednalas de tu dispositivo. Mant\u00e9n solo las redes seguras y conocidas. <\/p>\n<hr data-start=\"2576\" data-end=\"2579\">\n<h2 data-start=\"2581\" data-end=\"2625\">Una cultura digital segura empieza por ti<\/h2>\n<p data-start=\"2627\" data-end=\"2846\">En METRICA apostamos por una <strong data-start=\"2656\" data-end=\"2698\">cultura digital preventiva y proactiva<\/strong>. Entendemos la ciberseguridad no solo como una cuesti\u00f3n t\u00e9cnica, sino como una actitud que todas las personas podemos adoptar en nuestro d\u00eda a d\u00eda. <\/p>\n<p data-start=\"2848\" data-end=\"2995\">Peque\u00f1os gestos como estos ayudan a mantener a salvo no solo tu informaci\u00f3n personal, sino tambi\u00e9n la de tu equipo, tus clientes y tu organizaci\u00f3n.<\/p>\n<p data-start=\"2997\" data-end=\"3147\">\ud83d\udc49 Si quieres conocer m\u00e1s recomendaciones como estas, s\u00edguenos en nuestras redes sociales o contacta con nuestro equipo de expertos en ciberseguridad.<\/p>\n","protected":false},"excerpt":{"rendered":"<p>Durante el periodo estival, es habitual relajar ciertos h\u00e1bitos digitales, y eso nos puede dejar expuestos a riesgos que comprometen nuestros datos personales y corporativos.<\/p>\n","protected":false},"author":2,"featured_media":13207,"comment_status":"open","ping_status":"open","sticky":false,"template":"","format":"standard","meta":{"content-type":"","footnotes":""},"categories":[449],"tags":[],"class_list":["post-13215","post","type-post","status-publish","format-standard","has-post-thumbnail","hentry","category-calidad-cl"],"yoast_head":"<!-- This site is optimized with the Yoast SEO plugin v25.9 - https:\/\/yoast.com\/wordpress\/plugins\/seo\/ -->\n<title>Vuelta al trabajo: 5 claves para reforzar tu ciberseguridad tras las vacaciones - METRICA<\/title>\n<meta name=\"robots\" content=\"index, follow, max-snippet:-1, max-image-preview:large, max-video-preview:-1\" \/>\n<link rel=\"canonical\" href=\"https:\/\/www.metrica-global.com\/cl\/vuelta-al-trabajo-5-claves-para-reforzar-tu-ciberseguridad-tras-las-vacaciones\/\" \/>\n<meta property=\"og:locale\" content=\"es_ES\" \/>\n<meta property=\"og:type\" content=\"article\" \/>\n<meta property=\"og:title\" content=\"Vuelta al trabajo: 5 claves para reforzar tu ciberseguridad tras las vacaciones - METRICA\" \/>\n<meta property=\"og:description\" content=\"Durante el periodo estival, es habitual relajar ciertos h\u00e1bitos digitales, y eso nos puede dejar expuestos a riesgos que comprometen nuestros datos personales y corporativos.\" \/>\n<meta property=\"og:url\" content=\"https:\/\/www.metrica-global.com\/cl\/vuelta-al-trabajo-5-claves-para-reforzar-tu-ciberseguridad-tras-las-vacaciones\/\" \/>\n<meta property=\"og:site_name\" content=\"METRICA\" \/>\n<meta property=\"article:published_time\" content=\"2025-09-05T15:14:27+00:00\" \/>\n<meta property=\"og:image\" content=\"https:\/\/www.metrica-global.com\/wp-content\/uploads\/2025\/09\/169-CIBER-VACAS.jpg\" \/>\n\t<meta property=\"og:image:width\" content=\"1920\" \/>\n\t<meta property=\"og:image:height\" content=\"1080\" \/>\n\t<meta property=\"og:image:type\" content=\"image\/jpeg\" \/>\n<meta name=\"author\" content=\"metrica\" \/>\n<meta name=\"twitter:card\" content=\"summary_large_image\" \/>\n<meta name=\"twitter:creator\" content=\"@desarrollo\" \/>\n<meta name=\"twitter:label1\" content=\"Written by\" \/>\n\t<meta name=\"twitter:data1\" content=\"metrica\" \/>\n\t<meta name=\"twitter:label2\" content=\"Est. reading time\" \/>\n\t<meta name=\"twitter:data2\" content=\"2 minutes\" \/>\n<script type=\"application\/ld+json\" class=\"yoast-schema-graph\">{\"@context\":\"https:\/\/schema.org\",\"@graph\":[{\"@type\":\"Article\",\"@id\":\"https:\/\/www.metrica-global.com\/cl\/vuelta-al-trabajo-5-claves-para-reforzar-tu-ciberseguridad-tras-las-vacaciones\/#article\",\"isPartOf\":{\"@id\":\"https:\/\/www.metrica-global.com\/cl\/vuelta-al-trabajo-5-claves-para-reforzar-tu-ciberseguridad-tras-las-vacaciones\/\"},\"author\":{\"name\":\"metrica\",\"@id\":\"https:\/\/www.metrica-global.com\/#\/schema\/person\/2f4208bdc63892f387a04f4106dd0fcb\"},\"headline\":\"Vuelta al trabajo: 5 claves para reforzar tu ciberseguridad tras las vacaciones\",\"datePublished\":\"2025-09-05T15:14:27+00:00\",\"mainEntityOfPage\":{\"@id\":\"https:\/\/www.metrica-global.com\/cl\/vuelta-al-trabajo-5-claves-para-reforzar-tu-ciberseguridad-tras-las-vacaciones\/\"},\"wordCount\":448,\"commentCount\":0,\"publisher\":{\"@id\":\"https:\/\/www.metrica-global.com\/#organization\"},\"image\":{\"@id\":\"https:\/\/www.metrica-global.com\/cl\/vuelta-al-trabajo-5-claves-para-reforzar-tu-ciberseguridad-tras-las-vacaciones\/#primaryimage\"},\"thumbnailUrl\":\"https:\/\/www.metrica-global.com\/wp-content\/uploads\/2025\/09\/169-CIBER-VACAS.jpg\",\"articleSection\":[\"Calidad\"],\"inLanguage\":\"es-CL\",\"potentialAction\":[{\"@type\":\"CommentAction\",\"name\":\"Comment\",\"target\":[\"https:\/\/www.metrica-global.com\/cl\/vuelta-al-trabajo-5-claves-para-reforzar-tu-ciberseguridad-tras-las-vacaciones\/#respond\"]}]},{\"@type\":\"WebPage\",\"@id\":\"https:\/\/www.metrica-global.com\/cl\/vuelta-al-trabajo-5-claves-para-reforzar-tu-ciberseguridad-tras-las-vacaciones\/\",\"url\":\"https:\/\/www.metrica-global.com\/cl\/vuelta-al-trabajo-5-claves-para-reforzar-tu-ciberseguridad-tras-las-vacaciones\/\",\"name\":\"Vuelta al trabajo: 5 claves para reforzar tu ciberseguridad tras las vacaciones - METRICA\",\"isPartOf\":{\"@id\":\"https:\/\/www.metrica-global.com\/#website\"},\"primaryImageOfPage\":{\"@id\":\"https:\/\/www.metrica-global.com\/cl\/vuelta-al-trabajo-5-claves-para-reforzar-tu-ciberseguridad-tras-las-vacaciones\/#primaryimage\"},\"image\":{\"@id\":\"https:\/\/www.metrica-global.com\/cl\/vuelta-al-trabajo-5-claves-para-reforzar-tu-ciberseguridad-tras-las-vacaciones\/#primaryimage\"},\"thumbnailUrl\":\"https:\/\/www.metrica-global.com\/wp-content\/uploads\/2025\/09\/169-CIBER-VACAS.jpg\",\"datePublished\":\"2025-09-05T15:14:27+00:00\",\"breadcrumb\":{\"@id\":\"https:\/\/www.metrica-global.com\/cl\/vuelta-al-trabajo-5-claves-para-reforzar-tu-ciberseguridad-tras-las-vacaciones\/#breadcrumb\"},\"inLanguage\":\"es-CL\",\"potentialAction\":[{\"@type\":\"ReadAction\",\"target\":[\"https:\/\/www.metrica-global.com\/cl\/vuelta-al-trabajo-5-claves-para-reforzar-tu-ciberseguridad-tras-las-vacaciones\/\"]}]},{\"@type\":\"ImageObject\",\"inLanguage\":\"es-CL\",\"@id\":\"https:\/\/www.metrica-global.com\/cl\/vuelta-al-trabajo-5-claves-para-reforzar-tu-ciberseguridad-tras-las-vacaciones\/#primaryimage\",\"url\":\"https:\/\/www.metrica-global.com\/wp-content\/uploads\/2025\/09\/169-CIBER-VACAS.jpg\",\"contentUrl\":\"https:\/\/www.metrica-global.com\/wp-content\/uploads\/2025\/09\/169-CIBER-VACAS.jpg\",\"width\":1920,\"height\":1080},{\"@type\":\"BreadcrumbList\",\"@id\":\"https:\/\/www.metrica-global.com\/cl\/vuelta-al-trabajo-5-claves-para-reforzar-tu-ciberseguridad-tras-las-vacaciones\/#breadcrumb\",\"itemListElement\":[{\"@type\":\"ListItem\",\"position\":1,\"name\":\"Portada\",\"item\":\"https:\/\/www.metrica-global.com\/pt\/\"},{\"@type\":\"ListItem\",\"position\":2,\"name\":\"Vuelta al trabajo: 5 claves para reforzar tu ciberseguridad tras las vacaciones\"}]},{\"@type\":\"WebSite\",\"@id\":\"https:\/\/www.metrica-global.com\/#website\",\"url\":\"https:\/\/www.metrica-global.com\/\",\"name\":\"METRICA\",\"description\":\"Servicios Globales IT\",\"publisher\":{\"@id\":\"https:\/\/www.metrica-global.com\/#organization\"},\"potentialAction\":[{\"@type\":\"SearchAction\",\"target\":{\"@type\":\"EntryPoint\",\"urlTemplate\":\"https:\/\/www.metrica-global.com\/?s={search_term_string}\"},\"query-input\":{\"@type\":\"PropertyValueSpecification\",\"valueRequired\":true,\"valueName\":\"search_term_string\"}}],\"inLanguage\":\"es-CL\"},{\"@type\":\"Organization\",\"@id\":\"https:\/\/www.metrica-global.com\/#organization\",\"name\":\"METRICA\",\"url\":\"https:\/\/www.metrica-global.com\/\",\"logo\":{\"@type\":\"ImageObject\",\"inLanguage\":\"es-CL\",\"@id\":\"https:\/\/www.metrica-global.com\/#\/schema\/logo\/image\/\",\"url\":\"https:\/\/www.metrica-global.com\/wp-content\/uploads\/2023\/12\/logo-metrica.png\",\"contentUrl\":\"https:\/\/www.metrica-global.com\/wp-content\/uploads\/2023\/12\/logo-metrica.png\",\"width\":332,\"height\":58,\"caption\":\"METRICA\"},\"image\":{\"@id\":\"https:\/\/www.metrica-global.com\/#\/schema\/logo\/image\/\"}},{\"@type\":\"Person\",\"@id\":\"https:\/\/www.metrica-global.com\/#\/schema\/person\/2f4208bdc63892f387a04f4106dd0fcb\",\"name\":\"metrica\",\"image\":{\"@type\":\"ImageObject\",\"inLanguage\":\"es-CL\",\"@id\":\"https:\/\/www.metrica-global.com\/#\/schema\/person\/image\/\",\"url\":\"https:\/\/secure.gravatar.com\/avatar\/735533d52394faf02a8736d8f477256b9fb421f39d81c48c55ea37c267061786?s=96&d=mm&r=g\",\"contentUrl\":\"https:\/\/secure.gravatar.com\/avatar\/735533d52394faf02a8736d8f477256b9fb421f39d81c48c55ea37c267061786?s=96&d=mm&r=g\",\"caption\":\"metrica\"},\"sameAs\":[\"https:\/\/x.com\/desarrollo\"],\"url\":\"https:\/\/www.metrica-global.com\/cl\/author\/metrica\/\"}]}<\/script>\n<!-- \/ Yoast SEO plugin. -->","yoast_head_json":{"title":"Vuelta al trabajo: 5 claves para reforzar tu ciberseguridad tras las vacaciones - METRICA","robots":{"index":"index","follow":"follow","max-snippet":"max-snippet:-1","max-image-preview":"max-image-preview:large","max-video-preview":"max-video-preview:-1"},"canonical":"https:\/\/www.metrica-global.com\/cl\/vuelta-al-trabajo-5-claves-para-reforzar-tu-ciberseguridad-tras-las-vacaciones\/","og_locale":"es_ES","og_type":"article","og_title":"Vuelta al trabajo: 5 claves para reforzar tu ciberseguridad tras las vacaciones - METRICA","og_description":"Durante el periodo estival, es habitual relajar ciertos h\u00e1bitos digitales, y eso nos puede dejar expuestos a riesgos que comprometen nuestros datos personales y corporativos.","og_url":"https:\/\/www.metrica-global.com\/cl\/vuelta-al-trabajo-5-claves-para-reforzar-tu-ciberseguridad-tras-las-vacaciones\/","og_site_name":"METRICA","article_published_time":"2025-09-05T15:14:27+00:00","og_image":[{"width":1920,"height":1080,"url":"https:\/\/www.metrica-global.com\/wp-content\/uploads\/2025\/09\/169-CIBER-VACAS.jpg","type":"image\/jpeg"}],"author":"metrica","twitter_card":"summary_large_image","twitter_creator":"@desarrollo","twitter_misc":{"Written by":"metrica","Est. reading time":"2 minutes"},"schema":{"@context":"https:\/\/schema.org","@graph":[{"@type":"Article","@id":"https:\/\/www.metrica-global.com\/cl\/vuelta-al-trabajo-5-claves-para-reforzar-tu-ciberseguridad-tras-las-vacaciones\/#article","isPartOf":{"@id":"https:\/\/www.metrica-global.com\/cl\/vuelta-al-trabajo-5-claves-para-reforzar-tu-ciberseguridad-tras-las-vacaciones\/"},"author":{"name":"metrica","@id":"https:\/\/www.metrica-global.com\/#\/schema\/person\/2f4208bdc63892f387a04f4106dd0fcb"},"headline":"Vuelta al trabajo: 5 claves para reforzar tu ciberseguridad tras las vacaciones","datePublished":"2025-09-05T15:14:27+00:00","mainEntityOfPage":{"@id":"https:\/\/www.metrica-global.com\/cl\/vuelta-al-trabajo-5-claves-para-reforzar-tu-ciberseguridad-tras-las-vacaciones\/"},"wordCount":448,"commentCount":0,"publisher":{"@id":"https:\/\/www.metrica-global.com\/#organization"},"image":{"@id":"https:\/\/www.metrica-global.com\/cl\/vuelta-al-trabajo-5-claves-para-reforzar-tu-ciberseguridad-tras-las-vacaciones\/#primaryimage"},"thumbnailUrl":"https:\/\/www.metrica-global.com\/wp-content\/uploads\/2025\/09\/169-CIBER-VACAS.jpg","articleSection":["Calidad"],"inLanguage":"es-CL","potentialAction":[{"@type":"CommentAction","name":"Comment","target":["https:\/\/www.metrica-global.com\/cl\/vuelta-al-trabajo-5-claves-para-reforzar-tu-ciberseguridad-tras-las-vacaciones\/#respond"]}]},{"@type":"WebPage","@id":"https:\/\/www.metrica-global.com\/cl\/vuelta-al-trabajo-5-claves-para-reforzar-tu-ciberseguridad-tras-las-vacaciones\/","url":"https:\/\/www.metrica-global.com\/cl\/vuelta-al-trabajo-5-claves-para-reforzar-tu-ciberseguridad-tras-las-vacaciones\/","name":"Vuelta al trabajo: 5 claves para reforzar tu ciberseguridad tras las vacaciones - METRICA","isPartOf":{"@id":"https:\/\/www.metrica-global.com\/#website"},"primaryImageOfPage":{"@id":"https:\/\/www.metrica-global.com\/cl\/vuelta-al-trabajo-5-claves-para-reforzar-tu-ciberseguridad-tras-las-vacaciones\/#primaryimage"},"image":{"@id":"https:\/\/www.metrica-global.com\/cl\/vuelta-al-trabajo-5-claves-para-reforzar-tu-ciberseguridad-tras-las-vacaciones\/#primaryimage"},"thumbnailUrl":"https:\/\/www.metrica-global.com\/wp-content\/uploads\/2025\/09\/169-CIBER-VACAS.jpg","datePublished":"2025-09-05T15:14:27+00:00","breadcrumb":{"@id":"https:\/\/www.metrica-global.com\/cl\/vuelta-al-trabajo-5-claves-para-reforzar-tu-ciberseguridad-tras-las-vacaciones\/#breadcrumb"},"inLanguage":"es-CL","potentialAction":[{"@type":"ReadAction","target":["https:\/\/www.metrica-global.com\/cl\/vuelta-al-trabajo-5-claves-para-reforzar-tu-ciberseguridad-tras-las-vacaciones\/"]}]},{"@type":"ImageObject","inLanguage":"es-CL","@id":"https:\/\/www.metrica-global.com\/cl\/vuelta-al-trabajo-5-claves-para-reforzar-tu-ciberseguridad-tras-las-vacaciones\/#primaryimage","url":"https:\/\/www.metrica-global.com\/wp-content\/uploads\/2025\/09\/169-CIBER-VACAS.jpg","contentUrl":"https:\/\/www.metrica-global.com\/wp-content\/uploads\/2025\/09\/169-CIBER-VACAS.jpg","width":1920,"height":1080},{"@type":"BreadcrumbList","@id":"https:\/\/www.metrica-global.com\/cl\/vuelta-al-trabajo-5-claves-para-reforzar-tu-ciberseguridad-tras-las-vacaciones\/#breadcrumb","itemListElement":[{"@type":"ListItem","position":1,"name":"Portada","item":"https:\/\/www.metrica-global.com\/pt\/"},{"@type":"ListItem","position":2,"name":"Vuelta al trabajo: 5 claves para reforzar tu ciberseguridad tras las vacaciones"}]},{"@type":"WebSite","@id":"https:\/\/www.metrica-global.com\/#website","url":"https:\/\/www.metrica-global.com\/","name":"METRICA","description":"Servicios Globales IT","publisher":{"@id":"https:\/\/www.metrica-global.com\/#organization"},"potentialAction":[{"@type":"SearchAction","target":{"@type":"EntryPoint","urlTemplate":"https:\/\/www.metrica-global.com\/?s={search_term_string}"},"query-input":{"@type":"PropertyValueSpecification","valueRequired":true,"valueName":"search_term_string"}}],"inLanguage":"es-CL"},{"@type":"Organization","@id":"https:\/\/www.metrica-global.com\/#organization","name":"METRICA","url":"https:\/\/www.metrica-global.com\/","logo":{"@type":"ImageObject","inLanguage":"es-CL","@id":"https:\/\/www.metrica-global.com\/#\/schema\/logo\/image\/","url":"https:\/\/www.metrica-global.com\/wp-content\/uploads\/2023\/12\/logo-metrica.png","contentUrl":"https:\/\/www.metrica-global.com\/wp-content\/uploads\/2023\/12\/logo-metrica.png","width":332,"height":58,"caption":"METRICA"},"image":{"@id":"https:\/\/www.metrica-global.com\/#\/schema\/logo\/image\/"}},{"@type":"Person","@id":"https:\/\/www.metrica-global.com\/#\/schema\/person\/2f4208bdc63892f387a04f4106dd0fcb","name":"metrica","image":{"@type":"ImageObject","inLanguage":"es-CL","@id":"https:\/\/www.metrica-global.com\/#\/schema\/person\/image\/","url":"https:\/\/secure.gravatar.com\/avatar\/735533d52394faf02a8736d8f477256b9fb421f39d81c48c55ea37c267061786?s=96&d=mm&r=g","contentUrl":"https:\/\/secure.gravatar.com\/avatar\/735533d52394faf02a8736d8f477256b9fb421f39d81c48c55ea37c267061786?s=96&d=mm&r=g","caption":"metrica"},"sameAs":["https:\/\/x.com\/desarrollo"],"url":"https:\/\/www.metrica-global.com\/cl\/author\/metrica\/"}]}},"_links":{"self":[{"href":"https:\/\/www.metrica-global.com\/cl\/wp-json\/wp\/v2\/posts\/13215","targetHints":{"allow":["GET"]}}],"collection":[{"href":"https:\/\/www.metrica-global.com\/cl\/wp-json\/wp\/v2\/posts"}],"about":[{"href":"https:\/\/www.metrica-global.com\/cl\/wp-json\/wp\/v2\/types\/post"}],"author":[{"embeddable":true,"href":"https:\/\/www.metrica-global.com\/cl\/wp-json\/wp\/v2\/users\/2"}],"replies":[{"embeddable":true,"href":"https:\/\/www.metrica-global.com\/cl\/wp-json\/wp\/v2\/comments?post=13215"}],"version-history":[{"count":0,"href":"https:\/\/www.metrica-global.com\/cl\/wp-json\/wp\/v2\/posts\/13215\/revisions"}],"wp:featuredmedia":[{"embeddable":true,"href":"https:\/\/www.metrica-global.com\/cl\/wp-json\/wp\/v2\/media\/13207"}],"wp:attachment":[{"href":"https:\/\/www.metrica-global.com\/cl\/wp-json\/wp\/v2\/media?parent=13215"}],"wp:term":[{"taxonomy":"category","embeddable":true,"href":"https:\/\/www.metrica-global.com\/cl\/wp-json\/wp\/v2\/categories?post=13215"},{"taxonomy":"post_tag","embeddable":true,"href":"https:\/\/www.metrica-global.com\/cl\/wp-json\/wp\/v2\/tags?post=13215"}],"curies":[{"name":"wp","href":"https:\/\/api.w.org\/{rel}","templated":true}]}}