{"id":13459,"date":"2025-09-19T13:44:43","date_gmt":"2025-09-19T11:44:43","guid":{"rendered":"https:\/\/www.metrica-global.com\/actualizamos-nuestro-codigo-de-conducta-etica-y-responsable\/"},"modified":"2025-09-19T13:44:43","modified_gmt":"2025-09-19T11:44:43","slug":"actualizamos-nuestro-codigo-de-conducta-etica-y-responsable","status":"publish","type":"post","link":"https:\/\/www.metrica-global.com\/cl\/actualizamos-nuestro-codigo-de-conducta-etica-y-responsable\/","title":{"rendered":"Actualizamos nuestro C\u00f3digo de Conducta \u00e9tica y responsable"},"content":{"rendered":"<p data-start=\"530\" data-end=\"811\">En un sector tecnol\u00f3gico en constante transformaci\u00f3n, la \u00e9tica y la transparencia son pilares que garantizan confianza y futuro. Por ello, en METRICA hemos desarrollado y publicado nuestro <strong data-start=\"719\" data-end=\"747\">C\u00f3digo de Conducta \u00c9tica<\/strong>, disponible en la secci\u00f3n <em data-start=\"774\" data-end=\"786\">Governance<\/em> de nuestra p\u00e1gina web. <\/p>\n<p data-start=\"813\" data-end=\"1000\">Este documento establece directrices claras que marcan c\u00f3mo actuamos y nos relacionamos en el d\u00eda a d\u00eda, tanto con nuestro equipo como con clientes, socios, proveedores y colaboradores.<\/p>\n<h3 data-start=\"1002\" data-end=\"1043\">Principios que marcan la diferencia<\/h3>\n<p data-start=\"1044\" data-end=\"1154\">El C\u00f3digo de Conducta de METRICA se basa en un conjunto de principios alineados con nuestro ADN corporativo:<\/p>\n<ol data-start=\"1156\" data-end=\"1796\">\n<li data-start=\"1156\" data-end=\"1219\">\n<p data-start=\"1159\" data-end=\"1219\"><strong data-start=\"1159\" data-end=\"1188\">Calidad y mejora continua<\/strong> en cada proyecto y servicio.<\/p>\n<\/li>\n<li data-start=\"1220\" data-end=\"1315\">\n<p data-start=\"1223\" data-end=\"1315\"><strong data-start=\"1223\" data-end=\"1269\">Respeto al medio ambiente y sostenibilidad<\/strong>, con iniciativas como <em data-start=\"1292\" data-end=\"1312\">The METRICA Change<\/em>.<\/p>\n<\/li>\n<li data-start=\"1316\" data-end=\"1408\">\n<p data-start=\"1319\" data-end=\"1408\"><strong data-start=\"1319\" data-end=\"1361\">Cumplimiento legal y normativa vigente<\/strong>, con tolerancia cero frente a la corrupci\u00f3n.<\/p>\n<\/li>\n<li data-start=\"1409\" data-end=\"1494\">\n<p data-start=\"1412\" data-end=\"1494\"><strong data-start=\"1412\" data-end=\"1465\">Seguridad de la informaci\u00f3n y protecci\u00f3n de datos<\/strong>, apoyados en la ISO 27001.<\/p>\n<\/li>\n<li data-start=\"1495\" data-end=\"1616\">\n<p data-start=\"1498\" data-end=\"1616\"><strong data-start=\"1498\" data-end=\"1572\">Diversidad, igualdad de oportunidades y respeto a los derechos humanos<\/strong>, en l\u00ednea con el Pacto Mundial de la ONU.<\/p>\n<\/li>\n<li data-start=\"1617\" data-end=\"1712\">\n<p data-start=\"1620\" data-end=\"1712\"><strong data-start=\"1620\" data-end=\"1667\">Desarrollo profesional y formaci\u00f3n continua<\/strong>, a trav\u00e9s de programas como <em data-start=\"1696\" data-end=\"1709\">METRICA LAB<\/em>.<\/p>\n<\/li>\n<li data-start=\"1713\" data-end=\"1796\">\n<p data-start=\"1716\" data-end=\"1796\"><strong data-start=\"1716\" data-end=\"1748\">Profesionalidad e integridad<\/strong>, como base de cada relaci\u00f3n que establecemos.<\/p>\n<\/li>\n<\/ol>\n<h3 data-start=\"1798\" data-end=\"1834\">\u00c9tica e innovaci\u00f3n responsable<\/h3>\n<p data-start=\"1835\" data-end=\"2076\">En METRICA creemos que la \u00e9tica no es un a\u00f1adido, sino la base de nuestro crecimiento. Ser <strong data-start=\"1926\" data-end=\"1971\">CERCANOS, FLEXIBLES, PROACTIVOS y HUMANOS<\/strong> es lo que nos permite innovar con prop\u00f3sito y construir relaciones s\u00f3lidas y sostenibles en el tiempo. <\/p>\n<p data-start=\"2078\" data-end=\"2176\">\ud83d\udccc Puedes leer el <strong data-start=\"2096\" data-end=\"2173\">C\u00f3digo de Conducta \u00c9tica completo en la secci\u00f3n <a href=\"https:\/\/www.metrica-global.com\/cl\/the-metrica-change\/governance\/\">Governance<\/a> de nuestra web<\/strong>.<\/p>\n<p data-start=\"2178\" data-end=\"2338\">Y si quieres conocer m\u00e1s sobre c\u00f3mo lo hemos compartido con nuestra comunidad, te invitamos a leer el post publicado recientemente en nuestras redes sociales.<\/p>\n<p data-start=\"2340\" data-end=\"2467\">Porque la confianza se construye con hechos, y en METRICA seguimos demostrando que la \u00e9tica es el motor de la innovaci\u00f3n. \ud83c\udf0d\u2728 <\/p>\n","protected":false},"excerpt":{"rendered":"<p>En METRICA hemos publicado una gu\u00eda que refuerza nuestro compromiso con la integridad, la sostenibilidad, la seguridad y el respeto a los derechos humanos.<\/p>\n","protected":false},"author":2,"featured_media":5525,"comment_status":"open","ping_status":"open","sticky":false,"template":"","format":"standard","meta":{"content-type":"","footnotes":""},"categories":[387,449,438],"tags":[],"class_list":["post-13459","post","type-post","status-publish","format-standard","has-post-thumbnail","hentry","category-actualidad-cl","category-calidad-cl","category-sostenibilidad-cl"],"yoast_head":"<!-- This site is optimized with the Yoast SEO plugin v25.9 - https:\/\/yoast.com\/wordpress\/plugins\/seo\/ -->\n<title>Actualizamos nuestro C\u00f3digo de Conducta \u00e9tica y responsable - METRICA<\/title>\n<meta name=\"robots\" content=\"index, follow, max-snippet:-1, max-image-preview:large, max-video-preview:-1\" \/>\n<link rel=\"canonical\" href=\"https:\/\/www.metrica-global.com\/cl\/actualizamos-nuestro-codigo-de-conducta-etica-y-responsable\/\" \/>\n<meta property=\"og:locale\" content=\"es_ES\" \/>\n<meta property=\"og:type\" content=\"article\" \/>\n<meta property=\"og:title\" content=\"Actualizamos nuestro C\u00f3digo de Conducta \u00e9tica y responsable - METRICA\" \/>\n<meta property=\"og:description\" content=\"En METRICA hemos publicado una gu\u00eda que refuerza nuestro compromiso con la integridad, la sostenibilidad, la seguridad y el respeto a los derechos humanos.\" \/>\n<meta property=\"og:url\" content=\"https:\/\/www.metrica-global.com\/cl\/actualizamos-nuestro-codigo-de-conducta-etica-y-responsable\/\" \/>\n<meta property=\"og:site_name\" content=\"METRICA\" \/>\n<meta property=\"article:published_time\" content=\"2025-09-19T11:44:43+00:00\" \/>\n<meta property=\"og:image\" content=\"https:\/\/www.metrica-global.com\/wp-content\/uploads\/2025\/05\/1B-min-scaled.jpg\" \/>\n\t<meta property=\"og:image:width\" content=\"2560\" \/>\n\t<meta property=\"og:image:height\" content=\"1707\" \/>\n\t<meta property=\"og:image:type\" content=\"image\/jpeg\" \/>\n<meta name=\"author\" content=\"metrica\" \/>\n<meta name=\"twitter:card\" content=\"summary_large_image\" \/>\n<meta name=\"twitter:creator\" content=\"@desarrollo\" \/>\n<meta name=\"twitter:label1\" content=\"Written by\" \/>\n\t<meta name=\"twitter:data1\" content=\"metrica\" \/>\n\t<meta name=\"twitter:label2\" content=\"Est. reading time\" \/>\n\t<meta name=\"twitter:data2\" content=\"2 minutes\" \/>\n<script type=\"application\/ld+json\" class=\"yoast-schema-graph\">{\"@context\":\"https:\/\/schema.org\",\"@graph\":[{\"@type\":\"Article\",\"@id\":\"https:\/\/www.metrica-global.com\/cl\/actualizamos-nuestro-codigo-de-conducta-etica-y-responsable\/#article\",\"isPartOf\":{\"@id\":\"https:\/\/www.metrica-global.com\/cl\/actualizamos-nuestro-codigo-de-conducta-etica-y-responsable\/\"},\"author\":{\"name\":\"metrica\",\"@id\":\"https:\/\/www.metrica-global.com\/#\/schema\/person\/2f4208bdc63892f387a04f4106dd0fcb\"},\"headline\":\"Actualizamos nuestro C\u00f3digo de Conducta \u00e9tica y responsable\",\"datePublished\":\"2025-09-19T11:44:43+00:00\",\"mainEntityOfPage\":{\"@id\":\"https:\/\/www.metrica-global.com\/cl\/actualizamos-nuestro-codigo-de-conducta-etica-y-responsable\/\"},\"wordCount\":316,\"commentCount\":0,\"publisher\":{\"@id\":\"https:\/\/www.metrica-global.com\/#organization\"},\"image\":{\"@id\":\"https:\/\/www.metrica-global.com\/cl\/actualizamos-nuestro-codigo-de-conducta-etica-y-responsable\/#primaryimage\"},\"thumbnailUrl\":\"https:\/\/www.metrica-global.com\/wp-content\/uploads\/2025\/05\/1B-min-scaled.jpg\",\"articleSection\":[\"Actualidad\",\"Calidad\",\"Sostenibilidad\"],\"inLanguage\":\"es-CL\",\"potentialAction\":[{\"@type\":\"CommentAction\",\"name\":\"Comment\",\"target\":[\"https:\/\/www.metrica-global.com\/cl\/actualizamos-nuestro-codigo-de-conducta-etica-y-responsable\/#respond\"]}]},{\"@type\":\"WebPage\",\"@id\":\"https:\/\/www.metrica-global.com\/cl\/actualizamos-nuestro-codigo-de-conducta-etica-y-responsable\/\",\"url\":\"https:\/\/www.metrica-global.com\/cl\/actualizamos-nuestro-codigo-de-conducta-etica-y-responsable\/\",\"name\":\"Actualizamos nuestro C\u00f3digo de Conducta \u00e9tica y responsable - METRICA\",\"isPartOf\":{\"@id\":\"https:\/\/www.metrica-global.com\/#website\"},\"primaryImageOfPage\":{\"@id\":\"https:\/\/www.metrica-global.com\/cl\/actualizamos-nuestro-codigo-de-conducta-etica-y-responsable\/#primaryimage\"},\"image\":{\"@id\":\"https:\/\/www.metrica-global.com\/cl\/actualizamos-nuestro-codigo-de-conducta-etica-y-responsable\/#primaryimage\"},\"thumbnailUrl\":\"https:\/\/www.metrica-global.com\/wp-content\/uploads\/2025\/05\/1B-min-scaled.jpg\",\"datePublished\":\"2025-09-19T11:44:43+00:00\",\"breadcrumb\":{\"@id\":\"https:\/\/www.metrica-global.com\/cl\/actualizamos-nuestro-codigo-de-conducta-etica-y-responsable\/#breadcrumb\"},\"inLanguage\":\"es-CL\",\"potentialAction\":[{\"@type\":\"ReadAction\",\"target\":[\"https:\/\/www.metrica-global.com\/cl\/actualizamos-nuestro-codigo-de-conducta-etica-y-responsable\/\"]}]},{\"@type\":\"ImageObject\",\"inLanguage\":\"es-CL\",\"@id\":\"https:\/\/www.metrica-global.com\/cl\/actualizamos-nuestro-codigo-de-conducta-etica-y-responsable\/#primaryimage\",\"url\":\"https:\/\/www.metrica-global.com\/wp-content\/uploads\/2025\/05\/1B-min-scaled.jpg\",\"contentUrl\":\"https:\/\/www.metrica-global.com\/wp-content\/uploads\/2025\/05\/1B-min-scaled.jpg\",\"width\":2560,\"height\":1707,\"caption\":\"1B min scaled\"},{\"@type\":\"BreadcrumbList\",\"@id\":\"https:\/\/www.metrica-global.com\/cl\/actualizamos-nuestro-codigo-de-conducta-etica-y-responsable\/#breadcrumb\",\"itemListElement\":[{\"@type\":\"ListItem\",\"position\":1,\"name\":\"Portada\",\"item\":\"https:\/\/www.metrica-global.com\/pt\/\"},{\"@type\":\"ListItem\",\"position\":2,\"name\":\"Actualizamos nuestro C\u00f3digo de Conducta \u00e9tica y responsable\"}]},{\"@type\":\"WebSite\",\"@id\":\"https:\/\/www.metrica-global.com\/#website\",\"url\":\"https:\/\/www.metrica-global.com\/\",\"name\":\"METRICA\",\"description\":\"Servicios Globales IT\",\"publisher\":{\"@id\":\"https:\/\/www.metrica-global.com\/#organization\"},\"potentialAction\":[{\"@type\":\"SearchAction\",\"target\":{\"@type\":\"EntryPoint\",\"urlTemplate\":\"https:\/\/www.metrica-global.com\/?s={search_term_string}\"},\"query-input\":{\"@type\":\"PropertyValueSpecification\",\"valueRequired\":true,\"valueName\":\"search_term_string\"}}],\"inLanguage\":\"es-CL\"},{\"@type\":\"Organization\",\"@id\":\"https:\/\/www.metrica-global.com\/#organization\",\"name\":\"METRICA\",\"url\":\"https:\/\/www.metrica-global.com\/\",\"logo\":{\"@type\":\"ImageObject\",\"inLanguage\":\"es-CL\",\"@id\":\"https:\/\/www.metrica-global.com\/#\/schema\/logo\/image\/\",\"url\":\"https:\/\/www.metrica-global.com\/wp-content\/uploads\/2023\/12\/logo-metrica.png\",\"contentUrl\":\"https:\/\/www.metrica-global.com\/wp-content\/uploads\/2023\/12\/logo-metrica.png\",\"width\":332,\"height\":58,\"caption\":\"METRICA\"},\"image\":{\"@id\":\"https:\/\/www.metrica-global.com\/#\/schema\/logo\/image\/\"}},{\"@type\":\"Person\",\"@id\":\"https:\/\/www.metrica-global.com\/#\/schema\/person\/2f4208bdc63892f387a04f4106dd0fcb\",\"name\":\"metrica\",\"image\":{\"@type\":\"ImageObject\",\"inLanguage\":\"es-CL\",\"@id\":\"https:\/\/www.metrica-global.com\/#\/schema\/person\/image\/\",\"url\":\"https:\/\/secure.gravatar.com\/avatar\/735533d52394faf02a8736d8f477256b9fb421f39d81c48c55ea37c267061786?s=96&d=mm&r=g\",\"contentUrl\":\"https:\/\/secure.gravatar.com\/avatar\/735533d52394faf02a8736d8f477256b9fb421f39d81c48c55ea37c267061786?s=96&d=mm&r=g\",\"caption\":\"metrica\"},\"sameAs\":[\"https:\/\/x.com\/desarrollo\"],\"url\":\"https:\/\/www.metrica-global.com\/cl\/author\/metrica\/\"}]}<\/script>\n<!-- \/ Yoast SEO plugin. -->","yoast_head_json":{"title":"Actualizamos nuestro C\u00f3digo de Conducta \u00e9tica y responsable - METRICA","robots":{"index":"index","follow":"follow","max-snippet":"max-snippet:-1","max-image-preview":"max-image-preview:large","max-video-preview":"max-video-preview:-1"},"canonical":"https:\/\/www.metrica-global.com\/cl\/actualizamos-nuestro-codigo-de-conducta-etica-y-responsable\/","og_locale":"es_ES","og_type":"article","og_title":"Actualizamos nuestro C\u00f3digo de Conducta \u00e9tica y responsable - METRICA","og_description":"En METRICA hemos publicado una gu\u00eda que refuerza nuestro compromiso con la integridad, la sostenibilidad, la seguridad y el respeto a los derechos humanos.","og_url":"https:\/\/www.metrica-global.com\/cl\/actualizamos-nuestro-codigo-de-conducta-etica-y-responsable\/","og_site_name":"METRICA","article_published_time":"2025-09-19T11:44:43+00:00","og_image":[{"width":2560,"height":1707,"url":"https:\/\/www.metrica-global.com\/wp-content\/uploads\/2025\/05\/1B-min-scaled.jpg","type":"image\/jpeg"}],"author":"metrica","twitter_card":"summary_large_image","twitter_creator":"@desarrollo","twitter_misc":{"Written by":"metrica","Est. reading time":"2 minutes"},"schema":{"@context":"https:\/\/schema.org","@graph":[{"@type":"Article","@id":"https:\/\/www.metrica-global.com\/cl\/actualizamos-nuestro-codigo-de-conducta-etica-y-responsable\/#article","isPartOf":{"@id":"https:\/\/www.metrica-global.com\/cl\/actualizamos-nuestro-codigo-de-conducta-etica-y-responsable\/"},"author":{"name":"metrica","@id":"https:\/\/www.metrica-global.com\/#\/schema\/person\/2f4208bdc63892f387a04f4106dd0fcb"},"headline":"Actualizamos nuestro C\u00f3digo de Conducta \u00e9tica y responsable","datePublished":"2025-09-19T11:44:43+00:00","mainEntityOfPage":{"@id":"https:\/\/www.metrica-global.com\/cl\/actualizamos-nuestro-codigo-de-conducta-etica-y-responsable\/"},"wordCount":316,"commentCount":0,"publisher":{"@id":"https:\/\/www.metrica-global.com\/#organization"},"image":{"@id":"https:\/\/www.metrica-global.com\/cl\/actualizamos-nuestro-codigo-de-conducta-etica-y-responsable\/#primaryimage"},"thumbnailUrl":"https:\/\/www.metrica-global.com\/wp-content\/uploads\/2025\/05\/1B-min-scaled.jpg","articleSection":["Actualidad","Calidad","Sostenibilidad"],"inLanguage":"es-CL","potentialAction":[{"@type":"CommentAction","name":"Comment","target":["https:\/\/www.metrica-global.com\/cl\/actualizamos-nuestro-codigo-de-conducta-etica-y-responsable\/#respond"]}]},{"@type":"WebPage","@id":"https:\/\/www.metrica-global.com\/cl\/actualizamos-nuestro-codigo-de-conducta-etica-y-responsable\/","url":"https:\/\/www.metrica-global.com\/cl\/actualizamos-nuestro-codigo-de-conducta-etica-y-responsable\/","name":"Actualizamos nuestro C\u00f3digo de Conducta \u00e9tica y responsable - METRICA","isPartOf":{"@id":"https:\/\/www.metrica-global.com\/#website"},"primaryImageOfPage":{"@id":"https:\/\/www.metrica-global.com\/cl\/actualizamos-nuestro-codigo-de-conducta-etica-y-responsable\/#primaryimage"},"image":{"@id":"https:\/\/www.metrica-global.com\/cl\/actualizamos-nuestro-codigo-de-conducta-etica-y-responsable\/#primaryimage"},"thumbnailUrl":"https:\/\/www.metrica-global.com\/wp-content\/uploads\/2025\/05\/1B-min-scaled.jpg","datePublished":"2025-09-19T11:44:43+00:00","breadcrumb":{"@id":"https:\/\/www.metrica-global.com\/cl\/actualizamos-nuestro-codigo-de-conducta-etica-y-responsable\/#breadcrumb"},"inLanguage":"es-CL","potentialAction":[{"@type":"ReadAction","target":["https:\/\/www.metrica-global.com\/cl\/actualizamos-nuestro-codigo-de-conducta-etica-y-responsable\/"]}]},{"@type":"ImageObject","inLanguage":"es-CL","@id":"https:\/\/www.metrica-global.com\/cl\/actualizamos-nuestro-codigo-de-conducta-etica-y-responsable\/#primaryimage","url":"https:\/\/www.metrica-global.com\/wp-content\/uploads\/2025\/05\/1B-min-scaled.jpg","contentUrl":"https:\/\/www.metrica-global.com\/wp-content\/uploads\/2025\/05\/1B-min-scaled.jpg","width":2560,"height":1707,"caption":"1B min scaled"},{"@type":"BreadcrumbList","@id":"https:\/\/www.metrica-global.com\/cl\/actualizamos-nuestro-codigo-de-conducta-etica-y-responsable\/#breadcrumb","itemListElement":[{"@type":"ListItem","position":1,"name":"Portada","item":"https:\/\/www.metrica-global.com\/pt\/"},{"@type":"ListItem","position":2,"name":"Actualizamos nuestro C\u00f3digo de Conducta \u00e9tica y responsable"}]},{"@type":"WebSite","@id":"https:\/\/www.metrica-global.com\/#website","url":"https:\/\/www.metrica-global.com\/","name":"METRICA","description":"Servicios Globales IT","publisher":{"@id":"https:\/\/www.metrica-global.com\/#organization"},"potentialAction":[{"@type":"SearchAction","target":{"@type":"EntryPoint","urlTemplate":"https:\/\/www.metrica-global.com\/?s={search_term_string}"},"query-input":{"@type":"PropertyValueSpecification","valueRequired":true,"valueName":"search_term_string"}}],"inLanguage":"es-CL"},{"@type":"Organization","@id":"https:\/\/www.metrica-global.com\/#organization","name":"METRICA","url":"https:\/\/www.metrica-global.com\/","logo":{"@type":"ImageObject","inLanguage":"es-CL","@id":"https:\/\/www.metrica-global.com\/#\/schema\/logo\/image\/","url":"https:\/\/www.metrica-global.com\/wp-content\/uploads\/2023\/12\/logo-metrica.png","contentUrl":"https:\/\/www.metrica-global.com\/wp-content\/uploads\/2023\/12\/logo-metrica.png","width":332,"height":58,"caption":"METRICA"},"image":{"@id":"https:\/\/www.metrica-global.com\/#\/schema\/logo\/image\/"}},{"@type":"Person","@id":"https:\/\/www.metrica-global.com\/#\/schema\/person\/2f4208bdc63892f387a04f4106dd0fcb","name":"metrica","image":{"@type":"ImageObject","inLanguage":"es-CL","@id":"https:\/\/www.metrica-global.com\/#\/schema\/person\/image\/","url":"https:\/\/secure.gravatar.com\/avatar\/735533d52394faf02a8736d8f477256b9fb421f39d81c48c55ea37c267061786?s=96&d=mm&r=g","contentUrl":"https:\/\/secure.gravatar.com\/avatar\/735533d52394faf02a8736d8f477256b9fb421f39d81c48c55ea37c267061786?s=96&d=mm&r=g","caption":"metrica"},"sameAs":["https:\/\/x.com\/desarrollo"],"url":"https:\/\/www.metrica-global.com\/cl\/author\/metrica\/"}]}},"_links":{"self":[{"href":"https:\/\/www.metrica-global.com\/cl\/wp-json\/wp\/v2\/posts\/13459","targetHints":{"allow":["GET"]}}],"collection":[{"href":"https:\/\/www.metrica-global.com\/cl\/wp-json\/wp\/v2\/posts"}],"about":[{"href":"https:\/\/www.metrica-global.com\/cl\/wp-json\/wp\/v2\/types\/post"}],"author":[{"embeddable":true,"href":"https:\/\/www.metrica-global.com\/cl\/wp-json\/wp\/v2\/users\/2"}],"replies":[{"embeddable":true,"href":"https:\/\/www.metrica-global.com\/cl\/wp-json\/wp\/v2\/comments?post=13459"}],"version-history":[{"count":0,"href":"https:\/\/www.metrica-global.com\/cl\/wp-json\/wp\/v2\/posts\/13459\/revisions"}],"wp:featuredmedia":[{"embeddable":true,"href":"https:\/\/www.metrica-global.com\/cl\/wp-json\/wp\/v2\/media\/5525"}],"wp:attachment":[{"href":"https:\/\/www.metrica-global.com\/cl\/wp-json\/wp\/v2\/media?parent=13459"}],"wp:term":[{"taxonomy":"category","embeddable":true,"href":"https:\/\/www.metrica-global.com\/cl\/wp-json\/wp\/v2\/categories?post=13459"},{"taxonomy":"post_tag","embeddable":true,"href":"https:\/\/www.metrica-global.com\/cl\/wp-json\/wp\/v2\/tags?post=13459"}],"curies":[{"name":"wp","href":"https:\/\/api.w.org\/{rel}","templated":true}]}}