{"id":13461,"date":"2025-09-17T16:22:39","date_gmt":"2025-09-17T14:22:39","guid":{"rendered":"https:\/\/www.metrica-global.com\/metrica-renueva-su-patrocinio-con-el-cd-la-avanzada-para-impulsar-el-deporte-local\/"},"modified":"2025-10-10T10:34:30","modified_gmt":"2025-10-10T08:34:30","slug":"metrica-renueva-su-patrocinio-con-el-cd-la-avanzada-para-impulsar-el-deporte-local","status":"publish","type":"post","link":"https:\/\/www.metrica-global.com\/cl\/metrica-renueva-su-patrocinio-con-el-cd-la-avanzada-para-impulsar-el-deporte-local\/","title":{"rendered":"METRICA renueva su patrocinio con el CD La Avanzada para impulsar el deporte local"},"content":{"rendered":"<p data-start=\"385\" data-end=\"738\">En METRICA entendemos el patrocinio deportivo como una forma de generar impacto positivo en la comunidad. Por ello, nos enorgullece anunciar la renovaci\u00f3n de nuestro acuerdo con el <strong data-start=\"566\" data-end=\"596\">Club Deportivo La Avanzada<\/strong> para esta temporada, consolidando as\u00ed una colaboraci\u00f3n que refuerza nuestro compromiso con el talento, la pasi\u00f3n y los valores compartidos.<\/p>\n<h2 data-start=\"740\" data-end=\"784\">Un patrocinio basado en valores comunes<\/h2>\n<p data-start=\"785\" data-end=\"1150\">El CD La Avanzada es un club que representa esfuerzo, dedicaci\u00f3n y trabajo en equipo. Estos principios se alinean con el <strong data-start=\"906\" data-end=\"924\">ADN de METRICA<\/strong>, construido sobre la cercan\u00eda, la flexibilidad, la proactividad y la humanidad. M\u00e1s que un patrocinio, esta alianza supone una apuesta conjunta por seguir creciendo desde valores s\u00f3lidos que trascienden el terreno de juego.<\/p>\n<h2 data-start=\"1152\" data-end=\"1187\">Objetivos de esta colaboraci\u00f3n<\/h2>\n<p data-start=\"1188\" data-end=\"1232\">Con la renovaci\u00f3n del patrocinio buscamos:<\/p>\n<ul data-start=\"1234\" data-end=\"1547\">\n<li data-start=\"1234\" data-end=\"1330\">\n<p data-start=\"1236\" data-end=\"1330\"><strong data-start=\"1236\" data-end=\"1265\">Impulsar el deporte local<\/strong>, acompa\u00f1ando el crecimiento de un club en constante evoluci\u00f3n.<\/p>\n<\/li>\n<li data-start=\"1331\" data-end=\"1436\">\n<p data-start=\"1333\" data-end=\"1436\"><strong data-start=\"1333\" data-end=\"1369\">Apoyar el desarrollo del talento<\/strong>, ofreciendo respaldo a quienes entrenan con pasi\u00f3n y compromiso.<\/p>\n<\/li>\n<li data-start=\"1437\" data-end=\"1547\">\n<p data-start=\"1439\" data-end=\"1547\"><strong data-start=\"1439\" data-end=\"1475\">Reforzar los valores compartidos<\/strong>, construyendo v\u00ednculos que van m\u00e1s all\u00e1 de los resultados deportivos.<\/p>\n<\/li>\n<\/ul>\n<h2 data-start=\"1549\" data-end=\"1598\">Compromiso con la comunidad y la inspiraci\u00f3n<\/h2>\n<p data-start=\"1599\" data-end=\"1922\">Este acuerdo refleja la visi\u00f3n de METRICA de seguir construyendo comunidad y de apostar por proyectos que inspiran tanto dentro como fuera del \u00e1mbito deportivo. El deporte local es un motor de cohesi\u00f3n social, y para nosotros es fundamental contribuir a su impulso desde nuestro rol como empresa tecnol\u00f3gica comprometida.<\/p>\n<p data-start=\"1924\" data-end=\"2084\">Adem\u00e1s, hemos acompa\u00f1ado este anuncio con un v\u00eddeo en nuestras redes sociales que refleja la ilusi\u00f3n de seguir apoyando al CD La Avanzada en esta nueva etapa.<\/p>\n<h2 data-start=\"2086\" data-end=\"2123\">Una temporada para crecer juntos<\/h2>\n<p data-start=\"2124\" data-end=\"2385\">Desde METRICA deseamos muchos \u00e9xitos al CD La Avanzada en la temporada que comienza. Estamos convencidos de que este camino conjunto seguir\u00e1 aportando valor a la comunidad y demostrando c\u00f3mo el deporte y la empresa pueden unirse para generar impacto positivo.<\/p>\n<div style=\"width: 720px;\" class=\"wp-video\"><!--[if lt IE 9]><script>document.createElement('video');<\/script><![endif]-->\n<video class=\"wp-video-shortcode\" id=\"video-13461-1\" width=\"720\" height=\"1280\" preload=\"metadata\" controls=\"controls\"><source type=\"video\/mp4\" src=\"https:\/\/www.metrica-global.com\/wp-content\/uploads\/2025\/09\/REEL-PATROCINIO-AAVV.mp4?_=1\" \/><a href=\"https:\/\/www.metrica-global.com\/wp-content\/uploads\/2025\/09\/REEL-PATROCINIO-AAVV.mp4\">https:\/\/www.metrica-global.com\/wp-content\/uploads\/2025\/09\/REEL-PATROCINIO-AAVV.mp4<\/a><\/video><\/div>\n","protected":false},"excerpt":{"rendered":"<p>El CD La Avanzada es un club que representa esfuerzo, dedicaci\u00f3n y trabajo en equipo, principios que se alinean con el ADN de METRICA.<\/p>\n","protected":false},"author":2,"featured_media":13276,"comment_status":"open","ping_status":"open","sticky":false,"template":"","format":"standard","meta":{"content-type":"","footnotes":""},"categories":[387],"tags":[3373,3371,3374,3372,3370,3355,400,505,3375,385],"class_list":["post-13461","post","type-post","status-publish","format-standard","has-post-thumbnail","hentry","category-actualidad-cl","tag-avanzada-cl","tag-deporte-cl","tag-deporte-local-cl","tag-fuenlabrada-cl","tag-futbol-cl","tag-patrocinio-deportivo-cl","tag-patrocinioconproposito-cl","tag-rsc-cl","tag-talento-con-proposito-cl","tag-tecnologia-cl"],"yoast_head":"<!-- This site is optimized with the Yoast SEO plugin v25.9 - https:\/\/yoast.com\/wordpress\/plugins\/seo\/ -->\n<title>METRICA renueva su patrocinio con el CD La Avanzada para impulsar el deporte local - METRICA<\/title>\n<meta name=\"robots\" content=\"index, follow, max-snippet:-1, max-image-preview:large, max-video-preview:-1\" \/>\n<link rel=\"canonical\" href=\"https:\/\/www.metrica-global.com\/cl\/metrica-renueva-su-patrocinio-con-el-cd-la-avanzada-para-impulsar-el-deporte-local\/\" \/>\n<meta property=\"og:locale\" content=\"es_ES\" \/>\n<meta property=\"og:type\" content=\"article\" \/>\n<meta property=\"og:title\" content=\"METRICA renueva su patrocinio con el CD La Avanzada para impulsar el deporte local - METRICA\" \/>\n<meta property=\"og:description\" content=\"El CD La Avanzada es un club que representa esfuerzo, dedicaci\u00f3n y trabajo en equipo, principios que se alinean con el ADN de METRICA.\" \/>\n<meta property=\"og:url\" content=\"https:\/\/www.metrica-global.com\/cl\/metrica-renueva-su-patrocinio-con-el-cd-la-avanzada-para-impulsar-el-deporte-local\/\" \/>\n<meta property=\"og:site_name\" content=\"METRICA\" \/>\n<meta property=\"article:published_time\" content=\"2025-09-17T14:22:39+00:00\" \/>\n<meta property=\"article:modified_time\" content=\"2025-10-10T08:34:30+00:00\" \/>\n<meta property=\"og:image\" content=\"https:\/\/www.metrica-global.com\/wp-content\/uploads\/2025\/09\/BANNER-NOTICIAS-3.jpg\" \/>\n\t<meta property=\"og:image:width\" content=\"3456\" \/>\n\t<meta property=\"og:image:height\" content=\"1728\" \/>\n\t<meta property=\"og:image:type\" content=\"image\/jpeg\" \/>\n<meta name=\"author\" content=\"metrica\" \/>\n<meta name=\"twitter:card\" content=\"summary_large_image\" \/>\n<meta name=\"twitter:creator\" content=\"@desarrollo\" \/>\n<meta name=\"twitter:label1\" content=\"Written by\" \/>\n\t<meta name=\"twitter:data1\" content=\"metrica\" \/>\n\t<meta name=\"twitter:label2\" content=\"Est. reading time\" \/>\n\t<meta name=\"twitter:data2\" content=\"2 minutes\" \/>\n<script type=\"application\/ld+json\" class=\"yoast-schema-graph\">{\"@context\":\"https:\/\/schema.org\",\"@graph\":[{\"@type\":\"Article\",\"@id\":\"https:\/\/www.metrica-global.com\/cl\/metrica-renueva-su-patrocinio-con-el-cd-la-avanzada-para-impulsar-el-deporte-local\/#article\",\"isPartOf\":{\"@id\":\"https:\/\/www.metrica-global.com\/cl\/metrica-renueva-su-patrocinio-con-el-cd-la-avanzada-para-impulsar-el-deporte-local\/\"},\"author\":{\"name\":\"metrica\",\"@id\":\"https:\/\/www.metrica-global.com\/#\/schema\/person\/2f4208bdc63892f387a04f4106dd0fcb\"},\"headline\":\"METRICA renueva su patrocinio con el CD La Avanzada para impulsar el deporte local\",\"datePublished\":\"2025-09-17T14:22:39+00:00\",\"dateModified\":\"2025-10-10T08:34:30+00:00\",\"mainEntityOfPage\":{\"@id\":\"https:\/\/www.metrica-global.com\/cl\/metrica-renueva-su-patrocinio-con-el-cd-la-avanzada-para-impulsar-el-deporte-local\/\"},\"wordCount\":346,\"commentCount\":0,\"publisher\":{\"@id\":\"https:\/\/www.metrica-global.com\/#organization\"},\"image\":{\"@id\":\"https:\/\/www.metrica-global.com\/cl\/metrica-renueva-su-patrocinio-con-el-cd-la-avanzada-para-impulsar-el-deporte-local\/#primaryimage\"},\"thumbnailUrl\":\"https:\/\/www.metrica-global.com\/wp-content\/uploads\/2025\/09\/BANNER-NOTICIAS-3.jpg\",\"keywords\":[\"Avanzada\",\"deporte\",\"deporte local\",\"Fuenlabrada\",\"f\u00fatbol\",\"patrocinio deportivo\",\"PatrocinioConProposito\",\"RSC\",\"talento con prop\u00f3sito\",\"Tecnolog\u00eda\"],\"articleSection\":[\"Actualidad\"],\"inLanguage\":\"es-CL\",\"potentialAction\":[{\"@type\":\"CommentAction\",\"name\":\"Comment\",\"target\":[\"https:\/\/www.metrica-global.com\/cl\/metrica-renueva-su-patrocinio-con-el-cd-la-avanzada-para-impulsar-el-deporte-local\/#respond\"]}]},{\"@type\":\"WebPage\",\"@id\":\"https:\/\/www.metrica-global.com\/cl\/metrica-renueva-su-patrocinio-con-el-cd-la-avanzada-para-impulsar-el-deporte-local\/\",\"url\":\"https:\/\/www.metrica-global.com\/cl\/metrica-renueva-su-patrocinio-con-el-cd-la-avanzada-para-impulsar-el-deporte-local\/\",\"name\":\"METRICA renueva su patrocinio con el CD La Avanzada para impulsar el deporte local - METRICA\",\"isPartOf\":{\"@id\":\"https:\/\/www.metrica-global.com\/#website\"},\"primaryImageOfPage\":{\"@id\":\"https:\/\/www.metrica-global.com\/cl\/metrica-renueva-su-patrocinio-con-el-cd-la-avanzada-para-impulsar-el-deporte-local\/#primaryimage\"},\"image\":{\"@id\":\"https:\/\/www.metrica-global.com\/cl\/metrica-renueva-su-patrocinio-con-el-cd-la-avanzada-para-impulsar-el-deporte-local\/#primaryimage\"},\"thumbnailUrl\":\"https:\/\/www.metrica-global.com\/wp-content\/uploads\/2025\/09\/BANNER-NOTICIAS-3.jpg\",\"datePublished\":\"2025-09-17T14:22:39+00:00\",\"dateModified\":\"2025-10-10T08:34:30+00:00\",\"breadcrumb\":{\"@id\":\"https:\/\/www.metrica-global.com\/cl\/metrica-renueva-su-patrocinio-con-el-cd-la-avanzada-para-impulsar-el-deporte-local\/#breadcrumb\"},\"inLanguage\":\"es-CL\",\"potentialAction\":[{\"@type\":\"ReadAction\",\"target\":[\"https:\/\/www.metrica-global.com\/cl\/metrica-renueva-su-patrocinio-con-el-cd-la-avanzada-para-impulsar-el-deporte-local\/\"]}]},{\"@type\":\"ImageObject\",\"inLanguage\":\"es-CL\",\"@id\":\"https:\/\/www.metrica-global.com\/cl\/metrica-renueva-su-patrocinio-con-el-cd-la-avanzada-para-impulsar-el-deporte-local\/#primaryimage\",\"url\":\"https:\/\/www.metrica-global.com\/wp-content\/uploads\/2025\/09\/BANNER-NOTICIAS-3.jpg\",\"contentUrl\":\"https:\/\/www.metrica-global.com\/wp-content\/uploads\/2025\/09\/BANNER-NOTICIAS-3.jpg\",\"width\":3456,\"height\":1728},{\"@type\":\"BreadcrumbList\",\"@id\":\"https:\/\/www.metrica-global.com\/cl\/metrica-renueva-su-patrocinio-con-el-cd-la-avanzada-para-impulsar-el-deporte-local\/#breadcrumb\",\"itemListElement\":[{\"@type\":\"ListItem\",\"position\":1,\"name\":\"Portada\",\"item\":\"https:\/\/www.metrica-global.com\/pt\/\"},{\"@type\":\"ListItem\",\"position\":2,\"name\":\"METRICA renueva su patrocinio con el CD La Avanzada para impulsar el deporte local\"}]},{\"@type\":\"WebSite\",\"@id\":\"https:\/\/www.metrica-global.com\/#website\",\"url\":\"https:\/\/www.metrica-global.com\/\",\"name\":\"METRICA\",\"description\":\"Servicios Globales IT\",\"publisher\":{\"@id\":\"https:\/\/www.metrica-global.com\/#organization\"},\"potentialAction\":[{\"@type\":\"SearchAction\",\"target\":{\"@type\":\"EntryPoint\",\"urlTemplate\":\"https:\/\/www.metrica-global.com\/?s={search_term_string}\"},\"query-input\":{\"@type\":\"PropertyValueSpecification\",\"valueRequired\":true,\"valueName\":\"search_term_string\"}}],\"inLanguage\":\"es-CL\"},{\"@type\":\"Organization\",\"@id\":\"https:\/\/www.metrica-global.com\/#organization\",\"name\":\"METRICA\",\"url\":\"https:\/\/www.metrica-global.com\/\",\"logo\":{\"@type\":\"ImageObject\",\"inLanguage\":\"es-CL\",\"@id\":\"https:\/\/www.metrica-global.com\/#\/schema\/logo\/image\/\",\"url\":\"https:\/\/www.metrica-global.com\/wp-content\/uploads\/2023\/12\/logo-metrica.png\",\"contentUrl\":\"https:\/\/www.metrica-global.com\/wp-content\/uploads\/2023\/12\/logo-metrica.png\",\"width\":332,\"height\":58,\"caption\":\"METRICA\"},\"image\":{\"@id\":\"https:\/\/www.metrica-global.com\/#\/schema\/logo\/image\/\"}},{\"@type\":\"Person\",\"@id\":\"https:\/\/www.metrica-global.com\/#\/schema\/person\/2f4208bdc63892f387a04f4106dd0fcb\",\"name\":\"metrica\",\"image\":{\"@type\":\"ImageObject\",\"inLanguage\":\"es-CL\",\"@id\":\"https:\/\/www.metrica-global.com\/#\/schema\/person\/image\/\",\"url\":\"https:\/\/secure.gravatar.com\/avatar\/735533d52394faf02a8736d8f477256b9fb421f39d81c48c55ea37c267061786?s=96&d=mm&r=g\",\"contentUrl\":\"https:\/\/secure.gravatar.com\/avatar\/735533d52394faf02a8736d8f477256b9fb421f39d81c48c55ea37c267061786?s=96&d=mm&r=g\",\"caption\":\"metrica\"},\"sameAs\":[\"https:\/\/x.com\/desarrollo\"],\"url\":\"https:\/\/www.metrica-global.com\/cl\/author\/metrica\/\"}]}<\/script>\n<!-- \/ Yoast SEO plugin. -->","yoast_head_json":{"title":"METRICA renueva su patrocinio con el CD La Avanzada para impulsar el deporte local - METRICA","robots":{"index":"index","follow":"follow","max-snippet":"max-snippet:-1","max-image-preview":"max-image-preview:large","max-video-preview":"max-video-preview:-1"},"canonical":"https:\/\/www.metrica-global.com\/cl\/metrica-renueva-su-patrocinio-con-el-cd-la-avanzada-para-impulsar-el-deporte-local\/","og_locale":"es_ES","og_type":"article","og_title":"METRICA renueva su patrocinio con el CD La Avanzada para impulsar el deporte local - METRICA","og_description":"El CD La Avanzada es un club que representa esfuerzo, dedicaci\u00f3n y trabajo en equipo, principios que se alinean con el ADN de METRICA.","og_url":"https:\/\/www.metrica-global.com\/cl\/metrica-renueva-su-patrocinio-con-el-cd-la-avanzada-para-impulsar-el-deporte-local\/","og_site_name":"METRICA","article_published_time":"2025-09-17T14:22:39+00:00","article_modified_time":"2025-10-10T08:34:30+00:00","og_image":[{"width":3456,"height":1728,"url":"https:\/\/www.metrica-global.com\/wp-content\/uploads\/2025\/09\/BANNER-NOTICIAS-3.jpg","type":"image\/jpeg"}],"author":"metrica","twitter_card":"summary_large_image","twitter_creator":"@desarrollo","twitter_misc":{"Written by":"metrica","Est. reading time":"2 minutes"},"schema":{"@context":"https:\/\/schema.org","@graph":[{"@type":"Article","@id":"https:\/\/www.metrica-global.com\/cl\/metrica-renueva-su-patrocinio-con-el-cd-la-avanzada-para-impulsar-el-deporte-local\/#article","isPartOf":{"@id":"https:\/\/www.metrica-global.com\/cl\/metrica-renueva-su-patrocinio-con-el-cd-la-avanzada-para-impulsar-el-deporte-local\/"},"author":{"name":"metrica","@id":"https:\/\/www.metrica-global.com\/#\/schema\/person\/2f4208bdc63892f387a04f4106dd0fcb"},"headline":"METRICA renueva su patrocinio con el CD La Avanzada para impulsar el deporte local","datePublished":"2025-09-17T14:22:39+00:00","dateModified":"2025-10-10T08:34:30+00:00","mainEntityOfPage":{"@id":"https:\/\/www.metrica-global.com\/cl\/metrica-renueva-su-patrocinio-con-el-cd-la-avanzada-para-impulsar-el-deporte-local\/"},"wordCount":346,"commentCount":0,"publisher":{"@id":"https:\/\/www.metrica-global.com\/#organization"},"image":{"@id":"https:\/\/www.metrica-global.com\/cl\/metrica-renueva-su-patrocinio-con-el-cd-la-avanzada-para-impulsar-el-deporte-local\/#primaryimage"},"thumbnailUrl":"https:\/\/www.metrica-global.com\/wp-content\/uploads\/2025\/09\/BANNER-NOTICIAS-3.jpg","keywords":["Avanzada","deporte","deporte local","Fuenlabrada","f\u00fatbol","patrocinio deportivo","PatrocinioConProposito","RSC","talento con prop\u00f3sito","Tecnolog\u00eda"],"articleSection":["Actualidad"],"inLanguage":"es-CL","potentialAction":[{"@type":"CommentAction","name":"Comment","target":["https:\/\/www.metrica-global.com\/cl\/metrica-renueva-su-patrocinio-con-el-cd-la-avanzada-para-impulsar-el-deporte-local\/#respond"]}]},{"@type":"WebPage","@id":"https:\/\/www.metrica-global.com\/cl\/metrica-renueva-su-patrocinio-con-el-cd-la-avanzada-para-impulsar-el-deporte-local\/","url":"https:\/\/www.metrica-global.com\/cl\/metrica-renueva-su-patrocinio-con-el-cd-la-avanzada-para-impulsar-el-deporte-local\/","name":"METRICA renueva su patrocinio con el CD La Avanzada para impulsar el deporte local - METRICA","isPartOf":{"@id":"https:\/\/www.metrica-global.com\/#website"},"primaryImageOfPage":{"@id":"https:\/\/www.metrica-global.com\/cl\/metrica-renueva-su-patrocinio-con-el-cd-la-avanzada-para-impulsar-el-deporte-local\/#primaryimage"},"image":{"@id":"https:\/\/www.metrica-global.com\/cl\/metrica-renueva-su-patrocinio-con-el-cd-la-avanzada-para-impulsar-el-deporte-local\/#primaryimage"},"thumbnailUrl":"https:\/\/www.metrica-global.com\/wp-content\/uploads\/2025\/09\/BANNER-NOTICIAS-3.jpg","datePublished":"2025-09-17T14:22:39+00:00","dateModified":"2025-10-10T08:34:30+00:00","breadcrumb":{"@id":"https:\/\/www.metrica-global.com\/cl\/metrica-renueva-su-patrocinio-con-el-cd-la-avanzada-para-impulsar-el-deporte-local\/#breadcrumb"},"inLanguage":"es-CL","potentialAction":[{"@type":"ReadAction","target":["https:\/\/www.metrica-global.com\/cl\/metrica-renueva-su-patrocinio-con-el-cd-la-avanzada-para-impulsar-el-deporte-local\/"]}]},{"@type":"ImageObject","inLanguage":"es-CL","@id":"https:\/\/www.metrica-global.com\/cl\/metrica-renueva-su-patrocinio-con-el-cd-la-avanzada-para-impulsar-el-deporte-local\/#primaryimage","url":"https:\/\/www.metrica-global.com\/wp-content\/uploads\/2025\/09\/BANNER-NOTICIAS-3.jpg","contentUrl":"https:\/\/www.metrica-global.com\/wp-content\/uploads\/2025\/09\/BANNER-NOTICIAS-3.jpg","width":3456,"height":1728},{"@type":"BreadcrumbList","@id":"https:\/\/www.metrica-global.com\/cl\/metrica-renueva-su-patrocinio-con-el-cd-la-avanzada-para-impulsar-el-deporte-local\/#breadcrumb","itemListElement":[{"@type":"ListItem","position":1,"name":"Portada","item":"https:\/\/www.metrica-global.com\/pt\/"},{"@type":"ListItem","position":2,"name":"METRICA renueva su patrocinio con el CD La Avanzada para impulsar el deporte local"}]},{"@type":"WebSite","@id":"https:\/\/www.metrica-global.com\/#website","url":"https:\/\/www.metrica-global.com\/","name":"METRICA","description":"Servicios Globales IT","publisher":{"@id":"https:\/\/www.metrica-global.com\/#organization"},"potentialAction":[{"@type":"SearchAction","target":{"@type":"EntryPoint","urlTemplate":"https:\/\/www.metrica-global.com\/?s={search_term_string}"},"query-input":{"@type":"PropertyValueSpecification","valueRequired":true,"valueName":"search_term_string"}}],"inLanguage":"es-CL"},{"@type":"Organization","@id":"https:\/\/www.metrica-global.com\/#organization","name":"METRICA","url":"https:\/\/www.metrica-global.com\/","logo":{"@type":"ImageObject","inLanguage":"es-CL","@id":"https:\/\/www.metrica-global.com\/#\/schema\/logo\/image\/","url":"https:\/\/www.metrica-global.com\/wp-content\/uploads\/2023\/12\/logo-metrica.png","contentUrl":"https:\/\/www.metrica-global.com\/wp-content\/uploads\/2023\/12\/logo-metrica.png","width":332,"height":58,"caption":"METRICA"},"image":{"@id":"https:\/\/www.metrica-global.com\/#\/schema\/logo\/image\/"}},{"@type":"Person","@id":"https:\/\/www.metrica-global.com\/#\/schema\/person\/2f4208bdc63892f387a04f4106dd0fcb","name":"metrica","image":{"@type":"ImageObject","inLanguage":"es-CL","@id":"https:\/\/www.metrica-global.com\/#\/schema\/person\/image\/","url":"https:\/\/secure.gravatar.com\/avatar\/735533d52394faf02a8736d8f477256b9fb421f39d81c48c55ea37c267061786?s=96&d=mm&r=g","contentUrl":"https:\/\/secure.gravatar.com\/avatar\/735533d52394faf02a8736d8f477256b9fb421f39d81c48c55ea37c267061786?s=96&d=mm&r=g","caption":"metrica"},"sameAs":["https:\/\/x.com\/desarrollo"],"url":"https:\/\/www.metrica-global.com\/cl\/author\/metrica\/"}]}},"_links":{"self":[{"href":"https:\/\/www.metrica-global.com\/cl\/wp-json\/wp\/v2\/posts\/13461","targetHints":{"allow":["GET"]}}],"collection":[{"href":"https:\/\/www.metrica-global.com\/cl\/wp-json\/wp\/v2\/posts"}],"about":[{"href":"https:\/\/www.metrica-global.com\/cl\/wp-json\/wp\/v2\/types\/post"}],"author":[{"embeddable":true,"href":"https:\/\/www.metrica-global.com\/cl\/wp-json\/wp\/v2\/users\/2"}],"replies":[{"embeddable":true,"href":"https:\/\/www.metrica-global.com\/cl\/wp-json\/wp\/v2\/comments?post=13461"}],"version-history":[{"count":1,"href":"https:\/\/www.metrica-global.com\/cl\/wp-json\/wp\/v2\/posts\/13461\/revisions"}],"predecessor-version":[{"id":13546,"href":"https:\/\/www.metrica-global.com\/cl\/wp-json\/wp\/v2\/posts\/13461\/revisions\/13546"}],"wp:featuredmedia":[{"embeddable":true,"href":"https:\/\/www.metrica-global.com\/cl\/wp-json\/wp\/v2\/media\/13276"}],"wp:attachment":[{"href":"https:\/\/www.metrica-global.com\/cl\/wp-json\/wp\/v2\/media?parent=13461"}],"wp:term":[{"taxonomy":"category","embeddable":true,"href":"https:\/\/www.metrica-global.com\/cl\/wp-json\/wp\/v2\/categories?post=13461"},{"taxonomy":"post_tag","embeddable":true,"href":"https:\/\/www.metrica-global.com\/cl\/wp-json\/wp\/v2\/tags?post=13461"}],"curies":[{"name":"wp","href":"https:\/\/api.w.org\/{rel}","templated":true}]}}