{"id":13465,"date":"2025-09-10T17:01:11","date_gmt":"2025-09-10T15:01:11","guid":{"rendered":"https:\/\/www.metrica-global.com\/metrica-y-cruz-roja-apoyando-a-los-afectados-por-incendios-en-espana\/"},"modified":"2025-10-10T10:34:49","modified_gmt":"2025-10-10T08:34:49","slug":"metrica-y-cruz-roja-apoyando-a-los-afectados-por-incendios-en-espana","status":"publish","type":"post","link":"https:\/\/www.metrica-global.com\/cl\/metrica-y-cruz-roja-apoyando-a-los-afectados-por-incendios-en-espana\/","title":{"rendered":"METRICA y Cruz Roja: apoyando a los afectados por incendios en Espa\u00f1a"},"content":{"rendered":"<p data-start=\"388\" data-end=\"821\">En los \u00faltimos meses, Espa\u00f1a ha vivido uno de los veranos m\u00e1s duros de la \u00faltima d\u00e9cada en materia de incendios forestales. M\u00e1s de 340.000 hect\u00e1reas calcinadas y miles de personas evacuadas han puesto de manifiesto la gravedad de esta emergencia ambiental y social. Estos datos reflejan no solo el impacto en el medio ambiente, sino tambi\u00e9n en las comunidades locales que han perdido hogares, infraestructuras y medios de vida.<\/p>\n<p data-start=\"823\" data-end=\"1210\">Ante esta situaci\u00f3n, en <strong data-start=\"847\" data-end=\"858\">METRICA<\/strong> hemos querido sumar nuestro compromiso social colaborando con la <strong data-start=\"924\" data-end=\"946\">Cruz Roja Espa\u00f1ola<\/strong> a trav\u00e9s de su <strong data-start=\"962\" data-end=\"1003\">Fondo de Ayuda para Emergencias (FAE)<\/strong>. Este mecanismo es una herramienta clave para ofrecer una respuesta inmediata en contextos de crisis, permitiendo que los recursos lleguen con rapidez y de forma transparente a las personas m\u00e1s afectadas.<\/p>\n<h3 data-start=\"1212\" data-end=\"1271\">\u00bfQu\u00e9 aporta el Fondo de Ayuda para Emergencias (FAE)?<\/h3>\n<p data-start=\"1273\" data-end=\"1367\">El FAE es fundamental para dar respuesta a situaciones como los incendios en Espa\u00f1a, ya que:<\/p>\n<ul data-start=\"1368\" data-end=\"1617\">\n<li data-start=\"1368\" data-end=\"1447\">\n<p data-start=\"1370\" data-end=\"1447\">Permite atender a las comunidades en las primeras horas tras la cat\u00e1strofe.<\/p>\n<\/li>\n<li data-start=\"1448\" data-end=\"1529\">\n<p data-start=\"1450\" data-end=\"1529\">Facilita una reacci\u00f3n r\u00e1pida sin depender de campa\u00f1as previas de recaudaci\u00f3n.<\/p>\n<\/li>\n<li data-start=\"1530\" data-end=\"1617\">\n<p data-start=\"1532\" data-end=\"1617\">Apoya a aquellas crisis menos visibles que a menudo no reciben cobertura medi\u00e1tica.<\/p>\n<\/li>\n<\/ul>\n<p data-start=\"1619\" data-end=\"1823\">Gracias a esta colaboraci\u00f3n, METRICA contribuye a que la ayuda humanitaria llegue a tiempo, reforzando la capacidad de Cruz Roja para desplegar equipos, equipamiento y materiales en las zonas afectadas.<\/p>\n<h3 data-start=\"1825\" data-end=\"1881\">El compromiso social como parte del ADN de METRICA<\/h3>\n<p data-start=\"1883\" data-end=\"2160\">En METRICA entendemos que nuestro prop\u00f3sito no se limita a la tecnolog\u00eda, sino que tambi\u00e9n abarca nuestra responsabilidad con la sociedad. Apostamos por ser <strong data-start=\"2040\" data-end=\"2085\">cercanos, flexibles, proactivos y humanos<\/strong>, y esta colaboraci\u00f3n con Cruz Roja refleja de forma clara estos valores.<\/p>\n<p data-start=\"2162\" data-end=\"2367\">Apoyar a las comunidades afectadas por los incendios no solo es un acto de solidaridad, sino tambi\u00e9n una oportunidad de poner en pr\u00e1ctica nuestro compromiso con el entorno en el que vivimos y trabajamos.<\/p>\n<h3 data-start=\"2369\" data-end=\"2424\">Una transformaci\u00f3n que une tecnolog\u00eda y humanidad<\/h3>\n<p data-start=\"2426\" data-end=\"2710\">Creemos que la verdadera transformaci\u00f3n surge cuando la innovaci\u00f3n tecnol\u00f3gica se combina con la acci\u00f3n social. Por eso, iniciativas como esta forman parte de nuestra visi\u00f3n de futuro: una en la que las organizaciones act\u00faan con responsabilidad y contribuyen al bienestar colectivo.<\/p>\n<p data-start=\"2712\" data-end=\"2932\">En METRICA seguiremos impulsando proyectos que refuercen nuestro compromiso con las personas y con el planeta, porque estamos convencidos de que solo as\u00ed podremos construir un futuro m\u00e1s justo, resiliente y sostenible.<\/p>\n","protected":false},"excerpt":{"rendered":"<p>Colaboramos con el Fondo de Ayuda para Emergencias (FAE) de la Cruz Roja en Espa\u00f1a para apoyar a las comunidades afectadas por los incendios durante este a\u00f1o.<\/p>\n","protected":false},"author":2,"featured_media":13248,"comment_status":"open","ping_status":"open","sticky":false,"template":"","format":"standard","meta":{"content-type":"","footnotes":""},"categories":[387],"tags":[],"class_list":["post-13465","post","type-post","status-publish","format-standard","has-post-thumbnail","hentry","category-actualidad-cl"],"yoast_head":"<!-- This site is optimized with the Yoast SEO plugin v25.9 - https:\/\/yoast.com\/wordpress\/plugins\/seo\/ -->\n<title>METRICA y Cruz Roja: apoyando a los afectados por incendios en Espa\u00f1a - METRICA<\/title>\n<meta name=\"robots\" content=\"index, follow, max-snippet:-1, max-image-preview:large, max-video-preview:-1\" \/>\n<link rel=\"canonical\" href=\"https:\/\/www.metrica-global.com\/cl\/metrica-y-cruz-roja-apoyando-a-los-afectados-por-incendios-en-espana\/\" \/>\n<meta property=\"og:locale\" content=\"es_ES\" \/>\n<meta property=\"og:type\" content=\"article\" \/>\n<meta property=\"og:title\" content=\"METRICA y Cruz Roja: apoyando a los afectados por incendios en Espa\u00f1a - METRICA\" \/>\n<meta property=\"og:description\" content=\"Colaboramos con el Fondo de Ayuda para Emergencias (FAE) de la Cruz Roja en Espa\u00f1a para apoyar a las comunidades afectadas por los incendios durante este a\u00f1o.\" \/>\n<meta property=\"og:url\" content=\"https:\/\/www.metrica-global.com\/cl\/metrica-y-cruz-roja-apoyando-a-los-afectados-por-incendios-en-espana\/\" \/>\n<meta property=\"og:site_name\" content=\"METRICA\" \/>\n<meta property=\"article:published_time\" content=\"2025-09-10T15:01:11+00:00\" \/>\n<meta property=\"article:modified_time\" content=\"2025-10-10T08:34:49+00:00\" \/>\n<meta property=\"og:image\" content=\"https:\/\/www.metrica-global.com\/wp-content\/uploads\/2025\/09\/BANNER-NOTICIAS-1.jpg\" \/>\n\t<meta property=\"og:image:width\" content=\"3456\" \/>\n\t<meta property=\"og:image:height\" content=\"1728\" \/>\n\t<meta property=\"og:image:type\" content=\"image\/jpeg\" \/>\n<meta name=\"author\" content=\"metrica\" \/>\n<meta name=\"twitter:card\" content=\"summary_large_image\" \/>\n<meta name=\"twitter:creator\" content=\"@desarrollo\" \/>\n<meta name=\"twitter:label1\" content=\"Written by\" \/>\n\t<meta name=\"twitter:data1\" content=\"metrica\" \/>\n\t<meta name=\"twitter:label2\" content=\"Est. reading time\" \/>\n\t<meta name=\"twitter:data2\" content=\"2 minutes\" \/>\n<script type=\"application\/ld+json\" class=\"yoast-schema-graph\">{\"@context\":\"https:\/\/schema.org\",\"@graph\":[{\"@type\":\"Article\",\"@id\":\"https:\/\/www.metrica-global.com\/cl\/metrica-y-cruz-roja-apoyando-a-los-afectados-por-incendios-en-espana\/#article\",\"isPartOf\":{\"@id\":\"https:\/\/www.metrica-global.com\/cl\/metrica-y-cruz-roja-apoyando-a-los-afectados-por-incendios-en-espana\/\"},\"author\":{\"name\":\"metrica\",\"@id\":\"https:\/\/www.metrica-global.com\/#\/schema\/person\/2f4208bdc63892f387a04f4106dd0fcb\"},\"headline\":\"METRICA y Cruz Roja: apoyando a los afectados por incendios en Espa\u00f1a\",\"datePublished\":\"2025-09-10T15:01:11+00:00\",\"dateModified\":\"2025-10-10T08:34:49+00:00\",\"mainEntityOfPage\":{\"@id\":\"https:\/\/www.metrica-global.com\/cl\/metrica-y-cruz-roja-apoyando-a-los-afectados-por-incendios-en-espana\/\"},\"wordCount\":429,\"commentCount\":0,\"publisher\":{\"@id\":\"https:\/\/www.metrica-global.com\/#organization\"},\"image\":{\"@id\":\"https:\/\/www.metrica-global.com\/cl\/metrica-y-cruz-roja-apoyando-a-los-afectados-por-incendios-en-espana\/#primaryimage\"},\"thumbnailUrl\":\"https:\/\/www.metrica-global.com\/wp-content\/uploads\/2025\/09\/BANNER-NOTICIAS-1.jpg\",\"articleSection\":[\"Actualidad\"],\"inLanguage\":\"es-CL\",\"potentialAction\":[{\"@type\":\"CommentAction\",\"name\":\"Comment\",\"target\":[\"https:\/\/www.metrica-global.com\/cl\/metrica-y-cruz-roja-apoyando-a-los-afectados-por-incendios-en-espana\/#respond\"]}]},{\"@type\":\"WebPage\",\"@id\":\"https:\/\/www.metrica-global.com\/cl\/metrica-y-cruz-roja-apoyando-a-los-afectados-por-incendios-en-espana\/\",\"url\":\"https:\/\/www.metrica-global.com\/cl\/metrica-y-cruz-roja-apoyando-a-los-afectados-por-incendios-en-espana\/\",\"name\":\"METRICA y Cruz Roja: apoyando a los afectados por incendios en Espa\u00f1a - METRICA\",\"isPartOf\":{\"@id\":\"https:\/\/www.metrica-global.com\/#website\"},\"primaryImageOfPage\":{\"@id\":\"https:\/\/www.metrica-global.com\/cl\/metrica-y-cruz-roja-apoyando-a-los-afectados-por-incendios-en-espana\/#primaryimage\"},\"image\":{\"@id\":\"https:\/\/www.metrica-global.com\/cl\/metrica-y-cruz-roja-apoyando-a-los-afectados-por-incendios-en-espana\/#primaryimage\"},\"thumbnailUrl\":\"https:\/\/www.metrica-global.com\/wp-content\/uploads\/2025\/09\/BANNER-NOTICIAS-1.jpg\",\"datePublished\":\"2025-09-10T15:01:11+00:00\",\"dateModified\":\"2025-10-10T08:34:49+00:00\",\"breadcrumb\":{\"@id\":\"https:\/\/www.metrica-global.com\/cl\/metrica-y-cruz-roja-apoyando-a-los-afectados-por-incendios-en-espana\/#breadcrumb\"},\"inLanguage\":\"es-CL\",\"potentialAction\":[{\"@type\":\"ReadAction\",\"target\":[\"https:\/\/www.metrica-global.com\/cl\/metrica-y-cruz-roja-apoyando-a-los-afectados-por-incendios-en-espana\/\"]}]},{\"@type\":\"ImageObject\",\"inLanguage\":\"es-CL\",\"@id\":\"https:\/\/www.metrica-global.com\/cl\/metrica-y-cruz-roja-apoyando-a-los-afectados-por-incendios-en-espana\/#primaryimage\",\"url\":\"https:\/\/www.metrica-global.com\/wp-content\/uploads\/2025\/09\/BANNER-NOTICIAS-1.jpg\",\"contentUrl\":\"https:\/\/www.metrica-global.com\/wp-content\/uploads\/2025\/09\/BANNER-NOTICIAS-1.jpg\",\"width\":3456,\"height\":1728},{\"@type\":\"BreadcrumbList\",\"@id\":\"https:\/\/www.metrica-global.com\/cl\/metrica-y-cruz-roja-apoyando-a-los-afectados-por-incendios-en-espana\/#breadcrumb\",\"itemListElement\":[{\"@type\":\"ListItem\",\"position\":1,\"name\":\"Portada\",\"item\":\"https:\/\/www.metrica-global.com\/pt\/\"},{\"@type\":\"ListItem\",\"position\":2,\"name\":\"METRICA y Cruz Roja: apoyando a los afectados por incendios en Espa\u00f1a\"}]},{\"@type\":\"WebSite\",\"@id\":\"https:\/\/www.metrica-global.com\/#website\",\"url\":\"https:\/\/www.metrica-global.com\/\",\"name\":\"METRICA\",\"description\":\"Servicios Globales IT\",\"publisher\":{\"@id\":\"https:\/\/www.metrica-global.com\/#organization\"},\"potentialAction\":[{\"@type\":\"SearchAction\",\"target\":{\"@type\":\"EntryPoint\",\"urlTemplate\":\"https:\/\/www.metrica-global.com\/?s={search_term_string}\"},\"query-input\":{\"@type\":\"PropertyValueSpecification\",\"valueRequired\":true,\"valueName\":\"search_term_string\"}}],\"inLanguage\":\"es-CL\"},{\"@type\":\"Organization\",\"@id\":\"https:\/\/www.metrica-global.com\/#organization\",\"name\":\"METRICA\",\"url\":\"https:\/\/www.metrica-global.com\/\",\"logo\":{\"@type\":\"ImageObject\",\"inLanguage\":\"es-CL\",\"@id\":\"https:\/\/www.metrica-global.com\/#\/schema\/logo\/image\/\",\"url\":\"https:\/\/www.metrica-global.com\/wp-content\/uploads\/2023\/12\/logo-metrica.png\",\"contentUrl\":\"https:\/\/www.metrica-global.com\/wp-content\/uploads\/2023\/12\/logo-metrica.png\",\"width\":332,\"height\":58,\"caption\":\"METRICA\"},\"image\":{\"@id\":\"https:\/\/www.metrica-global.com\/#\/schema\/logo\/image\/\"}},{\"@type\":\"Person\",\"@id\":\"https:\/\/www.metrica-global.com\/#\/schema\/person\/2f4208bdc63892f387a04f4106dd0fcb\",\"name\":\"metrica\",\"image\":{\"@type\":\"ImageObject\",\"inLanguage\":\"es-CL\",\"@id\":\"https:\/\/www.metrica-global.com\/#\/schema\/person\/image\/\",\"url\":\"https:\/\/secure.gravatar.com\/avatar\/735533d52394faf02a8736d8f477256b9fb421f39d81c48c55ea37c267061786?s=96&d=mm&r=g\",\"contentUrl\":\"https:\/\/secure.gravatar.com\/avatar\/735533d52394faf02a8736d8f477256b9fb421f39d81c48c55ea37c267061786?s=96&d=mm&r=g\",\"caption\":\"metrica\"},\"sameAs\":[\"https:\/\/x.com\/desarrollo\"],\"url\":\"https:\/\/www.metrica-global.com\/cl\/author\/metrica\/\"}]}<\/script>\n<!-- \/ Yoast SEO plugin. -->","yoast_head_json":{"title":"METRICA y Cruz Roja: apoyando a los afectados por incendios en Espa\u00f1a - METRICA","robots":{"index":"index","follow":"follow","max-snippet":"max-snippet:-1","max-image-preview":"max-image-preview:large","max-video-preview":"max-video-preview:-1"},"canonical":"https:\/\/www.metrica-global.com\/cl\/metrica-y-cruz-roja-apoyando-a-los-afectados-por-incendios-en-espana\/","og_locale":"es_ES","og_type":"article","og_title":"METRICA y Cruz Roja: apoyando a los afectados por incendios en Espa\u00f1a - METRICA","og_description":"Colaboramos con el Fondo de Ayuda para Emergencias (FAE) de la Cruz Roja en Espa\u00f1a para apoyar a las comunidades afectadas por los incendios durante este a\u00f1o.","og_url":"https:\/\/www.metrica-global.com\/cl\/metrica-y-cruz-roja-apoyando-a-los-afectados-por-incendios-en-espana\/","og_site_name":"METRICA","article_published_time":"2025-09-10T15:01:11+00:00","article_modified_time":"2025-10-10T08:34:49+00:00","og_image":[{"width":3456,"height":1728,"url":"https:\/\/www.metrica-global.com\/wp-content\/uploads\/2025\/09\/BANNER-NOTICIAS-1.jpg","type":"image\/jpeg"}],"author":"metrica","twitter_card":"summary_large_image","twitter_creator":"@desarrollo","twitter_misc":{"Written by":"metrica","Est. reading time":"2 minutes"},"schema":{"@context":"https:\/\/schema.org","@graph":[{"@type":"Article","@id":"https:\/\/www.metrica-global.com\/cl\/metrica-y-cruz-roja-apoyando-a-los-afectados-por-incendios-en-espana\/#article","isPartOf":{"@id":"https:\/\/www.metrica-global.com\/cl\/metrica-y-cruz-roja-apoyando-a-los-afectados-por-incendios-en-espana\/"},"author":{"name":"metrica","@id":"https:\/\/www.metrica-global.com\/#\/schema\/person\/2f4208bdc63892f387a04f4106dd0fcb"},"headline":"METRICA y Cruz Roja: apoyando a los afectados por incendios en Espa\u00f1a","datePublished":"2025-09-10T15:01:11+00:00","dateModified":"2025-10-10T08:34:49+00:00","mainEntityOfPage":{"@id":"https:\/\/www.metrica-global.com\/cl\/metrica-y-cruz-roja-apoyando-a-los-afectados-por-incendios-en-espana\/"},"wordCount":429,"commentCount":0,"publisher":{"@id":"https:\/\/www.metrica-global.com\/#organization"},"image":{"@id":"https:\/\/www.metrica-global.com\/cl\/metrica-y-cruz-roja-apoyando-a-los-afectados-por-incendios-en-espana\/#primaryimage"},"thumbnailUrl":"https:\/\/www.metrica-global.com\/wp-content\/uploads\/2025\/09\/BANNER-NOTICIAS-1.jpg","articleSection":["Actualidad"],"inLanguage":"es-CL","potentialAction":[{"@type":"CommentAction","name":"Comment","target":["https:\/\/www.metrica-global.com\/cl\/metrica-y-cruz-roja-apoyando-a-los-afectados-por-incendios-en-espana\/#respond"]}]},{"@type":"WebPage","@id":"https:\/\/www.metrica-global.com\/cl\/metrica-y-cruz-roja-apoyando-a-los-afectados-por-incendios-en-espana\/","url":"https:\/\/www.metrica-global.com\/cl\/metrica-y-cruz-roja-apoyando-a-los-afectados-por-incendios-en-espana\/","name":"METRICA y Cruz Roja: apoyando a los afectados por incendios en Espa\u00f1a - METRICA","isPartOf":{"@id":"https:\/\/www.metrica-global.com\/#website"},"primaryImageOfPage":{"@id":"https:\/\/www.metrica-global.com\/cl\/metrica-y-cruz-roja-apoyando-a-los-afectados-por-incendios-en-espana\/#primaryimage"},"image":{"@id":"https:\/\/www.metrica-global.com\/cl\/metrica-y-cruz-roja-apoyando-a-los-afectados-por-incendios-en-espana\/#primaryimage"},"thumbnailUrl":"https:\/\/www.metrica-global.com\/wp-content\/uploads\/2025\/09\/BANNER-NOTICIAS-1.jpg","datePublished":"2025-09-10T15:01:11+00:00","dateModified":"2025-10-10T08:34:49+00:00","breadcrumb":{"@id":"https:\/\/www.metrica-global.com\/cl\/metrica-y-cruz-roja-apoyando-a-los-afectados-por-incendios-en-espana\/#breadcrumb"},"inLanguage":"es-CL","potentialAction":[{"@type":"ReadAction","target":["https:\/\/www.metrica-global.com\/cl\/metrica-y-cruz-roja-apoyando-a-los-afectados-por-incendios-en-espana\/"]}]},{"@type":"ImageObject","inLanguage":"es-CL","@id":"https:\/\/www.metrica-global.com\/cl\/metrica-y-cruz-roja-apoyando-a-los-afectados-por-incendios-en-espana\/#primaryimage","url":"https:\/\/www.metrica-global.com\/wp-content\/uploads\/2025\/09\/BANNER-NOTICIAS-1.jpg","contentUrl":"https:\/\/www.metrica-global.com\/wp-content\/uploads\/2025\/09\/BANNER-NOTICIAS-1.jpg","width":3456,"height":1728},{"@type":"BreadcrumbList","@id":"https:\/\/www.metrica-global.com\/cl\/metrica-y-cruz-roja-apoyando-a-los-afectados-por-incendios-en-espana\/#breadcrumb","itemListElement":[{"@type":"ListItem","position":1,"name":"Portada","item":"https:\/\/www.metrica-global.com\/pt\/"},{"@type":"ListItem","position":2,"name":"METRICA y Cruz Roja: apoyando a los afectados por incendios en Espa\u00f1a"}]},{"@type":"WebSite","@id":"https:\/\/www.metrica-global.com\/#website","url":"https:\/\/www.metrica-global.com\/","name":"METRICA","description":"Servicios Globales IT","publisher":{"@id":"https:\/\/www.metrica-global.com\/#organization"},"potentialAction":[{"@type":"SearchAction","target":{"@type":"EntryPoint","urlTemplate":"https:\/\/www.metrica-global.com\/?s={search_term_string}"},"query-input":{"@type":"PropertyValueSpecification","valueRequired":true,"valueName":"search_term_string"}}],"inLanguage":"es-CL"},{"@type":"Organization","@id":"https:\/\/www.metrica-global.com\/#organization","name":"METRICA","url":"https:\/\/www.metrica-global.com\/","logo":{"@type":"ImageObject","inLanguage":"es-CL","@id":"https:\/\/www.metrica-global.com\/#\/schema\/logo\/image\/","url":"https:\/\/www.metrica-global.com\/wp-content\/uploads\/2023\/12\/logo-metrica.png","contentUrl":"https:\/\/www.metrica-global.com\/wp-content\/uploads\/2023\/12\/logo-metrica.png","width":332,"height":58,"caption":"METRICA"},"image":{"@id":"https:\/\/www.metrica-global.com\/#\/schema\/logo\/image\/"}},{"@type":"Person","@id":"https:\/\/www.metrica-global.com\/#\/schema\/person\/2f4208bdc63892f387a04f4106dd0fcb","name":"metrica","image":{"@type":"ImageObject","inLanguage":"es-CL","@id":"https:\/\/www.metrica-global.com\/#\/schema\/person\/image\/","url":"https:\/\/secure.gravatar.com\/avatar\/735533d52394faf02a8736d8f477256b9fb421f39d81c48c55ea37c267061786?s=96&d=mm&r=g","contentUrl":"https:\/\/secure.gravatar.com\/avatar\/735533d52394faf02a8736d8f477256b9fb421f39d81c48c55ea37c267061786?s=96&d=mm&r=g","caption":"metrica"},"sameAs":["https:\/\/x.com\/desarrollo"],"url":"https:\/\/www.metrica-global.com\/cl\/author\/metrica\/"}]}},"_links":{"self":[{"href":"https:\/\/www.metrica-global.com\/cl\/wp-json\/wp\/v2\/posts\/13465","targetHints":{"allow":["GET"]}}],"collection":[{"href":"https:\/\/www.metrica-global.com\/cl\/wp-json\/wp\/v2\/posts"}],"about":[{"href":"https:\/\/www.metrica-global.com\/cl\/wp-json\/wp\/v2\/types\/post"}],"author":[{"embeddable":true,"href":"https:\/\/www.metrica-global.com\/cl\/wp-json\/wp\/v2\/users\/2"}],"replies":[{"embeddable":true,"href":"https:\/\/www.metrica-global.com\/cl\/wp-json\/wp\/v2\/comments?post=13465"}],"version-history":[{"count":1,"href":"https:\/\/www.metrica-global.com\/cl\/wp-json\/wp\/v2\/posts\/13465\/revisions"}],"predecessor-version":[{"id":13548,"href":"https:\/\/www.metrica-global.com\/cl\/wp-json\/wp\/v2\/posts\/13465\/revisions\/13548"}],"wp:featuredmedia":[{"embeddable":true,"href":"https:\/\/www.metrica-global.com\/cl\/wp-json\/wp\/v2\/media\/13248"}],"wp:attachment":[{"href":"https:\/\/www.metrica-global.com\/cl\/wp-json\/wp\/v2\/media?parent=13465"}],"wp:term":[{"taxonomy":"category","embeddable":true,"href":"https:\/\/www.metrica-global.com\/cl\/wp-json\/wp\/v2\/categories?post=13465"},{"taxonomy":"post_tag","embeddable":true,"href":"https:\/\/www.metrica-global.com\/cl\/wp-json\/wp\/v2\/tags?post=13465"}],"curies":[{"name":"wp","href":"https:\/\/api.w.org\/{rel}","templated":true}]}}