{"id":13466,"date":"2025-09-09T13:59:29","date_gmt":"2025-09-09T11:59:29","guid":{"rendered":"https:\/\/www.metrica-global.com\/el-adn-de-metrica-nuestros-valores-corporativos\/"},"modified":"2025-10-10T10:34:57","modified_gmt":"2025-10-10T08:34:57","slug":"el-adn-de-metrica-nuestros-valores-corporativos","status":"publish","type":"post","link":"https:\/\/www.metrica-global.com\/cl\/el-adn-de-metrica-nuestros-valores-corporativos\/","title":{"rendered":"El ADN de METRICA: nuestros valores corporativos"},"content":{"rendered":"<p data-start=\"430\" data-end=\"828\">En un mundo digital en constante evoluci\u00f3n, las organizaciones necesitan mucho m\u00e1s que soluciones tecnol\u00f3gicas para diferenciarse. Necesitan un prop\u00f3sito claro y unos valores s\u00f3lidos que gu\u00eden cada acci\u00f3n. En METRICA, nuestro ADN corporativo es la base de todo lo que hacemos y refleja la forma en la que trabajamos, nos relacionamos y crecemos junto a nuestros clientes y colaboradores. \ud83e\uddec\ud83c\udf0d<\/p>\n<h2 data-start=\"830\" data-end=\"880\">\u00bfQu\u00e9 significa el ADN corporativo de METRICA?<\/h2>\n<p data-start=\"882\" data-end=\"1143\">En METRICA, creemos que la <strong data-start=\"909\" data-end=\"935\">transformaci\u00f3n digital<\/strong> solo tiene sentido si est\u00e1 respaldada por un modelo de trabajo basado en la confianza, la innovaci\u00f3n y las personas. Nuestros valores no son simples palabras: son compromisos que asumimos en cada proyecto.<\/p>\n<h3 data-start=\"1145\" data-end=\"1171\">1. Somos cercanos \ud83e\udd1d<\/h3>\n<p data-start=\"1172\" data-end=\"1354\">La confianza es nuestro punto de partida. Construimos relaciones s\u00f3lidas y duraderas con nuestros clientes, colaboradores y equipo, basadas en la transparencia y la escucha activa.<\/p>\n<h3 data-start=\"1356\" data-end=\"1383\">2. Somos flexibles \ud83d\udd04<\/h3>\n<p data-start=\"1384\" data-end=\"1565\">El entorno tecnol\u00f3gico cambia a gran velocidad, y nosotros nos adaptamos a cada desaf\u00edo. Ofrecemos soluciones personalizadas que se ajustan a las necesidades de cada organizaci\u00f3n.<\/p>\n<h3 data-start=\"1567\" data-end=\"1595\">3. Somos proactivos \ud83d\ude80<\/h3>\n<p data-start=\"1596\" data-end=\"1774\">La innovaci\u00f3n forma parte de nuestro d\u00eda a d\u00eda. Anticipamos necesidades, proponemos nuevas ideas y buscamos siempre la mejor manera de resolver retos tecnol\u00f3gicos y de negocio.<\/p>\n<h3 data-start=\"1776\" data-end=\"1801\">4. Somos humanos \ud83d\udc9c<\/h3>\n<p data-start=\"1802\" data-end=\"2031\">Nuestra mayor fortaleza est\u00e1 en las personas. Fomentamos una cultura organizacional inclusiva, diversa y centrada en el talento, porque sabemos que detr\u00e1s de cada soluci\u00f3n tecnol\u00f3gica hay equipos comprometidos con un prop\u00f3sito.<\/p>\n<h2 data-start=\"2033\" data-end=\"2084\">Valores que impulsan la transformaci\u00f3n digital<\/h2>\n<p data-start=\"2086\" data-end=\"2430\">El <strong data-start=\"2089\" data-end=\"2119\">ADN corporativo de METRICA<\/strong> nos recuerda que el \u00e9xito no solo depende de la tecnolog\u00eda, sino tambi\u00e9n de la forma en la que trabajamos y nos relacionamos. Estos valores nos gu\u00edan en cada paso y nos permiten acompa\u00f1ar a las empresas en su camino hacia la transformaci\u00f3n digital, aportando soluciones con prop\u00f3sito y talento especializado.<\/p>\n<p data-start=\"2432\" data-end=\"2529\">Porque en METRICA somos lo que hacemos, y lo que hacemos est\u00e1 definido por nuestros valores. \ud83c\udf1f<\/p>\n<div style=\"width: 800px;\" class=\"wp-video\"><!--[if lt IE 9]><script>document.createElement('video');<\/script><![endif]-->\n<video class=\"wp-video-shortcode\" id=\"video-13466-1\" width=\"800\" height=\"450\" preload=\"metadata\" controls=\"controls\"><source type=\"video\/mp4\" src=\"https:\/\/www.metrica-global.com\/wp-content\/uploads\/2025\/09\/VALORES-fotos.mp4?_=1\" \/><a href=\"https:\/\/www.metrica-global.com\/wp-content\/uploads\/2025\/09\/VALORES-fotos.mp4\">https:\/\/www.metrica-global.com\/wp-content\/uploads\/2025\/09\/VALORES-fotos.mp4<\/a><\/video><\/div>\n","protected":false},"excerpt":{"rendered":"<p>El ADN corporativo de METRICA nos recuerda que el \u00e9xito no solo depende de la tecnolog\u00eda, sino tambi\u00e9n de la forma en la que trabajamos y nos relacionamos.<\/p>\n","protected":false},"author":2,"featured_media":13240,"comment_status":"open","ping_status":"open","sticky":false,"template":"","format":"standard","meta":{"content-type":"","footnotes":""},"categories":[387],"tags":[3388,3391,3354,3394,389,3393,436,3389,3390,385,2985,3392,559],"class_list":["post-13466","post","type-post","status-publish","format-standard","has-post-thumbnail","hentry","category-actualidad-cl","tag-adn-corporativo-cl","tag-cercania-cl","tag-cultura-organizacional-cl","tag-flexibilidad-cl","tag-metrica-2-cl","tag-proactividad-cl","tag-sector-it-cl","tag-soluciones-tecnologicas-cl","tag-talento-tecnologico-cl","tag-tecnologia-cl","tag-transformacion-digital-cl","tag-trato-humano-cl","tag-valores-corporativos-cl"],"yoast_head":"<!-- This site is optimized with the Yoast SEO plugin v25.9 - https:\/\/yoast.com\/wordpress\/plugins\/seo\/ -->\n<title>El ADN de METRICA: nuestros valores corporativos - METRICA<\/title>\n<meta name=\"robots\" content=\"index, follow, max-snippet:-1, max-image-preview:large, max-video-preview:-1\" \/>\n<link rel=\"canonical\" href=\"https:\/\/www.metrica-global.com\/cl\/el-adn-de-metrica-nuestros-valores-corporativos\/\" \/>\n<meta property=\"og:locale\" content=\"es_ES\" \/>\n<meta property=\"og:type\" content=\"article\" \/>\n<meta property=\"og:title\" content=\"El ADN de METRICA: nuestros valores corporativos - METRICA\" \/>\n<meta property=\"og:description\" content=\"El ADN corporativo de METRICA nos recuerda que el \u00e9xito no solo depende de la tecnolog\u00eda, sino tambi\u00e9n de la forma en la que trabajamos y nos relacionamos.\" \/>\n<meta property=\"og:url\" content=\"https:\/\/www.metrica-global.com\/cl\/el-adn-de-metrica-nuestros-valores-corporativos\/\" \/>\n<meta property=\"og:site_name\" content=\"METRICA\" \/>\n<meta property=\"article:published_time\" content=\"2025-09-09T11:59:29+00:00\" \/>\n<meta property=\"article:modified_time\" content=\"2025-10-10T08:34:57+00:00\" \/>\n<meta property=\"og:image\" content=\"https:\/\/www.metrica-global.com\/wp-content\/uploads\/2025\/09\/169-LINKEDIN.jpg\" \/>\n\t<meta property=\"og:image:width\" content=\"1920\" \/>\n\t<meta property=\"og:image:height\" content=\"1080\" \/>\n\t<meta property=\"og:image:type\" content=\"image\/jpeg\" \/>\n<meta name=\"author\" content=\"metrica\" \/>\n<meta name=\"twitter:card\" content=\"summary_large_image\" \/>\n<meta name=\"twitter:creator\" content=\"@desarrollo\" \/>\n<meta name=\"twitter:label1\" content=\"Written by\" \/>\n\t<meta name=\"twitter:data1\" content=\"metrica\" \/>\n\t<meta name=\"twitter:label2\" content=\"Est. reading time\" \/>\n\t<meta name=\"twitter:data2\" content=\"2 minutes\" \/>\n<script type=\"application\/ld+json\" class=\"yoast-schema-graph\">{\"@context\":\"https:\/\/schema.org\",\"@graph\":[{\"@type\":\"Article\",\"@id\":\"https:\/\/www.metrica-global.com\/cl\/el-adn-de-metrica-nuestros-valores-corporativos\/#article\",\"isPartOf\":{\"@id\":\"https:\/\/www.metrica-global.com\/cl\/el-adn-de-metrica-nuestros-valores-corporativos\/\"},\"author\":{\"name\":\"metrica\",\"@id\":\"https:\/\/www.metrica-global.com\/#\/schema\/person\/2f4208bdc63892f387a04f4106dd0fcb\"},\"headline\":\"El ADN de METRICA: nuestros valores corporativos\",\"datePublished\":\"2025-09-09T11:59:29+00:00\",\"dateModified\":\"2025-10-10T08:34:57+00:00\",\"mainEntityOfPage\":{\"@id\":\"https:\/\/www.metrica-global.com\/cl\/el-adn-de-metrica-nuestros-valores-corporativos\/\"},\"wordCount\":352,\"commentCount\":0,\"publisher\":{\"@id\":\"https:\/\/www.metrica-global.com\/#organization\"},\"image\":{\"@id\":\"https:\/\/www.metrica-global.com\/cl\/el-adn-de-metrica-nuestros-valores-corporativos\/#primaryimage\"},\"thumbnailUrl\":\"https:\/\/www.metrica-global.com\/wp-content\/uploads\/2025\/09\/169-LINKEDIN.jpg\",\"keywords\":[\"ADN corporativo\",\"cercan\u00eda\",\"cultura organizacional\",\"flexibilidad\",\"METRICA\",\"proactividad\",\"Sector IT\",\"soluciones tecnol\u00f3gicas\",\"talento tecnol\u00f3gico.\",\"Tecnolog\u00eda\",\"Transformaci\u00f3n Digital\",\"trato humano\",\"Valores corporativos\"],\"articleSection\":[\"Actualidad\"],\"inLanguage\":\"es-CL\",\"potentialAction\":[{\"@type\":\"CommentAction\",\"name\":\"Comment\",\"target\":[\"https:\/\/www.metrica-global.com\/cl\/el-adn-de-metrica-nuestros-valores-corporativos\/#respond\"]}]},{\"@type\":\"WebPage\",\"@id\":\"https:\/\/www.metrica-global.com\/cl\/el-adn-de-metrica-nuestros-valores-corporativos\/\",\"url\":\"https:\/\/www.metrica-global.com\/cl\/el-adn-de-metrica-nuestros-valores-corporativos\/\",\"name\":\"El ADN de METRICA: nuestros valores corporativos - METRICA\",\"isPartOf\":{\"@id\":\"https:\/\/www.metrica-global.com\/#website\"},\"primaryImageOfPage\":{\"@id\":\"https:\/\/www.metrica-global.com\/cl\/el-adn-de-metrica-nuestros-valores-corporativos\/#primaryimage\"},\"image\":{\"@id\":\"https:\/\/www.metrica-global.com\/cl\/el-adn-de-metrica-nuestros-valores-corporativos\/#primaryimage\"},\"thumbnailUrl\":\"https:\/\/www.metrica-global.com\/wp-content\/uploads\/2025\/09\/169-LINKEDIN.jpg\",\"datePublished\":\"2025-09-09T11:59:29+00:00\",\"dateModified\":\"2025-10-10T08:34:57+00:00\",\"breadcrumb\":{\"@id\":\"https:\/\/www.metrica-global.com\/cl\/el-adn-de-metrica-nuestros-valores-corporativos\/#breadcrumb\"},\"inLanguage\":\"es-CL\",\"potentialAction\":[{\"@type\":\"ReadAction\",\"target\":[\"https:\/\/www.metrica-global.com\/cl\/el-adn-de-metrica-nuestros-valores-corporativos\/\"]}]},{\"@type\":\"ImageObject\",\"inLanguage\":\"es-CL\",\"@id\":\"https:\/\/www.metrica-global.com\/cl\/el-adn-de-metrica-nuestros-valores-corporativos\/#primaryimage\",\"url\":\"https:\/\/www.metrica-global.com\/wp-content\/uploads\/2025\/09\/169-LINKEDIN.jpg\",\"contentUrl\":\"https:\/\/www.metrica-global.com\/wp-content\/uploads\/2025\/09\/169-LINKEDIN.jpg\",\"width\":1920,\"height\":1080},{\"@type\":\"BreadcrumbList\",\"@id\":\"https:\/\/www.metrica-global.com\/cl\/el-adn-de-metrica-nuestros-valores-corporativos\/#breadcrumb\",\"itemListElement\":[{\"@type\":\"ListItem\",\"position\":1,\"name\":\"Portada\",\"item\":\"https:\/\/www.metrica-global.com\/pt\/\"},{\"@type\":\"ListItem\",\"position\":2,\"name\":\"El ADN de METRICA: nuestros valores corporativos\"}]},{\"@type\":\"WebSite\",\"@id\":\"https:\/\/www.metrica-global.com\/#website\",\"url\":\"https:\/\/www.metrica-global.com\/\",\"name\":\"METRICA\",\"description\":\"Servicios Globales IT\",\"publisher\":{\"@id\":\"https:\/\/www.metrica-global.com\/#organization\"},\"potentialAction\":[{\"@type\":\"SearchAction\",\"target\":{\"@type\":\"EntryPoint\",\"urlTemplate\":\"https:\/\/www.metrica-global.com\/?s={search_term_string}\"},\"query-input\":{\"@type\":\"PropertyValueSpecification\",\"valueRequired\":true,\"valueName\":\"search_term_string\"}}],\"inLanguage\":\"es-CL\"},{\"@type\":\"Organization\",\"@id\":\"https:\/\/www.metrica-global.com\/#organization\",\"name\":\"METRICA\",\"url\":\"https:\/\/www.metrica-global.com\/\",\"logo\":{\"@type\":\"ImageObject\",\"inLanguage\":\"es-CL\",\"@id\":\"https:\/\/www.metrica-global.com\/#\/schema\/logo\/image\/\",\"url\":\"https:\/\/www.metrica-global.com\/wp-content\/uploads\/2023\/12\/logo-metrica.png\",\"contentUrl\":\"https:\/\/www.metrica-global.com\/wp-content\/uploads\/2023\/12\/logo-metrica.png\",\"width\":332,\"height\":58,\"caption\":\"METRICA\"},\"image\":{\"@id\":\"https:\/\/www.metrica-global.com\/#\/schema\/logo\/image\/\"}},{\"@type\":\"Person\",\"@id\":\"https:\/\/www.metrica-global.com\/#\/schema\/person\/2f4208bdc63892f387a04f4106dd0fcb\",\"name\":\"metrica\",\"image\":{\"@type\":\"ImageObject\",\"inLanguage\":\"es-CL\",\"@id\":\"https:\/\/www.metrica-global.com\/#\/schema\/person\/image\/\",\"url\":\"https:\/\/secure.gravatar.com\/avatar\/735533d52394faf02a8736d8f477256b9fb421f39d81c48c55ea37c267061786?s=96&d=mm&r=g\",\"contentUrl\":\"https:\/\/secure.gravatar.com\/avatar\/735533d52394faf02a8736d8f477256b9fb421f39d81c48c55ea37c267061786?s=96&d=mm&r=g\",\"caption\":\"metrica\"},\"sameAs\":[\"https:\/\/x.com\/desarrollo\"],\"url\":\"https:\/\/www.metrica-global.com\/cl\/author\/metrica\/\"}]}<\/script>\n<!-- \/ Yoast SEO plugin. -->","yoast_head_json":{"title":"El ADN de METRICA: nuestros valores corporativos - METRICA","robots":{"index":"index","follow":"follow","max-snippet":"max-snippet:-1","max-image-preview":"max-image-preview:large","max-video-preview":"max-video-preview:-1"},"canonical":"https:\/\/www.metrica-global.com\/cl\/el-adn-de-metrica-nuestros-valores-corporativos\/","og_locale":"es_ES","og_type":"article","og_title":"El ADN de METRICA: nuestros valores corporativos - METRICA","og_description":"El ADN corporativo de METRICA nos recuerda que el \u00e9xito no solo depende de la tecnolog\u00eda, sino tambi\u00e9n de la forma en la que trabajamos y nos relacionamos.","og_url":"https:\/\/www.metrica-global.com\/cl\/el-adn-de-metrica-nuestros-valores-corporativos\/","og_site_name":"METRICA","article_published_time":"2025-09-09T11:59:29+00:00","article_modified_time":"2025-10-10T08:34:57+00:00","og_image":[{"width":1920,"height":1080,"url":"https:\/\/www.metrica-global.com\/wp-content\/uploads\/2025\/09\/169-LINKEDIN.jpg","type":"image\/jpeg"}],"author":"metrica","twitter_card":"summary_large_image","twitter_creator":"@desarrollo","twitter_misc":{"Written by":"metrica","Est. reading time":"2 minutes"},"schema":{"@context":"https:\/\/schema.org","@graph":[{"@type":"Article","@id":"https:\/\/www.metrica-global.com\/cl\/el-adn-de-metrica-nuestros-valores-corporativos\/#article","isPartOf":{"@id":"https:\/\/www.metrica-global.com\/cl\/el-adn-de-metrica-nuestros-valores-corporativos\/"},"author":{"name":"metrica","@id":"https:\/\/www.metrica-global.com\/#\/schema\/person\/2f4208bdc63892f387a04f4106dd0fcb"},"headline":"El ADN de METRICA: nuestros valores corporativos","datePublished":"2025-09-09T11:59:29+00:00","dateModified":"2025-10-10T08:34:57+00:00","mainEntityOfPage":{"@id":"https:\/\/www.metrica-global.com\/cl\/el-adn-de-metrica-nuestros-valores-corporativos\/"},"wordCount":352,"commentCount":0,"publisher":{"@id":"https:\/\/www.metrica-global.com\/#organization"},"image":{"@id":"https:\/\/www.metrica-global.com\/cl\/el-adn-de-metrica-nuestros-valores-corporativos\/#primaryimage"},"thumbnailUrl":"https:\/\/www.metrica-global.com\/wp-content\/uploads\/2025\/09\/169-LINKEDIN.jpg","keywords":["ADN corporativo","cercan\u00eda","cultura organizacional","flexibilidad","METRICA","proactividad","Sector IT","soluciones tecnol\u00f3gicas","talento tecnol\u00f3gico.","Tecnolog\u00eda","Transformaci\u00f3n Digital","trato humano","Valores corporativos"],"articleSection":["Actualidad"],"inLanguage":"es-CL","potentialAction":[{"@type":"CommentAction","name":"Comment","target":["https:\/\/www.metrica-global.com\/cl\/el-adn-de-metrica-nuestros-valores-corporativos\/#respond"]}]},{"@type":"WebPage","@id":"https:\/\/www.metrica-global.com\/cl\/el-adn-de-metrica-nuestros-valores-corporativos\/","url":"https:\/\/www.metrica-global.com\/cl\/el-adn-de-metrica-nuestros-valores-corporativos\/","name":"El ADN de METRICA: nuestros valores corporativos - METRICA","isPartOf":{"@id":"https:\/\/www.metrica-global.com\/#website"},"primaryImageOfPage":{"@id":"https:\/\/www.metrica-global.com\/cl\/el-adn-de-metrica-nuestros-valores-corporativos\/#primaryimage"},"image":{"@id":"https:\/\/www.metrica-global.com\/cl\/el-adn-de-metrica-nuestros-valores-corporativos\/#primaryimage"},"thumbnailUrl":"https:\/\/www.metrica-global.com\/wp-content\/uploads\/2025\/09\/169-LINKEDIN.jpg","datePublished":"2025-09-09T11:59:29+00:00","dateModified":"2025-10-10T08:34:57+00:00","breadcrumb":{"@id":"https:\/\/www.metrica-global.com\/cl\/el-adn-de-metrica-nuestros-valores-corporativos\/#breadcrumb"},"inLanguage":"es-CL","potentialAction":[{"@type":"ReadAction","target":["https:\/\/www.metrica-global.com\/cl\/el-adn-de-metrica-nuestros-valores-corporativos\/"]}]},{"@type":"ImageObject","inLanguage":"es-CL","@id":"https:\/\/www.metrica-global.com\/cl\/el-adn-de-metrica-nuestros-valores-corporativos\/#primaryimage","url":"https:\/\/www.metrica-global.com\/wp-content\/uploads\/2025\/09\/169-LINKEDIN.jpg","contentUrl":"https:\/\/www.metrica-global.com\/wp-content\/uploads\/2025\/09\/169-LINKEDIN.jpg","width":1920,"height":1080},{"@type":"BreadcrumbList","@id":"https:\/\/www.metrica-global.com\/cl\/el-adn-de-metrica-nuestros-valores-corporativos\/#breadcrumb","itemListElement":[{"@type":"ListItem","position":1,"name":"Portada","item":"https:\/\/www.metrica-global.com\/pt\/"},{"@type":"ListItem","position":2,"name":"El ADN de METRICA: nuestros valores corporativos"}]},{"@type":"WebSite","@id":"https:\/\/www.metrica-global.com\/#website","url":"https:\/\/www.metrica-global.com\/","name":"METRICA","description":"Servicios Globales IT","publisher":{"@id":"https:\/\/www.metrica-global.com\/#organization"},"potentialAction":[{"@type":"SearchAction","target":{"@type":"EntryPoint","urlTemplate":"https:\/\/www.metrica-global.com\/?s={search_term_string}"},"query-input":{"@type":"PropertyValueSpecification","valueRequired":true,"valueName":"search_term_string"}}],"inLanguage":"es-CL"},{"@type":"Organization","@id":"https:\/\/www.metrica-global.com\/#organization","name":"METRICA","url":"https:\/\/www.metrica-global.com\/","logo":{"@type":"ImageObject","inLanguage":"es-CL","@id":"https:\/\/www.metrica-global.com\/#\/schema\/logo\/image\/","url":"https:\/\/www.metrica-global.com\/wp-content\/uploads\/2023\/12\/logo-metrica.png","contentUrl":"https:\/\/www.metrica-global.com\/wp-content\/uploads\/2023\/12\/logo-metrica.png","width":332,"height":58,"caption":"METRICA"},"image":{"@id":"https:\/\/www.metrica-global.com\/#\/schema\/logo\/image\/"}},{"@type":"Person","@id":"https:\/\/www.metrica-global.com\/#\/schema\/person\/2f4208bdc63892f387a04f4106dd0fcb","name":"metrica","image":{"@type":"ImageObject","inLanguage":"es-CL","@id":"https:\/\/www.metrica-global.com\/#\/schema\/person\/image\/","url":"https:\/\/secure.gravatar.com\/avatar\/735533d52394faf02a8736d8f477256b9fb421f39d81c48c55ea37c267061786?s=96&d=mm&r=g","contentUrl":"https:\/\/secure.gravatar.com\/avatar\/735533d52394faf02a8736d8f477256b9fb421f39d81c48c55ea37c267061786?s=96&d=mm&r=g","caption":"metrica"},"sameAs":["https:\/\/x.com\/desarrollo"],"url":"https:\/\/www.metrica-global.com\/cl\/author\/metrica\/"}]}},"_links":{"self":[{"href":"https:\/\/www.metrica-global.com\/cl\/wp-json\/wp\/v2\/posts\/13466","targetHints":{"allow":["GET"]}}],"collection":[{"href":"https:\/\/www.metrica-global.com\/cl\/wp-json\/wp\/v2\/posts"}],"about":[{"href":"https:\/\/www.metrica-global.com\/cl\/wp-json\/wp\/v2\/types\/post"}],"author":[{"embeddable":true,"href":"https:\/\/www.metrica-global.com\/cl\/wp-json\/wp\/v2\/users\/2"}],"replies":[{"embeddable":true,"href":"https:\/\/www.metrica-global.com\/cl\/wp-json\/wp\/v2\/comments?post=13466"}],"version-history":[{"count":1,"href":"https:\/\/www.metrica-global.com\/cl\/wp-json\/wp\/v2\/posts\/13466\/revisions"}],"predecessor-version":[{"id":13549,"href":"https:\/\/www.metrica-global.com\/cl\/wp-json\/wp\/v2\/posts\/13466\/revisions\/13549"}],"wp:featuredmedia":[{"embeddable":true,"href":"https:\/\/www.metrica-global.com\/cl\/wp-json\/wp\/v2\/media\/13240"}],"wp:attachment":[{"href":"https:\/\/www.metrica-global.com\/cl\/wp-json\/wp\/v2\/media?parent=13466"}],"wp:term":[{"taxonomy":"category","embeddable":true,"href":"https:\/\/www.metrica-global.com\/cl\/wp-json\/wp\/v2\/categories?post=13466"},{"taxonomy":"post_tag","embeddable":true,"href":"https:\/\/www.metrica-global.com\/cl\/wp-json\/wp\/v2\/tags?post=13466"}],"curies":[{"name":"wp","href":"https:\/\/api.w.org\/{rel}","templated":true}]}}