{"id":13584,"date":"2025-10-21T16:00:24","date_gmt":"2025-10-21T14:00:24","guid":{"rendered":"https:\/\/www.metrica-global.com\/?p=13584"},"modified":"2025-10-21T16:00:24","modified_gmt":"2025-10-21T14:00:24","slug":"dia-mundial-del-ahorro-de-energia-cada-gesto-cuenta","status":"publish","type":"post","link":"https:\/\/www.metrica-global.com\/cl\/dia-mundial-del-ahorro-de-energia-cada-gesto-cuenta\/","title":{"rendered":"D\u00eda Mundial del Ahorro de Energ\u00eda: Cada Gesto Cuenta"},"content":{"rendered":"<p data-start=\"439\" data-end=\"684\">Cada a\u00f1o, el <strong data-start=\"452\" data-end=\"517\">21 de octubre se celebra el D\u00eda Mundial del Ahorro de Energ\u00eda<\/strong>, una fecha clave para concienciar sobre la importancia de reducir el consumo energ\u00e9tico y fomentar h\u00e1bitos sostenibles tanto en el \u00e1mbito personal como profesional.<\/p>\n<p data-start=\"686\" data-end=\"1111\">En <strong data-start=\"689\" data-end=\"700\">METRICA<\/strong>, creemos que la transformaci\u00f3n tecnol\u00f3gica debe ir acompa\u00f1ada de una <strong data-start=\"770\" data-end=\"800\">transformaci\u00f3n responsable<\/strong>, donde la innovaci\u00f3n y la sostenibilidad caminen de la mano. Por ello, hemos querido sumarnos a esta jornada con una acci\u00f3n simb\u00f3lica pero significativa: un v\u00eddeo publicado en nuestras redes sociales bajo el lema <strong data-start=\"1014\" data-end=\"1037\">\u201cCada Gesto Cuenta\u201d<\/strong>, protagonizado por nuestras compa\u00f1eras y compa\u00f1eros de distintas sedes. <\/p>\n<p data-start=\"1113\" data-end=\"1223\">En este v\u00eddeo mostramos c\u00f3mo, desde nuestras oficinas, aplicamos medidas sencillas que marcan la diferencia:<\/p>\n<ul data-start=\"1224\" data-end=\"1517\">\n<li data-start=\"1224\" data-end=\"1297\">\n<p data-start=\"1226\" data-end=\"1297\"><strong data-start=\"1226\" data-end=\"1243\">Desconectamos<\/strong> los dispositivos que no necesitan estar enchufados.<\/p>\n<\/li>\n<li data-start=\"1298\" data-end=\"1357\">\n<p data-start=\"1300\" data-end=\"1357\"><strong data-start=\"1300\" data-end=\"1312\">Apagamos<\/strong> las luces de las zonas que no se utilizan.<\/p>\n<\/li>\n<li data-start=\"1358\" data-end=\"1427\">\n<p data-start=\"1360\" data-end=\"1427\"><strong data-start=\"1360\" data-end=\"1376\">Aprovechamos<\/strong> al m\u00e1ximo la luz natural subiendo las persianas.<\/p>\n<\/li>\n<li data-start=\"1428\" data-end=\"1517\">\n<p data-start=\"1430\" data-end=\"1517\"><strong data-start=\"1430\" data-end=\"1443\">Reducimos<\/strong> el uso de pantallas y aire acondicionado cuando no son imprescindibles.<\/p>\n<\/li>\n<\/ul>\n<p data-start=\"1519\" data-end=\"1796\">Estas peque\u00f1as acciones reflejan nuestro compromiso con la <strong data-start=\"1578\" data-end=\"1603\">eficiencia energ\u00e9tica<\/strong>, la <strong data-start=\"1608\" data-end=\"1636\">sostenibilidad ambiental<\/strong> y la <strong data-start=\"1642\" data-end=\"1681\">gesti\u00f3n responsable de los recursos<\/strong>. Pero, sobre todo, muestran que la conciencia ecol\u00f3gica tambi\u00e9n puede vivirse dentro de una empresa tecnol\u00f3gica. <\/p>\n<p data-start=\"1798\" data-end=\"2117\">En METRICA, integramos la sostenibilidad en nuestra cultura corporativa como parte de nuestro ADN: ser <strong data-start=\"1901\" data-end=\"1946\">cercanos, flexibles, proactivos y humanos<\/strong>. Apostamos por un futuro en el que la tecnolog\u00eda est\u00e9 al servicio de las personas y del planeta, impulsando un impacto positivo a trav\u00e9s de cada decisi\u00f3n y cada acci\u00f3n. <\/p>\n<p data-start=\"2119\" data-end=\"2288\">\ud83d\udc49 Te invitamos a ver el v\u00eddeo completo en nuestras redes sociales y a sumarte a este compromiso diario: <strong data-start=\"2224\" data-end=\"2286\">porque cada gesto cuenta, y juntos marcamos la diferencia.<\/strong><\/p>\n","protected":false},"excerpt":{"rendered":"<p>Descubre c\u00f3mo nuestro equipo promueve un uso responsable de los recursos y refuerza nuestro compromiso con el medio ambiente y la eficiencia energ\u00e9tica.<\/p>\n","protected":false},"author":2,"featured_media":13578,"comment_status":"open","ping_status":"open","sticky":false,"template":"","format":"standard","meta":{"content-type":"","footnotes":""},"categories":[387,438],"tags":[691,3354,443,3544,3546,596,445,389,571,3545,679],"class_list":["post-13584","post","type-post","status-publish","format-standard","has-post-thumbnail","hentry","category-actualidad-cl","category-sostenibilidad-cl","tag-ahorro-de-energia-cl","tag-cultura-organizacional-cl","tag-eficiencia-energetica-cl","tag-empresas-sostenibles-cl","tag-energia-sostenible-cl","tag-esg-cl","tag-medio-ambiente-cl","tag-metrica-2-cl","tag-responsabilidad-corporativa-cl","tag-sostenibilidad-en-la-oficina-cl","tag-the-metrica-change-cl"],"yoast_head":"<!-- This site is optimized with the Yoast SEO plugin v25.9 - https:\/\/yoast.com\/wordpress\/plugins\/seo\/ -->\n<title>D\u00eda Mundial del Ahorro de Energ\u00eda: Cada Gesto Cuenta - METRICA<\/title>\n<meta name=\"robots\" content=\"index, follow, max-snippet:-1, max-image-preview:large, max-video-preview:-1\" \/>\n<link rel=\"canonical\" href=\"https:\/\/www.metrica-global.com\/?p=13576\" \/>\n<meta property=\"og:locale\" content=\"es_ES\" \/>\n<meta property=\"og:type\" content=\"article\" \/>\n<meta property=\"og:title\" content=\"D\u00eda Mundial del Ahorro de Energ\u00eda: Cada Gesto Cuenta - METRICA\" \/>\n<meta property=\"og:description\" content=\"Descubre c\u00f3mo nuestro equipo promueve un uso responsable de los recursos y refuerza nuestro compromiso con el medio ambiente y la eficiencia energ\u00e9tica.\" \/>\n<meta property=\"og:url\" content=\"https:\/\/www.metrica-global.com\/?p=13576\" \/>\n<meta property=\"og:site_name\" content=\"METRICA\" \/>\n<meta property=\"article:published_time\" content=\"2025-10-21T14:00:24+00:00\" \/>\n<meta property=\"og:image\" content=\"https:\/\/www.metrica-global.com\/wp-content\/uploads\/2025\/10\/BANNER-NOTICIAS-1-1.jpg\" \/>\n\t<meta property=\"og:image:width\" content=\"2560\" \/>\n\t<meta property=\"og:image:height\" content=\"1019\" \/>\n\t<meta property=\"og:image:type\" content=\"image\/jpeg\" \/>\n<meta name=\"author\" content=\"metrica\" \/>\n<meta name=\"twitter:card\" content=\"summary_large_image\" \/>\n<meta name=\"twitter:creator\" content=\"@desarrollo\" \/>\n<meta name=\"twitter:label1\" content=\"Written by\" \/>\n\t<meta name=\"twitter:data1\" content=\"metrica\" \/>\n\t<meta name=\"twitter:label2\" content=\"Est. reading time\" \/>\n\t<meta name=\"twitter:data2\" content=\"1 minute\" \/>\n<script type=\"application\/ld+json\" class=\"yoast-schema-graph\">{\"@context\":\"https:\/\/schema.org\",\"@graph\":[{\"@type\":\"Article\",\"@id\":\"https:\/\/www.metrica-global.com\/?p=13576#article\",\"isPartOf\":{\"@id\":\"https:\/\/www.metrica-global.com\/?p=13576\"},\"author\":{\"name\":\"metrica\",\"@id\":\"https:\/\/www.metrica-global.com\/#\/schema\/person\/2f4208bdc63892f387a04f4106dd0fcb\"},\"headline\":\"D\u00eda Mundial del Ahorro de Energ\u00eda: Cada Gesto Cuenta\",\"datePublished\":\"2025-10-21T14:00:24+00:00\",\"mainEntityOfPage\":{\"@id\":\"https:\/\/www.metrica-global.com\/?p=13576\"},\"wordCount\":305,\"commentCount\":0,\"publisher\":{\"@id\":\"https:\/\/www.metrica-global.com\/#organization\"},\"image\":{\"@id\":\"https:\/\/www.metrica-global.com\/?p=13576#primaryimage\"},\"thumbnailUrl\":\"https:\/\/www.metrica-global.com\/wp-content\/uploads\/2025\/10\/BANNER-NOTICIAS-1-1.jpg\",\"keywords\":[\"Ahorro de energia\",\"cultura organizacional\",\"Eficiencia energetica\",\"empresas sostenibles\",\"energ\u00eda sostenible\",\"ESG\",\"Medio Ambiente\",\"METRICA\",\"Responsabilidad corporativa\",\"sostenibilidad en la oficina\",\"The Metrica Change\"],\"articleSection\":[\"Actualidad\",\"Sostenibilidad\"],\"inLanguage\":\"es-CL\",\"potentialAction\":[{\"@type\":\"CommentAction\",\"name\":\"Comment\",\"target\":[\"https:\/\/www.metrica-global.com\/?p=13576#respond\"]}]},{\"@type\":\"WebPage\",\"@id\":\"https:\/\/www.metrica-global.com\/?p=13576\",\"url\":\"https:\/\/www.metrica-global.com\/?p=13576\",\"name\":\"D\u00eda Mundial del Ahorro de Energ\u00eda: Cada Gesto Cuenta - METRICA\",\"isPartOf\":{\"@id\":\"https:\/\/www.metrica-global.com\/#website\"},\"primaryImageOfPage\":{\"@id\":\"https:\/\/www.metrica-global.com\/?p=13576#primaryimage\"},\"image\":{\"@id\":\"https:\/\/www.metrica-global.com\/?p=13576#primaryimage\"},\"thumbnailUrl\":\"https:\/\/www.metrica-global.com\/wp-content\/uploads\/2025\/10\/BANNER-NOTICIAS-1-1.jpg\",\"datePublished\":\"2025-10-21T14:00:24+00:00\",\"breadcrumb\":{\"@id\":\"https:\/\/www.metrica-global.com\/?p=13576#breadcrumb\"},\"inLanguage\":\"es-CL\",\"potentialAction\":[{\"@type\":\"ReadAction\",\"target\":[\"https:\/\/www.metrica-global.com\/?p=13576\"]}]},{\"@type\":\"ImageObject\",\"inLanguage\":\"es-CL\",\"@id\":\"https:\/\/www.metrica-global.com\/?p=13576#primaryimage\",\"url\":\"https:\/\/www.metrica-global.com\/wp-content\/uploads\/2025\/10\/BANNER-NOTICIAS-1-1.jpg\",\"contentUrl\":\"https:\/\/www.metrica-global.com\/wp-content\/uploads\/2025\/10\/BANNER-NOTICIAS-1-1.jpg\",\"width\":2560,\"height\":1019,\"caption\":\"Cada gesto cuenta\"},{\"@type\":\"BreadcrumbList\",\"@id\":\"https:\/\/www.metrica-global.com\/?p=13576#breadcrumb\",\"itemListElement\":[{\"@type\":\"ListItem\",\"position\":1,\"name\":\"Portada\",\"item\":\"https:\/\/www.metrica-global.com\/pt\/\"},{\"@type\":\"ListItem\",\"position\":2,\"name\":\"D\u00eda Mundial del Ahorro de Energ\u00eda: Cada Gesto Cuenta\"}]},{\"@type\":\"WebSite\",\"@id\":\"https:\/\/www.metrica-global.com\/#website\",\"url\":\"https:\/\/www.metrica-global.com\/\",\"name\":\"METRICA\",\"description\":\"Servicios Globales IT\",\"publisher\":{\"@id\":\"https:\/\/www.metrica-global.com\/#organization\"},\"potentialAction\":[{\"@type\":\"SearchAction\",\"target\":{\"@type\":\"EntryPoint\",\"urlTemplate\":\"https:\/\/www.metrica-global.com\/?s={search_term_string}\"},\"query-input\":{\"@type\":\"PropertyValueSpecification\",\"valueRequired\":true,\"valueName\":\"search_term_string\"}}],\"inLanguage\":\"es-CL\"},{\"@type\":\"Organization\",\"@id\":\"https:\/\/www.metrica-global.com\/#organization\",\"name\":\"METRICA\",\"url\":\"https:\/\/www.metrica-global.com\/\",\"logo\":{\"@type\":\"ImageObject\",\"inLanguage\":\"es-CL\",\"@id\":\"https:\/\/www.metrica-global.com\/#\/schema\/logo\/image\/\",\"url\":\"https:\/\/www.metrica-global.com\/wp-content\/uploads\/2023\/12\/logo-metrica.png\",\"contentUrl\":\"https:\/\/www.metrica-global.com\/wp-content\/uploads\/2023\/12\/logo-metrica.png\",\"width\":332,\"height\":58,\"caption\":\"METRICA\"},\"image\":{\"@id\":\"https:\/\/www.metrica-global.com\/#\/schema\/logo\/image\/\"}},{\"@type\":\"Person\",\"@id\":\"https:\/\/www.metrica-global.com\/#\/schema\/person\/2f4208bdc63892f387a04f4106dd0fcb\",\"name\":\"metrica\",\"image\":{\"@type\":\"ImageObject\",\"inLanguage\":\"es-CL\",\"@id\":\"https:\/\/www.metrica-global.com\/#\/schema\/person\/image\/\",\"url\":\"https:\/\/secure.gravatar.com\/avatar\/735533d52394faf02a8736d8f477256b9fb421f39d81c48c55ea37c267061786?s=96&d=mm&r=g\",\"contentUrl\":\"https:\/\/secure.gravatar.com\/avatar\/735533d52394faf02a8736d8f477256b9fb421f39d81c48c55ea37c267061786?s=96&d=mm&r=g\",\"caption\":\"metrica\"},\"sameAs\":[\"https:\/\/x.com\/desarrollo\"],\"url\":\"https:\/\/www.metrica-global.com\/cl\/author\/metrica\/\"}]}<\/script>\n<!-- \/ Yoast SEO plugin. -->","yoast_head_json":{"title":"D\u00eda Mundial del Ahorro de Energ\u00eda: Cada Gesto Cuenta - METRICA","robots":{"index":"index","follow":"follow","max-snippet":"max-snippet:-1","max-image-preview":"max-image-preview:large","max-video-preview":"max-video-preview:-1"},"canonical":"https:\/\/www.metrica-global.com\/?p=13576","og_locale":"es_ES","og_type":"article","og_title":"D\u00eda Mundial del Ahorro de Energ\u00eda: Cada Gesto Cuenta - METRICA","og_description":"Descubre c\u00f3mo nuestro equipo promueve un uso responsable de los recursos y refuerza nuestro compromiso con el medio ambiente y la eficiencia energ\u00e9tica.","og_url":"https:\/\/www.metrica-global.com\/?p=13576","og_site_name":"METRICA","article_published_time":"2025-10-21T14:00:24+00:00","og_image":[{"width":2560,"height":1019,"url":"https:\/\/www.metrica-global.com\/wp-content\/uploads\/2025\/10\/BANNER-NOTICIAS-1-1.jpg","type":"image\/jpeg"}],"author":"metrica","twitter_card":"summary_large_image","twitter_creator":"@desarrollo","twitter_misc":{"Written by":"metrica","Est. reading time":"1 minute"},"schema":{"@context":"https:\/\/schema.org","@graph":[{"@type":"Article","@id":"https:\/\/www.metrica-global.com\/?p=13576#article","isPartOf":{"@id":"https:\/\/www.metrica-global.com\/?p=13576"},"author":{"name":"metrica","@id":"https:\/\/www.metrica-global.com\/#\/schema\/person\/2f4208bdc63892f387a04f4106dd0fcb"},"headline":"D\u00eda Mundial del Ahorro de Energ\u00eda: Cada Gesto Cuenta","datePublished":"2025-10-21T14:00:24+00:00","mainEntityOfPage":{"@id":"https:\/\/www.metrica-global.com\/?p=13576"},"wordCount":305,"commentCount":0,"publisher":{"@id":"https:\/\/www.metrica-global.com\/#organization"},"image":{"@id":"https:\/\/www.metrica-global.com\/?p=13576#primaryimage"},"thumbnailUrl":"https:\/\/www.metrica-global.com\/wp-content\/uploads\/2025\/10\/BANNER-NOTICIAS-1-1.jpg","keywords":["Ahorro de energia","cultura organizacional","Eficiencia energetica","empresas sostenibles","energ\u00eda sostenible","ESG","Medio Ambiente","METRICA","Responsabilidad corporativa","sostenibilidad en la oficina","The Metrica Change"],"articleSection":["Actualidad","Sostenibilidad"],"inLanguage":"es-CL","potentialAction":[{"@type":"CommentAction","name":"Comment","target":["https:\/\/www.metrica-global.com\/?p=13576#respond"]}]},{"@type":"WebPage","@id":"https:\/\/www.metrica-global.com\/?p=13576","url":"https:\/\/www.metrica-global.com\/?p=13576","name":"D\u00eda Mundial del Ahorro de Energ\u00eda: Cada Gesto Cuenta - METRICA","isPartOf":{"@id":"https:\/\/www.metrica-global.com\/#website"},"primaryImageOfPage":{"@id":"https:\/\/www.metrica-global.com\/?p=13576#primaryimage"},"image":{"@id":"https:\/\/www.metrica-global.com\/?p=13576#primaryimage"},"thumbnailUrl":"https:\/\/www.metrica-global.com\/wp-content\/uploads\/2025\/10\/BANNER-NOTICIAS-1-1.jpg","datePublished":"2025-10-21T14:00:24+00:00","breadcrumb":{"@id":"https:\/\/www.metrica-global.com\/?p=13576#breadcrumb"},"inLanguage":"es-CL","potentialAction":[{"@type":"ReadAction","target":["https:\/\/www.metrica-global.com\/?p=13576"]}]},{"@type":"ImageObject","inLanguage":"es-CL","@id":"https:\/\/www.metrica-global.com\/?p=13576#primaryimage","url":"https:\/\/www.metrica-global.com\/wp-content\/uploads\/2025\/10\/BANNER-NOTICIAS-1-1.jpg","contentUrl":"https:\/\/www.metrica-global.com\/wp-content\/uploads\/2025\/10\/BANNER-NOTICIAS-1-1.jpg","width":2560,"height":1019,"caption":"Cada gesto cuenta"},{"@type":"BreadcrumbList","@id":"https:\/\/www.metrica-global.com\/?p=13576#breadcrumb","itemListElement":[{"@type":"ListItem","position":1,"name":"Portada","item":"https:\/\/www.metrica-global.com\/pt\/"},{"@type":"ListItem","position":2,"name":"D\u00eda Mundial del Ahorro de Energ\u00eda: Cada Gesto Cuenta"}]},{"@type":"WebSite","@id":"https:\/\/www.metrica-global.com\/#website","url":"https:\/\/www.metrica-global.com\/","name":"METRICA","description":"Servicios Globales IT","publisher":{"@id":"https:\/\/www.metrica-global.com\/#organization"},"potentialAction":[{"@type":"SearchAction","target":{"@type":"EntryPoint","urlTemplate":"https:\/\/www.metrica-global.com\/?s={search_term_string}"},"query-input":{"@type":"PropertyValueSpecification","valueRequired":true,"valueName":"search_term_string"}}],"inLanguage":"es-CL"},{"@type":"Organization","@id":"https:\/\/www.metrica-global.com\/#organization","name":"METRICA","url":"https:\/\/www.metrica-global.com\/","logo":{"@type":"ImageObject","inLanguage":"es-CL","@id":"https:\/\/www.metrica-global.com\/#\/schema\/logo\/image\/","url":"https:\/\/www.metrica-global.com\/wp-content\/uploads\/2023\/12\/logo-metrica.png","contentUrl":"https:\/\/www.metrica-global.com\/wp-content\/uploads\/2023\/12\/logo-metrica.png","width":332,"height":58,"caption":"METRICA"},"image":{"@id":"https:\/\/www.metrica-global.com\/#\/schema\/logo\/image\/"}},{"@type":"Person","@id":"https:\/\/www.metrica-global.com\/#\/schema\/person\/2f4208bdc63892f387a04f4106dd0fcb","name":"metrica","image":{"@type":"ImageObject","inLanguage":"es-CL","@id":"https:\/\/www.metrica-global.com\/#\/schema\/person\/image\/","url":"https:\/\/secure.gravatar.com\/avatar\/735533d52394faf02a8736d8f477256b9fb421f39d81c48c55ea37c267061786?s=96&d=mm&r=g","contentUrl":"https:\/\/secure.gravatar.com\/avatar\/735533d52394faf02a8736d8f477256b9fb421f39d81c48c55ea37c267061786?s=96&d=mm&r=g","caption":"metrica"},"sameAs":["https:\/\/x.com\/desarrollo"],"url":"https:\/\/www.metrica-global.com\/cl\/author\/metrica\/"}]}},"_links":{"self":[{"href":"https:\/\/www.metrica-global.com\/cl\/wp-json\/wp\/v2\/posts\/13584","targetHints":{"allow":["GET"]}}],"collection":[{"href":"https:\/\/www.metrica-global.com\/cl\/wp-json\/wp\/v2\/posts"}],"about":[{"href":"https:\/\/www.metrica-global.com\/cl\/wp-json\/wp\/v2\/types\/post"}],"author":[{"embeddable":true,"href":"https:\/\/www.metrica-global.com\/cl\/wp-json\/wp\/v2\/users\/2"}],"replies":[{"embeddable":true,"href":"https:\/\/www.metrica-global.com\/cl\/wp-json\/wp\/v2\/comments?post=13584"}],"version-history":[{"count":1,"href":"https:\/\/www.metrica-global.com\/cl\/wp-json\/wp\/v2\/posts\/13584\/revisions"}],"predecessor-version":[{"id":13595,"href":"https:\/\/www.metrica-global.com\/cl\/wp-json\/wp\/v2\/posts\/13584\/revisions\/13595"}],"wp:featuredmedia":[{"embeddable":true,"href":"https:\/\/www.metrica-global.com\/cl\/wp-json\/wp\/v2\/media\/13578"}],"wp:attachment":[{"href":"https:\/\/www.metrica-global.com\/cl\/wp-json\/wp\/v2\/media?parent=13584"}],"wp:term":[{"taxonomy":"category","embeddable":true,"href":"https:\/\/www.metrica-global.com\/cl\/wp-json\/wp\/v2\/categories?post=13584"},{"taxonomy":"post_tag","embeddable":true,"href":"https:\/\/www.metrica-global.com\/cl\/wp-json\/wp\/v2\/tags?post=13584"}],"curies":[{"name":"wp","href":"https:\/\/api.w.org\/{rel}","templated":true}]}}