{"id":5203,"date":"2025-05-26T13:20:46","date_gmt":"2025-05-26T13:20:46","guid":{"rendered":"https:\/\/www.metrica-global.com\/?p=5203"},"modified":"2025-06-09T13:53:37","modified_gmt":"2025-06-09T13:53:37","slug":"caso-de-exito-desarrollo-y-gestion-para-lacem-en-chile","status":"publish","type":"post","link":"https:\/\/www.metrica-global.com\/cl\/caso-de-exito-desarrollo-y-gestion-para-lacem-en-chile\/","title":{"rendered":"Caso de \u00e9xito:  Desarrollo y Gesti\u00f3n para LACEM en Chile"},"content":{"rendered":"\r\n<h2><b>Una alianza de impacto: soporte \u00e1gil y soluciones a medida<\/b><\/h2>\r\n<p><span style=\"font-weight: 400;\">Desde hace dos a\u00f1os, METRICA Chile trabaja junto a <\/span><b>LACEM<\/b><span style=\"font-weight: 400;\">, referente en servicios de medici\u00f3n y monitoreo, en un proceso de transformaci\u00f3n tecnol\u00f3gica que ha fortalecido significativamente sus operaciones diarias. Nuestra alianza abarca desde el soporte t\u00e9cnico integral hasta el desarrollo de sistemas personalizados para sus operaciones en terreno.<\/span><\/p>\r\n<h2>\u00a0<\/h2>\r\n<h2><b>Servicios gestionados: agilidad en la gesti\u00f3n y soporte<\/b><\/h2>\r\n<p><span style=\"font-weight: 400;\">Uno de los principales ejes de nuestra colaboraci\u00f3n ha sido la mejora de los procesos de <\/span><b>mesa de ayuda<\/b><span style=\"font-weight: 400;\"> y <\/span><b>gesti\u00f3n de soporte<\/b><span style=\"font-weight: 400;\">. A trav\u00e9s de nuestros servicios gestionados, hemos implementado un modelo que permite responder en tiempo real a las necesidades y solicitudes del personal operativo de LACEM.<\/span><\/p>\r\n<p><span style=\"font-weight: 400;\">Este modelo ha logrado:<\/span><\/p>\r\n<ul>\r\n<li style=\"font-weight: 400;\" aria-level=\"1\"><span style=\"font-weight: 400;\">Reducir los tiempos de respuesta ante incidencias.<\/span><\/li>\r\n<li style=\"font-weight: 400;\" aria-level=\"1\"><span style=\"font-weight: 400;\">Aumentar la eficiencia en la resoluci\u00f3n de problemas t\u00e9cnicos.<\/span><\/li>\r\n<li style=\"font-weight: 400;\" aria-level=\"1\"><span style=\"font-weight: 400;\">Mejorar la experiencia de los usuarios internos, garantizando continuidad y soporte en todos los niveles.<\/span><\/li>\r\n<\/ul>\r\n<p><span style=\"font-weight: 400;\">Gracias a esta estructura, LACEM ha podido contar con un servicio de soporte \u00e1gil, confiable y alineado con su ritmo operativo.<\/span><\/p>\r\n<h2>\u00a0<\/h2>\r\n<h2><b>Desarrollo tecnol\u00f3gico para el monitoreo en terreno<\/b><\/h2>\r\n<p><span style=\"font-weight: 400;\">El segundo pilar de este caso de \u00e9xito es el desarrollo de un sistema digital innovador para los servicios operacionales de LACEM. METRICA dise\u00f1\u00f3 e implement\u00f3 una soluci\u00f3n compuesta por una <\/span><b>aplicaci\u00f3n web y una APK m\u00f3vil<\/b><span style=\"font-weight: 400;\">, orientadas a la <\/span><b>gesti\u00f3n de mediciones con dens\u00edmetro nuclear en terreno<\/b><span style=\"font-weight: 400;\">.<\/span><\/p>\r\n<p><span style=\"font-weight: 400;\">Este sistema permite:<\/span><\/p>\r\n<ul>\r\n<li style=\"font-weight: 400;\" aria-level=\"1\"><span style=\"font-weight: 400;\">Completar datos directamente desde el terreno, sin retrasos ni duplicidad.<\/span><\/li>\r\n<li style=\"font-weight: 400;\" aria-level=\"1\"><span style=\"font-weight: 400;\">Generar autom\u00e1ticamente informes con <\/span><b>validaci\u00f3n<\/b><span style=\"font-weight: 400;\">, <\/span><b>firma digital<\/b><span style=\"font-weight: 400;\"> y <\/span><b>publicaci\u00f3n integrada<\/b><span style=\"font-weight: 400;\">.<\/span><\/li>\r\n<li style=\"font-weight: 400;\" aria-level=\"1\"><span style=\"font-weight: 400;\">Fortalecer el control operacional mediante un desarrollo a medida.<\/span><\/li>\r\n<li style=\"font-weight: 400;\" aria-level=\"1\"><span style=\"font-weight: 400;\">Reducir el margen de error y mejorar la trazabilidad del proceso.<\/span><\/li>\r\n<\/ul>\r\n<p><span style=\"font-weight: 400;\">La soluci\u00f3n ha sido clave para profesionalizar a\u00fan m\u00e1s los servicios de monitoreo, aumentando la confiabilidad y reduciendo significativamente los tiempos administrativos.<\/span><\/p>\r\n<h2>\u00a0<\/h2>\r\n<h2><b>Tecnolog\u00eda que potencia el rendimiento<\/b><\/h2>\r\n<p><span style=\"font-weight: 400;\">M\u00e1s all\u00e1 de la implementaci\u00f3n t\u00e9cnica, este proyecto con LACEM ha estado acompa\u00f1ado por una <\/span><b>consultor\u00eda estrat\u00e9gica<\/b><span style=\"font-weight: 400;\"> que ha guiado la adopci\u00f3n tecnol\u00f3gica en funci\u00f3n de los desaf\u00edos operativos reales. En METRICA entendemos que cada organizaci\u00f3n necesita un enfoque propio, y por eso dise\u00f1amos soluciones alineadas con su contexto, su equipo y sus objetivos.<\/span><\/p>\r\n","protected":false},"excerpt":{"rendered":"<p>En METRICA Chile impulsamos el rendimiento operativo de nuestros clientes con soluciones adaptadas, \u00e1giles y centradas en las personas. As\u00ed lo demuestra nuestra colaboraci\u00f3n con LACEM, donde combinamos servicios gestionados y desarrollo tecnol\u00f3gico para modernizar procesos cr\u00edticos y mejorar la experiencia del usuario.<\/p>\n","protected":false},"author":1,"featured_media":5217,"comment_status":"open","ping_status":"open","sticky":false,"template":"","format":"standard","meta":{"content-type":"","footnotes":""},"categories":[374],"tags":[424,417,423,421,419,426,418,420,425,422],"class_list":["post-5203","post","type-post","status-publish","format-standard","has-post-thumbnail","hentry","category-servicios-cl","tag-aplicacionmovil","tag-casodeexito-cl","tag-controlenterreno","tag-desarrollotecnologico","tag-lacem","tag-mesadeayuda-cl","tag-metricachile-cl","tag-serviciosgestionados","tag-tecnologiaconimpacto","tag-transformacionoperativa"],"yoast_head":"<!-- This site is optimized with the Yoast SEO plugin v25.9 - https:\/\/yoast.com\/wordpress\/plugins\/seo\/ -->\n<title>Caso de \u00e9xito: Desarrollo y Gesti\u00f3n para LACEM en Chile - METRICA<\/title>\n<meta name=\"robots\" content=\"index, follow, max-snippet:-1, max-image-preview:large, max-video-preview:-1\" \/>\n<link rel=\"canonical\" href=\"https:\/\/www.metrica-global.com\/cl\/caso-de-exito-desarrollo-y-gestion-para-lacem-en-chile\/\" \/>\n<meta property=\"og:locale\" content=\"es_ES\" \/>\n<meta property=\"og:type\" content=\"article\" \/>\n<meta property=\"og:title\" content=\"Caso de \u00e9xito: Desarrollo y Gesti\u00f3n para LACEM en Chile - METRICA\" \/>\n<meta property=\"og:description\" content=\"En METRICA Chile impulsamos el rendimiento operativo de nuestros clientes con soluciones adaptadas, \u00e1giles y centradas en las personas. As\u00ed lo demuestra nuestra colaboraci\u00f3n con LACEM, donde combinamos servicios gestionados y desarrollo tecnol\u00f3gico para modernizar procesos cr\u00edticos y mejorar la experiencia del usuario.\" \/>\n<meta property=\"og:url\" content=\"https:\/\/www.metrica-global.com\/cl\/caso-de-exito-desarrollo-y-gestion-para-lacem-en-chile\/\" \/>\n<meta property=\"og:site_name\" content=\"METRICA\" \/>\n<meta property=\"article:published_time\" content=\"2025-05-26T13:20:46+00:00\" \/>\n<meta property=\"article:modified_time\" content=\"2025-06-09T13:53:37+00:00\" \/>\n<meta property=\"og:image\" content=\"https:\/\/www.metrica-global.com\/wp-content\/uploads\/2025\/05\/METRICA-ANDINA-2024-94-min-scaled.jpg\" \/>\n\t<meta property=\"og:image:width\" content=\"2560\" \/>\n\t<meta property=\"og:image:height\" content=\"1707\" \/>\n\t<meta property=\"og:image:type\" content=\"image\/jpeg\" \/>\n<meta name=\"author\" content=\"desarrollo\" \/>\n<meta name=\"twitter:card\" content=\"summary_large_image\" \/>\n<meta name=\"twitter:label1\" content=\"Written by\" \/>\n\t<meta name=\"twitter:data1\" content=\"desarrollo\" \/>\n\t<meta name=\"twitter:label2\" content=\"Est. reading time\" \/>\n\t<meta name=\"twitter:data2\" content=\"2 minutes\" \/>\n<script type=\"application\/ld+json\" class=\"yoast-schema-graph\">{\"@context\":\"https:\/\/schema.org\",\"@graph\":[{\"@type\":\"Article\",\"@id\":\"https:\/\/www.metrica-global.com\/cl\/caso-de-exito-desarrollo-y-gestion-para-lacem-en-chile\/#article\",\"isPartOf\":{\"@id\":\"https:\/\/www.metrica-global.com\/cl\/caso-de-exito-desarrollo-y-gestion-para-lacem-en-chile\/\"},\"author\":{\"name\":\"desarrollo\",\"@id\":\"https:\/\/www.metrica-global.com\/#\/schema\/person\/78e8e629d9e5908167469b249f6f2cdc\"},\"headline\":\"Caso de \u00e9xito: Desarrollo y Gesti\u00f3n para LACEM en Chile\",\"datePublished\":\"2025-05-26T13:20:46+00:00\",\"dateModified\":\"2025-06-09T13:53:37+00:00\",\"mainEntityOfPage\":{\"@id\":\"https:\/\/www.metrica-global.com\/cl\/caso-de-exito-desarrollo-y-gestion-para-lacem-en-chile\/\"},\"wordCount\":398,\"commentCount\":0,\"publisher\":{\"@id\":\"https:\/\/www.metrica-global.com\/#organization\"},\"image\":{\"@id\":\"https:\/\/www.metrica-global.com\/cl\/caso-de-exito-desarrollo-y-gestion-para-lacem-en-chile\/#primaryimage\"},\"thumbnailUrl\":\"https:\/\/www.metrica-global.com\/wp-content\/uploads\/2025\/05\/METRICA-ANDINA-2024-94-min-scaled.jpg\",\"keywords\":[\"AplicacionMovil\",\"CasoDe\u00c9xito\",\"ControlEnTerreno\",\"DesarrolloTecnol\u00f3gico\",\"LACEM\",\"MesaDeAyuda\",\"METRICAChile\",\"ServiciosGestionados\",\"TecnologiaConImpacto\",\"TransformacionOperativa\"],\"articleSection\":[\"Servicios\"],\"inLanguage\":\"es-CL\",\"potentialAction\":[{\"@type\":\"CommentAction\",\"name\":\"Comment\",\"target\":[\"https:\/\/www.metrica-global.com\/cl\/caso-de-exito-desarrollo-y-gestion-para-lacem-en-chile\/#respond\"]}]},{\"@type\":\"WebPage\",\"@id\":\"https:\/\/www.metrica-global.com\/cl\/caso-de-exito-desarrollo-y-gestion-para-lacem-en-chile\/\",\"url\":\"https:\/\/www.metrica-global.com\/cl\/caso-de-exito-desarrollo-y-gestion-para-lacem-en-chile\/\",\"name\":\"Caso de \u00e9xito: Desarrollo y Gesti\u00f3n para LACEM en Chile - METRICA\",\"isPartOf\":{\"@id\":\"https:\/\/www.metrica-global.com\/#website\"},\"primaryImageOfPage\":{\"@id\":\"https:\/\/www.metrica-global.com\/cl\/caso-de-exito-desarrollo-y-gestion-para-lacem-en-chile\/#primaryimage\"},\"image\":{\"@id\":\"https:\/\/www.metrica-global.com\/cl\/caso-de-exito-desarrollo-y-gestion-para-lacem-en-chile\/#primaryimage\"},\"thumbnailUrl\":\"https:\/\/www.metrica-global.com\/wp-content\/uploads\/2025\/05\/METRICA-ANDINA-2024-94-min-scaled.jpg\",\"datePublished\":\"2025-05-26T13:20:46+00:00\",\"dateModified\":\"2025-06-09T13:53:37+00:00\",\"breadcrumb\":{\"@id\":\"https:\/\/www.metrica-global.com\/cl\/caso-de-exito-desarrollo-y-gestion-para-lacem-en-chile\/#breadcrumb\"},\"inLanguage\":\"es-CL\",\"potentialAction\":[{\"@type\":\"ReadAction\",\"target\":[\"https:\/\/www.metrica-global.com\/cl\/caso-de-exito-desarrollo-y-gestion-para-lacem-en-chile\/\"]}]},{\"@type\":\"ImageObject\",\"inLanguage\":\"es-CL\",\"@id\":\"https:\/\/www.metrica-global.com\/cl\/caso-de-exito-desarrollo-y-gestion-para-lacem-en-chile\/#primaryimage\",\"url\":\"https:\/\/www.metrica-global.com\/wp-content\/uploads\/2025\/05\/METRICA-ANDINA-2024-94-min-scaled.jpg\",\"contentUrl\":\"https:\/\/www.metrica-global.com\/wp-content\/uploads\/2025\/05\/METRICA-ANDINA-2024-94-min-scaled.jpg\",\"width\":2560,\"height\":1707},{\"@type\":\"BreadcrumbList\",\"@id\":\"https:\/\/www.metrica-global.com\/cl\/caso-de-exito-desarrollo-y-gestion-para-lacem-en-chile\/#breadcrumb\",\"itemListElement\":[{\"@type\":\"ListItem\",\"position\":1,\"name\":\"Portada\",\"item\":\"https:\/\/www.metrica-global.com\/pt\/\"},{\"@type\":\"ListItem\",\"position\":2,\"name\":\"Caso de \u00e9xito: Desarrollo y Gesti\u00f3n para LACEM en Chile\"}]},{\"@type\":\"WebSite\",\"@id\":\"https:\/\/www.metrica-global.com\/#website\",\"url\":\"https:\/\/www.metrica-global.com\/\",\"name\":\"METRICA\",\"description\":\"Servicios Globales IT\",\"publisher\":{\"@id\":\"https:\/\/www.metrica-global.com\/#organization\"},\"potentialAction\":[{\"@type\":\"SearchAction\",\"target\":{\"@type\":\"EntryPoint\",\"urlTemplate\":\"https:\/\/www.metrica-global.com\/?s={search_term_string}\"},\"query-input\":{\"@type\":\"PropertyValueSpecification\",\"valueRequired\":true,\"valueName\":\"search_term_string\"}}],\"inLanguage\":\"es-CL\"},{\"@type\":\"Organization\",\"@id\":\"https:\/\/www.metrica-global.com\/#organization\",\"name\":\"METRICA\",\"url\":\"https:\/\/www.metrica-global.com\/\",\"logo\":{\"@type\":\"ImageObject\",\"inLanguage\":\"es-CL\",\"@id\":\"https:\/\/www.metrica-global.com\/#\/schema\/logo\/image\/\",\"url\":\"https:\/\/www.metrica-global.com\/wp-content\/uploads\/2023\/12\/logo-metrica.png\",\"contentUrl\":\"https:\/\/www.metrica-global.com\/wp-content\/uploads\/2023\/12\/logo-metrica.png\",\"width\":332,\"height\":58,\"caption\":\"METRICA\"},\"image\":{\"@id\":\"https:\/\/www.metrica-global.com\/#\/schema\/logo\/image\/\"}},{\"@type\":\"Person\",\"@id\":\"https:\/\/www.metrica-global.com\/#\/schema\/person\/78e8e629d9e5908167469b249f6f2cdc\",\"name\":\"desarrollo\",\"image\":{\"@type\":\"ImageObject\",\"inLanguage\":\"es-CL\",\"@id\":\"https:\/\/www.metrica-global.com\/#\/schema\/person\/image\/\",\"url\":\"https:\/\/secure.gravatar.com\/avatar\/d2653fb8f170e1382a31acc69dcf92e99545e6329805eb11d8a34443b058f3de?s=96&d=mm&r=g\",\"contentUrl\":\"https:\/\/secure.gravatar.com\/avatar\/d2653fb8f170e1382a31acc69dcf92e99545e6329805eb11d8a34443b058f3de?s=96&d=mm&r=g\",\"caption\":\"desarrollo\"},\"url\":\"https:\/\/www.metrica-global.com\/cl\/author\/desarrollo\/\"}]}<\/script>\n<!-- \/ Yoast SEO plugin. -->","yoast_head_json":{"title":"Caso de \u00e9xito: Desarrollo y Gesti\u00f3n para LACEM en Chile - METRICA","robots":{"index":"index","follow":"follow","max-snippet":"max-snippet:-1","max-image-preview":"max-image-preview:large","max-video-preview":"max-video-preview:-1"},"canonical":"https:\/\/www.metrica-global.com\/cl\/caso-de-exito-desarrollo-y-gestion-para-lacem-en-chile\/","og_locale":"es_ES","og_type":"article","og_title":"Caso de \u00e9xito: Desarrollo y Gesti\u00f3n para LACEM en Chile - METRICA","og_description":"En METRICA Chile impulsamos el rendimiento operativo de nuestros clientes con soluciones adaptadas, \u00e1giles y centradas en las personas. As\u00ed lo demuestra nuestra colaboraci\u00f3n con LACEM, donde combinamos servicios gestionados y desarrollo tecnol\u00f3gico para modernizar procesos cr\u00edticos y mejorar la experiencia del usuario.","og_url":"https:\/\/www.metrica-global.com\/cl\/caso-de-exito-desarrollo-y-gestion-para-lacem-en-chile\/","og_site_name":"METRICA","article_published_time":"2025-05-26T13:20:46+00:00","article_modified_time":"2025-06-09T13:53:37+00:00","og_image":[{"width":2560,"height":1707,"url":"https:\/\/www.metrica-global.com\/wp-content\/uploads\/2025\/05\/METRICA-ANDINA-2024-94-min-scaled.jpg","type":"image\/jpeg"}],"author":"desarrollo","twitter_card":"summary_large_image","twitter_misc":{"Written by":"desarrollo","Est. reading time":"2 minutes"},"schema":{"@context":"https:\/\/schema.org","@graph":[{"@type":"Article","@id":"https:\/\/www.metrica-global.com\/cl\/caso-de-exito-desarrollo-y-gestion-para-lacem-en-chile\/#article","isPartOf":{"@id":"https:\/\/www.metrica-global.com\/cl\/caso-de-exito-desarrollo-y-gestion-para-lacem-en-chile\/"},"author":{"name":"desarrollo","@id":"https:\/\/www.metrica-global.com\/#\/schema\/person\/78e8e629d9e5908167469b249f6f2cdc"},"headline":"Caso de \u00e9xito: Desarrollo y Gesti\u00f3n para LACEM en Chile","datePublished":"2025-05-26T13:20:46+00:00","dateModified":"2025-06-09T13:53:37+00:00","mainEntityOfPage":{"@id":"https:\/\/www.metrica-global.com\/cl\/caso-de-exito-desarrollo-y-gestion-para-lacem-en-chile\/"},"wordCount":398,"commentCount":0,"publisher":{"@id":"https:\/\/www.metrica-global.com\/#organization"},"image":{"@id":"https:\/\/www.metrica-global.com\/cl\/caso-de-exito-desarrollo-y-gestion-para-lacem-en-chile\/#primaryimage"},"thumbnailUrl":"https:\/\/www.metrica-global.com\/wp-content\/uploads\/2025\/05\/METRICA-ANDINA-2024-94-min-scaled.jpg","keywords":["AplicacionMovil","CasoDe\u00c9xito","ControlEnTerreno","DesarrolloTecnol\u00f3gico","LACEM","MesaDeAyuda","METRICAChile","ServiciosGestionados","TecnologiaConImpacto","TransformacionOperativa"],"articleSection":["Servicios"],"inLanguage":"es-CL","potentialAction":[{"@type":"CommentAction","name":"Comment","target":["https:\/\/www.metrica-global.com\/cl\/caso-de-exito-desarrollo-y-gestion-para-lacem-en-chile\/#respond"]}]},{"@type":"WebPage","@id":"https:\/\/www.metrica-global.com\/cl\/caso-de-exito-desarrollo-y-gestion-para-lacem-en-chile\/","url":"https:\/\/www.metrica-global.com\/cl\/caso-de-exito-desarrollo-y-gestion-para-lacem-en-chile\/","name":"Caso de \u00e9xito: Desarrollo y Gesti\u00f3n para LACEM en Chile - METRICA","isPartOf":{"@id":"https:\/\/www.metrica-global.com\/#website"},"primaryImageOfPage":{"@id":"https:\/\/www.metrica-global.com\/cl\/caso-de-exito-desarrollo-y-gestion-para-lacem-en-chile\/#primaryimage"},"image":{"@id":"https:\/\/www.metrica-global.com\/cl\/caso-de-exito-desarrollo-y-gestion-para-lacem-en-chile\/#primaryimage"},"thumbnailUrl":"https:\/\/www.metrica-global.com\/wp-content\/uploads\/2025\/05\/METRICA-ANDINA-2024-94-min-scaled.jpg","datePublished":"2025-05-26T13:20:46+00:00","dateModified":"2025-06-09T13:53:37+00:00","breadcrumb":{"@id":"https:\/\/www.metrica-global.com\/cl\/caso-de-exito-desarrollo-y-gestion-para-lacem-en-chile\/#breadcrumb"},"inLanguage":"es-CL","potentialAction":[{"@type":"ReadAction","target":["https:\/\/www.metrica-global.com\/cl\/caso-de-exito-desarrollo-y-gestion-para-lacem-en-chile\/"]}]},{"@type":"ImageObject","inLanguage":"es-CL","@id":"https:\/\/www.metrica-global.com\/cl\/caso-de-exito-desarrollo-y-gestion-para-lacem-en-chile\/#primaryimage","url":"https:\/\/www.metrica-global.com\/wp-content\/uploads\/2025\/05\/METRICA-ANDINA-2024-94-min-scaled.jpg","contentUrl":"https:\/\/www.metrica-global.com\/wp-content\/uploads\/2025\/05\/METRICA-ANDINA-2024-94-min-scaled.jpg","width":2560,"height":1707},{"@type":"BreadcrumbList","@id":"https:\/\/www.metrica-global.com\/cl\/caso-de-exito-desarrollo-y-gestion-para-lacem-en-chile\/#breadcrumb","itemListElement":[{"@type":"ListItem","position":1,"name":"Portada","item":"https:\/\/www.metrica-global.com\/pt\/"},{"@type":"ListItem","position":2,"name":"Caso de \u00e9xito: Desarrollo y Gesti\u00f3n para LACEM en Chile"}]},{"@type":"WebSite","@id":"https:\/\/www.metrica-global.com\/#website","url":"https:\/\/www.metrica-global.com\/","name":"METRICA","description":"Servicios Globales IT","publisher":{"@id":"https:\/\/www.metrica-global.com\/#organization"},"potentialAction":[{"@type":"SearchAction","target":{"@type":"EntryPoint","urlTemplate":"https:\/\/www.metrica-global.com\/?s={search_term_string}"},"query-input":{"@type":"PropertyValueSpecification","valueRequired":true,"valueName":"search_term_string"}}],"inLanguage":"es-CL"},{"@type":"Organization","@id":"https:\/\/www.metrica-global.com\/#organization","name":"METRICA","url":"https:\/\/www.metrica-global.com\/","logo":{"@type":"ImageObject","inLanguage":"es-CL","@id":"https:\/\/www.metrica-global.com\/#\/schema\/logo\/image\/","url":"https:\/\/www.metrica-global.com\/wp-content\/uploads\/2023\/12\/logo-metrica.png","contentUrl":"https:\/\/www.metrica-global.com\/wp-content\/uploads\/2023\/12\/logo-metrica.png","width":332,"height":58,"caption":"METRICA"},"image":{"@id":"https:\/\/www.metrica-global.com\/#\/schema\/logo\/image\/"}},{"@type":"Person","@id":"https:\/\/www.metrica-global.com\/#\/schema\/person\/78e8e629d9e5908167469b249f6f2cdc","name":"desarrollo","image":{"@type":"ImageObject","inLanguage":"es-CL","@id":"https:\/\/www.metrica-global.com\/#\/schema\/person\/image\/","url":"https:\/\/secure.gravatar.com\/avatar\/d2653fb8f170e1382a31acc69dcf92e99545e6329805eb11d8a34443b058f3de?s=96&d=mm&r=g","contentUrl":"https:\/\/secure.gravatar.com\/avatar\/d2653fb8f170e1382a31acc69dcf92e99545e6329805eb11d8a34443b058f3de?s=96&d=mm&r=g","caption":"desarrollo"},"url":"https:\/\/www.metrica-global.com\/cl\/author\/desarrollo\/"}]}},"_links":{"self":[{"href":"https:\/\/www.metrica-global.com\/cl\/wp-json\/wp\/v2\/posts\/5203","targetHints":{"allow":["GET"]}}],"collection":[{"href":"https:\/\/www.metrica-global.com\/cl\/wp-json\/wp\/v2\/posts"}],"about":[{"href":"https:\/\/www.metrica-global.com\/cl\/wp-json\/wp\/v2\/types\/post"}],"author":[{"embeddable":true,"href":"https:\/\/www.metrica-global.com\/cl\/wp-json\/wp\/v2\/users\/1"}],"replies":[{"embeddable":true,"href":"https:\/\/www.metrica-global.com\/cl\/wp-json\/wp\/v2\/comments?post=5203"}],"version-history":[{"count":2,"href":"https:\/\/www.metrica-global.com\/cl\/wp-json\/wp\/v2\/posts\/5203\/revisions"}],"predecessor-version":[{"id":5205,"href":"https:\/\/www.metrica-global.com\/cl\/wp-json\/wp\/v2\/posts\/5203\/revisions\/5205"}],"wp:featuredmedia":[{"embeddable":true,"href":"https:\/\/www.metrica-global.com\/cl\/wp-json\/wp\/v2\/media\/5217"}],"wp:attachment":[{"href":"https:\/\/www.metrica-global.com\/cl\/wp-json\/wp\/v2\/media?parent=5203"}],"wp:term":[{"taxonomy":"category","embeddable":true,"href":"https:\/\/www.metrica-global.com\/cl\/wp-json\/wp\/v2\/categories?post=5203"},{"taxonomy":"post_tag","embeddable":true,"href":"https:\/\/www.metrica-global.com\/cl\/wp-json\/wp\/v2\/tags?post=5203"}],"curies":[{"name":"wp","href":"https:\/\/api.w.org\/{rel}","templated":true}]}}