{"id":5630,"date":"2025-03-25T17:00:00","date_gmt":"2025-03-25T16:00:00","guid":{"rendered":"https:\/\/www.metrica-global.com\/ciberseguridad-el-acertijo-de-la-maleta\/"},"modified":"2025-06-10T10:58:59","modified_gmt":"2025-06-10T10:58:59","slug":"ciberseguridad-el-acertijo-de-la-maleta","status":"publish","type":"post","link":"https:\/\/www.metrica-global.com\/cl\/ciberseguridad-el-acertijo-de-la-maleta\/","title":{"rendered":"Ciberseguridad: El acertijo de la maleta"},"content":{"rendered":"\r\n<p>La <strong>ciberseguridad<\/strong> es un pilar fundamental en la era digital. Cada d\u00eda, millones de datos viajan a trav\u00e9s de redes que pueden ser vulnerables a accesos no autorizados. Para garantizar que solo el destinatario correcto pueda acceder a la informaci\u00f3n, existen t\u00e9cnicas avanzadas como el <strong>cifrado asim\u00e9trico<\/strong>.<\/p>\r\n\r\n\r\n\r\n<p>En este art\u00edculo, te explicamos c\u00f3mo funciona esta tecnolog\u00eda con un acertijo que pone a prueba tu ingenio.<\/p>\r\n\r\n\r\n\r\n<h2 class=\"wp-block-heading\"><strong>El acertijo de la maleta: \u00bfpuedes resolverlo?<\/strong><\/h2>\r\n\r\n\r\n\r\n<p>Imagina que una persona necesita enviar una <strong>maleta confidencial<\/strong> a otra, pero hay un problema: los transportistas que la llevar\u00e1n no son de confianza. \u00bfC\u00f3mo puede asegurarse de que nadie m\u00e1s pueda abrirla durante el trayecto?<\/p>\r\n\r\n\r\n\r\n<p>Para entender mejor este reto, ten en cuenta estas equivalencias:<\/p>\r\n\r\n\r\n\r\n<ul class=\"wp-block-list\">\r\n<li><strong>La maleta<\/strong> representa los <strong>datos que se desean proteger<\/strong>.<\/li>\r\n\r\n\r\n\r\n<li><strong>Los candados<\/strong> simbolizan el <strong>cifrado de la informaci\u00f3n<\/strong>.<\/li>\r\n\r\n\r\n\r\n<li><strong>Los transportistas<\/strong> representan la <strong>red por donde viajan los datos<\/strong>.<\/li>\r\n<\/ul>\r\n\r\n\r\n\r\n<p>Con estos elementos, la pregunta clave es: <strong>\u00bfc\u00f3mo enviar la maleta sin que los transportistas puedan abrirla?<\/strong><\/p>\r\n\r\n\r\n\r\n<h2 class=\"wp-block-heading\"><strong>La soluci\u00f3n: as\u00ed funciona el cifrado asim\u00e9trico<\/strong><\/h2>\r\n\r\n\r\n\r\n<p>El <strong>cifrado asim\u00e9trico<\/strong> permite enviar informaci\u00f3n de forma segura gracias al uso de dos claves: una <strong>p\u00fablica<\/strong>, accesible a todos, y una <strong>privada<\/strong>, que solo posee el destinatario. Aplicando este concepto al acertijo, la soluci\u00f3n es la siguiente:<\/p>\r\n\r\n\r\n\r\n<ol class=\"wp-block-list\">\r\n<li><strong>El remitente coloca su candado en la maleta y la env\u00eda<\/strong>. As\u00ed, aunque los transportistas la transporten, no pueden abrirla.<\/li>\r\n\r\n\r\n\r\n<li><strong>El destinatario a\u00f1ade su propio candado y la devuelve<\/strong>. Ahora, la maleta est\u00e1 protegida con dos candados.<\/li>\r\n\r\n\r\n\r\n<li><strong>El remitente retira su candado y la reenv\u00eda<\/strong>. Como solo queda el candado del destinatario, este es el \u00fanico que puede abrirla y acceder a su contenido.<\/li>\r\n<\/ol>\r\n\r\n\r\n\r\n<p>Este mecanismo es el mismo que se utiliza en el cifrado asim\u00e9trico: <strong>los datos se cifran con una clave p\u00fablica, pero solo pueden descifrarse con la clave privada correspondiente<\/strong>.<\/p>\r\n\r\n\r\n\r\n<h2 class=\"wp-block-heading\"><strong>La importancia del cifrado asim\u00e9trico en la ciberseguridad<\/strong><\/h2>\r\n\r\n\r\n\r\n<p>En METRICA, aplicamos tecnolog\u00edas de cifrado avanzadas para proteger la informaci\u00f3n de nuestros clientes y garantizar la seguridad de sus datos. El <strong>cifrado asim\u00e9trico<\/strong> es clave en muchos sistemas modernos, como las transacciones bancarias, las comunicaciones seguras y el almacenamiento de datos sensibles.<\/p>\r\n\r\n\r\n\r\n<p>Si te interesa seguir aprendiendo sobre <strong>ciberseguridad<\/strong> y buenas pr\u00e1cticas para proteger tu informaci\u00f3n, te invitamos a seguir nuestro blog y nuestras redes sociales, donde compartimos contenido actualizado sobre seguridad digital.<\/p>\r\n","protected":false},"excerpt":{"rendered":"<p>Imagina que una persona necesita enviar una maleta confidencial a otra, pero hay un problema: los transportistas que la llevar\u00e1n no son de confianza. \u00bfC\u00f3mo puede asegurarse de que nadie m\u00e1s pueda abrirla durante el trayecto?<\/p>\n","protected":false},"author":1,"featured_media":5631,"comment_status":"open","ping_status":"open","sticky":false,"template":"","format":"standard","meta":{"content-type":"","footnotes":""},"categories":[449],"tags":[482,428,453,483,484,454,485,457,486,436,385],"class_list":["post-5630","post","type-post","status-publish","format-standard","has-post-thumbnail","hentry","category-calidad-cl","tag-acertijo-cl","tag-ambito-tecnologico-cl","tag-ciberseguridad-cl","tag-cifrado-asimetrico-cl","tag-clave-cl","tag-consejos-de-seguridad-cl","tag-datos-seguros-cl","tag-proteccion-de-datos-cl","tag-proteger-la-informacion-cl","tag-sector-it-cl","tag-tecnologia-cl"],"yoast_head":"<!-- This site is optimized with the Yoast SEO plugin v25.9 - https:\/\/yoast.com\/wordpress\/plugins\/seo\/ -->\n<title>Ciberseguridad: El acertijo de la maleta - METRICA<\/title>\n<meta name=\"robots\" content=\"index, follow, max-snippet:-1, max-image-preview:large, max-video-preview:-1\" \/>\n<link rel=\"canonical\" href=\"https:\/\/www.metrica-global.com\/cl\/ciberseguridad-el-acertijo-de-la-maleta\/\" \/>\n<meta property=\"og:locale\" content=\"es_ES\" \/>\n<meta property=\"og:type\" content=\"article\" \/>\n<meta property=\"og:title\" content=\"Ciberseguridad: El acertijo de la maleta - METRICA\" \/>\n<meta property=\"og:description\" content=\"Imagina que una persona necesita enviar una maleta confidencial a otra, pero hay un problema: los transportistas que la llevar\u00e1n no son de confianza. \u00bfC\u00f3mo puede asegurarse de que nadie m\u00e1s pueda abrirla durante el trayecto?\" \/>\n<meta property=\"og:url\" content=\"https:\/\/www.metrica-global.com\/cl\/ciberseguridad-el-acertijo-de-la-maleta\/\" \/>\n<meta property=\"og:site_name\" content=\"METRICA\" \/>\n<meta property=\"article:published_time\" content=\"2025-03-25T16:00:00+00:00\" \/>\n<meta property=\"article:modified_time\" content=\"2025-06-10T10:58:59+00:00\" \/>\n<meta property=\"og:image\" content=\"https:\/\/www.metrica-global.com\/wp-content\/uploads\/2025\/03\/banner-maleta-scaled-1.jpg\" \/>\n\t<meta property=\"og:image:width\" content=\"2560\" \/>\n\t<meta property=\"og:image:height\" content=\"979\" \/>\n\t<meta property=\"og:image:type\" content=\"image\/jpeg\" \/>\n<meta name=\"author\" content=\"desarrollo\" \/>\n<meta name=\"twitter:card\" content=\"summary_large_image\" \/>\n<meta name=\"twitter:label1\" content=\"Written by\" \/>\n\t<meta name=\"twitter:data1\" content=\"desarrollo\" \/>\n\t<meta name=\"twitter:label2\" content=\"Est. reading time\" \/>\n\t<meta name=\"twitter:data2\" content=\"2 minutes\" \/>\n<script type=\"application\/ld+json\" class=\"yoast-schema-graph\">{\"@context\":\"https:\/\/schema.org\",\"@graph\":[{\"@type\":\"Article\",\"@id\":\"https:\/\/www.metrica-global.com\/cl\/ciberseguridad-el-acertijo-de-la-maleta\/#article\",\"isPartOf\":{\"@id\":\"https:\/\/www.metrica-global.com\/cl\/ciberseguridad-el-acertijo-de-la-maleta\/\"},\"author\":{\"name\":\"desarrollo\",\"@id\":\"https:\/\/www.metrica-global.com\/#\/schema\/person\/78e8e629d9e5908167469b249f6f2cdc\"},\"headline\":\"Ciberseguridad: El acertijo de la maleta\",\"datePublished\":\"2025-03-25T16:00:00+00:00\",\"dateModified\":\"2025-06-10T10:58:59+00:00\",\"mainEntityOfPage\":{\"@id\":\"https:\/\/www.metrica-global.com\/cl\/ciberseguridad-el-acertijo-de-la-maleta\/\"},\"wordCount\":418,\"commentCount\":0,\"publisher\":{\"@id\":\"https:\/\/www.metrica-global.com\/#organization\"},\"image\":{\"@id\":\"https:\/\/www.metrica-global.com\/cl\/ciberseguridad-el-acertijo-de-la-maleta\/#primaryimage\"},\"thumbnailUrl\":\"https:\/\/www.metrica-global.com\/wp-content\/uploads\/2025\/03\/banner-maleta-scaled-1.jpg\",\"keywords\":[\"Acertijo\",\"\u00c1mbito Tecnol\u00f3gico\",\"Ciberseguridad\",\"Cifrado asim\u00e9trico\",\"Clave\",\"Consejos De Seguridad\",\"Datos seguros\",\"Protecci\u00f3n de Datos\",\"Proteger la informaci\u00f3n\",\"Sector IT\",\"Tecnolog\u00eda\"],\"articleSection\":[\"Calidad\"],\"inLanguage\":\"es-CL\",\"potentialAction\":[{\"@type\":\"CommentAction\",\"name\":\"Comment\",\"target\":[\"https:\/\/www.metrica-global.com\/cl\/ciberseguridad-el-acertijo-de-la-maleta\/#respond\"]}]},{\"@type\":\"WebPage\",\"@id\":\"https:\/\/www.metrica-global.com\/cl\/ciberseguridad-el-acertijo-de-la-maleta\/\",\"url\":\"https:\/\/www.metrica-global.com\/cl\/ciberseguridad-el-acertijo-de-la-maleta\/\",\"name\":\"Ciberseguridad: El acertijo de la maleta - METRICA\",\"isPartOf\":{\"@id\":\"https:\/\/www.metrica-global.com\/#website\"},\"primaryImageOfPage\":{\"@id\":\"https:\/\/www.metrica-global.com\/cl\/ciberseguridad-el-acertijo-de-la-maleta\/#primaryimage\"},\"image\":{\"@id\":\"https:\/\/www.metrica-global.com\/cl\/ciberseguridad-el-acertijo-de-la-maleta\/#primaryimage\"},\"thumbnailUrl\":\"https:\/\/www.metrica-global.com\/wp-content\/uploads\/2025\/03\/banner-maleta-scaled-1.jpg\",\"datePublished\":\"2025-03-25T16:00:00+00:00\",\"dateModified\":\"2025-06-10T10:58:59+00:00\",\"breadcrumb\":{\"@id\":\"https:\/\/www.metrica-global.com\/cl\/ciberseguridad-el-acertijo-de-la-maleta\/#breadcrumb\"},\"inLanguage\":\"es-CL\",\"potentialAction\":[{\"@type\":\"ReadAction\",\"target\":[\"https:\/\/www.metrica-global.com\/cl\/ciberseguridad-el-acertijo-de-la-maleta\/\"]}]},{\"@type\":\"ImageObject\",\"inLanguage\":\"es-CL\",\"@id\":\"https:\/\/www.metrica-global.com\/cl\/ciberseguridad-el-acertijo-de-la-maleta\/#primaryimage\",\"url\":\"https:\/\/www.metrica-global.com\/wp-content\/uploads\/2025\/03\/banner-maleta-scaled-1.jpg\",\"contentUrl\":\"https:\/\/www.metrica-global.com\/wp-content\/uploads\/2025\/03\/banner-maleta-scaled-1.jpg\",\"width\":2560,\"height\":979,\"caption\":\"banner maleta scaled 1\"},{\"@type\":\"BreadcrumbList\",\"@id\":\"https:\/\/www.metrica-global.com\/cl\/ciberseguridad-el-acertijo-de-la-maleta\/#breadcrumb\",\"itemListElement\":[{\"@type\":\"ListItem\",\"position\":1,\"name\":\"Portada\",\"item\":\"https:\/\/www.metrica-global.com\/pt\/\"},{\"@type\":\"ListItem\",\"position\":2,\"name\":\"Ciberseguridad: El acertijo de la maleta\"}]},{\"@type\":\"WebSite\",\"@id\":\"https:\/\/www.metrica-global.com\/#website\",\"url\":\"https:\/\/www.metrica-global.com\/\",\"name\":\"METRICA\",\"description\":\"Servicios Globales IT\",\"publisher\":{\"@id\":\"https:\/\/www.metrica-global.com\/#organization\"},\"potentialAction\":[{\"@type\":\"SearchAction\",\"target\":{\"@type\":\"EntryPoint\",\"urlTemplate\":\"https:\/\/www.metrica-global.com\/?s={search_term_string}\"},\"query-input\":{\"@type\":\"PropertyValueSpecification\",\"valueRequired\":true,\"valueName\":\"search_term_string\"}}],\"inLanguage\":\"es-CL\"},{\"@type\":\"Organization\",\"@id\":\"https:\/\/www.metrica-global.com\/#organization\",\"name\":\"METRICA\",\"url\":\"https:\/\/www.metrica-global.com\/\",\"logo\":{\"@type\":\"ImageObject\",\"inLanguage\":\"es-CL\",\"@id\":\"https:\/\/www.metrica-global.com\/#\/schema\/logo\/image\/\",\"url\":\"https:\/\/www.metrica-global.com\/wp-content\/uploads\/2023\/12\/logo-metrica.png\",\"contentUrl\":\"https:\/\/www.metrica-global.com\/wp-content\/uploads\/2023\/12\/logo-metrica.png\",\"width\":332,\"height\":58,\"caption\":\"METRICA\"},\"image\":{\"@id\":\"https:\/\/www.metrica-global.com\/#\/schema\/logo\/image\/\"}},{\"@type\":\"Person\",\"@id\":\"https:\/\/www.metrica-global.com\/#\/schema\/person\/78e8e629d9e5908167469b249f6f2cdc\",\"name\":\"desarrollo\",\"image\":{\"@type\":\"ImageObject\",\"inLanguage\":\"es-CL\",\"@id\":\"https:\/\/www.metrica-global.com\/#\/schema\/person\/image\/\",\"url\":\"https:\/\/secure.gravatar.com\/avatar\/d2653fb8f170e1382a31acc69dcf92e99545e6329805eb11d8a34443b058f3de?s=96&d=mm&r=g\",\"contentUrl\":\"https:\/\/secure.gravatar.com\/avatar\/d2653fb8f170e1382a31acc69dcf92e99545e6329805eb11d8a34443b058f3de?s=96&d=mm&r=g\",\"caption\":\"desarrollo\"},\"url\":\"https:\/\/www.metrica-global.com\/cl\/author\/desarrollo\/\"}]}<\/script>\n<!-- \/ Yoast SEO plugin. -->","yoast_head_json":{"title":"Ciberseguridad: El acertijo de la maleta - METRICA","robots":{"index":"index","follow":"follow","max-snippet":"max-snippet:-1","max-image-preview":"max-image-preview:large","max-video-preview":"max-video-preview:-1"},"canonical":"https:\/\/www.metrica-global.com\/cl\/ciberseguridad-el-acertijo-de-la-maleta\/","og_locale":"es_ES","og_type":"article","og_title":"Ciberseguridad: El acertijo de la maleta - METRICA","og_description":"Imagina que una persona necesita enviar una maleta confidencial a otra, pero hay un problema: los transportistas que la llevar\u00e1n no son de confianza. \u00bfC\u00f3mo puede asegurarse de que nadie m\u00e1s pueda abrirla durante el trayecto?","og_url":"https:\/\/www.metrica-global.com\/cl\/ciberseguridad-el-acertijo-de-la-maleta\/","og_site_name":"METRICA","article_published_time":"2025-03-25T16:00:00+00:00","article_modified_time":"2025-06-10T10:58:59+00:00","og_image":[{"width":2560,"height":979,"url":"https:\/\/www.metrica-global.com\/wp-content\/uploads\/2025\/03\/banner-maleta-scaled-1.jpg","type":"image\/jpeg"}],"author":"desarrollo","twitter_card":"summary_large_image","twitter_misc":{"Written by":"desarrollo","Est. reading time":"2 minutes"},"schema":{"@context":"https:\/\/schema.org","@graph":[{"@type":"Article","@id":"https:\/\/www.metrica-global.com\/cl\/ciberseguridad-el-acertijo-de-la-maleta\/#article","isPartOf":{"@id":"https:\/\/www.metrica-global.com\/cl\/ciberseguridad-el-acertijo-de-la-maleta\/"},"author":{"name":"desarrollo","@id":"https:\/\/www.metrica-global.com\/#\/schema\/person\/78e8e629d9e5908167469b249f6f2cdc"},"headline":"Ciberseguridad: El acertijo de la maleta","datePublished":"2025-03-25T16:00:00+00:00","dateModified":"2025-06-10T10:58:59+00:00","mainEntityOfPage":{"@id":"https:\/\/www.metrica-global.com\/cl\/ciberseguridad-el-acertijo-de-la-maleta\/"},"wordCount":418,"commentCount":0,"publisher":{"@id":"https:\/\/www.metrica-global.com\/#organization"},"image":{"@id":"https:\/\/www.metrica-global.com\/cl\/ciberseguridad-el-acertijo-de-la-maleta\/#primaryimage"},"thumbnailUrl":"https:\/\/www.metrica-global.com\/wp-content\/uploads\/2025\/03\/banner-maleta-scaled-1.jpg","keywords":["Acertijo","\u00c1mbito Tecnol\u00f3gico","Ciberseguridad","Cifrado asim\u00e9trico","Clave","Consejos De Seguridad","Datos seguros","Protecci\u00f3n de Datos","Proteger la informaci\u00f3n","Sector IT","Tecnolog\u00eda"],"articleSection":["Calidad"],"inLanguage":"es-CL","potentialAction":[{"@type":"CommentAction","name":"Comment","target":["https:\/\/www.metrica-global.com\/cl\/ciberseguridad-el-acertijo-de-la-maleta\/#respond"]}]},{"@type":"WebPage","@id":"https:\/\/www.metrica-global.com\/cl\/ciberseguridad-el-acertijo-de-la-maleta\/","url":"https:\/\/www.metrica-global.com\/cl\/ciberseguridad-el-acertijo-de-la-maleta\/","name":"Ciberseguridad: El acertijo de la maleta - METRICA","isPartOf":{"@id":"https:\/\/www.metrica-global.com\/#website"},"primaryImageOfPage":{"@id":"https:\/\/www.metrica-global.com\/cl\/ciberseguridad-el-acertijo-de-la-maleta\/#primaryimage"},"image":{"@id":"https:\/\/www.metrica-global.com\/cl\/ciberseguridad-el-acertijo-de-la-maleta\/#primaryimage"},"thumbnailUrl":"https:\/\/www.metrica-global.com\/wp-content\/uploads\/2025\/03\/banner-maleta-scaled-1.jpg","datePublished":"2025-03-25T16:00:00+00:00","dateModified":"2025-06-10T10:58:59+00:00","breadcrumb":{"@id":"https:\/\/www.metrica-global.com\/cl\/ciberseguridad-el-acertijo-de-la-maleta\/#breadcrumb"},"inLanguage":"es-CL","potentialAction":[{"@type":"ReadAction","target":["https:\/\/www.metrica-global.com\/cl\/ciberseguridad-el-acertijo-de-la-maleta\/"]}]},{"@type":"ImageObject","inLanguage":"es-CL","@id":"https:\/\/www.metrica-global.com\/cl\/ciberseguridad-el-acertijo-de-la-maleta\/#primaryimage","url":"https:\/\/www.metrica-global.com\/wp-content\/uploads\/2025\/03\/banner-maleta-scaled-1.jpg","contentUrl":"https:\/\/www.metrica-global.com\/wp-content\/uploads\/2025\/03\/banner-maleta-scaled-1.jpg","width":2560,"height":979,"caption":"banner maleta scaled 1"},{"@type":"BreadcrumbList","@id":"https:\/\/www.metrica-global.com\/cl\/ciberseguridad-el-acertijo-de-la-maleta\/#breadcrumb","itemListElement":[{"@type":"ListItem","position":1,"name":"Portada","item":"https:\/\/www.metrica-global.com\/pt\/"},{"@type":"ListItem","position":2,"name":"Ciberseguridad: El acertijo de la maleta"}]},{"@type":"WebSite","@id":"https:\/\/www.metrica-global.com\/#website","url":"https:\/\/www.metrica-global.com\/","name":"METRICA","description":"Servicios Globales IT","publisher":{"@id":"https:\/\/www.metrica-global.com\/#organization"},"potentialAction":[{"@type":"SearchAction","target":{"@type":"EntryPoint","urlTemplate":"https:\/\/www.metrica-global.com\/?s={search_term_string}"},"query-input":{"@type":"PropertyValueSpecification","valueRequired":true,"valueName":"search_term_string"}}],"inLanguage":"es-CL"},{"@type":"Organization","@id":"https:\/\/www.metrica-global.com\/#organization","name":"METRICA","url":"https:\/\/www.metrica-global.com\/","logo":{"@type":"ImageObject","inLanguage":"es-CL","@id":"https:\/\/www.metrica-global.com\/#\/schema\/logo\/image\/","url":"https:\/\/www.metrica-global.com\/wp-content\/uploads\/2023\/12\/logo-metrica.png","contentUrl":"https:\/\/www.metrica-global.com\/wp-content\/uploads\/2023\/12\/logo-metrica.png","width":332,"height":58,"caption":"METRICA"},"image":{"@id":"https:\/\/www.metrica-global.com\/#\/schema\/logo\/image\/"}},{"@type":"Person","@id":"https:\/\/www.metrica-global.com\/#\/schema\/person\/78e8e629d9e5908167469b249f6f2cdc","name":"desarrollo","image":{"@type":"ImageObject","inLanguage":"es-CL","@id":"https:\/\/www.metrica-global.com\/#\/schema\/person\/image\/","url":"https:\/\/secure.gravatar.com\/avatar\/d2653fb8f170e1382a31acc69dcf92e99545e6329805eb11d8a34443b058f3de?s=96&d=mm&r=g","contentUrl":"https:\/\/secure.gravatar.com\/avatar\/d2653fb8f170e1382a31acc69dcf92e99545e6329805eb11d8a34443b058f3de?s=96&d=mm&r=g","caption":"desarrollo"},"url":"https:\/\/www.metrica-global.com\/cl\/author\/desarrollo\/"}]}},"_links":{"self":[{"href":"https:\/\/www.metrica-global.com\/cl\/wp-json\/wp\/v2\/posts\/5630","targetHints":{"allow":["GET"]}}],"collection":[{"href":"https:\/\/www.metrica-global.com\/cl\/wp-json\/wp\/v2\/posts"}],"about":[{"href":"https:\/\/www.metrica-global.com\/cl\/wp-json\/wp\/v2\/types\/post"}],"author":[{"embeddable":true,"href":"https:\/\/www.metrica-global.com\/cl\/wp-json\/wp\/v2\/users\/1"}],"replies":[{"embeddable":true,"href":"https:\/\/www.metrica-global.com\/cl\/wp-json\/wp\/v2\/comments?post=5630"}],"version-history":[{"count":1,"href":"https:\/\/www.metrica-global.com\/cl\/wp-json\/wp\/v2\/posts\/5630\/revisions"}],"predecessor-version":[{"id":5645,"href":"https:\/\/www.metrica-global.com\/cl\/wp-json\/wp\/v2\/posts\/5630\/revisions\/5645"}],"wp:featuredmedia":[{"embeddable":true,"href":"https:\/\/www.metrica-global.com\/cl\/wp-json\/wp\/v2\/media\/5631"}],"wp:attachment":[{"href":"https:\/\/www.metrica-global.com\/cl\/wp-json\/wp\/v2\/media?parent=5630"}],"wp:term":[{"taxonomy":"category","embeddable":true,"href":"https:\/\/www.metrica-global.com\/cl\/wp-json\/wp\/v2\/categories?post=5630"},{"taxonomy":"post_tag","embeddable":true,"href":"https:\/\/www.metrica-global.com\/cl\/wp-json\/wp\/v2\/tags?post=5630"}],"curies":[{"name":"wp","href":"https:\/\/api.w.org\/{rel}","templated":true}]}}