{"id":5634,"date":"2025-03-19T16:47:30","date_gmt":"2025-03-19T15:47:30","guid":{"rendered":"https:\/\/www.metrica-global.com\/dia-internacional-del-aprendizaje-digital-en-metrica\/"},"modified":"2025-06-10T10:59:03","modified_gmt":"2025-06-10T10:59:03","slug":"dia-internacional-del-aprendizaje-digital-en-metrica","status":"publish","type":"post","link":"https:\/\/www.metrica-global.com\/cl\/dia-internacional-del-aprendizaje-digital-en-metrica\/","title":{"rendered":"D\u00eda Internacional del Aprendizaje Digital en METRICA"},"content":{"rendered":"\r\n<p>En la era digital, la ciberseguridad es un pilar fundamental para cualquier empresa. Cada d\u00eda, millones de datos est\u00e1n en riesgo debido a ataques inform\u00e1ticos, phishing o malas pr\u00e1cticas de los propios usuarios. En <strong>METRICA<\/strong>, creemos que la mejor defensa es la formaci\u00f3n y la concienciaci\u00f3n.<\/p>\r\n\r\n\r\n\r\n<h2 class=\"wp-block-heading\"><strong>La importancia de la ciberseguridad en la empresa<\/strong><\/h2>\r\n\r\n\r\n\r\n<p>Los ciberdelincuentes no solo atacan a grandes corporaciones; <strong>las peque\u00f1as y medianas empresas tambi\u00e9n son objetivo frecuente<\/strong>. Un simple descuido, como utilizar una contrase\u00f1a d\u00e9bil o hacer clic en un enlace sospechoso, puede abrir la puerta a un ciberataque con consecuencias graves:<\/p>\r\n\r\n\r\n\r\n<p>\u2714 <strong>P\u00e9rdida de datos sensibles<\/strong><br \/>\u2714 <strong>Interrupci\u00f3n de la actividad empresarial<\/strong><br \/>\u2714 <strong>Da\u00f1os a la reputaci\u00f3n de la empresa<\/strong><br \/>\u2714 <strong>Riesgo de sanciones por incumplimiento normativo<\/strong><\/p>\r\n\r\n\r\n\r\n<p>Por eso, en METRICA llevamos un a\u00f1o compartiendo contenido sobre ciberseguridad en nuestras redes sociales, ayudando a nuestra comunidad a protegerse en el entorno digital. Ahora queremos saber cu\u00e1nto has aprendido.<\/p>\r\n\r\n\r\n\r\n<h2 class=\"wp-block-heading\"><strong>Pon a prueba tus conocimientos en ciberseguridad<\/strong><\/h2>\r\n\r\n\r\n\r\n<p>Con motivo del <strong>D\u00eda Internacional del Aprendizaje Digital<\/strong>, hemos lanzado un test en nuestras redes sociales con 5 preguntas clave sobre ciberseguridad. \u00bfTe animas a participar?<\/p>\r\n\r\n\r\n\r\n<p>\ud83d\udccc <strong>Doomscrolling:<\/strong> \u00bfc\u00f3mo afecta a tu seguridad digital?<br \/>\ud83d\udccc <strong>Regla \u2018Una al d\u00eda\u2019:<\/strong> una pr\u00e1ctica sencilla para protegerte.<br \/>\ud83d\udccc <strong>Vishing:<\/strong> el fraude telef\u00f3nico que sigue en aumento.<br \/>\ud83d\udccc <strong>Errores comunes con el PC:<\/strong> h\u00e1bitos que ponen en riesgo tu equipo.<br \/>\ud83d\udccc <strong>Mitos de ciberseguridad:<\/strong> desmintiendo falsas creencias.<\/p>\r\n\r\n\r\n\r\n<p>Accede a nuestras redes sociales y descubre si eres un experto en ciberseguridad o si a\u00fan tienes m\u00e1s por aprender.<\/p>\r\n\r\n\r\n\r\n<h2 class=\"wp-block-heading\"><strong>La ciberseguridad es responsabilidad de todos<\/strong><\/h2>\r\n\r\n\r\n\r\n<p>Cada empleado es un eslab\u00f3n en la seguridad de la empresa. Estar informados y aplicar buenas pr\u00e1cticas en nuestro d\u00eda a d\u00eda es clave para prevenir ataques y proteger nuestros datos.<\/p>\r\n\r\n\r\n\r\n<p>\ud83d\udd39 <strong>Usa contrase\u00f1as seguras y c\u00e1mbialas regularmente.<\/strong><br \/>\ud83d\udd39 <strong>Desconf\u00eda de correos electr\u00f3nicos o llamadas sospechosas.<\/strong><br \/>\ud83d\udd39 <strong>No compartas informaci\u00f3n confidencial sin verificar la fuente.<\/strong><br \/>\ud83d\udd39 <strong>Mant\u00e9n siempre actualizado tu software y antivirus.<\/strong><\/p>\r\n\r\n\r\n\r\n<p>La ciberseguridad no es solo un reto tecnol\u00f3gico, es un compromiso de toda la organizaci\u00f3n. <strong>En METRICA, seguimos trabajando para que el entorno digital sea un lugar m\u00e1s seguro para todos.<\/strong><\/p>\r\n\r\n\r\n\r\n<p>\ud83d\udcf2 <strong>\u00bfCu\u00e1ntas respuestas acertar\u00e1s? Visita nuestras redes sociales y desc\u00fabrelo.<\/strong><\/p>\r\n","protected":false},"excerpt":{"rendered":"<p>Cada d\u00eda, millones de datos est\u00e1n en riesgo debido a ataques inform\u00e1ticos, phishing o malas pr\u00e1cticas de los propios usuarios. La mejor defensa es la formaci\u00f3n y la concienciaci\u00f3n.<\/p>\n","protected":false},"author":1,"featured_media":5635,"comment_status":"open","ping_status":"open","sticky":false,"template":"","format":"standard","meta":{"content-type":"","footnotes":""},"categories":[449],"tags":[428,493,451,452,453,454,494,495,496,497,457,436,385,498],"class_list":["post-5634","post","type-post","status-publish","format-standard","has-post-thumbnail","hentry","category-calidad-cl","tag-ambito-tecnologico-cl","tag-aprendizaje-digital-cl","tag-ciberataque-cl","tag-ciberestafa-cl","tag-ciberseguridad-cl","tag-consejos-de-seguridad-cl","tag-contrasena-cl","tag-doomscrolling-cl","tag-email-cl","tag-pc-cl","tag-proteccion-de-datos-cl","tag-sector-it-cl","tag-tecnologia-cl","tag-vishing-cl"],"yoast_head":"<!-- This site is optimized with the Yoast SEO plugin v25.9 - https:\/\/yoast.com\/wordpress\/plugins\/seo\/ -->\n<title>D\u00eda Internacional del Aprendizaje Digital en METRICA - METRICA<\/title>\n<meta name=\"robots\" content=\"index, follow, max-snippet:-1, max-image-preview:large, max-video-preview:-1\" \/>\n<link rel=\"canonical\" href=\"https:\/\/www.metrica-global.com\/cl\/dia-internacional-del-aprendizaje-digital-en-metrica\/\" \/>\n<meta property=\"og:locale\" content=\"es_ES\" \/>\n<meta property=\"og:type\" content=\"article\" \/>\n<meta property=\"og:title\" content=\"D\u00eda Internacional del Aprendizaje Digital en METRICA - METRICA\" \/>\n<meta property=\"og:description\" content=\"Cada d\u00eda, millones de datos est\u00e1n en riesgo debido a ataques inform\u00e1ticos, phishing o malas pr\u00e1cticas de los propios usuarios. La mejor defensa es la formaci\u00f3n y la concienciaci\u00f3n.\" \/>\n<meta property=\"og:url\" content=\"https:\/\/www.metrica-global.com\/cl\/dia-internacional-del-aprendizaje-digital-en-metrica\/\" \/>\n<meta property=\"og:site_name\" content=\"METRICA\" \/>\n<meta property=\"article:published_time\" content=\"2025-03-19T15:47:30+00:00\" \/>\n<meta property=\"article:modified_time\" content=\"2025-06-10T10:59:03+00:00\" \/>\n<meta property=\"og:image\" content=\"https:\/\/www.metrica-global.com\/wp-content\/uploads\/2025\/03\/banner-test-ciber-scaled-1.jpg\" \/>\n\t<meta property=\"og:image:width\" content=\"2560\" \/>\n\t<meta property=\"og:image:height\" content=\"1140\" \/>\n\t<meta property=\"og:image:type\" content=\"image\/jpeg\" \/>\n<meta name=\"author\" content=\"desarrollo\" \/>\n<meta name=\"twitter:card\" content=\"summary_large_image\" \/>\n<meta name=\"twitter:label1\" content=\"Written by\" \/>\n\t<meta name=\"twitter:data1\" content=\"desarrollo\" \/>\n\t<meta name=\"twitter:label2\" content=\"Est. reading time\" \/>\n\t<meta name=\"twitter:data2\" content=\"2 minutes\" \/>\n<script type=\"application\/ld+json\" class=\"yoast-schema-graph\">{\"@context\":\"https:\/\/schema.org\",\"@graph\":[{\"@type\":\"Article\",\"@id\":\"https:\/\/www.metrica-global.com\/cl\/dia-internacional-del-aprendizaje-digital-en-metrica\/#article\",\"isPartOf\":{\"@id\":\"https:\/\/www.metrica-global.com\/cl\/dia-internacional-del-aprendizaje-digital-en-metrica\/\"},\"author\":{\"name\":\"desarrollo\",\"@id\":\"https:\/\/www.metrica-global.com\/#\/schema\/person\/78e8e629d9e5908167469b249f6f2cdc\"},\"headline\":\"D\u00eda Internacional del Aprendizaje Digital en METRICA\",\"datePublished\":\"2025-03-19T15:47:30+00:00\",\"dateModified\":\"2025-06-10T10:59:03+00:00\",\"mainEntityOfPage\":{\"@id\":\"https:\/\/www.metrica-global.com\/cl\/dia-internacional-del-aprendizaje-digital-en-metrica\/\"},\"wordCount\":396,\"commentCount\":0,\"publisher\":{\"@id\":\"https:\/\/www.metrica-global.com\/#organization\"},\"image\":{\"@id\":\"https:\/\/www.metrica-global.com\/cl\/dia-internacional-del-aprendizaje-digital-en-metrica\/#primaryimage\"},\"thumbnailUrl\":\"https:\/\/www.metrica-global.com\/wp-content\/uploads\/2025\/03\/banner-test-ciber-scaled-1.jpg\",\"keywords\":[\"\u00c1mbito Tecnol\u00f3gico\",\"Aprendizaje Digital\",\"Ciberataque\",\"Ciberestafa\",\"Ciberseguridad\",\"Consejos De Seguridad\",\"Contrase\u00f1a\",\"Doomscrolling\",\"Email\",\"PC\",\"Protecci\u00f3n de Datos\",\"Sector IT\",\"Tecnolog\u00eda\",\"Vishing\"],\"articleSection\":[\"Calidad\"],\"inLanguage\":\"es-CL\",\"potentialAction\":[{\"@type\":\"CommentAction\",\"name\":\"Comment\",\"target\":[\"https:\/\/www.metrica-global.com\/cl\/dia-internacional-del-aprendizaje-digital-en-metrica\/#respond\"]}]},{\"@type\":\"WebPage\",\"@id\":\"https:\/\/www.metrica-global.com\/cl\/dia-internacional-del-aprendizaje-digital-en-metrica\/\",\"url\":\"https:\/\/www.metrica-global.com\/cl\/dia-internacional-del-aprendizaje-digital-en-metrica\/\",\"name\":\"D\u00eda Internacional del Aprendizaje Digital en METRICA - METRICA\",\"isPartOf\":{\"@id\":\"https:\/\/www.metrica-global.com\/#website\"},\"primaryImageOfPage\":{\"@id\":\"https:\/\/www.metrica-global.com\/cl\/dia-internacional-del-aprendizaje-digital-en-metrica\/#primaryimage\"},\"image\":{\"@id\":\"https:\/\/www.metrica-global.com\/cl\/dia-internacional-del-aprendizaje-digital-en-metrica\/#primaryimage\"},\"thumbnailUrl\":\"https:\/\/www.metrica-global.com\/wp-content\/uploads\/2025\/03\/banner-test-ciber-scaled-1.jpg\",\"datePublished\":\"2025-03-19T15:47:30+00:00\",\"dateModified\":\"2025-06-10T10:59:03+00:00\",\"breadcrumb\":{\"@id\":\"https:\/\/www.metrica-global.com\/cl\/dia-internacional-del-aprendizaje-digital-en-metrica\/#breadcrumb\"},\"inLanguage\":\"es-CL\",\"potentialAction\":[{\"@type\":\"ReadAction\",\"target\":[\"https:\/\/www.metrica-global.com\/cl\/dia-internacional-del-aprendizaje-digital-en-metrica\/\"]}]},{\"@type\":\"ImageObject\",\"inLanguage\":\"es-CL\",\"@id\":\"https:\/\/www.metrica-global.com\/cl\/dia-internacional-del-aprendizaje-digital-en-metrica\/#primaryimage\",\"url\":\"https:\/\/www.metrica-global.com\/wp-content\/uploads\/2025\/03\/banner-test-ciber-scaled-1.jpg\",\"contentUrl\":\"https:\/\/www.metrica-global.com\/wp-content\/uploads\/2025\/03\/banner-test-ciber-scaled-1.jpg\",\"width\":2560,\"height\":1140,\"caption\":\"banner test ciber scaled 1\"},{\"@type\":\"BreadcrumbList\",\"@id\":\"https:\/\/www.metrica-global.com\/cl\/dia-internacional-del-aprendizaje-digital-en-metrica\/#breadcrumb\",\"itemListElement\":[{\"@type\":\"ListItem\",\"position\":1,\"name\":\"Portada\",\"item\":\"https:\/\/www.metrica-global.com\/pt\/\"},{\"@type\":\"ListItem\",\"position\":2,\"name\":\"D\u00eda Internacional del Aprendizaje Digital en METRICA\"}]},{\"@type\":\"WebSite\",\"@id\":\"https:\/\/www.metrica-global.com\/#website\",\"url\":\"https:\/\/www.metrica-global.com\/\",\"name\":\"METRICA\",\"description\":\"Servicios Globales IT\",\"publisher\":{\"@id\":\"https:\/\/www.metrica-global.com\/#organization\"},\"potentialAction\":[{\"@type\":\"SearchAction\",\"target\":{\"@type\":\"EntryPoint\",\"urlTemplate\":\"https:\/\/www.metrica-global.com\/?s={search_term_string}\"},\"query-input\":{\"@type\":\"PropertyValueSpecification\",\"valueRequired\":true,\"valueName\":\"search_term_string\"}}],\"inLanguage\":\"es-CL\"},{\"@type\":\"Organization\",\"@id\":\"https:\/\/www.metrica-global.com\/#organization\",\"name\":\"METRICA\",\"url\":\"https:\/\/www.metrica-global.com\/\",\"logo\":{\"@type\":\"ImageObject\",\"inLanguage\":\"es-CL\",\"@id\":\"https:\/\/www.metrica-global.com\/#\/schema\/logo\/image\/\",\"url\":\"https:\/\/www.metrica-global.com\/wp-content\/uploads\/2023\/12\/logo-metrica.png\",\"contentUrl\":\"https:\/\/www.metrica-global.com\/wp-content\/uploads\/2023\/12\/logo-metrica.png\",\"width\":332,\"height\":58,\"caption\":\"METRICA\"},\"image\":{\"@id\":\"https:\/\/www.metrica-global.com\/#\/schema\/logo\/image\/\"}},{\"@type\":\"Person\",\"@id\":\"https:\/\/www.metrica-global.com\/#\/schema\/person\/78e8e629d9e5908167469b249f6f2cdc\",\"name\":\"desarrollo\",\"image\":{\"@type\":\"ImageObject\",\"inLanguage\":\"es-CL\",\"@id\":\"https:\/\/www.metrica-global.com\/#\/schema\/person\/image\/\",\"url\":\"https:\/\/secure.gravatar.com\/avatar\/d2653fb8f170e1382a31acc69dcf92e99545e6329805eb11d8a34443b058f3de?s=96&d=mm&r=g\",\"contentUrl\":\"https:\/\/secure.gravatar.com\/avatar\/d2653fb8f170e1382a31acc69dcf92e99545e6329805eb11d8a34443b058f3de?s=96&d=mm&r=g\",\"caption\":\"desarrollo\"},\"url\":\"https:\/\/www.metrica-global.com\/cl\/author\/desarrollo\/\"}]}<\/script>\n<!-- \/ Yoast SEO plugin. -->","yoast_head_json":{"title":"D\u00eda Internacional del Aprendizaje Digital en METRICA - METRICA","robots":{"index":"index","follow":"follow","max-snippet":"max-snippet:-1","max-image-preview":"max-image-preview:large","max-video-preview":"max-video-preview:-1"},"canonical":"https:\/\/www.metrica-global.com\/cl\/dia-internacional-del-aprendizaje-digital-en-metrica\/","og_locale":"es_ES","og_type":"article","og_title":"D\u00eda Internacional del Aprendizaje Digital en METRICA - METRICA","og_description":"Cada d\u00eda, millones de datos est\u00e1n en riesgo debido a ataques inform\u00e1ticos, phishing o malas pr\u00e1cticas de los propios usuarios. La mejor defensa es la formaci\u00f3n y la concienciaci\u00f3n.","og_url":"https:\/\/www.metrica-global.com\/cl\/dia-internacional-del-aprendizaje-digital-en-metrica\/","og_site_name":"METRICA","article_published_time":"2025-03-19T15:47:30+00:00","article_modified_time":"2025-06-10T10:59:03+00:00","og_image":[{"width":2560,"height":1140,"url":"https:\/\/www.metrica-global.com\/wp-content\/uploads\/2025\/03\/banner-test-ciber-scaled-1.jpg","type":"image\/jpeg"}],"author":"desarrollo","twitter_card":"summary_large_image","twitter_misc":{"Written by":"desarrollo","Est. reading time":"2 minutes"},"schema":{"@context":"https:\/\/schema.org","@graph":[{"@type":"Article","@id":"https:\/\/www.metrica-global.com\/cl\/dia-internacional-del-aprendizaje-digital-en-metrica\/#article","isPartOf":{"@id":"https:\/\/www.metrica-global.com\/cl\/dia-internacional-del-aprendizaje-digital-en-metrica\/"},"author":{"name":"desarrollo","@id":"https:\/\/www.metrica-global.com\/#\/schema\/person\/78e8e629d9e5908167469b249f6f2cdc"},"headline":"D\u00eda Internacional del Aprendizaje Digital en METRICA","datePublished":"2025-03-19T15:47:30+00:00","dateModified":"2025-06-10T10:59:03+00:00","mainEntityOfPage":{"@id":"https:\/\/www.metrica-global.com\/cl\/dia-internacional-del-aprendizaje-digital-en-metrica\/"},"wordCount":396,"commentCount":0,"publisher":{"@id":"https:\/\/www.metrica-global.com\/#organization"},"image":{"@id":"https:\/\/www.metrica-global.com\/cl\/dia-internacional-del-aprendizaje-digital-en-metrica\/#primaryimage"},"thumbnailUrl":"https:\/\/www.metrica-global.com\/wp-content\/uploads\/2025\/03\/banner-test-ciber-scaled-1.jpg","keywords":["\u00c1mbito Tecnol\u00f3gico","Aprendizaje Digital","Ciberataque","Ciberestafa","Ciberseguridad","Consejos De Seguridad","Contrase\u00f1a","Doomscrolling","Email","PC","Protecci\u00f3n de Datos","Sector IT","Tecnolog\u00eda","Vishing"],"articleSection":["Calidad"],"inLanguage":"es-CL","potentialAction":[{"@type":"CommentAction","name":"Comment","target":["https:\/\/www.metrica-global.com\/cl\/dia-internacional-del-aprendizaje-digital-en-metrica\/#respond"]}]},{"@type":"WebPage","@id":"https:\/\/www.metrica-global.com\/cl\/dia-internacional-del-aprendizaje-digital-en-metrica\/","url":"https:\/\/www.metrica-global.com\/cl\/dia-internacional-del-aprendizaje-digital-en-metrica\/","name":"D\u00eda Internacional del Aprendizaje Digital en METRICA - METRICA","isPartOf":{"@id":"https:\/\/www.metrica-global.com\/#website"},"primaryImageOfPage":{"@id":"https:\/\/www.metrica-global.com\/cl\/dia-internacional-del-aprendizaje-digital-en-metrica\/#primaryimage"},"image":{"@id":"https:\/\/www.metrica-global.com\/cl\/dia-internacional-del-aprendizaje-digital-en-metrica\/#primaryimage"},"thumbnailUrl":"https:\/\/www.metrica-global.com\/wp-content\/uploads\/2025\/03\/banner-test-ciber-scaled-1.jpg","datePublished":"2025-03-19T15:47:30+00:00","dateModified":"2025-06-10T10:59:03+00:00","breadcrumb":{"@id":"https:\/\/www.metrica-global.com\/cl\/dia-internacional-del-aprendizaje-digital-en-metrica\/#breadcrumb"},"inLanguage":"es-CL","potentialAction":[{"@type":"ReadAction","target":["https:\/\/www.metrica-global.com\/cl\/dia-internacional-del-aprendizaje-digital-en-metrica\/"]}]},{"@type":"ImageObject","inLanguage":"es-CL","@id":"https:\/\/www.metrica-global.com\/cl\/dia-internacional-del-aprendizaje-digital-en-metrica\/#primaryimage","url":"https:\/\/www.metrica-global.com\/wp-content\/uploads\/2025\/03\/banner-test-ciber-scaled-1.jpg","contentUrl":"https:\/\/www.metrica-global.com\/wp-content\/uploads\/2025\/03\/banner-test-ciber-scaled-1.jpg","width":2560,"height":1140,"caption":"banner test ciber scaled 1"},{"@type":"BreadcrumbList","@id":"https:\/\/www.metrica-global.com\/cl\/dia-internacional-del-aprendizaje-digital-en-metrica\/#breadcrumb","itemListElement":[{"@type":"ListItem","position":1,"name":"Portada","item":"https:\/\/www.metrica-global.com\/pt\/"},{"@type":"ListItem","position":2,"name":"D\u00eda Internacional del Aprendizaje Digital en METRICA"}]},{"@type":"WebSite","@id":"https:\/\/www.metrica-global.com\/#website","url":"https:\/\/www.metrica-global.com\/","name":"METRICA","description":"Servicios Globales IT","publisher":{"@id":"https:\/\/www.metrica-global.com\/#organization"},"potentialAction":[{"@type":"SearchAction","target":{"@type":"EntryPoint","urlTemplate":"https:\/\/www.metrica-global.com\/?s={search_term_string}"},"query-input":{"@type":"PropertyValueSpecification","valueRequired":true,"valueName":"search_term_string"}}],"inLanguage":"es-CL"},{"@type":"Organization","@id":"https:\/\/www.metrica-global.com\/#organization","name":"METRICA","url":"https:\/\/www.metrica-global.com\/","logo":{"@type":"ImageObject","inLanguage":"es-CL","@id":"https:\/\/www.metrica-global.com\/#\/schema\/logo\/image\/","url":"https:\/\/www.metrica-global.com\/wp-content\/uploads\/2023\/12\/logo-metrica.png","contentUrl":"https:\/\/www.metrica-global.com\/wp-content\/uploads\/2023\/12\/logo-metrica.png","width":332,"height":58,"caption":"METRICA"},"image":{"@id":"https:\/\/www.metrica-global.com\/#\/schema\/logo\/image\/"}},{"@type":"Person","@id":"https:\/\/www.metrica-global.com\/#\/schema\/person\/78e8e629d9e5908167469b249f6f2cdc","name":"desarrollo","image":{"@type":"ImageObject","inLanguage":"es-CL","@id":"https:\/\/www.metrica-global.com\/#\/schema\/person\/image\/","url":"https:\/\/secure.gravatar.com\/avatar\/d2653fb8f170e1382a31acc69dcf92e99545e6329805eb11d8a34443b058f3de?s=96&d=mm&r=g","contentUrl":"https:\/\/secure.gravatar.com\/avatar\/d2653fb8f170e1382a31acc69dcf92e99545e6329805eb11d8a34443b058f3de?s=96&d=mm&r=g","caption":"desarrollo"},"url":"https:\/\/www.metrica-global.com\/cl\/author\/desarrollo\/"}]}},"_links":{"self":[{"href":"https:\/\/www.metrica-global.com\/cl\/wp-json\/wp\/v2\/posts\/5634","targetHints":{"allow":["GET"]}}],"collection":[{"href":"https:\/\/www.metrica-global.com\/cl\/wp-json\/wp\/v2\/posts"}],"about":[{"href":"https:\/\/www.metrica-global.com\/cl\/wp-json\/wp\/v2\/types\/post"}],"author":[{"embeddable":true,"href":"https:\/\/www.metrica-global.com\/cl\/wp-json\/wp\/v2\/users\/1"}],"replies":[{"embeddable":true,"href":"https:\/\/www.metrica-global.com\/cl\/wp-json\/wp\/v2\/comments?post=5634"}],"version-history":[{"count":1,"href":"https:\/\/www.metrica-global.com\/cl\/wp-json\/wp\/v2\/posts\/5634\/revisions"}],"predecessor-version":[{"id":5647,"href":"https:\/\/www.metrica-global.com\/cl\/wp-json\/wp\/v2\/posts\/5634\/revisions\/5647"}],"wp:featuredmedia":[{"embeddable":true,"href":"https:\/\/www.metrica-global.com\/cl\/wp-json\/wp\/v2\/media\/5635"}],"wp:attachment":[{"href":"https:\/\/www.metrica-global.com\/cl\/wp-json\/wp\/v2\/media?parent=5634"}],"wp:term":[{"taxonomy":"category","embeddable":true,"href":"https:\/\/www.metrica-global.com\/cl\/wp-json\/wp\/v2\/categories?post=5634"},{"taxonomy":"post_tag","embeddable":true,"href":"https:\/\/www.metrica-global.com\/cl\/wp-json\/wp\/v2\/tags?post=5634"}],"curies":[{"name":"wp","href":"https:\/\/api.w.org\/{rel}","templated":true}]}}