{"id":5666,"date":"2025-01-29T17:30:00","date_gmt":"2025-01-29T16:30:00","guid":{"rendered":"https:\/\/www.metrica-global.com\/humanismo-tecnologico-compromiso-con-un-futuro-sostenible\/"},"modified":"2025-06-10T11:02:15","modified_gmt":"2025-06-10T11:02:15","slug":"humanismo-tecnologico-compromiso-con-un-futuro-sostenible","status":"publish","type":"post","link":"https:\/\/www.metrica-global.com\/cl\/humanismo-tecnologico-compromiso-con-un-futuro-sostenible\/","title":{"rendered":"Humanismo Tecnol\u00f3gico: Compromiso con un Futuro Sostenible"},"content":{"rendered":"\r\n<p>En METRICA, estamos convencidos de que la tecnolog\u00eda no solo debe impulsar la innovaci\u00f3n, sino tambi\u00e9n promover el bienestar social y la sostenibilidad ambiental. Este concepto, conocido como <strong>humanismo tecnol\u00f3gico<\/strong>, pone a las personas y al planeta en el centro del desarrollo tecnol\u00f3gico, garantizando que el progreso sea sin\u00f3nimo de responsabilidad y equilibrio ecol\u00f3gico.<\/p>\r\n\r\n\r\n\r\n<h3 class=\"wp-block-heading\"><strong>El Desaf\u00edo Global de la Sostenibilidad<\/strong><\/h3>\r\n\r\n\r\n\r\n<p>Las cifras son claras: <strong>6 de cada 10 empresas no miden su impacto social y ambiental<\/strong>, y apenas <strong>el 16% de las compa\u00f1\u00edas en Espa\u00f1a desarrollan innovaciones sostenibles desde su concepci\u00f3n<\/strong>. La necesidad de un cambio es urgente y en METRICA estamos comprometidos con liderarlo.<\/p>\r\n\r\n\r\n\r\n<h3 class=\"wp-block-heading\"><strong>Nuestro Compromiso con la Tecnolog\u00eda Sostenible<\/strong><\/h3>\r\n\r\n\r\n\r\n<p>En METRICA, trabajamos cada d\u00eda para dise\u00f1ar <strong>soluciones tecnol\u00f3gicas que reduzcan emisiones, optimicen recursos y protejan el entorno natural<\/strong>. No solo vemos la sostenibilidad como un reto global, sino como un <strong>valor corporativo esencial<\/strong> que gu\u00eda nuestras estrategias y proyectos.<\/p>\r\n\r\n\r\n\r\n<h3 class=\"wp-block-heading\"><strong>Innovaci\u00f3n Responsable para un Futuro Mejor<\/strong><\/h3>\r\n\r\n\r\n\r\n<p>Creemos firmemente que la tecnolog\u00eda puede desempe\u00f1ar un papel crucial en la resoluci\u00f3n de los desaf\u00edos medioambientales y sociales actuales. Por ello, nos comprometemos a liderar con <strong>visi\u00f3n, responsabilidad y compromiso<\/strong>, apostando por un <strong>futuro inclusivo, justo y regenerativo<\/strong>.<\/p>\r\n\r\n\r\n\r\n<p>Descubre m\u00e1s sobre nuestro compromiso con la sostenibilidad en nuestra \u00faltima publicaci\u00f3n en redes sociales. Juntos, podemos impulsar un cambio real y significativo.<\/p>\r\n\r\n\r\n\r\n<p>&nbsp;<\/p>\r\n","protected":false},"excerpt":{"rendered":"<p>El humanismo tecnol\u00f3gico, pone a las personas y al planeta en el centro del desarrollo tecnol\u00f3gico, garantizando que el progreso sea sin\u00f3nimo de responsabilidad y equilibrio ecol\u00f3gico.<\/p>\n","protected":false},"author":1,"featured_media":5668,"comment_status":"open","ping_status":"open","sticky":false,"template":"","format":"standard","meta":{"content-type":"","footnotes":""},"categories":[438],"tags":[428,545,546,445,436,447,385,542],"class_list":["post-5666","post","type-post","status-publish","format-standard","has-post-thumbnail","hentry","category-sostenibilidad-cl","tag-ambito-tecnologico-cl","tag-futuro-sostenible-cl","tag-innovacion-cl","tag-medio-ambiente-cl","tag-sector-it-cl","tag-sostenibilidad-cl","tag-tecnologia-cl","tag-tecnologia-sostenible-cl"],"yoast_head":"<!-- This site is optimized with the Yoast SEO plugin v25.9 - https:\/\/yoast.com\/wordpress\/plugins\/seo\/ -->\n<title>Humanismo Tecnol\u00f3gico: Compromiso con un Futuro Sostenible - METRICA<\/title>\n<meta name=\"robots\" content=\"index, follow, max-snippet:-1, max-image-preview:large, max-video-preview:-1\" \/>\n<link rel=\"canonical\" href=\"https:\/\/www.metrica-global.com\/cl\/humanismo-tecnologico-compromiso-con-un-futuro-sostenible\/\" \/>\n<meta property=\"og:locale\" content=\"es_ES\" \/>\n<meta property=\"og:type\" content=\"article\" \/>\n<meta property=\"og:title\" content=\"Humanismo Tecnol\u00f3gico: Compromiso con un Futuro Sostenible - METRICA\" \/>\n<meta property=\"og:description\" content=\"El humanismo tecnol\u00f3gico, pone a las personas y al planeta en el centro del desarrollo tecnol\u00f3gico, garantizando que el progreso sea sin\u00f3nimo de responsabilidad y equilibrio ecol\u00f3gico.\" \/>\n<meta property=\"og:url\" content=\"https:\/\/www.metrica-global.com\/cl\/humanismo-tecnologico-compromiso-con-un-futuro-sostenible\/\" \/>\n<meta property=\"og:site_name\" content=\"METRICA\" \/>\n<meta property=\"article:published_time\" content=\"2025-01-29T16:30:00+00:00\" \/>\n<meta property=\"article:modified_time\" content=\"2025-06-10T11:02:15+00:00\" \/>\n<meta property=\"og:image\" content=\"https:\/\/www.metrica-global.com\/wp-content\/uploads\/2025\/01\/banner-humanismo-sostenible-scaled-1.jpg\" \/>\n\t<meta property=\"og:image:width\" content=\"2560\" \/>\n\t<meta property=\"og:image:height\" content=\"1119\" \/>\n\t<meta property=\"og:image:type\" content=\"image\/jpeg\" \/>\n<meta name=\"author\" content=\"desarrollo\" \/>\n<meta name=\"twitter:card\" content=\"summary_large_image\" \/>\n<meta name=\"twitter:label1\" content=\"Written by\" \/>\n\t<meta name=\"twitter:data1\" content=\"desarrollo\" \/>\n\t<meta name=\"twitter:label2\" content=\"Est. reading time\" \/>\n\t<meta name=\"twitter:data2\" content=\"2 minutes\" \/>\n<script type=\"application\/ld+json\" class=\"yoast-schema-graph\">{\"@context\":\"https:\/\/schema.org\",\"@graph\":[{\"@type\":\"Article\",\"@id\":\"https:\/\/www.metrica-global.com\/cl\/humanismo-tecnologico-compromiso-con-un-futuro-sostenible\/#article\",\"isPartOf\":{\"@id\":\"https:\/\/www.metrica-global.com\/cl\/humanismo-tecnologico-compromiso-con-un-futuro-sostenible\/\"},\"author\":{\"name\":\"desarrollo\",\"@id\":\"https:\/\/www.metrica-global.com\/#\/schema\/person\/78e8e629d9e5908167469b249f6f2cdc\"},\"headline\":\"Humanismo Tecnol\u00f3gico: Compromiso con un Futuro Sostenible\",\"datePublished\":\"2025-01-29T16:30:00+00:00\",\"dateModified\":\"2025-06-10T11:02:15+00:00\",\"mainEntityOfPage\":{\"@id\":\"https:\/\/www.metrica-global.com\/cl\/humanismo-tecnologico-compromiso-con-un-futuro-sostenible\/\"},\"wordCount\":249,\"commentCount\":0,\"publisher\":{\"@id\":\"https:\/\/www.metrica-global.com\/#organization\"},\"image\":{\"@id\":\"https:\/\/www.metrica-global.com\/cl\/humanismo-tecnologico-compromiso-con-un-futuro-sostenible\/#primaryimage\"},\"thumbnailUrl\":\"https:\/\/www.metrica-global.com\/wp-content\/uploads\/2025\/01\/banner-humanismo-sostenible-scaled-1.jpg\",\"keywords\":[\"\u00c1mbito Tecnol\u00f3gico\",\"Futuro sostenible\",\"Innovaci\u00f3n\",\"Medio Ambiente\",\"Sector IT\",\"Sostenibilidad\",\"Tecnolog\u00eda\",\"Tecnolog\u00eda Sostenible\"],\"articleSection\":[\"Sostenibilidad\"],\"inLanguage\":\"es-CL\",\"potentialAction\":[{\"@type\":\"CommentAction\",\"name\":\"Comment\",\"target\":[\"https:\/\/www.metrica-global.com\/cl\/humanismo-tecnologico-compromiso-con-un-futuro-sostenible\/#respond\"]}]},{\"@type\":\"WebPage\",\"@id\":\"https:\/\/www.metrica-global.com\/cl\/humanismo-tecnologico-compromiso-con-un-futuro-sostenible\/\",\"url\":\"https:\/\/www.metrica-global.com\/cl\/humanismo-tecnologico-compromiso-con-un-futuro-sostenible\/\",\"name\":\"Humanismo Tecnol\u00f3gico: Compromiso con un Futuro Sostenible - METRICA\",\"isPartOf\":{\"@id\":\"https:\/\/www.metrica-global.com\/#website\"},\"primaryImageOfPage\":{\"@id\":\"https:\/\/www.metrica-global.com\/cl\/humanismo-tecnologico-compromiso-con-un-futuro-sostenible\/#primaryimage\"},\"image\":{\"@id\":\"https:\/\/www.metrica-global.com\/cl\/humanismo-tecnologico-compromiso-con-un-futuro-sostenible\/#primaryimage\"},\"thumbnailUrl\":\"https:\/\/www.metrica-global.com\/wp-content\/uploads\/2025\/01\/banner-humanismo-sostenible-scaled-1.jpg\",\"datePublished\":\"2025-01-29T16:30:00+00:00\",\"dateModified\":\"2025-06-10T11:02:15+00:00\",\"breadcrumb\":{\"@id\":\"https:\/\/www.metrica-global.com\/cl\/humanismo-tecnologico-compromiso-con-un-futuro-sostenible\/#breadcrumb\"},\"inLanguage\":\"es-CL\",\"potentialAction\":[{\"@type\":\"ReadAction\",\"target\":[\"https:\/\/www.metrica-global.com\/cl\/humanismo-tecnologico-compromiso-con-un-futuro-sostenible\/\"]}]},{\"@type\":\"ImageObject\",\"inLanguage\":\"es-CL\",\"@id\":\"https:\/\/www.metrica-global.com\/cl\/humanismo-tecnologico-compromiso-con-un-futuro-sostenible\/#primaryimage\",\"url\":\"https:\/\/www.metrica-global.com\/wp-content\/uploads\/2025\/01\/banner-humanismo-sostenible-scaled-1.jpg\",\"contentUrl\":\"https:\/\/www.metrica-global.com\/wp-content\/uploads\/2025\/01\/banner-humanismo-sostenible-scaled-1.jpg\",\"width\":2560,\"height\":1119,\"caption\":\"banner humanismo sostenible scaled 1\"},{\"@type\":\"BreadcrumbList\",\"@id\":\"https:\/\/www.metrica-global.com\/cl\/humanismo-tecnologico-compromiso-con-un-futuro-sostenible\/#breadcrumb\",\"itemListElement\":[{\"@type\":\"ListItem\",\"position\":1,\"name\":\"Portada\",\"item\":\"https:\/\/www.metrica-global.com\/pt\/\"},{\"@type\":\"ListItem\",\"position\":2,\"name\":\"Humanismo Tecnol\u00f3gico: Compromiso con un Futuro Sostenible\"}]},{\"@type\":\"WebSite\",\"@id\":\"https:\/\/www.metrica-global.com\/#website\",\"url\":\"https:\/\/www.metrica-global.com\/\",\"name\":\"METRICA\",\"description\":\"Servicios Globales IT\",\"publisher\":{\"@id\":\"https:\/\/www.metrica-global.com\/#organization\"},\"potentialAction\":[{\"@type\":\"SearchAction\",\"target\":{\"@type\":\"EntryPoint\",\"urlTemplate\":\"https:\/\/www.metrica-global.com\/?s={search_term_string}\"},\"query-input\":{\"@type\":\"PropertyValueSpecification\",\"valueRequired\":true,\"valueName\":\"search_term_string\"}}],\"inLanguage\":\"es-CL\"},{\"@type\":\"Organization\",\"@id\":\"https:\/\/www.metrica-global.com\/#organization\",\"name\":\"METRICA\",\"url\":\"https:\/\/www.metrica-global.com\/\",\"logo\":{\"@type\":\"ImageObject\",\"inLanguage\":\"es-CL\",\"@id\":\"https:\/\/www.metrica-global.com\/#\/schema\/logo\/image\/\",\"url\":\"https:\/\/www.metrica-global.com\/wp-content\/uploads\/2023\/12\/logo-metrica.png\",\"contentUrl\":\"https:\/\/www.metrica-global.com\/wp-content\/uploads\/2023\/12\/logo-metrica.png\",\"width\":332,\"height\":58,\"caption\":\"METRICA\"},\"image\":{\"@id\":\"https:\/\/www.metrica-global.com\/#\/schema\/logo\/image\/\"}},{\"@type\":\"Person\",\"@id\":\"https:\/\/www.metrica-global.com\/#\/schema\/person\/78e8e629d9e5908167469b249f6f2cdc\",\"name\":\"desarrollo\",\"image\":{\"@type\":\"ImageObject\",\"inLanguage\":\"es-CL\",\"@id\":\"https:\/\/www.metrica-global.com\/#\/schema\/person\/image\/\",\"url\":\"https:\/\/secure.gravatar.com\/avatar\/d2653fb8f170e1382a31acc69dcf92e99545e6329805eb11d8a34443b058f3de?s=96&d=mm&r=g\",\"contentUrl\":\"https:\/\/secure.gravatar.com\/avatar\/d2653fb8f170e1382a31acc69dcf92e99545e6329805eb11d8a34443b058f3de?s=96&d=mm&r=g\",\"caption\":\"desarrollo\"},\"url\":\"https:\/\/www.metrica-global.com\/cl\/author\/desarrollo\/\"}]}<\/script>\n<!-- \/ Yoast SEO plugin. -->","yoast_head_json":{"title":"Humanismo Tecnol\u00f3gico: Compromiso con un Futuro Sostenible - METRICA","robots":{"index":"index","follow":"follow","max-snippet":"max-snippet:-1","max-image-preview":"max-image-preview:large","max-video-preview":"max-video-preview:-1"},"canonical":"https:\/\/www.metrica-global.com\/cl\/humanismo-tecnologico-compromiso-con-un-futuro-sostenible\/","og_locale":"es_ES","og_type":"article","og_title":"Humanismo Tecnol\u00f3gico: Compromiso con un Futuro Sostenible - METRICA","og_description":"El humanismo tecnol\u00f3gico, pone a las personas y al planeta en el centro del desarrollo tecnol\u00f3gico, garantizando que el progreso sea sin\u00f3nimo de responsabilidad y equilibrio ecol\u00f3gico.","og_url":"https:\/\/www.metrica-global.com\/cl\/humanismo-tecnologico-compromiso-con-un-futuro-sostenible\/","og_site_name":"METRICA","article_published_time":"2025-01-29T16:30:00+00:00","article_modified_time":"2025-06-10T11:02:15+00:00","og_image":[{"width":2560,"height":1119,"url":"https:\/\/www.metrica-global.com\/wp-content\/uploads\/2025\/01\/banner-humanismo-sostenible-scaled-1.jpg","type":"image\/jpeg"}],"author":"desarrollo","twitter_card":"summary_large_image","twitter_misc":{"Written by":"desarrollo","Est. reading time":"2 minutes"},"schema":{"@context":"https:\/\/schema.org","@graph":[{"@type":"Article","@id":"https:\/\/www.metrica-global.com\/cl\/humanismo-tecnologico-compromiso-con-un-futuro-sostenible\/#article","isPartOf":{"@id":"https:\/\/www.metrica-global.com\/cl\/humanismo-tecnologico-compromiso-con-un-futuro-sostenible\/"},"author":{"name":"desarrollo","@id":"https:\/\/www.metrica-global.com\/#\/schema\/person\/78e8e629d9e5908167469b249f6f2cdc"},"headline":"Humanismo Tecnol\u00f3gico: Compromiso con un Futuro Sostenible","datePublished":"2025-01-29T16:30:00+00:00","dateModified":"2025-06-10T11:02:15+00:00","mainEntityOfPage":{"@id":"https:\/\/www.metrica-global.com\/cl\/humanismo-tecnologico-compromiso-con-un-futuro-sostenible\/"},"wordCount":249,"commentCount":0,"publisher":{"@id":"https:\/\/www.metrica-global.com\/#organization"},"image":{"@id":"https:\/\/www.metrica-global.com\/cl\/humanismo-tecnologico-compromiso-con-un-futuro-sostenible\/#primaryimage"},"thumbnailUrl":"https:\/\/www.metrica-global.com\/wp-content\/uploads\/2025\/01\/banner-humanismo-sostenible-scaled-1.jpg","keywords":["\u00c1mbito Tecnol\u00f3gico","Futuro sostenible","Innovaci\u00f3n","Medio Ambiente","Sector IT","Sostenibilidad","Tecnolog\u00eda","Tecnolog\u00eda Sostenible"],"articleSection":["Sostenibilidad"],"inLanguage":"es-CL","potentialAction":[{"@type":"CommentAction","name":"Comment","target":["https:\/\/www.metrica-global.com\/cl\/humanismo-tecnologico-compromiso-con-un-futuro-sostenible\/#respond"]}]},{"@type":"WebPage","@id":"https:\/\/www.metrica-global.com\/cl\/humanismo-tecnologico-compromiso-con-un-futuro-sostenible\/","url":"https:\/\/www.metrica-global.com\/cl\/humanismo-tecnologico-compromiso-con-un-futuro-sostenible\/","name":"Humanismo Tecnol\u00f3gico: Compromiso con un Futuro Sostenible - METRICA","isPartOf":{"@id":"https:\/\/www.metrica-global.com\/#website"},"primaryImageOfPage":{"@id":"https:\/\/www.metrica-global.com\/cl\/humanismo-tecnologico-compromiso-con-un-futuro-sostenible\/#primaryimage"},"image":{"@id":"https:\/\/www.metrica-global.com\/cl\/humanismo-tecnologico-compromiso-con-un-futuro-sostenible\/#primaryimage"},"thumbnailUrl":"https:\/\/www.metrica-global.com\/wp-content\/uploads\/2025\/01\/banner-humanismo-sostenible-scaled-1.jpg","datePublished":"2025-01-29T16:30:00+00:00","dateModified":"2025-06-10T11:02:15+00:00","breadcrumb":{"@id":"https:\/\/www.metrica-global.com\/cl\/humanismo-tecnologico-compromiso-con-un-futuro-sostenible\/#breadcrumb"},"inLanguage":"es-CL","potentialAction":[{"@type":"ReadAction","target":["https:\/\/www.metrica-global.com\/cl\/humanismo-tecnologico-compromiso-con-un-futuro-sostenible\/"]}]},{"@type":"ImageObject","inLanguage":"es-CL","@id":"https:\/\/www.metrica-global.com\/cl\/humanismo-tecnologico-compromiso-con-un-futuro-sostenible\/#primaryimage","url":"https:\/\/www.metrica-global.com\/wp-content\/uploads\/2025\/01\/banner-humanismo-sostenible-scaled-1.jpg","contentUrl":"https:\/\/www.metrica-global.com\/wp-content\/uploads\/2025\/01\/banner-humanismo-sostenible-scaled-1.jpg","width":2560,"height":1119,"caption":"banner humanismo sostenible scaled 1"},{"@type":"BreadcrumbList","@id":"https:\/\/www.metrica-global.com\/cl\/humanismo-tecnologico-compromiso-con-un-futuro-sostenible\/#breadcrumb","itemListElement":[{"@type":"ListItem","position":1,"name":"Portada","item":"https:\/\/www.metrica-global.com\/pt\/"},{"@type":"ListItem","position":2,"name":"Humanismo Tecnol\u00f3gico: Compromiso con un Futuro Sostenible"}]},{"@type":"WebSite","@id":"https:\/\/www.metrica-global.com\/#website","url":"https:\/\/www.metrica-global.com\/","name":"METRICA","description":"Servicios Globales IT","publisher":{"@id":"https:\/\/www.metrica-global.com\/#organization"},"potentialAction":[{"@type":"SearchAction","target":{"@type":"EntryPoint","urlTemplate":"https:\/\/www.metrica-global.com\/?s={search_term_string}"},"query-input":{"@type":"PropertyValueSpecification","valueRequired":true,"valueName":"search_term_string"}}],"inLanguage":"es-CL"},{"@type":"Organization","@id":"https:\/\/www.metrica-global.com\/#organization","name":"METRICA","url":"https:\/\/www.metrica-global.com\/","logo":{"@type":"ImageObject","inLanguage":"es-CL","@id":"https:\/\/www.metrica-global.com\/#\/schema\/logo\/image\/","url":"https:\/\/www.metrica-global.com\/wp-content\/uploads\/2023\/12\/logo-metrica.png","contentUrl":"https:\/\/www.metrica-global.com\/wp-content\/uploads\/2023\/12\/logo-metrica.png","width":332,"height":58,"caption":"METRICA"},"image":{"@id":"https:\/\/www.metrica-global.com\/#\/schema\/logo\/image\/"}},{"@type":"Person","@id":"https:\/\/www.metrica-global.com\/#\/schema\/person\/78e8e629d9e5908167469b249f6f2cdc","name":"desarrollo","image":{"@type":"ImageObject","inLanguage":"es-CL","@id":"https:\/\/www.metrica-global.com\/#\/schema\/person\/image\/","url":"https:\/\/secure.gravatar.com\/avatar\/d2653fb8f170e1382a31acc69dcf92e99545e6329805eb11d8a34443b058f3de?s=96&d=mm&r=g","contentUrl":"https:\/\/secure.gravatar.com\/avatar\/d2653fb8f170e1382a31acc69dcf92e99545e6329805eb11d8a34443b058f3de?s=96&d=mm&r=g","caption":"desarrollo"},"url":"https:\/\/www.metrica-global.com\/cl\/author\/desarrollo\/"}]}},"_links":{"self":[{"href":"https:\/\/www.metrica-global.com\/cl\/wp-json\/wp\/v2\/posts\/5666","targetHints":{"allow":["GET"]}}],"collection":[{"href":"https:\/\/www.metrica-global.com\/cl\/wp-json\/wp\/v2\/posts"}],"about":[{"href":"https:\/\/www.metrica-global.com\/cl\/wp-json\/wp\/v2\/types\/post"}],"author":[{"embeddable":true,"href":"https:\/\/www.metrica-global.com\/cl\/wp-json\/wp\/v2\/users\/1"}],"replies":[{"embeddable":true,"href":"https:\/\/www.metrica-global.com\/cl\/wp-json\/wp\/v2\/comments?post=5666"}],"version-history":[{"count":1,"href":"https:\/\/www.metrica-global.com\/cl\/wp-json\/wp\/v2\/posts\/5666\/revisions"}],"predecessor-version":[{"id":5694,"href":"https:\/\/www.metrica-global.com\/cl\/wp-json\/wp\/v2\/posts\/5666\/revisions\/5694"}],"wp:featuredmedia":[{"embeddable":true,"href":"https:\/\/www.metrica-global.com\/cl\/wp-json\/wp\/v2\/media\/5668"}],"wp:attachment":[{"href":"https:\/\/www.metrica-global.com\/cl\/wp-json\/wp\/v2\/media?parent=5666"}],"wp:term":[{"taxonomy":"category","embeddable":true,"href":"https:\/\/www.metrica-global.com\/cl\/wp-json\/wp\/v2\/categories?post=5666"},{"taxonomy":"post_tag","embeddable":true,"href":"https:\/\/www.metrica-global.com\/cl\/wp-json\/wp\/v2\/tags?post=5666"}],"curies":[{"name":"wp","href":"https:\/\/api.w.org\/{rel}","templated":true}]}}