{"id":5674,"date":"2025-01-20T17:30:00","date_gmt":"2025-01-20T16:30:00","guid":{"rendered":"https:\/\/www.metrica-global.com\/the-metrica-challenge-2025\/"},"modified":"2025-06-10T11:02:26","modified_gmt":"2025-06-10T11:02:26","slug":"the-metrica-challenge-2025","status":"publish","type":"post","link":"https:\/\/www.metrica-global.com\/cl\/the-metrica-challenge-2025\/","title":{"rendered":"The Metrica Challenge 2025"},"content":{"rendered":"\r\n<p>La semana pasada, METRICA celebr\u00f3 <em>The Metrica Challenge 2025<\/em>, un evento anual que reuni\u00f3 a empleados y l\u00edderes de nuestras sedes internacionales para reflexionar sobre los logros del pasado curso, planificar el futuro y reforzar los valores que nos unen como organizaci\u00f3n. Durante dos d\u00edas, el evento se convirti\u00f3 en nuestro epicentro de la innovaci\u00f3n, el trabajo en equipo y la visi\u00f3n estrat\u00e9gica, consolidando a METRICA como una empresa comprometida con el crecimiento y la excelencia.<\/p>\r\n\r\n\r\n\r\n<p>El evento comenz\u00f3 con un an\u00e1lisis exhaustivo de los resultados de 2024, destacando los grandes hitos alcanzados por la compa\u00f1\u00eda y marcando el rumbo hacia 2025 con objetivos claros y ambiciosos. Este espacio permiti\u00f3 a los equipos compartir experiencias y estrategias que han demostrado ser clave para el \u00e9xito en diferentes mercados.<\/p>\r\n\r\n\r\n\r\n<p>&nbsp;<\/p>\r\n\r\n\r\n\r\n<h3 class=\"wp-block-heading\">Temas clave: Valores corporativos, inteligencia artificial y globalizaci\u00f3n<\/h3>\r\n\r\n\r\n\r\n<p>Uno de los pilares de <em>The Metrica Challenge 2025<\/em> fue el enfoque en temas esenciales como laos valores de la compa\u00f1\u00eda, la adopci\u00f3n de Inteligencia Artificial (IA) para optimizar procesos y la globalizaci\u00f3n y expansi\u00f3n internacional de METRICA. Se discutieron estrategias para garantizar un impacto positivo en el medio ambiente y en las comunidades, mientras se exploraron oportunidades para expandir nuestra presencia internacional y fortalecer nuestras operaciones globales.<\/p>\r\n\r\n\r\n\r\n<p>La inteligencia artificial fue otro punto central del evento. Dimos un primer paso hacia la implementaci\u00f3n de soluciones basadas en IA que nos permitir\u00e1n mejorar la eficiencia y la toma de decisiones, marcando un antes y un despu\u00e9s en la evoluci\u00f3n tecnol\u00f3gica de METRICA.<\/p>\r\n\r\n\r\n\r\n<p>&nbsp;<\/p>\r\n\r\n\r\n\r\n<h3 class=\"wp-block-heading\">Din\u00e1micas y ponencias inspiradoras<\/h3>\r\n\r\n\r\n\r\n<p>El evento no solo estuvo marcado por debates y an\u00e1lisis estrat\u00e9gicos, sino tambi\u00e9n por din\u00e1micas grupales dise\u00f1adas para fortalecer los valores corporativos y fomentar el trabajo en equipo. Estos ejercicios reforzaron la cohesi\u00f3n entre los empleados de nuestras diversas sedes y recordaron la importancia de la colaboraci\u00f3n para alcanzar nuestras metas.<\/p>\r\n\r\n\r\n\r\n<p>Adem\u00e1s, contamos con ponencias de alto nivel que dejaron una huella imborrable en los asistentes. Dami\u00e1n Granados, Presidente de Marketing de COSENTINO, nos habl\u00f3 sobre la importancia de construir una marca s\u00f3lida y con prop\u00f3sito para atraer y retener talento. Por otro lado, Javier Grande, piloto de motociclismo patrocinado por METRICA, destac\u00f3 c\u00f3mo los valores y el trabajo en equipo son fundamentales para alcanzar el \u00e9xito en cualquier \u00e1mbito. Finalmente, Ra\u00fal Ordo\u00f1ez (Jaspeante), experto en inteligencia artificial, cerr\u00f3 el evento con una charla inspiradora sobre c\u00f3mo la IA puede actuar como un catalizador para la mejora organizacional.<\/p>\r\n\r\n\r\n\r\n<p>&nbsp;<\/p>\r\n\r\n\r\n\r\n<h3 class=\"wp-block-heading\">Una experiencia enriquecedora para todos<\/h3>\r\n\r\n\r\n\r\n<p><em>The Metrica Challenge 2025<\/em> ha sido una experiencia \u00fanica que ha dejado a todos los participantes con nuevas perspectivas, herramientas y motivaci\u00f3n para enfrentar los retos del pr\u00f3ximo a\u00f1o. Este tipo de encuentros no solo fortalecen nuestra visi\u00f3n compartida, sino que tambi\u00e9n nos posicionan como una empresa l\u00edder en innovaci\u00f3n y sostenibilidad. Desde METRICA, queremos agradecer a todos los asistentes y ponentes por hacer de este evento un \u00e9xito. Seguiremos trabajando juntos para construir un futuro m\u00e1s brillante, m\u00e1s innovador y m\u00e1s comprometido con nuestros valores.<\/p>\r\n\r\n\r\n\r\n<p>\u00a1Nos vemos en la pr\u00f3xima edici\u00f3n de <em>The Metrica Challenge<\/em>!<\/p>\r\n","protected":false},"excerpt":{"rendered":"<p>METRICA celebra The Metrica Challenge 2025, un evento anual que re\u00fane a miembros de nuestras sedes internacionales para reflexionar sobre los resultados, objetivos y valores que nos unen como organizaci\u00f3n.<\/p>\n","protected":false},"author":1,"featured_media":5675,"comment_status":"open","ping_status":"open","sticky":false,"template":"","format":"standard","meta":{"content-type":"","footnotes":""},"categories":[387],"tags":[476,428,556,488,436,447,385,557,558,559],"class_list":["post-5674","post","type-post","status-publish","format-standard","has-post-thumbnail","hentry","category-actualidad-cl","tag-2025-cl","tag-ambito-tecnologico-cl","tag-globalizacion-cl","tag-inteligencia-artificial-cl","tag-sector-it-cl","tag-sostenibilidad-cl","tag-tecnologia-cl","tag-the-metrica-challenge-cl","tag-trabajo-en-equipo-cl","tag-valores-corporativos-cl"],"yoast_head":"<!-- This site is optimized with the Yoast SEO plugin v25.9 - https:\/\/yoast.com\/wordpress\/plugins\/seo\/ -->\n<title>The Metrica Challenge 2025 - METRICA<\/title>\n<meta name=\"robots\" content=\"index, follow, max-snippet:-1, max-image-preview:large, max-video-preview:-1\" \/>\n<link rel=\"canonical\" href=\"https:\/\/www.metrica-global.com\/cl\/the-metrica-challenge-2025\/\" \/>\n<meta property=\"og:locale\" content=\"es_ES\" \/>\n<meta property=\"og:type\" content=\"article\" \/>\n<meta property=\"og:title\" content=\"The Metrica Challenge 2025 - METRICA\" \/>\n<meta property=\"og:description\" content=\"METRICA celebra The Metrica Challenge 2025, un evento anual que re\u00fane a miembros de nuestras sedes internacionales para reflexionar sobre los resultados, objetivos y valores que nos unen como organizaci\u00f3n.\" \/>\n<meta property=\"og:url\" content=\"https:\/\/www.metrica-global.com\/cl\/the-metrica-challenge-2025\/\" \/>\n<meta property=\"og:site_name\" content=\"METRICA\" \/>\n<meta property=\"article:published_time\" content=\"2025-01-20T16:30:00+00:00\" \/>\n<meta property=\"article:modified_time\" content=\"2025-06-10T11:02:26+00:00\" \/>\n<meta property=\"og:image\" content=\"https:\/\/www.metrica-global.com\/wp-content\/uploads\/2025\/01\/MINI-TMC-25-copia.png\" \/>\n\t<meta property=\"og:image:width\" content=\"1080\" \/>\n\t<meta property=\"og:image:height\" content=\"1080\" \/>\n\t<meta property=\"og:image:type\" content=\"image\/png\" \/>\n<meta name=\"author\" content=\"desarrollo\" \/>\n<meta name=\"twitter:card\" content=\"summary_large_image\" \/>\n<meta name=\"twitter:label1\" content=\"Written by\" \/>\n\t<meta name=\"twitter:data1\" content=\"desarrollo\" \/>\n\t<meta name=\"twitter:label2\" content=\"Est. reading time\" \/>\n\t<meta name=\"twitter:data2\" content=\"3 minutes\" \/>\n<script type=\"application\/ld+json\" class=\"yoast-schema-graph\">{\"@context\":\"https:\/\/schema.org\",\"@graph\":[{\"@type\":\"Article\",\"@id\":\"https:\/\/www.metrica-global.com\/cl\/the-metrica-challenge-2025\/#article\",\"isPartOf\":{\"@id\":\"https:\/\/www.metrica-global.com\/cl\/the-metrica-challenge-2025\/\"},\"author\":{\"name\":\"desarrollo\",\"@id\":\"https:\/\/www.metrica-global.com\/#\/schema\/person\/78e8e629d9e5908167469b249f6f2cdc\"},\"headline\":\"The Metrica Challenge 2025\",\"datePublished\":\"2025-01-20T16:30:00+00:00\",\"dateModified\":\"2025-06-10T11:02:26+00:00\",\"mainEntityOfPage\":{\"@id\":\"https:\/\/www.metrica-global.com\/cl\/the-metrica-challenge-2025\/\"},\"wordCount\":548,\"commentCount\":0,\"publisher\":{\"@id\":\"https:\/\/www.metrica-global.com\/#organization\"},\"image\":{\"@id\":\"https:\/\/www.metrica-global.com\/cl\/the-metrica-challenge-2025\/#primaryimage\"},\"thumbnailUrl\":\"https:\/\/www.metrica-global.com\/wp-content\/uploads\/2025\/01\/MINI-TMC-25-copia.png\",\"keywords\":[\"2025\",\"\u00c1mbito Tecnol\u00f3gico\",\"Globalizaci\u00f3n\",\"Inteligencia Artificial\",\"Sector IT\",\"Sostenibilidad\",\"Tecnolog\u00eda\",\"The Metrica Challenge\",\"Trabajo en equipo\",\"Valores corporativos\"],\"articleSection\":[\"Actualidad\"],\"inLanguage\":\"es-CL\",\"potentialAction\":[{\"@type\":\"CommentAction\",\"name\":\"Comment\",\"target\":[\"https:\/\/www.metrica-global.com\/cl\/the-metrica-challenge-2025\/#respond\"]}]},{\"@type\":\"WebPage\",\"@id\":\"https:\/\/www.metrica-global.com\/cl\/the-metrica-challenge-2025\/\",\"url\":\"https:\/\/www.metrica-global.com\/cl\/the-metrica-challenge-2025\/\",\"name\":\"The Metrica Challenge 2025 - METRICA\",\"isPartOf\":{\"@id\":\"https:\/\/www.metrica-global.com\/#website\"},\"primaryImageOfPage\":{\"@id\":\"https:\/\/www.metrica-global.com\/cl\/the-metrica-challenge-2025\/#primaryimage\"},\"image\":{\"@id\":\"https:\/\/www.metrica-global.com\/cl\/the-metrica-challenge-2025\/#primaryimage\"},\"thumbnailUrl\":\"https:\/\/www.metrica-global.com\/wp-content\/uploads\/2025\/01\/MINI-TMC-25-copia.png\",\"datePublished\":\"2025-01-20T16:30:00+00:00\",\"dateModified\":\"2025-06-10T11:02:26+00:00\",\"breadcrumb\":{\"@id\":\"https:\/\/www.metrica-global.com\/cl\/the-metrica-challenge-2025\/#breadcrumb\"},\"inLanguage\":\"es-CL\",\"potentialAction\":[{\"@type\":\"ReadAction\",\"target\":[\"https:\/\/www.metrica-global.com\/cl\/the-metrica-challenge-2025\/\"]}]},{\"@type\":\"ImageObject\",\"inLanguage\":\"es-CL\",\"@id\":\"https:\/\/www.metrica-global.com\/cl\/the-metrica-challenge-2025\/#primaryimage\",\"url\":\"https:\/\/www.metrica-global.com\/wp-content\/uploads\/2025\/01\/MINI-TMC-25-copia.png\",\"contentUrl\":\"https:\/\/www.metrica-global.com\/wp-content\/uploads\/2025\/01\/MINI-TMC-25-copia.png\",\"width\":1080,\"height\":1080,\"caption\":\"MINI TMC 25 copia\"},{\"@type\":\"BreadcrumbList\",\"@id\":\"https:\/\/www.metrica-global.com\/cl\/the-metrica-challenge-2025\/#breadcrumb\",\"itemListElement\":[{\"@type\":\"ListItem\",\"position\":1,\"name\":\"Portada\",\"item\":\"https:\/\/www.metrica-global.com\/pt\/\"},{\"@type\":\"ListItem\",\"position\":2,\"name\":\"The Metrica Challenge 2025\"}]},{\"@type\":\"WebSite\",\"@id\":\"https:\/\/www.metrica-global.com\/#website\",\"url\":\"https:\/\/www.metrica-global.com\/\",\"name\":\"METRICA\",\"description\":\"Servicios Globales IT\",\"publisher\":{\"@id\":\"https:\/\/www.metrica-global.com\/#organization\"},\"potentialAction\":[{\"@type\":\"SearchAction\",\"target\":{\"@type\":\"EntryPoint\",\"urlTemplate\":\"https:\/\/www.metrica-global.com\/?s={search_term_string}\"},\"query-input\":{\"@type\":\"PropertyValueSpecification\",\"valueRequired\":true,\"valueName\":\"search_term_string\"}}],\"inLanguage\":\"es-CL\"},{\"@type\":\"Organization\",\"@id\":\"https:\/\/www.metrica-global.com\/#organization\",\"name\":\"METRICA\",\"url\":\"https:\/\/www.metrica-global.com\/\",\"logo\":{\"@type\":\"ImageObject\",\"inLanguage\":\"es-CL\",\"@id\":\"https:\/\/www.metrica-global.com\/#\/schema\/logo\/image\/\",\"url\":\"https:\/\/www.metrica-global.com\/wp-content\/uploads\/2023\/12\/logo-metrica.png\",\"contentUrl\":\"https:\/\/www.metrica-global.com\/wp-content\/uploads\/2023\/12\/logo-metrica.png\",\"width\":332,\"height\":58,\"caption\":\"METRICA\"},\"image\":{\"@id\":\"https:\/\/www.metrica-global.com\/#\/schema\/logo\/image\/\"}},{\"@type\":\"Person\",\"@id\":\"https:\/\/www.metrica-global.com\/#\/schema\/person\/78e8e629d9e5908167469b249f6f2cdc\",\"name\":\"desarrollo\",\"image\":{\"@type\":\"ImageObject\",\"inLanguage\":\"es-CL\",\"@id\":\"https:\/\/www.metrica-global.com\/#\/schema\/person\/image\/\",\"url\":\"https:\/\/secure.gravatar.com\/avatar\/d2653fb8f170e1382a31acc69dcf92e99545e6329805eb11d8a34443b058f3de?s=96&d=mm&r=g\",\"contentUrl\":\"https:\/\/secure.gravatar.com\/avatar\/d2653fb8f170e1382a31acc69dcf92e99545e6329805eb11d8a34443b058f3de?s=96&d=mm&r=g\",\"caption\":\"desarrollo\"},\"url\":\"https:\/\/www.metrica-global.com\/cl\/author\/desarrollo\/\"}]}<\/script>\n<!-- \/ Yoast SEO plugin. -->","yoast_head_json":{"title":"The Metrica Challenge 2025 - METRICA","robots":{"index":"index","follow":"follow","max-snippet":"max-snippet:-1","max-image-preview":"max-image-preview:large","max-video-preview":"max-video-preview:-1"},"canonical":"https:\/\/www.metrica-global.com\/cl\/the-metrica-challenge-2025\/","og_locale":"es_ES","og_type":"article","og_title":"The Metrica Challenge 2025 - METRICA","og_description":"METRICA celebra The Metrica Challenge 2025, un evento anual que re\u00fane a miembros de nuestras sedes internacionales para reflexionar sobre los resultados, objetivos y valores que nos unen como organizaci\u00f3n.","og_url":"https:\/\/www.metrica-global.com\/cl\/the-metrica-challenge-2025\/","og_site_name":"METRICA","article_published_time":"2025-01-20T16:30:00+00:00","article_modified_time":"2025-06-10T11:02:26+00:00","og_image":[{"width":1080,"height":1080,"url":"https:\/\/www.metrica-global.com\/wp-content\/uploads\/2025\/01\/MINI-TMC-25-copia.png","type":"image\/png"}],"author":"desarrollo","twitter_card":"summary_large_image","twitter_misc":{"Written by":"desarrollo","Est. reading time":"3 minutes"},"schema":{"@context":"https:\/\/schema.org","@graph":[{"@type":"Article","@id":"https:\/\/www.metrica-global.com\/cl\/the-metrica-challenge-2025\/#article","isPartOf":{"@id":"https:\/\/www.metrica-global.com\/cl\/the-metrica-challenge-2025\/"},"author":{"name":"desarrollo","@id":"https:\/\/www.metrica-global.com\/#\/schema\/person\/78e8e629d9e5908167469b249f6f2cdc"},"headline":"The Metrica Challenge 2025","datePublished":"2025-01-20T16:30:00+00:00","dateModified":"2025-06-10T11:02:26+00:00","mainEntityOfPage":{"@id":"https:\/\/www.metrica-global.com\/cl\/the-metrica-challenge-2025\/"},"wordCount":548,"commentCount":0,"publisher":{"@id":"https:\/\/www.metrica-global.com\/#organization"},"image":{"@id":"https:\/\/www.metrica-global.com\/cl\/the-metrica-challenge-2025\/#primaryimage"},"thumbnailUrl":"https:\/\/www.metrica-global.com\/wp-content\/uploads\/2025\/01\/MINI-TMC-25-copia.png","keywords":["2025","\u00c1mbito Tecnol\u00f3gico","Globalizaci\u00f3n","Inteligencia Artificial","Sector IT","Sostenibilidad","Tecnolog\u00eda","The Metrica Challenge","Trabajo en equipo","Valores corporativos"],"articleSection":["Actualidad"],"inLanguage":"es-CL","potentialAction":[{"@type":"CommentAction","name":"Comment","target":["https:\/\/www.metrica-global.com\/cl\/the-metrica-challenge-2025\/#respond"]}]},{"@type":"WebPage","@id":"https:\/\/www.metrica-global.com\/cl\/the-metrica-challenge-2025\/","url":"https:\/\/www.metrica-global.com\/cl\/the-metrica-challenge-2025\/","name":"The Metrica Challenge 2025 - METRICA","isPartOf":{"@id":"https:\/\/www.metrica-global.com\/#website"},"primaryImageOfPage":{"@id":"https:\/\/www.metrica-global.com\/cl\/the-metrica-challenge-2025\/#primaryimage"},"image":{"@id":"https:\/\/www.metrica-global.com\/cl\/the-metrica-challenge-2025\/#primaryimage"},"thumbnailUrl":"https:\/\/www.metrica-global.com\/wp-content\/uploads\/2025\/01\/MINI-TMC-25-copia.png","datePublished":"2025-01-20T16:30:00+00:00","dateModified":"2025-06-10T11:02:26+00:00","breadcrumb":{"@id":"https:\/\/www.metrica-global.com\/cl\/the-metrica-challenge-2025\/#breadcrumb"},"inLanguage":"es-CL","potentialAction":[{"@type":"ReadAction","target":["https:\/\/www.metrica-global.com\/cl\/the-metrica-challenge-2025\/"]}]},{"@type":"ImageObject","inLanguage":"es-CL","@id":"https:\/\/www.metrica-global.com\/cl\/the-metrica-challenge-2025\/#primaryimage","url":"https:\/\/www.metrica-global.com\/wp-content\/uploads\/2025\/01\/MINI-TMC-25-copia.png","contentUrl":"https:\/\/www.metrica-global.com\/wp-content\/uploads\/2025\/01\/MINI-TMC-25-copia.png","width":1080,"height":1080,"caption":"MINI TMC 25 copia"},{"@type":"BreadcrumbList","@id":"https:\/\/www.metrica-global.com\/cl\/the-metrica-challenge-2025\/#breadcrumb","itemListElement":[{"@type":"ListItem","position":1,"name":"Portada","item":"https:\/\/www.metrica-global.com\/pt\/"},{"@type":"ListItem","position":2,"name":"The Metrica Challenge 2025"}]},{"@type":"WebSite","@id":"https:\/\/www.metrica-global.com\/#website","url":"https:\/\/www.metrica-global.com\/","name":"METRICA","description":"Servicios Globales IT","publisher":{"@id":"https:\/\/www.metrica-global.com\/#organization"},"potentialAction":[{"@type":"SearchAction","target":{"@type":"EntryPoint","urlTemplate":"https:\/\/www.metrica-global.com\/?s={search_term_string}"},"query-input":{"@type":"PropertyValueSpecification","valueRequired":true,"valueName":"search_term_string"}}],"inLanguage":"es-CL"},{"@type":"Organization","@id":"https:\/\/www.metrica-global.com\/#organization","name":"METRICA","url":"https:\/\/www.metrica-global.com\/","logo":{"@type":"ImageObject","inLanguage":"es-CL","@id":"https:\/\/www.metrica-global.com\/#\/schema\/logo\/image\/","url":"https:\/\/www.metrica-global.com\/wp-content\/uploads\/2023\/12\/logo-metrica.png","contentUrl":"https:\/\/www.metrica-global.com\/wp-content\/uploads\/2023\/12\/logo-metrica.png","width":332,"height":58,"caption":"METRICA"},"image":{"@id":"https:\/\/www.metrica-global.com\/#\/schema\/logo\/image\/"}},{"@type":"Person","@id":"https:\/\/www.metrica-global.com\/#\/schema\/person\/78e8e629d9e5908167469b249f6f2cdc","name":"desarrollo","image":{"@type":"ImageObject","inLanguage":"es-CL","@id":"https:\/\/www.metrica-global.com\/#\/schema\/person\/image\/","url":"https:\/\/secure.gravatar.com\/avatar\/d2653fb8f170e1382a31acc69dcf92e99545e6329805eb11d8a34443b058f3de?s=96&d=mm&r=g","contentUrl":"https:\/\/secure.gravatar.com\/avatar\/d2653fb8f170e1382a31acc69dcf92e99545e6329805eb11d8a34443b058f3de?s=96&d=mm&r=g","caption":"desarrollo"},"url":"https:\/\/www.metrica-global.com\/cl\/author\/desarrollo\/"}]}},"_links":{"self":[{"href":"https:\/\/www.metrica-global.com\/cl\/wp-json\/wp\/v2\/posts\/5674","targetHints":{"allow":["GET"]}}],"collection":[{"href":"https:\/\/www.metrica-global.com\/cl\/wp-json\/wp\/v2\/posts"}],"about":[{"href":"https:\/\/www.metrica-global.com\/cl\/wp-json\/wp\/v2\/types\/post"}],"author":[{"embeddable":true,"href":"https:\/\/www.metrica-global.com\/cl\/wp-json\/wp\/v2\/users\/1"}],"replies":[{"embeddable":true,"href":"https:\/\/www.metrica-global.com\/cl\/wp-json\/wp\/v2\/comments?post=5674"}],"version-history":[{"count":2,"href":"https:\/\/www.metrica-global.com\/cl\/wp-json\/wp\/v2\/posts\/5674\/revisions"}],"predecessor-version":[{"id":5696,"href":"https:\/\/www.metrica-global.com\/cl\/wp-json\/wp\/v2\/posts\/5674\/revisions\/5696"}],"wp:featuredmedia":[{"embeddable":true,"href":"https:\/\/www.metrica-global.com\/cl\/wp-json\/wp\/v2\/media\/5675"}],"wp:attachment":[{"href":"https:\/\/www.metrica-global.com\/cl\/wp-json\/wp\/v2\/media?parent=5674"}],"wp:term":[{"taxonomy":"category","embeddable":true,"href":"https:\/\/www.metrica-global.com\/cl\/wp-json\/wp\/v2\/categories?post=5674"},{"taxonomy":"post_tag","embeddable":true,"href":"https:\/\/www.metrica-global.com\/cl\/wp-json\/wp\/v2\/tags?post=5674"}],"curies":[{"name":"wp","href":"https:\/\/api.w.org\/{rel}","templated":true}]}}