{"id":5721,"date":"2024-10-14T17:00:00","date_gmt":"2024-10-14T15:00:00","guid":{"rendered":"https:\/\/www.metrica-global.com\/experiencias-en-nuestro-programa-metricalab\/"},"modified":"2025-06-10T11:10:35","modified_gmt":"2025-06-10T11:10:35","slug":"experiencias-en-nuestro-programa-metricalab","status":"publish","type":"post","link":"https:\/\/www.metrica-global.com\/cl\/experiencias-en-nuestro-programa-metricalab\/","title":{"rendered":"Experiencias en nuestro programa M\u00e9tricaLab"},"content":{"rendered":"\r\n<p>En M\u00e9trica, creemos firmemente en el desarrollo del talento joven, y nuestro programa de pr\u00e1cticas M\u00e9tricaLab es una prueba de ello. Tras completar su primer mes con nosotros, tres de nuestros alumnos han compartido sus primeras impresiones en un reel publicado en nuestras redes sociales.<\/p>\r\n\r\n\r\n\r\n<p>Nuestros participantes llegaron con una s\u00f3lida base en tecnolog\u00eda, pero lo que han experimentado en M\u00e9tricaLab va mucho m\u00e1s all\u00e1. Durante este primer mes, han tenido la oportunidad de aplicar sus conocimientos en proyectos reales, enfrent\u00e1ndose a desaf\u00edos del mundo laboral y potenciando sus habilidades de manera significativa. Gracias al acompa\u00f1amiento de nuestro formador especialista, han logrado llevar su formaci\u00f3n a un nivel superior, adquiriendo competencias clave que solo se pueden aprender trabajando en entornos profesionales.<\/p>\r\n\r\n\r\n\r\n<p>En sus entrevistas, los alumnos expresan su satisfacci\u00f3n con el inicio de esta etapa y comparten sus expectativas para el futuro cercano. Sus objetivos son claros: finalizar su formaci\u00f3n en M\u00e9tricaLab, completar su preparaci\u00f3n al 100% y, como horizonte ideal, formar parte de nuestro equipo en alguno de los emocionantes proyectos que llevamos a cabo.<\/p>\r\n\r\n\r\n\r\n<p>Si a\u00fan no lo has hecho, te invitamos a ver el <a href=\"#\">reel en nuestras redes sociales<\/a> para conocer de primera mano c\u00f3mo ha sido su experiencia y qu\u00e9 les espera en los pr\u00f3ximos meses.<\/p>\r\n\r\n\r\n\r\n<p>En M\u00e9trica, estamos orgullosos de su progreso y seguimos comprometidos con el desarrollo de los futuros profesionales del sector IT.<\/p>\r\n\r\n\r\n\r\n<p><strong>\u00a1Vamos a por m\u00e1s!<\/strong><\/p>\r\n\r\n\r\n\r\n<figure class=\"wp-block-video\"><video src=\"https:\/\/themetricachange.com\/wp-content\/uploads\/2024\/10\/REEL-METRICALAB-1.mp4\" controls=\"controls\" width=\"300\" height=\"150\"><\/video><\/figure>\r\n","protected":false},"excerpt":{"rendered":"<p>Tras completar su primer mes con nosotros, tres de nuestros alumnos han compartido sus primeras impresiones en un reel publicado en nuestras redes sociales.<\/p>\n","protected":false},"author":1,"featured_media":5723,"comment_status":"open","ping_status":"open","sticky":false,"template":"","format":"standard","meta":{"content-type":"","footnotes":""},"categories":[427],"tags":[428,599,430,600,601,433,434,435,436,385],"class_list":["post-5721","post","type-post","status-publish","format-standard","has-post-thumbnail","hentry","category-metricalab-cl","tag-ambito-tecnologico-cl","tag-desarrollo-profesional-cl","tag-formacion-cl","tag-formacion-it-cl","tag-metricalab-cl","tag-practicas-it-cl","tag-practicas-profesionales-cl","tag-programacion-cl","tag-sector-it-cl","tag-tecnologia-cl"],"yoast_head":"<!-- This site is optimized with the Yoast SEO plugin v25.9 - https:\/\/yoast.com\/wordpress\/plugins\/seo\/ -->\n<title>Experiencias en nuestro programa M\u00e9tricaLab - METRICA<\/title>\n<meta name=\"robots\" content=\"index, follow, max-snippet:-1, max-image-preview:large, max-video-preview:-1\" \/>\n<link rel=\"canonical\" href=\"https:\/\/www.metrica-global.com\/cl\/experiencias-en-nuestro-programa-metricalab\/\" \/>\n<meta property=\"og:locale\" content=\"es_ES\" \/>\n<meta property=\"og:type\" content=\"article\" \/>\n<meta property=\"og:title\" content=\"Experiencias en nuestro programa M\u00e9tricaLab - METRICA\" \/>\n<meta property=\"og:description\" content=\"Tras completar su primer mes con nosotros, tres de nuestros alumnos han compartido sus primeras impresiones en un reel publicado en nuestras redes sociales.\" \/>\n<meta property=\"og:url\" content=\"https:\/\/www.metrica-global.com\/cl\/experiencias-en-nuestro-programa-metricalab\/\" \/>\n<meta property=\"og:site_name\" content=\"METRICA\" \/>\n<meta property=\"article:published_time\" content=\"2024-10-14T15:00:00+00:00\" \/>\n<meta property=\"article:modified_time\" content=\"2025-06-10T11:10:35+00:00\" \/>\n<meta property=\"og:image\" content=\"https:\/\/www.metrica-global.com\/wp-content\/uploads\/2024\/10\/IMG_6480-scaled-1.jpg\" \/>\n\t<meta property=\"og:image:width\" content=\"2560\" \/>\n\t<meta property=\"og:image:height\" content=\"1707\" \/>\n\t<meta property=\"og:image:type\" content=\"image\/jpeg\" \/>\n<meta name=\"author\" content=\"desarrollo\" \/>\n<meta name=\"twitter:card\" content=\"summary_large_image\" \/>\n<meta name=\"twitter:label1\" content=\"Written by\" \/>\n\t<meta name=\"twitter:data1\" content=\"desarrollo\" \/>\n\t<meta name=\"twitter:label2\" content=\"Est. reading time\" \/>\n\t<meta name=\"twitter:data2\" content=\"2 minutes\" \/>\n<script type=\"application\/ld+json\" class=\"yoast-schema-graph\">{\"@context\":\"https:\/\/schema.org\",\"@graph\":[{\"@type\":\"Article\",\"@id\":\"https:\/\/www.metrica-global.com\/cl\/experiencias-en-nuestro-programa-metricalab\/#article\",\"isPartOf\":{\"@id\":\"https:\/\/www.metrica-global.com\/cl\/experiencias-en-nuestro-programa-metricalab\/\"},\"author\":{\"name\":\"desarrollo\",\"@id\":\"https:\/\/www.metrica-global.com\/#\/schema\/person\/78e8e629d9e5908167469b249f6f2cdc\"},\"headline\":\"Experiencias en nuestro programa M\u00e9tricaLab\",\"datePublished\":\"2024-10-14T15:00:00+00:00\",\"dateModified\":\"2025-06-10T11:10:35+00:00\",\"mainEntityOfPage\":{\"@id\":\"https:\/\/www.metrica-global.com\/cl\/experiencias-en-nuestro-programa-metricalab\/\"},\"wordCount\":259,\"commentCount\":0,\"publisher\":{\"@id\":\"https:\/\/www.metrica-global.com\/#organization\"},\"image\":{\"@id\":\"https:\/\/www.metrica-global.com\/cl\/experiencias-en-nuestro-programa-metricalab\/#primaryimage\"},\"thumbnailUrl\":\"https:\/\/www.metrica-global.com\/wp-content\/uploads\/2024\/10\/IMG_6480-scaled-1.jpg\",\"keywords\":[\"\u00c1mbito Tecnol\u00f3gico\",\"Desarrollo Profesional\",\"Formaci\u00f3n\",\"Formaci\u00f3n IT\",\"M\u00e9tricaLab\",\"Pr\u00e1cticas IT\",\"Pr\u00e1cticas Profesionales\",\"Programaci\u00f3n\",\"Sector IT\",\"Tecnolog\u00eda\"],\"articleSection\":[\"MetricaLab\"],\"inLanguage\":\"es-CL\",\"potentialAction\":[{\"@type\":\"CommentAction\",\"name\":\"Comment\",\"target\":[\"https:\/\/www.metrica-global.com\/cl\/experiencias-en-nuestro-programa-metricalab\/#respond\"]}]},{\"@type\":\"WebPage\",\"@id\":\"https:\/\/www.metrica-global.com\/cl\/experiencias-en-nuestro-programa-metricalab\/\",\"url\":\"https:\/\/www.metrica-global.com\/cl\/experiencias-en-nuestro-programa-metricalab\/\",\"name\":\"Experiencias en nuestro programa M\u00e9tricaLab - METRICA\",\"isPartOf\":{\"@id\":\"https:\/\/www.metrica-global.com\/#website\"},\"primaryImageOfPage\":{\"@id\":\"https:\/\/www.metrica-global.com\/cl\/experiencias-en-nuestro-programa-metricalab\/#primaryimage\"},\"image\":{\"@id\":\"https:\/\/www.metrica-global.com\/cl\/experiencias-en-nuestro-programa-metricalab\/#primaryimage\"},\"thumbnailUrl\":\"https:\/\/www.metrica-global.com\/wp-content\/uploads\/2024\/10\/IMG_6480-scaled-1.jpg\",\"datePublished\":\"2024-10-14T15:00:00+00:00\",\"dateModified\":\"2025-06-10T11:10:35+00:00\",\"breadcrumb\":{\"@id\":\"https:\/\/www.metrica-global.com\/cl\/experiencias-en-nuestro-programa-metricalab\/#breadcrumb\"},\"inLanguage\":\"es-CL\",\"potentialAction\":[{\"@type\":\"ReadAction\",\"target\":[\"https:\/\/www.metrica-global.com\/cl\/experiencias-en-nuestro-programa-metricalab\/\"]}]},{\"@type\":\"ImageObject\",\"inLanguage\":\"es-CL\",\"@id\":\"https:\/\/www.metrica-global.com\/cl\/experiencias-en-nuestro-programa-metricalab\/#primaryimage\",\"url\":\"https:\/\/www.metrica-global.com\/wp-content\/uploads\/2024\/10\/IMG_6480-scaled-1.jpg\",\"contentUrl\":\"https:\/\/www.metrica-global.com\/wp-content\/uploads\/2024\/10\/IMG_6480-scaled-1.jpg\",\"width\":2560,\"height\":1707,\"caption\":\"IMG 6480 scaled 1\"},{\"@type\":\"BreadcrumbList\",\"@id\":\"https:\/\/www.metrica-global.com\/cl\/experiencias-en-nuestro-programa-metricalab\/#breadcrumb\",\"itemListElement\":[{\"@type\":\"ListItem\",\"position\":1,\"name\":\"Portada\",\"item\":\"https:\/\/www.metrica-global.com\/pt\/\"},{\"@type\":\"ListItem\",\"position\":2,\"name\":\"Experiencias en nuestro programa M\u00e9tricaLab\"}]},{\"@type\":\"WebSite\",\"@id\":\"https:\/\/www.metrica-global.com\/#website\",\"url\":\"https:\/\/www.metrica-global.com\/\",\"name\":\"METRICA\",\"description\":\"Servicios Globales IT\",\"publisher\":{\"@id\":\"https:\/\/www.metrica-global.com\/#organization\"},\"potentialAction\":[{\"@type\":\"SearchAction\",\"target\":{\"@type\":\"EntryPoint\",\"urlTemplate\":\"https:\/\/www.metrica-global.com\/?s={search_term_string}\"},\"query-input\":{\"@type\":\"PropertyValueSpecification\",\"valueRequired\":true,\"valueName\":\"search_term_string\"}}],\"inLanguage\":\"es-CL\"},{\"@type\":\"Organization\",\"@id\":\"https:\/\/www.metrica-global.com\/#organization\",\"name\":\"METRICA\",\"url\":\"https:\/\/www.metrica-global.com\/\",\"logo\":{\"@type\":\"ImageObject\",\"inLanguage\":\"es-CL\",\"@id\":\"https:\/\/www.metrica-global.com\/#\/schema\/logo\/image\/\",\"url\":\"https:\/\/www.metrica-global.com\/wp-content\/uploads\/2023\/12\/logo-metrica.png\",\"contentUrl\":\"https:\/\/www.metrica-global.com\/wp-content\/uploads\/2023\/12\/logo-metrica.png\",\"width\":332,\"height\":58,\"caption\":\"METRICA\"},\"image\":{\"@id\":\"https:\/\/www.metrica-global.com\/#\/schema\/logo\/image\/\"}},{\"@type\":\"Person\",\"@id\":\"https:\/\/www.metrica-global.com\/#\/schema\/person\/78e8e629d9e5908167469b249f6f2cdc\",\"name\":\"desarrollo\",\"image\":{\"@type\":\"ImageObject\",\"inLanguage\":\"es-CL\",\"@id\":\"https:\/\/www.metrica-global.com\/#\/schema\/person\/image\/\",\"url\":\"https:\/\/secure.gravatar.com\/avatar\/d2653fb8f170e1382a31acc69dcf92e99545e6329805eb11d8a34443b058f3de?s=96&d=mm&r=g\",\"contentUrl\":\"https:\/\/secure.gravatar.com\/avatar\/d2653fb8f170e1382a31acc69dcf92e99545e6329805eb11d8a34443b058f3de?s=96&d=mm&r=g\",\"caption\":\"desarrollo\"},\"url\":\"https:\/\/www.metrica-global.com\/cl\/author\/desarrollo\/\"}]}<\/script>\n<!-- \/ Yoast SEO plugin. -->","yoast_head_json":{"title":"Experiencias en nuestro programa M\u00e9tricaLab - METRICA","robots":{"index":"index","follow":"follow","max-snippet":"max-snippet:-1","max-image-preview":"max-image-preview:large","max-video-preview":"max-video-preview:-1"},"canonical":"https:\/\/www.metrica-global.com\/cl\/experiencias-en-nuestro-programa-metricalab\/","og_locale":"es_ES","og_type":"article","og_title":"Experiencias en nuestro programa M\u00e9tricaLab - METRICA","og_description":"Tras completar su primer mes con nosotros, tres de nuestros alumnos han compartido sus primeras impresiones en un reel publicado en nuestras redes sociales.","og_url":"https:\/\/www.metrica-global.com\/cl\/experiencias-en-nuestro-programa-metricalab\/","og_site_name":"METRICA","article_published_time":"2024-10-14T15:00:00+00:00","article_modified_time":"2025-06-10T11:10:35+00:00","og_image":[{"width":2560,"height":1707,"url":"https:\/\/www.metrica-global.com\/wp-content\/uploads\/2024\/10\/IMG_6480-scaled-1.jpg","type":"image\/jpeg"}],"author":"desarrollo","twitter_card":"summary_large_image","twitter_misc":{"Written by":"desarrollo","Est. reading time":"2 minutes"},"schema":{"@context":"https:\/\/schema.org","@graph":[{"@type":"Article","@id":"https:\/\/www.metrica-global.com\/cl\/experiencias-en-nuestro-programa-metricalab\/#article","isPartOf":{"@id":"https:\/\/www.metrica-global.com\/cl\/experiencias-en-nuestro-programa-metricalab\/"},"author":{"name":"desarrollo","@id":"https:\/\/www.metrica-global.com\/#\/schema\/person\/78e8e629d9e5908167469b249f6f2cdc"},"headline":"Experiencias en nuestro programa M\u00e9tricaLab","datePublished":"2024-10-14T15:00:00+00:00","dateModified":"2025-06-10T11:10:35+00:00","mainEntityOfPage":{"@id":"https:\/\/www.metrica-global.com\/cl\/experiencias-en-nuestro-programa-metricalab\/"},"wordCount":259,"commentCount":0,"publisher":{"@id":"https:\/\/www.metrica-global.com\/#organization"},"image":{"@id":"https:\/\/www.metrica-global.com\/cl\/experiencias-en-nuestro-programa-metricalab\/#primaryimage"},"thumbnailUrl":"https:\/\/www.metrica-global.com\/wp-content\/uploads\/2024\/10\/IMG_6480-scaled-1.jpg","keywords":["\u00c1mbito Tecnol\u00f3gico","Desarrollo Profesional","Formaci\u00f3n","Formaci\u00f3n IT","M\u00e9tricaLab","Pr\u00e1cticas IT","Pr\u00e1cticas Profesionales","Programaci\u00f3n","Sector IT","Tecnolog\u00eda"],"articleSection":["MetricaLab"],"inLanguage":"es-CL","potentialAction":[{"@type":"CommentAction","name":"Comment","target":["https:\/\/www.metrica-global.com\/cl\/experiencias-en-nuestro-programa-metricalab\/#respond"]}]},{"@type":"WebPage","@id":"https:\/\/www.metrica-global.com\/cl\/experiencias-en-nuestro-programa-metricalab\/","url":"https:\/\/www.metrica-global.com\/cl\/experiencias-en-nuestro-programa-metricalab\/","name":"Experiencias en nuestro programa M\u00e9tricaLab - METRICA","isPartOf":{"@id":"https:\/\/www.metrica-global.com\/#website"},"primaryImageOfPage":{"@id":"https:\/\/www.metrica-global.com\/cl\/experiencias-en-nuestro-programa-metricalab\/#primaryimage"},"image":{"@id":"https:\/\/www.metrica-global.com\/cl\/experiencias-en-nuestro-programa-metricalab\/#primaryimage"},"thumbnailUrl":"https:\/\/www.metrica-global.com\/wp-content\/uploads\/2024\/10\/IMG_6480-scaled-1.jpg","datePublished":"2024-10-14T15:00:00+00:00","dateModified":"2025-06-10T11:10:35+00:00","breadcrumb":{"@id":"https:\/\/www.metrica-global.com\/cl\/experiencias-en-nuestro-programa-metricalab\/#breadcrumb"},"inLanguage":"es-CL","potentialAction":[{"@type":"ReadAction","target":["https:\/\/www.metrica-global.com\/cl\/experiencias-en-nuestro-programa-metricalab\/"]}]},{"@type":"ImageObject","inLanguage":"es-CL","@id":"https:\/\/www.metrica-global.com\/cl\/experiencias-en-nuestro-programa-metricalab\/#primaryimage","url":"https:\/\/www.metrica-global.com\/wp-content\/uploads\/2024\/10\/IMG_6480-scaled-1.jpg","contentUrl":"https:\/\/www.metrica-global.com\/wp-content\/uploads\/2024\/10\/IMG_6480-scaled-1.jpg","width":2560,"height":1707,"caption":"IMG 6480 scaled 1"},{"@type":"BreadcrumbList","@id":"https:\/\/www.metrica-global.com\/cl\/experiencias-en-nuestro-programa-metricalab\/#breadcrumb","itemListElement":[{"@type":"ListItem","position":1,"name":"Portada","item":"https:\/\/www.metrica-global.com\/pt\/"},{"@type":"ListItem","position":2,"name":"Experiencias en nuestro programa M\u00e9tricaLab"}]},{"@type":"WebSite","@id":"https:\/\/www.metrica-global.com\/#website","url":"https:\/\/www.metrica-global.com\/","name":"METRICA","description":"Servicios Globales IT","publisher":{"@id":"https:\/\/www.metrica-global.com\/#organization"},"potentialAction":[{"@type":"SearchAction","target":{"@type":"EntryPoint","urlTemplate":"https:\/\/www.metrica-global.com\/?s={search_term_string}"},"query-input":{"@type":"PropertyValueSpecification","valueRequired":true,"valueName":"search_term_string"}}],"inLanguage":"es-CL"},{"@type":"Organization","@id":"https:\/\/www.metrica-global.com\/#organization","name":"METRICA","url":"https:\/\/www.metrica-global.com\/","logo":{"@type":"ImageObject","inLanguage":"es-CL","@id":"https:\/\/www.metrica-global.com\/#\/schema\/logo\/image\/","url":"https:\/\/www.metrica-global.com\/wp-content\/uploads\/2023\/12\/logo-metrica.png","contentUrl":"https:\/\/www.metrica-global.com\/wp-content\/uploads\/2023\/12\/logo-metrica.png","width":332,"height":58,"caption":"METRICA"},"image":{"@id":"https:\/\/www.metrica-global.com\/#\/schema\/logo\/image\/"}},{"@type":"Person","@id":"https:\/\/www.metrica-global.com\/#\/schema\/person\/78e8e629d9e5908167469b249f6f2cdc","name":"desarrollo","image":{"@type":"ImageObject","inLanguage":"es-CL","@id":"https:\/\/www.metrica-global.com\/#\/schema\/person\/image\/","url":"https:\/\/secure.gravatar.com\/avatar\/d2653fb8f170e1382a31acc69dcf92e99545e6329805eb11d8a34443b058f3de?s=96&d=mm&r=g","contentUrl":"https:\/\/secure.gravatar.com\/avatar\/d2653fb8f170e1382a31acc69dcf92e99545e6329805eb11d8a34443b058f3de?s=96&d=mm&r=g","caption":"desarrollo"},"url":"https:\/\/www.metrica-global.com\/cl\/author\/desarrollo\/"}]}},"_links":{"self":[{"href":"https:\/\/www.metrica-global.com\/cl\/wp-json\/wp\/v2\/posts\/5721","targetHints":{"allow":["GET"]}}],"collection":[{"href":"https:\/\/www.metrica-global.com\/cl\/wp-json\/wp\/v2\/posts"}],"about":[{"href":"https:\/\/www.metrica-global.com\/cl\/wp-json\/wp\/v2\/types\/post"}],"author":[{"embeddable":true,"href":"https:\/\/www.metrica-global.com\/cl\/wp-json\/wp\/v2\/users\/1"}],"replies":[{"embeddable":true,"href":"https:\/\/www.metrica-global.com\/cl\/wp-json\/wp\/v2\/comments?post=5721"}],"version-history":[{"count":2,"href":"https:\/\/www.metrica-global.com\/cl\/wp-json\/wp\/v2\/posts\/5721\/revisions"}],"predecessor-version":[{"id":5746,"href":"https:\/\/www.metrica-global.com\/cl\/wp-json\/wp\/v2\/posts\/5721\/revisions\/5746"}],"wp:featuredmedia":[{"embeddable":true,"href":"https:\/\/www.metrica-global.com\/cl\/wp-json\/wp\/v2\/media\/5723"}],"wp:attachment":[{"href":"https:\/\/www.metrica-global.com\/cl\/wp-json\/wp\/v2\/media?parent=5721"}],"wp:term":[{"taxonomy":"category","embeddable":true,"href":"https:\/\/www.metrica-global.com\/cl\/wp-json\/wp\/v2\/categories?post=5721"},{"taxonomy":"post_tag","embeddable":true,"href":"https:\/\/www.metrica-global.com\/cl\/wp-json\/wp\/v2\/tags?post=5721"}],"curies":[{"name":"wp","href":"https:\/\/api.w.org\/{rel}","templated":true}]}}