{"id":5763,"date":"2024-08-28T13:00:00","date_gmt":"2024-08-28T11:00:00","guid":{"rendered":"https:\/\/www.metrica-global.com\/calculo-de-nuestra-huella-de-carbono-2023\/"},"modified":"2025-06-10T11:18:44","modified_gmt":"2025-06-10T11:18:44","slug":"calculo-de-nuestra-huella-de-carbono-2023","status":"publish","type":"post","link":"https:\/\/www.metrica-global.com\/cl\/calculo-de-nuestra-huella-de-carbono-2023\/","title":{"rendered":"C\u00e1lculo de nuestra Huella de Carbono 2023"},"content":{"rendered":"\r\n<p>En M\u00e9trica, estamos comprometidos con la sostenibilidad y la lucha contra el cambio clim\u00e1tico. Recientemente, hemos completado la medici\u00f3n de nuestra <strong>Huella de Carbono 2023<\/strong>, un esfuerzo que realizamos por segundo a\u00f1o consecutivo. Este an\u00e1lisis se llev\u00f3 a cabo siguiendo el <strong>Protocolo de Gases de Efecto Invernadero (GHG Protocol)<\/strong>, una herramienta crucial que nos ayuda a medir, gestionar y reducir nuestro impacto ambiental en t\u00e9rminos de emisiones contaminantes.<br \/><br \/><strong>\u00bfQu\u00e9 es el GHG Protocol?<\/strong> Es un est\u00e1ndar internacionalmente reconocido para el c\u00e1lculo y comunicaci\u00f3n de las emisiones de gases de efecto invernadero. Este protocolo fue desarrollado por el World Resources Institute (WRI) y el World Business Council for Sustainable Development (WBCSD), en colaboraci\u00f3n con empresas, gobiernos y organizaciones ambientalistas de todo el mundo. Su objetivo es proporcionar un marco confiable y efectivo para la gesti\u00f3n de emisiones, ayudando a las empresas a reducir su huella de carbono.<br \/><br \/>Con base en los resultados obtenidos en nuestra medici\u00f3n de la Huella de Carbono, hemos actualizado nuestro <strong>Plan de Reducci\u00f3n de Emisiones para 2030<\/strong>, con las siguientes iniciativas clave:<\/p>\r\n\r\n\r\n\r\n<ul class=\"wp-block-list\">\r\n<li><strong>Formaciones espec\u00edficas<\/strong>: Hemos implementado programas de capacitaci\u00f3n para concienciar y formar a nuestro equipo en pr\u00e1cticas sostenibles.<\/li>\r\n\r\n\r\n\r\n<li><strong>Alineaci\u00f3n de objetivos de sostenibilidad<\/strong>: Nuestros objetivos de sostenibilidad est\u00e1n ahora m\u00e1s integrados con la direcci\u00f3n estrat\u00e9gica del negocio.<\/li>\r\n\r\n\r\n\r\n<li><strong>Proyectos de compensaci\u00f3n<\/strong>: Estamos desarrollando proyectos que nos permitan mitigar el impacto de nuestras emisiones de carbono.<\/li>\r\n\r\n\r\n\r\n<li><strong>Reducci\u00f3n anual de la huella de carbono<\/strong>: Seguimos avanzando hacia la meta de alcanzar el objetivo NetCero en 2050.<\/li>\r\n<\/ul>\r\n\r\n\r\n\r\n<p>En M\u00e9trica, creemos firmemente que cada acci\u00f3n cuenta en nuestro esfuerzo por un futuro m\u00e1s verde. Continuaremos trabajando en estas y otras iniciativas para reducir nuestra huella de carbono y contribuir a la sostenibilidad global. Para m\u00e1s informaci\u00f3n sobre la medici\u00f3n de nuestra Huella de Carbono 2023 y los pasos que estamos tomando hacia un futuro m\u00e1s sostenible, te invitamos a leer <strong>nuestra publicaci\u00f3n en redes sociales<\/strong>. No olvides seguirnos para estar al d\u00eda de nuestras acciones en pro del medio ambiente.<br \/><br \/><strong>\u00a1S\u00e9 el cambio que quieres ver en el mundo!<\/strong><\/p>\r\n\r\n\r\n\r\n<figure class=\"wp-block-image size-large\"><img decoding=\"async\" class=\"wp-image-1441\" src=\"http:\/\/themetricachange.com\/wp-content\/uploads\/2024\/05\/BANNER-MADRE-TIERRA-1024x372.jpg\" alt=\"\" \/>\r\n<figcaption class=\"wp-element-caption\">BANNER NOTICIAS &#8211; BANNER MADRE TIERRA<\/figcaption>\r\n<\/figure>\r\n","protected":false},"excerpt":{"rendered":"<p>Hemos completado la medici\u00f3n de nuestra Huella de Carbono 2023, un esfuerzo que realizamos por segundo a\u00f1o consecutivo. Este an\u00e1lisis se llev\u00f3 a cabo siguiendo el Protocolo de Gases de Efecto Invernadero (GHG Protocol)<\/p>\n","protected":false},"author":1,"featured_media":5764,"comment_status":"open","ping_status":"open","sticky":false,"template":"","format":"standard","meta":{"content-type":"","footnotes":""},"categories":[438],"tags":[428,642,643,528,644,645,597,445,646,540,436,447],"class_list":["post-5763","post","type-post","status-publish","format-standard","has-post-thumbnail","hentry","category-sostenibilidad-cl","tag-ambito-tecnologico-cl","tag-cambio-climatico-cl","tag-co2-cl","tag-compromiso-empresarial-cl","tag-empresa-sostenible-cl","tag-ghg-protocol-cl","tag-huella-de-carbono-cl","tag-medio-ambiente-cl","tag-netzero-cl","tag-reduccion-de-emisiones-cl","tag-sector-it-cl","tag-sostenibilidad-cl"],"yoast_head":"<!-- This site is optimized with the Yoast SEO plugin v25.9 - https:\/\/yoast.com\/wordpress\/plugins\/seo\/ -->\n<title>C\u00e1lculo de nuestra Huella de Carbono 2023 - METRICA<\/title>\n<meta name=\"robots\" content=\"index, follow, max-snippet:-1, max-image-preview:large, max-video-preview:-1\" \/>\n<link rel=\"canonical\" href=\"https:\/\/www.metrica-global.com\/cl\/calculo-de-nuestra-huella-de-carbono-2023\/\" \/>\n<meta property=\"og:locale\" content=\"es_ES\" \/>\n<meta property=\"og:type\" content=\"article\" \/>\n<meta property=\"og:title\" content=\"C\u00e1lculo de nuestra Huella de Carbono 2023 - METRICA\" \/>\n<meta property=\"og:description\" content=\"Hemos completado la medici\u00f3n de nuestra Huella de Carbono 2023, un esfuerzo que realizamos por segundo a\u00f1o consecutivo. Este an\u00e1lisis se llev\u00f3 a cabo siguiendo el Protocolo de Gases de Efecto Invernadero (GHG Protocol)\" \/>\n<meta property=\"og:url\" content=\"https:\/\/www.metrica-global.com\/cl\/calculo-de-nuestra-huella-de-carbono-2023\/\" \/>\n<meta property=\"og:site_name\" content=\"METRICA\" \/>\n<meta property=\"article:published_time\" content=\"2024-08-28T11:00:00+00:00\" \/>\n<meta property=\"article:modified_time\" content=\"2025-06-10T11:18:44+00:00\" \/>\n<meta property=\"og:image\" content=\"https:\/\/www.metrica-global.com\/wp-content\/uploads\/2024\/08\/BANNER-HUELLA-CARBONO-scaled-1.jpg\" \/>\n\t<meta property=\"og:image:width\" content=\"2560\" \/>\n\t<meta property=\"og:image:height\" content=\"939\" \/>\n\t<meta property=\"og:image:type\" content=\"image\/jpeg\" \/>\n<meta name=\"author\" content=\"desarrollo\" \/>\n<meta name=\"twitter:card\" content=\"summary_large_image\" \/>\n<meta name=\"twitter:label1\" content=\"Written by\" \/>\n\t<meta name=\"twitter:data1\" content=\"desarrollo\" \/>\n\t<meta name=\"twitter:label2\" content=\"Est. reading time\" \/>\n\t<meta name=\"twitter:data2\" content=\"2 minutes\" \/>\n<script type=\"application\/ld+json\" class=\"yoast-schema-graph\">{\"@context\":\"https:\/\/schema.org\",\"@graph\":[{\"@type\":\"Article\",\"@id\":\"https:\/\/www.metrica-global.com\/cl\/calculo-de-nuestra-huella-de-carbono-2023\/#article\",\"isPartOf\":{\"@id\":\"https:\/\/www.metrica-global.com\/cl\/calculo-de-nuestra-huella-de-carbono-2023\/\"},\"author\":{\"name\":\"desarrollo\",\"@id\":\"https:\/\/www.metrica-global.com\/#\/schema\/person\/78e8e629d9e5908167469b249f6f2cdc\"},\"headline\":\"C\u00e1lculo de nuestra Huella de Carbono 2023\",\"datePublished\":\"2024-08-28T11:00:00+00:00\",\"dateModified\":\"2025-06-10T11:18:44+00:00\",\"mainEntityOfPage\":{\"@id\":\"https:\/\/www.metrica-global.com\/cl\/calculo-de-nuestra-huella-de-carbono-2023\/\"},\"wordCount\":379,\"commentCount\":0,\"publisher\":{\"@id\":\"https:\/\/www.metrica-global.com\/#organization\"},\"image\":{\"@id\":\"https:\/\/www.metrica-global.com\/cl\/calculo-de-nuestra-huella-de-carbono-2023\/#primaryimage\"},\"thumbnailUrl\":\"https:\/\/www.metrica-global.com\/wp-content\/uploads\/2024\/08\/BANNER-HUELLA-CARBONO-scaled-1.jpg\",\"keywords\":[\"\u00c1mbito Tecnol\u00f3gico\",\"Cambio Clim\u00e1tico\",\"CO2\",\"Compromiso empresarial\",\"Empresa sostenible\",\"GHG Protocol\",\"Huella de Carbono\",\"Medio Ambiente\",\"NetZero\",\"Reducci\u00f3n de Emisiones\",\"Sector IT\",\"Sostenibilidad\"],\"articleSection\":[\"Sostenibilidad\"],\"inLanguage\":\"es-CL\",\"potentialAction\":[{\"@type\":\"CommentAction\",\"name\":\"Comment\",\"target\":[\"https:\/\/www.metrica-global.com\/cl\/calculo-de-nuestra-huella-de-carbono-2023\/#respond\"]}]},{\"@type\":\"WebPage\",\"@id\":\"https:\/\/www.metrica-global.com\/cl\/calculo-de-nuestra-huella-de-carbono-2023\/\",\"url\":\"https:\/\/www.metrica-global.com\/cl\/calculo-de-nuestra-huella-de-carbono-2023\/\",\"name\":\"C\u00e1lculo de nuestra Huella de Carbono 2023 - METRICA\",\"isPartOf\":{\"@id\":\"https:\/\/www.metrica-global.com\/#website\"},\"primaryImageOfPage\":{\"@id\":\"https:\/\/www.metrica-global.com\/cl\/calculo-de-nuestra-huella-de-carbono-2023\/#primaryimage\"},\"image\":{\"@id\":\"https:\/\/www.metrica-global.com\/cl\/calculo-de-nuestra-huella-de-carbono-2023\/#primaryimage\"},\"thumbnailUrl\":\"https:\/\/www.metrica-global.com\/wp-content\/uploads\/2024\/08\/BANNER-HUELLA-CARBONO-scaled-1.jpg\",\"datePublished\":\"2024-08-28T11:00:00+00:00\",\"dateModified\":\"2025-06-10T11:18:44+00:00\",\"breadcrumb\":{\"@id\":\"https:\/\/www.metrica-global.com\/cl\/calculo-de-nuestra-huella-de-carbono-2023\/#breadcrumb\"},\"inLanguage\":\"es-CL\",\"potentialAction\":[{\"@type\":\"ReadAction\",\"target\":[\"https:\/\/www.metrica-global.com\/cl\/calculo-de-nuestra-huella-de-carbono-2023\/\"]}]},{\"@type\":\"ImageObject\",\"inLanguage\":\"es-CL\",\"@id\":\"https:\/\/www.metrica-global.com\/cl\/calculo-de-nuestra-huella-de-carbono-2023\/#primaryimage\",\"url\":\"https:\/\/www.metrica-global.com\/wp-content\/uploads\/2024\/08\/BANNER-HUELLA-CARBONO-scaled-1.jpg\",\"contentUrl\":\"https:\/\/www.metrica-global.com\/wp-content\/uploads\/2024\/08\/BANNER-HUELLA-CARBONO-scaled-1.jpg\",\"width\":2560,\"height\":939,\"caption\":\"BANNER HUELLA CARBONO scaled 1\"},{\"@type\":\"BreadcrumbList\",\"@id\":\"https:\/\/www.metrica-global.com\/cl\/calculo-de-nuestra-huella-de-carbono-2023\/#breadcrumb\",\"itemListElement\":[{\"@type\":\"ListItem\",\"position\":1,\"name\":\"Portada\",\"item\":\"https:\/\/www.metrica-global.com\/pt\/\"},{\"@type\":\"ListItem\",\"position\":2,\"name\":\"C\u00e1lculo de nuestra Huella de Carbono 2023\"}]},{\"@type\":\"WebSite\",\"@id\":\"https:\/\/www.metrica-global.com\/#website\",\"url\":\"https:\/\/www.metrica-global.com\/\",\"name\":\"METRICA\",\"description\":\"Servicios Globales IT\",\"publisher\":{\"@id\":\"https:\/\/www.metrica-global.com\/#organization\"},\"potentialAction\":[{\"@type\":\"SearchAction\",\"target\":{\"@type\":\"EntryPoint\",\"urlTemplate\":\"https:\/\/www.metrica-global.com\/?s={search_term_string}\"},\"query-input\":{\"@type\":\"PropertyValueSpecification\",\"valueRequired\":true,\"valueName\":\"search_term_string\"}}],\"inLanguage\":\"es-CL\"},{\"@type\":\"Organization\",\"@id\":\"https:\/\/www.metrica-global.com\/#organization\",\"name\":\"METRICA\",\"url\":\"https:\/\/www.metrica-global.com\/\",\"logo\":{\"@type\":\"ImageObject\",\"inLanguage\":\"es-CL\",\"@id\":\"https:\/\/www.metrica-global.com\/#\/schema\/logo\/image\/\",\"url\":\"https:\/\/www.metrica-global.com\/wp-content\/uploads\/2023\/12\/logo-metrica.png\",\"contentUrl\":\"https:\/\/www.metrica-global.com\/wp-content\/uploads\/2023\/12\/logo-metrica.png\",\"width\":332,\"height\":58,\"caption\":\"METRICA\"},\"image\":{\"@id\":\"https:\/\/www.metrica-global.com\/#\/schema\/logo\/image\/\"}},{\"@type\":\"Person\",\"@id\":\"https:\/\/www.metrica-global.com\/#\/schema\/person\/78e8e629d9e5908167469b249f6f2cdc\",\"name\":\"desarrollo\",\"image\":{\"@type\":\"ImageObject\",\"inLanguage\":\"es-CL\",\"@id\":\"https:\/\/www.metrica-global.com\/#\/schema\/person\/image\/\",\"url\":\"https:\/\/secure.gravatar.com\/avatar\/d2653fb8f170e1382a31acc69dcf92e99545e6329805eb11d8a34443b058f3de?s=96&d=mm&r=g\",\"contentUrl\":\"https:\/\/secure.gravatar.com\/avatar\/d2653fb8f170e1382a31acc69dcf92e99545e6329805eb11d8a34443b058f3de?s=96&d=mm&r=g\",\"caption\":\"desarrollo\"},\"url\":\"https:\/\/www.metrica-global.com\/cl\/author\/desarrollo\/\"}]}<\/script>\n<!-- \/ Yoast SEO plugin. -->","yoast_head_json":{"title":"C\u00e1lculo de nuestra Huella de Carbono 2023 - METRICA","robots":{"index":"index","follow":"follow","max-snippet":"max-snippet:-1","max-image-preview":"max-image-preview:large","max-video-preview":"max-video-preview:-1"},"canonical":"https:\/\/www.metrica-global.com\/cl\/calculo-de-nuestra-huella-de-carbono-2023\/","og_locale":"es_ES","og_type":"article","og_title":"C\u00e1lculo de nuestra Huella de Carbono 2023 - METRICA","og_description":"Hemos completado la medici\u00f3n de nuestra Huella de Carbono 2023, un esfuerzo que realizamos por segundo a\u00f1o consecutivo. Este an\u00e1lisis se llev\u00f3 a cabo siguiendo el Protocolo de Gases de Efecto Invernadero (GHG Protocol)","og_url":"https:\/\/www.metrica-global.com\/cl\/calculo-de-nuestra-huella-de-carbono-2023\/","og_site_name":"METRICA","article_published_time":"2024-08-28T11:00:00+00:00","article_modified_time":"2025-06-10T11:18:44+00:00","og_image":[{"width":2560,"height":939,"url":"https:\/\/www.metrica-global.com\/wp-content\/uploads\/2024\/08\/BANNER-HUELLA-CARBONO-scaled-1.jpg","type":"image\/jpeg"}],"author":"desarrollo","twitter_card":"summary_large_image","twitter_misc":{"Written by":"desarrollo","Est. reading time":"2 minutes"},"schema":{"@context":"https:\/\/schema.org","@graph":[{"@type":"Article","@id":"https:\/\/www.metrica-global.com\/cl\/calculo-de-nuestra-huella-de-carbono-2023\/#article","isPartOf":{"@id":"https:\/\/www.metrica-global.com\/cl\/calculo-de-nuestra-huella-de-carbono-2023\/"},"author":{"name":"desarrollo","@id":"https:\/\/www.metrica-global.com\/#\/schema\/person\/78e8e629d9e5908167469b249f6f2cdc"},"headline":"C\u00e1lculo de nuestra Huella de Carbono 2023","datePublished":"2024-08-28T11:00:00+00:00","dateModified":"2025-06-10T11:18:44+00:00","mainEntityOfPage":{"@id":"https:\/\/www.metrica-global.com\/cl\/calculo-de-nuestra-huella-de-carbono-2023\/"},"wordCount":379,"commentCount":0,"publisher":{"@id":"https:\/\/www.metrica-global.com\/#organization"},"image":{"@id":"https:\/\/www.metrica-global.com\/cl\/calculo-de-nuestra-huella-de-carbono-2023\/#primaryimage"},"thumbnailUrl":"https:\/\/www.metrica-global.com\/wp-content\/uploads\/2024\/08\/BANNER-HUELLA-CARBONO-scaled-1.jpg","keywords":["\u00c1mbito Tecnol\u00f3gico","Cambio Clim\u00e1tico","CO2","Compromiso empresarial","Empresa sostenible","GHG Protocol","Huella de Carbono","Medio Ambiente","NetZero","Reducci\u00f3n de Emisiones","Sector IT","Sostenibilidad"],"articleSection":["Sostenibilidad"],"inLanguage":"es-CL","potentialAction":[{"@type":"CommentAction","name":"Comment","target":["https:\/\/www.metrica-global.com\/cl\/calculo-de-nuestra-huella-de-carbono-2023\/#respond"]}]},{"@type":"WebPage","@id":"https:\/\/www.metrica-global.com\/cl\/calculo-de-nuestra-huella-de-carbono-2023\/","url":"https:\/\/www.metrica-global.com\/cl\/calculo-de-nuestra-huella-de-carbono-2023\/","name":"C\u00e1lculo de nuestra Huella de Carbono 2023 - METRICA","isPartOf":{"@id":"https:\/\/www.metrica-global.com\/#website"},"primaryImageOfPage":{"@id":"https:\/\/www.metrica-global.com\/cl\/calculo-de-nuestra-huella-de-carbono-2023\/#primaryimage"},"image":{"@id":"https:\/\/www.metrica-global.com\/cl\/calculo-de-nuestra-huella-de-carbono-2023\/#primaryimage"},"thumbnailUrl":"https:\/\/www.metrica-global.com\/wp-content\/uploads\/2024\/08\/BANNER-HUELLA-CARBONO-scaled-1.jpg","datePublished":"2024-08-28T11:00:00+00:00","dateModified":"2025-06-10T11:18:44+00:00","breadcrumb":{"@id":"https:\/\/www.metrica-global.com\/cl\/calculo-de-nuestra-huella-de-carbono-2023\/#breadcrumb"},"inLanguage":"es-CL","potentialAction":[{"@type":"ReadAction","target":["https:\/\/www.metrica-global.com\/cl\/calculo-de-nuestra-huella-de-carbono-2023\/"]}]},{"@type":"ImageObject","inLanguage":"es-CL","@id":"https:\/\/www.metrica-global.com\/cl\/calculo-de-nuestra-huella-de-carbono-2023\/#primaryimage","url":"https:\/\/www.metrica-global.com\/wp-content\/uploads\/2024\/08\/BANNER-HUELLA-CARBONO-scaled-1.jpg","contentUrl":"https:\/\/www.metrica-global.com\/wp-content\/uploads\/2024\/08\/BANNER-HUELLA-CARBONO-scaled-1.jpg","width":2560,"height":939,"caption":"BANNER HUELLA CARBONO scaled 1"},{"@type":"BreadcrumbList","@id":"https:\/\/www.metrica-global.com\/cl\/calculo-de-nuestra-huella-de-carbono-2023\/#breadcrumb","itemListElement":[{"@type":"ListItem","position":1,"name":"Portada","item":"https:\/\/www.metrica-global.com\/pt\/"},{"@type":"ListItem","position":2,"name":"C\u00e1lculo de nuestra Huella de Carbono 2023"}]},{"@type":"WebSite","@id":"https:\/\/www.metrica-global.com\/#website","url":"https:\/\/www.metrica-global.com\/","name":"METRICA","description":"Servicios Globales IT","publisher":{"@id":"https:\/\/www.metrica-global.com\/#organization"},"potentialAction":[{"@type":"SearchAction","target":{"@type":"EntryPoint","urlTemplate":"https:\/\/www.metrica-global.com\/?s={search_term_string}"},"query-input":{"@type":"PropertyValueSpecification","valueRequired":true,"valueName":"search_term_string"}}],"inLanguage":"es-CL"},{"@type":"Organization","@id":"https:\/\/www.metrica-global.com\/#organization","name":"METRICA","url":"https:\/\/www.metrica-global.com\/","logo":{"@type":"ImageObject","inLanguage":"es-CL","@id":"https:\/\/www.metrica-global.com\/#\/schema\/logo\/image\/","url":"https:\/\/www.metrica-global.com\/wp-content\/uploads\/2023\/12\/logo-metrica.png","contentUrl":"https:\/\/www.metrica-global.com\/wp-content\/uploads\/2023\/12\/logo-metrica.png","width":332,"height":58,"caption":"METRICA"},"image":{"@id":"https:\/\/www.metrica-global.com\/#\/schema\/logo\/image\/"}},{"@type":"Person","@id":"https:\/\/www.metrica-global.com\/#\/schema\/person\/78e8e629d9e5908167469b249f6f2cdc","name":"desarrollo","image":{"@type":"ImageObject","inLanguage":"es-CL","@id":"https:\/\/www.metrica-global.com\/#\/schema\/person\/image\/","url":"https:\/\/secure.gravatar.com\/avatar\/d2653fb8f170e1382a31acc69dcf92e99545e6329805eb11d8a34443b058f3de?s=96&d=mm&r=g","contentUrl":"https:\/\/secure.gravatar.com\/avatar\/d2653fb8f170e1382a31acc69dcf92e99545e6329805eb11d8a34443b058f3de?s=96&d=mm&r=g","caption":"desarrollo"},"url":"https:\/\/www.metrica-global.com\/cl\/author\/desarrollo\/"}]}},"_links":{"self":[{"href":"https:\/\/www.metrica-global.com\/cl\/wp-json\/wp\/v2\/posts\/5763","targetHints":{"allow":["GET"]}}],"collection":[{"href":"https:\/\/www.metrica-global.com\/cl\/wp-json\/wp\/v2\/posts"}],"about":[{"href":"https:\/\/www.metrica-global.com\/cl\/wp-json\/wp\/v2\/types\/post"}],"author":[{"embeddable":true,"href":"https:\/\/www.metrica-global.com\/cl\/wp-json\/wp\/v2\/users\/1"}],"replies":[{"embeddable":true,"href":"https:\/\/www.metrica-global.com\/cl\/wp-json\/wp\/v2\/comments?post=5763"}],"version-history":[{"count":1,"href":"https:\/\/www.metrica-global.com\/cl\/wp-json\/wp\/v2\/posts\/5763\/revisions"}],"predecessor-version":[{"id":5796,"href":"https:\/\/www.metrica-global.com\/cl\/wp-json\/wp\/v2\/posts\/5763\/revisions\/5796"}],"wp:featuredmedia":[{"embeddable":true,"href":"https:\/\/www.metrica-global.com\/cl\/wp-json\/wp\/v2\/media\/5764"}],"wp:attachment":[{"href":"https:\/\/www.metrica-global.com\/cl\/wp-json\/wp\/v2\/media?parent=5763"}],"wp:term":[{"taxonomy":"category","embeddable":true,"href":"https:\/\/www.metrica-global.com\/cl\/wp-json\/wp\/v2\/categories?post=5763"},{"taxonomy":"post_tag","embeddable":true,"href":"https:\/\/www.metrica-global.com\/cl\/wp-json\/wp\/v2\/tags?post=5763"}],"curies":[{"name":"wp","href":"https:\/\/api.w.org\/{rel}","templated":true}]}}