{"id":5842,"date":"2024-04-16T08:37:55","date_gmt":"2024-04-16T06:37:55","guid":{"rendered":"https:\/\/www.metrica-global.com\/nuevo-grupo-de-practicas\/"},"modified":"2025-06-10T11:22:17","modified_gmt":"2025-06-10T11:22:17","slug":"nuevo-grupo-de-practicas","status":"publish","type":"post","link":"https:\/\/www.metrica-global.com\/cl\/nuevo-grupo-de-practicas\/","title":{"rendered":"Nuevo grupo de pr\u00e1cticas"},"content":{"rendered":"\r\n<p>&nbsp;<\/p>\r\n\r\n\r\n\r\n<div class=\"wp-block-media-text is-stacked-on-mobile\" style=\"grid-template-columns: 24% auto;\">\r\n<figure class=\"wp-block-media-text__media\"><video src=\"https:\/\/themetricachange.com\/wp-content\/uploads\/2024\/05\/reel-METRICALAB-1.mp4\" controls=\"controls\" width=\"300\" height=\"150\"><\/video><\/figure>\r\n<div class=\"wp-block-media-text__content\">\r\n<p><strong>Descubre a los Nuevos Talentos en MetricaLab<\/strong><\/p>\r\n\r\n\r\n\r\n<p>En MetricaLab, estamos emocionados de dar la bienvenida a nuestro nuevo grupo de pr\u00e1cticas, quienes est\u00e1n listos para embarcarse en una emocionante jornada de aprendizaje y crecimiento profesional. Este programa de pr\u00e1cticas de alto rendimiento brinda a estos j\u00f3venes talentos la oportunidad de desarrollar todo su potencial en nuestro sector.<\/p>\r\n\r\n\r\n\r\n<p>Desde el primer d\u00eda, nuestros practicantes han estado inmersos en un ambiente de aprendizaje din\u00e1mico. Han tenido la oportunidad de participar en masterclasses impartidas por nuestros expertos formadores, lo que les ha permitido adquirir conocimientos valiosos y habilidades pr\u00e1cticas relevantes para el mundo laboral.<\/p>\r\n\r\n\r\n\r\n<p>Adem\u00e1s, han tenido la oportunidad de interactuar con antiguos alumnos de MetricaLab que actualmente colaboran con nosotros. Este intercambio de experiencias y conocimientos les ha brindado una visi\u00f3n \u00fanica sobre las oportunidades y desaf\u00edos que les esperan en su trayectoria profesional.<\/p>\r\n\r\n\r\n\r\n<p>\u00a1A los nuevos practicantes, les damos una c\u00e1lida bienvenida y les animamos a darlo todo en esta emocionante etapa de sus carreras! Estamos seguros de que aprovechar\u00e1n al m\u00e1ximo esta oportunidad para crecer, aprender y destacar en el mundo laboral.<\/p>\r\n<\/div>\r\n<\/div>\r\n","protected":false},"excerpt":{"rendered":"<p>En MetricaLab, estamos emocionados de dar la bienvenida a nuestro nuevo grupo de pr\u00e1cticas, quienes est\u00e1n listos para embarcarse en una emocionante jornada de aprendizaje y crecimiento profesional.<\/p>\n","protected":false},"author":1,"featured_media":5844,"comment_status":"open","ping_status":"open","sticky":false,"template":"","format":"standard","meta":{"content-type":"","footnotes":""},"categories":[427],"tags":[720,599,430,432,433,434,436,385],"class_list":["post-5842","post","type-post","status-publish","format-standard","has-post-thumbnail","hentry","category-metricalab-cl","tag-carrera-tecnologica-cl","tag-desarrollo-profesional-cl","tag-formacion-cl","tag-nuevos-talentos-it-cl","tag-practicas-it-cl","tag-practicas-profesionales-cl","tag-sector-it-cl","tag-tecnologia-cl"],"yoast_head":"<!-- This site is optimized with the Yoast SEO plugin v25.9 - https:\/\/yoast.com\/wordpress\/plugins\/seo\/ -->\n<title>Nuevo grupo de pr\u00e1cticas - METRICA<\/title>\n<meta name=\"robots\" content=\"index, follow, max-snippet:-1, max-image-preview:large, max-video-preview:-1\" \/>\n<link rel=\"canonical\" href=\"https:\/\/www.metrica-global.com\/cl\/nuevo-grupo-de-practicas\/\" \/>\n<meta property=\"og:locale\" content=\"es_ES\" \/>\n<meta property=\"og:type\" content=\"article\" \/>\n<meta property=\"og:title\" content=\"Nuevo grupo de pr\u00e1cticas - METRICA\" \/>\n<meta property=\"og:description\" content=\"En MetricaLab, estamos emocionados de dar la bienvenida a nuestro nuevo grupo de pr\u00e1cticas, quienes est\u00e1n listos para embarcarse en una emocionante jornada de aprendizaje y crecimiento profesional.\" \/>\n<meta property=\"og:url\" content=\"https:\/\/www.metrica-global.com\/cl\/nuevo-grupo-de-practicas\/\" \/>\n<meta property=\"og:site_name\" content=\"METRICA\" \/>\n<meta property=\"article:published_time\" content=\"2024-04-16T06:37:55+00:00\" \/>\n<meta property=\"article:modified_time\" content=\"2025-06-10T11:22:17+00:00\" \/>\n<meta property=\"og:image\" content=\"https:\/\/www.metrica-global.com\/wp-content\/uploads\/2024\/05\/BANNER-nuevas-practicas-metricalab-scaled-1.jpg\" \/>\n\t<meta property=\"og:image:width\" content=\"2560\" \/>\n\t<meta property=\"og:image:height\" content=\"885\" \/>\n\t<meta property=\"og:image:type\" content=\"image\/jpeg\" \/>\n<meta name=\"author\" content=\"desarrollo\" \/>\n<meta name=\"twitter:card\" content=\"summary_large_image\" \/>\n<meta name=\"twitter:label1\" content=\"Written by\" \/>\n\t<meta name=\"twitter:data1\" content=\"desarrollo\" \/>\n\t<meta name=\"twitter:label2\" content=\"Est. reading time\" \/>\n\t<meta name=\"twitter:data2\" content=\"2 minutes\" \/>\n<script type=\"application\/ld+json\" class=\"yoast-schema-graph\">{\"@context\":\"https:\/\/schema.org\",\"@graph\":[{\"@type\":\"Article\",\"@id\":\"https:\/\/www.metrica-global.com\/cl\/nuevo-grupo-de-practicas\/#article\",\"isPartOf\":{\"@id\":\"https:\/\/www.metrica-global.com\/cl\/nuevo-grupo-de-practicas\/\"},\"author\":{\"name\":\"desarrollo\",\"@id\":\"https:\/\/www.metrica-global.com\/#\/schema\/person\/78e8e629d9e5908167469b249f6f2cdc\"},\"headline\":\"Nuevo grupo de pr\u00e1cticas\",\"datePublished\":\"2024-04-16T06:37:55+00:00\",\"dateModified\":\"2025-06-10T11:22:17+00:00\",\"mainEntityOfPage\":{\"@id\":\"https:\/\/www.metrica-global.com\/cl\/nuevo-grupo-de-practicas\/\"},\"wordCount\":201,\"commentCount\":0,\"publisher\":{\"@id\":\"https:\/\/www.metrica-global.com\/#organization\"},\"image\":{\"@id\":\"https:\/\/www.metrica-global.com\/cl\/nuevo-grupo-de-practicas\/#primaryimage\"},\"thumbnailUrl\":\"https:\/\/www.metrica-global.com\/wp-content\/uploads\/2024\/05\/BANNER-nuevas-practicas-metricalab-scaled-1.jpg\",\"keywords\":[\"Carrera tecnol\u00f3gica\",\"Desarrollo Profesional\",\"Formaci\u00f3n\",\"Nuevos Talentos IT\",\"Pr\u00e1cticas IT\",\"Pr\u00e1cticas Profesionales\",\"Sector IT\",\"Tecnolog\u00eda\"],\"articleSection\":[\"MetricaLab\"],\"inLanguage\":\"es-CL\",\"potentialAction\":[{\"@type\":\"CommentAction\",\"name\":\"Comment\",\"target\":[\"https:\/\/www.metrica-global.com\/cl\/nuevo-grupo-de-practicas\/#respond\"]}]},{\"@type\":\"WebPage\",\"@id\":\"https:\/\/www.metrica-global.com\/cl\/nuevo-grupo-de-practicas\/\",\"url\":\"https:\/\/www.metrica-global.com\/cl\/nuevo-grupo-de-practicas\/\",\"name\":\"Nuevo grupo de pr\u00e1cticas - METRICA\",\"isPartOf\":{\"@id\":\"https:\/\/www.metrica-global.com\/#website\"},\"primaryImageOfPage\":{\"@id\":\"https:\/\/www.metrica-global.com\/cl\/nuevo-grupo-de-practicas\/#primaryimage\"},\"image\":{\"@id\":\"https:\/\/www.metrica-global.com\/cl\/nuevo-grupo-de-practicas\/#primaryimage\"},\"thumbnailUrl\":\"https:\/\/www.metrica-global.com\/wp-content\/uploads\/2024\/05\/BANNER-nuevas-practicas-metricalab-scaled-1.jpg\",\"datePublished\":\"2024-04-16T06:37:55+00:00\",\"dateModified\":\"2025-06-10T11:22:17+00:00\",\"breadcrumb\":{\"@id\":\"https:\/\/www.metrica-global.com\/cl\/nuevo-grupo-de-practicas\/#breadcrumb\"},\"inLanguage\":\"es-CL\",\"potentialAction\":[{\"@type\":\"ReadAction\",\"target\":[\"https:\/\/www.metrica-global.com\/cl\/nuevo-grupo-de-practicas\/\"]}]},{\"@type\":\"ImageObject\",\"inLanguage\":\"es-CL\",\"@id\":\"https:\/\/www.metrica-global.com\/cl\/nuevo-grupo-de-practicas\/#primaryimage\",\"url\":\"https:\/\/www.metrica-global.com\/wp-content\/uploads\/2024\/05\/BANNER-nuevas-practicas-metricalab-scaled-1.jpg\",\"contentUrl\":\"https:\/\/www.metrica-global.com\/wp-content\/uploads\/2024\/05\/BANNER-nuevas-practicas-metricalab-scaled-1.jpg\",\"width\":2560,\"height\":885,\"caption\":\"BANNER nuevas practicas metricalab scaled 1\"},{\"@type\":\"BreadcrumbList\",\"@id\":\"https:\/\/www.metrica-global.com\/cl\/nuevo-grupo-de-practicas\/#breadcrumb\",\"itemListElement\":[{\"@type\":\"ListItem\",\"position\":1,\"name\":\"Portada\",\"item\":\"https:\/\/www.metrica-global.com\/pt\/\"},{\"@type\":\"ListItem\",\"position\":2,\"name\":\"Nuevo grupo de pr\u00e1cticas\"}]},{\"@type\":\"WebSite\",\"@id\":\"https:\/\/www.metrica-global.com\/#website\",\"url\":\"https:\/\/www.metrica-global.com\/\",\"name\":\"METRICA\",\"description\":\"Servicios Globales IT\",\"publisher\":{\"@id\":\"https:\/\/www.metrica-global.com\/#organization\"},\"potentialAction\":[{\"@type\":\"SearchAction\",\"target\":{\"@type\":\"EntryPoint\",\"urlTemplate\":\"https:\/\/www.metrica-global.com\/?s={search_term_string}\"},\"query-input\":{\"@type\":\"PropertyValueSpecification\",\"valueRequired\":true,\"valueName\":\"search_term_string\"}}],\"inLanguage\":\"es-CL\"},{\"@type\":\"Organization\",\"@id\":\"https:\/\/www.metrica-global.com\/#organization\",\"name\":\"METRICA\",\"url\":\"https:\/\/www.metrica-global.com\/\",\"logo\":{\"@type\":\"ImageObject\",\"inLanguage\":\"es-CL\",\"@id\":\"https:\/\/www.metrica-global.com\/#\/schema\/logo\/image\/\",\"url\":\"https:\/\/www.metrica-global.com\/wp-content\/uploads\/2023\/12\/logo-metrica.png\",\"contentUrl\":\"https:\/\/www.metrica-global.com\/wp-content\/uploads\/2023\/12\/logo-metrica.png\",\"width\":332,\"height\":58,\"caption\":\"METRICA\"},\"image\":{\"@id\":\"https:\/\/www.metrica-global.com\/#\/schema\/logo\/image\/\"}},{\"@type\":\"Person\",\"@id\":\"https:\/\/www.metrica-global.com\/#\/schema\/person\/78e8e629d9e5908167469b249f6f2cdc\",\"name\":\"desarrollo\",\"image\":{\"@type\":\"ImageObject\",\"inLanguage\":\"es-CL\",\"@id\":\"https:\/\/www.metrica-global.com\/#\/schema\/person\/image\/\",\"url\":\"https:\/\/secure.gravatar.com\/avatar\/d2653fb8f170e1382a31acc69dcf92e99545e6329805eb11d8a34443b058f3de?s=96&d=mm&r=g\",\"contentUrl\":\"https:\/\/secure.gravatar.com\/avatar\/d2653fb8f170e1382a31acc69dcf92e99545e6329805eb11d8a34443b058f3de?s=96&d=mm&r=g\",\"caption\":\"desarrollo\"},\"url\":\"https:\/\/www.metrica-global.com\/cl\/author\/desarrollo\/\"}]}<\/script>\n<!-- \/ Yoast SEO plugin. -->","yoast_head_json":{"title":"Nuevo grupo de pr\u00e1cticas - METRICA","robots":{"index":"index","follow":"follow","max-snippet":"max-snippet:-1","max-image-preview":"max-image-preview:large","max-video-preview":"max-video-preview:-1"},"canonical":"https:\/\/www.metrica-global.com\/cl\/nuevo-grupo-de-practicas\/","og_locale":"es_ES","og_type":"article","og_title":"Nuevo grupo de pr\u00e1cticas - METRICA","og_description":"En MetricaLab, estamos emocionados de dar la bienvenida a nuestro nuevo grupo de pr\u00e1cticas, quienes est\u00e1n listos para embarcarse en una emocionante jornada de aprendizaje y crecimiento profesional.","og_url":"https:\/\/www.metrica-global.com\/cl\/nuevo-grupo-de-practicas\/","og_site_name":"METRICA","article_published_time":"2024-04-16T06:37:55+00:00","article_modified_time":"2025-06-10T11:22:17+00:00","og_image":[{"width":2560,"height":885,"url":"https:\/\/www.metrica-global.com\/wp-content\/uploads\/2024\/05\/BANNER-nuevas-practicas-metricalab-scaled-1.jpg","type":"image\/jpeg"}],"author":"desarrollo","twitter_card":"summary_large_image","twitter_misc":{"Written by":"desarrollo","Est. reading time":"2 minutes"},"schema":{"@context":"https:\/\/schema.org","@graph":[{"@type":"Article","@id":"https:\/\/www.metrica-global.com\/cl\/nuevo-grupo-de-practicas\/#article","isPartOf":{"@id":"https:\/\/www.metrica-global.com\/cl\/nuevo-grupo-de-practicas\/"},"author":{"name":"desarrollo","@id":"https:\/\/www.metrica-global.com\/#\/schema\/person\/78e8e629d9e5908167469b249f6f2cdc"},"headline":"Nuevo grupo de pr\u00e1cticas","datePublished":"2024-04-16T06:37:55+00:00","dateModified":"2025-06-10T11:22:17+00:00","mainEntityOfPage":{"@id":"https:\/\/www.metrica-global.com\/cl\/nuevo-grupo-de-practicas\/"},"wordCount":201,"commentCount":0,"publisher":{"@id":"https:\/\/www.metrica-global.com\/#organization"},"image":{"@id":"https:\/\/www.metrica-global.com\/cl\/nuevo-grupo-de-practicas\/#primaryimage"},"thumbnailUrl":"https:\/\/www.metrica-global.com\/wp-content\/uploads\/2024\/05\/BANNER-nuevas-practicas-metricalab-scaled-1.jpg","keywords":["Carrera tecnol\u00f3gica","Desarrollo Profesional","Formaci\u00f3n","Nuevos Talentos IT","Pr\u00e1cticas IT","Pr\u00e1cticas Profesionales","Sector IT","Tecnolog\u00eda"],"articleSection":["MetricaLab"],"inLanguage":"es-CL","potentialAction":[{"@type":"CommentAction","name":"Comment","target":["https:\/\/www.metrica-global.com\/cl\/nuevo-grupo-de-practicas\/#respond"]}]},{"@type":"WebPage","@id":"https:\/\/www.metrica-global.com\/cl\/nuevo-grupo-de-practicas\/","url":"https:\/\/www.metrica-global.com\/cl\/nuevo-grupo-de-practicas\/","name":"Nuevo grupo de pr\u00e1cticas - METRICA","isPartOf":{"@id":"https:\/\/www.metrica-global.com\/#website"},"primaryImageOfPage":{"@id":"https:\/\/www.metrica-global.com\/cl\/nuevo-grupo-de-practicas\/#primaryimage"},"image":{"@id":"https:\/\/www.metrica-global.com\/cl\/nuevo-grupo-de-practicas\/#primaryimage"},"thumbnailUrl":"https:\/\/www.metrica-global.com\/wp-content\/uploads\/2024\/05\/BANNER-nuevas-practicas-metricalab-scaled-1.jpg","datePublished":"2024-04-16T06:37:55+00:00","dateModified":"2025-06-10T11:22:17+00:00","breadcrumb":{"@id":"https:\/\/www.metrica-global.com\/cl\/nuevo-grupo-de-practicas\/#breadcrumb"},"inLanguage":"es-CL","potentialAction":[{"@type":"ReadAction","target":["https:\/\/www.metrica-global.com\/cl\/nuevo-grupo-de-practicas\/"]}]},{"@type":"ImageObject","inLanguage":"es-CL","@id":"https:\/\/www.metrica-global.com\/cl\/nuevo-grupo-de-practicas\/#primaryimage","url":"https:\/\/www.metrica-global.com\/wp-content\/uploads\/2024\/05\/BANNER-nuevas-practicas-metricalab-scaled-1.jpg","contentUrl":"https:\/\/www.metrica-global.com\/wp-content\/uploads\/2024\/05\/BANNER-nuevas-practicas-metricalab-scaled-1.jpg","width":2560,"height":885,"caption":"BANNER nuevas practicas metricalab scaled 1"},{"@type":"BreadcrumbList","@id":"https:\/\/www.metrica-global.com\/cl\/nuevo-grupo-de-practicas\/#breadcrumb","itemListElement":[{"@type":"ListItem","position":1,"name":"Portada","item":"https:\/\/www.metrica-global.com\/pt\/"},{"@type":"ListItem","position":2,"name":"Nuevo grupo de pr\u00e1cticas"}]},{"@type":"WebSite","@id":"https:\/\/www.metrica-global.com\/#website","url":"https:\/\/www.metrica-global.com\/","name":"METRICA","description":"Servicios Globales IT","publisher":{"@id":"https:\/\/www.metrica-global.com\/#organization"},"potentialAction":[{"@type":"SearchAction","target":{"@type":"EntryPoint","urlTemplate":"https:\/\/www.metrica-global.com\/?s={search_term_string}"},"query-input":{"@type":"PropertyValueSpecification","valueRequired":true,"valueName":"search_term_string"}}],"inLanguage":"es-CL"},{"@type":"Organization","@id":"https:\/\/www.metrica-global.com\/#organization","name":"METRICA","url":"https:\/\/www.metrica-global.com\/","logo":{"@type":"ImageObject","inLanguage":"es-CL","@id":"https:\/\/www.metrica-global.com\/#\/schema\/logo\/image\/","url":"https:\/\/www.metrica-global.com\/wp-content\/uploads\/2023\/12\/logo-metrica.png","contentUrl":"https:\/\/www.metrica-global.com\/wp-content\/uploads\/2023\/12\/logo-metrica.png","width":332,"height":58,"caption":"METRICA"},"image":{"@id":"https:\/\/www.metrica-global.com\/#\/schema\/logo\/image\/"}},{"@type":"Person","@id":"https:\/\/www.metrica-global.com\/#\/schema\/person\/78e8e629d9e5908167469b249f6f2cdc","name":"desarrollo","image":{"@type":"ImageObject","inLanguage":"es-CL","@id":"https:\/\/www.metrica-global.com\/#\/schema\/person\/image\/","url":"https:\/\/secure.gravatar.com\/avatar\/d2653fb8f170e1382a31acc69dcf92e99545e6329805eb11d8a34443b058f3de?s=96&d=mm&r=g","contentUrl":"https:\/\/secure.gravatar.com\/avatar\/d2653fb8f170e1382a31acc69dcf92e99545e6329805eb11d8a34443b058f3de?s=96&d=mm&r=g","caption":"desarrollo"},"url":"https:\/\/www.metrica-global.com\/cl\/author\/desarrollo\/"}]}},"_links":{"self":[{"href":"https:\/\/www.metrica-global.com\/cl\/wp-json\/wp\/v2\/posts\/5842","targetHints":{"allow":["GET"]}}],"collection":[{"href":"https:\/\/www.metrica-global.com\/cl\/wp-json\/wp\/v2\/posts"}],"about":[{"href":"https:\/\/www.metrica-global.com\/cl\/wp-json\/wp\/v2\/types\/post"}],"author":[{"embeddable":true,"href":"https:\/\/www.metrica-global.com\/cl\/wp-json\/wp\/v2\/users\/1"}],"replies":[{"embeddable":true,"href":"https:\/\/www.metrica-global.com\/cl\/wp-json\/wp\/v2\/comments?post=5842"}],"version-history":[{"count":1,"href":"https:\/\/www.metrica-global.com\/cl\/wp-json\/wp\/v2\/posts\/5842\/revisions"}],"predecessor-version":[{"id":5867,"href":"https:\/\/www.metrica-global.com\/cl\/wp-json\/wp\/v2\/posts\/5842\/revisions\/5867"}],"wp:featuredmedia":[{"embeddable":true,"href":"https:\/\/www.metrica-global.com\/cl\/wp-json\/wp\/v2\/media\/5844"}],"wp:attachment":[{"href":"https:\/\/www.metrica-global.com\/cl\/wp-json\/wp\/v2\/media?parent=5842"}],"wp:term":[{"taxonomy":"category","embeddable":true,"href":"https:\/\/www.metrica-global.com\/cl\/wp-json\/wp\/v2\/categories?post=5842"},{"taxonomy":"post_tag","embeddable":true,"href":"https:\/\/www.metrica-global.com\/cl\/wp-json\/wp\/v2\/tags?post=5842"}],"curies":[{"name":"wp","href":"https:\/\/api.w.org\/{rel}","templated":true}]}}