{"id":5877,"date":"2024-02-22T10:42:09","date_gmt":"2024-02-22T10:42:09","guid":{"rendered":"https:\/\/www.metrica-global.com\/la-importancia-del-reciclaje-electronico-como-reducir-la-huella-ambiental\/"},"modified":"2025-06-10T11:27:14","modified_gmt":"2025-06-10T11:27:14","slug":"la-importancia-del-reciclaje-electronico-como-reducir-la-huella-ambiental","status":"publish","type":"post","link":"https:\/\/www.metrica-global.com\/cl\/la-importancia-del-reciclaje-electronico-como-reducir-la-huella-ambiental\/","title":{"rendered":"La importancia del reciclaje electr\u00f3nico: c\u00f3mo reducir la huella ambiental"},"content":{"rendered":"\r\n<p>&nbsp;<\/p>\r\n\r\n\r\n\r\n<p>Los residuos electr\u00f3nicos, conocidos como <strong><em>e-waste<\/em><\/strong>, abarcan todos aquellos dispositivos tecnol\u00f3gicos desechados debido a fallos, da\u00f1os o obsolescencia. Cada a\u00f1o, m\u00e1s de <strong>100.000 millones de toneladas <\/strong>de estos residuos se generan a nivel global, sin embargo, <strong>s\u00f3lo se recicla un 8%<\/strong> de esta cantidad.<\/p>\r\n\r\n\r\n\r\n<p>Este bajo \u00edndice de reciclaje conlleva <strong>graves riesgos ambientales y sanitarios<\/strong>, ya que muchos de estos dispositivos terminan contaminando la naturaleza con componentes t\u00f3xicos. Para abordar esta problem\u00e1tica, es fundamental tomar <strong>medidas concretas<\/strong>:<\/p>\r\n\r\n\r\n\r\n<ol class=\"wp-block-list\">\r\n<li><strong>Reutilizaci\u00f3n<\/strong>: Priorizar la reutilizaci\u00f3n de dispositivos obsoletos o encontrarles nuevos due\u00f1os siempre que sea posible.<\/li>\r\n\r\n\r\n\r\n<li><strong>Reciclaje especializado<\/strong>: Depositar los dispositivos en centros de reciclaje especializados para su correcto tratamiento.<\/li>\r\n<\/ol>\r\n\r\n\r\n\r\n<p>&nbsp;<\/p>\r\n\r\n\r\n\r\n<p>El reciclaje electr\u00f3nico ofrece diversas <strong>ventajas <\/strong>significativas:<\/p>\r\n\r\n\r\n\r\n<ul class=\"wp-block-list\">\r\n<li><strong>Reducci\u00f3n de la contaminaci\u00f3n ambiental<\/strong> asociada a los e-waste.<\/li>\r\n\r\n\r\n\r\n<li><strong>Generaci\u00f3n de empleo <\/strong>en centros de reciclaje especializados, promoviendo el trabajo limpio y ecol\u00f3gico.<\/li>\r\n\r\n\r\n\r\n<li><strong>Recuperaci\u00f3n de minerales valiosos<\/strong> como oro, cobre o metales raros, reduciendo as\u00ed la necesidad de explotaci\u00f3n de yacimientos naturales.<\/li>\r\n<\/ul>\r\n\r\n\r\n\r\n<p>&nbsp;<\/p>\r\n\r\n\r\n\r\n<p>En M\u00e9trica, estamos completamente comprometidos con el reciclaje electr\u00f3nico y sus beneficios para el medio ambiente y la sociedad.<\/p>\r\n\r\n\r\n\r\n<figure class=\"wp-block-video\" style=\"padding-right: var(--wp--preset--spacing--80); padding-left: var(--wp--preset--spacing--80);\"><video src=\"https:\/\/themetricachange.com\/wp-content\/uploads\/2024\/03\/reel-reciclaje-electronico-es.mp4\" controls=\"controls\" width=\"300\" height=\"150\"><\/video><\/figure>\r\n","protected":false},"excerpt":{"rendered":"<p>Cada a\u00f1o se generan m\u00e1s de 100.000 millones de toneladas de residuos electr\u00f3nicos a nivel global, de los cu\u00e1les apenas se recicla un 8%.<\/p>\n","protected":false},"author":1,"featured_media":5878,"comment_status":"open","ping_status":"open","sticky":false,"template":"","format":"standard","meta":{"content-type":"","footnotes":""},"categories":[438],"tags":[738,669,551,739,740,677,445,741,553,742,743,744,745,447,542],"class_list":["post-5877","post","type-post","status-publish","format-standard","has-post-thumbnail","hentry","category-sostenibilidad-cl","tag-conciencia-ambiental-cl","tag-cuidado-del-planeta-cl","tag-economia-circular-cl","tag-ewaste-cl","tag-gestion-de-residuos-cl","tag-impacto-ambiental-cl","tag-medio-ambiente-cl","tag-minimizar-residuos-cl","tag-reciclaje-electronico-cl","tag-reciclaje-tecnologico-cl","tag-recursos-naturales-cl","tag-responsabilidad-ambiental-cl","tag-reutilizacion-de-dispositivos-cl","tag-sostenibilidad-cl","tag-tecnologia-sostenible-cl"],"yoast_head":"<!-- This site is optimized with the Yoast SEO plugin v25.9 - https:\/\/yoast.com\/wordpress\/plugins\/seo\/ -->\n<title>La importancia del reciclaje electr\u00f3nico: c\u00f3mo reducir la huella ambiental - METRICA<\/title>\n<meta name=\"robots\" content=\"index, follow, max-snippet:-1, max-image-preview:large, max-video-preview:-1\" \/>\n<link rel=\"canonical\" href=\"https:\/\/www.metrica-global.com\/cl\/la-importancia-del-reciclaje-electronico-como-reducir-la-huella-ambiental\/\" \/>\n<meta property=\"og:locale\" content=\"es_ES\" \/>\n<meta property=\"og:type\" content=\"article\" \/>\n<meta property=\"og:title\" content=\"La importancia del reciclaje electr\u00f3nico: c\u00f3mo reducir la huella ambiental - METRICA\" \/>\n<meta property=\"og:description\" content=\"Cada a\u00f1o se generan m\u00e1s de 100.000 millones de toneladas de residuos electr\u00f3nicos a nivel global, de los cu\u00e1les apenas se recicla un 8%.\" \/>\n<meta property=\"og:url\" content=\"https:\/\/www.metrica-global.com\/cl\/la-importancia-del-reciclaje-electronico-como-reducir-la-huella-ambiental\/\" \/>\n<meta property=\"og:site_name\" content=\"METRICA\" \/>\n<meta property=\"article:published_time\" content=\"2024-02-22T10:42:09+00:00\" \/>\n<meta property=\"article:modified_time\" content=\"2025-06-10T11:27:14+00:00\" \/>\n<meta property=\"og:image\" content=\"https:\/\/www.metrica-global.com\/wp-content\/uploads\/2024\/03\/RECICLAJE-ELECTRONICO-BANNER-3-scaled.png\" \/>\n\t<meta property=\"og:image:width\" content=\"2560\" \/>\n\t<meta property=\"og:image:height\" content=\"852\" \/>\n\t<meta property=\"og:image:type\" content=\"image\/png\" \/>\n<meta name=\"author\" content=\"desarrollo\" \/>\n<meta name=\"twitter:card\" content=\"summary_large_image\" \/>\n<meta name=\"twitter:label1\" content=\"Written by\" \/>\n\t<meta name=\"twitter:data1\" content=\"desarrollo\" \/>\n\t<meta name=\"twitter:label2\" content=\"Est. reading time\" \/>\n\t<meta name=\"twitter:data2\" content=\"1 minute\" \/>\n<script type=\"application\/ld+json\" class=\"yoast-schema-graph\">{\"@context\":\"https:\/\/schema.org\",\"@graph\":[{\"@type\":\"Article\",\"@id\":\"https:\/\/www.metrica-global.com\/cl\/la-importancia-del-reciclaje-electronico-como-reducir-la-huella-ambiental\/#article\",\"isPartOf\":{\"@id\":\"https:\/\/www.metrica-global.com\/cl\/la-importancia-del-reciclaje-electronico-como-reducir-la-huella-ambiental\/\"},\"author\":{\"name\":\"desarrollo\",\"@id\":\"https:\/\/www.metrica-global.com\/#\/schema\/person\/78e8e629d9e5908167469b249f6f2cdc\"},\"headline\":\"La importancia del reciclaje electr\u00f3nico: c\u00f3mo reducir la huella ambiental\",\"datePublished\":\"2024-02-22T10:42:09+00:00\",\"dateModified\":\"2025-06-10T11:27:14+00:00\",\"mainEntityOfPage\":{\"@id\":\"https:\/\/www.metrica-global.com\/cl\/la-importancia-del-reciclaje-electronico-como-reducir-la-huella-ambiental\/\"},\"wordCount\":207,\"commentCount\":0,\"publisher\":{\"@id\":\"https:\/\/www.metrica-global.com\/#organization\"},\"image\":{\"@id\":\"https:\/\/www.metrica-global.com\/cl\/la-importancia-del-reciclaje-electronico-como-reducir-la-huella-ambiental\/#primaryimage\"},\"thumbnailUrl\":\"https:\/\/www.metrica-global.com\/wp-content\/uploads\/2024\/03\/RECICLAJE-ELECTRONICO-BANNER-3-scaled.png\",\"keywords\":[\"Conciencia Ambiental\",\"Cuidado del Planeta\",\"Econom\u00eda Circular\",\"Ewaste\",\"Gesti\u00f3n de residuos\",\"Impacto ambiental\",\"Medio Ambiente\",\"Minimizar Residuos\",\"Reciclaje electr\u00f3nico\",\"Reciclaje Tecnol\u00f3gico\",\"Recursos Naturales\",\"Responsabilidad Ambiental\",\"Reutilizaci\u00f3n de dispositivos\",\"Sostenibilidad\",\"Tecnolog\u00eda Sostenible\"],\"articleSection\":[\"Sostenibilidad\"],\"inLanguage\":\"es-CL\",\"potentialAction\":[{\"@type\":\"CommentAction\",\"name\":\"Comment\",\"target\":[\"https:\/\/www.metrica-global.com\/cl\/la-importancia-del-reciclaje-electronico-como-reducir-la-huella-ambiental\/#respond\"]}]},{\"@type\":\"WebPage\",\"@id\":\"https:\/\/www.metrica-global.com\/cl\/la-importancia-del-reciclaje-electronico-como-reducir-la-huella-ambiental\/\",\"url\":\"https:\/\/www.metrica-global.com\/cl\/la-importancia-del-reciclaje-electronico-como-reducir-la-huella-ambiental\/\",\"name\":\"La importancia del reciclaje electr\u00f3nico: c\u00f3mo reducir la huella ambiental - METRICA\",\"isPartOf\":{\"@id\":\"https:\/\/www.metrica-global.com\/#website\"},\"primaryImageOfPage\":{\"@id\":\"https:\/\/www.metrica-global.com\/cl\/la-importancia-del-reciclaje-electronico-como-reducir-la-huella-ambiental\/#primaryimage\"},\"image\":{\"@id\":\"https:\/\/www.metrica-global.com\/cl\/la-importancia-del-reciclaje-electronico-como-reducir-la-huella-ambiental\/#primaryimage\"},\"thumbnailUrl\":\"https:\/\/www.metrica-global.com\/wp-content\/uploads\/2024\/03\/RECICLAJE-ELECTRONICO-BANNER-3-scaled.png\",\"datePublished\":\"2024-02-22T10:42:09+00:00\",\"dateModified\":\"2025-06-10T11:27:14+00:00\",\"breadcrumb\":{\"@id\":\"https:\/\/www.metrica-global.com\/cl\/la-importancia-del-reciclaje-electronico-como-reducir-la-huella-ambiental\/#breadcrumb\"},\"inLanguage\":\"es-CL\",\"potentialAction\":[{\"@type\":\"ReadAction\",\"target\":[\"https:\/\/www.metrica-global.com\/cl\/la-importancia-del-reciclaje-electronico-como-reducir-la-huella-ambiental\/\"]}]},{\"@type\":\"ImageObject\",\"inLanguage\":\"es-CL\",\"@id\":\"https:\/\/www.metrica-global.com\/cl\/la-importancia-del-reciclaje-electronico-como-reducir-la-huella-ambiental\/#primaryimage\",\"url\":\"https:\/\/www.metrica-global.com\/wp-content\/uploads\/2024\/03\/RECICLAJE-ELECTRONICO-BANNER-3-scaled.png\",\"contentUrl\":\"https:\/\/www.metrica-global.com\/wp-content\/uploads\/2024\/03\/RECICLAJE-ELECTRONICO-BANNER-3-scaled.png\",\"width\":2560,\"height\":852,\"caption\":\"RECICLAJE ELECTRONICO BANNER 3 scaled\"},{\"@type\":\"BreadcrumbList\",\"@id\":\"https:\/\/www.metrica-global.com\/cl\/la-importancia-del-reciclaje-electronico-como-reducir-la-huella-ambiental\/#breadcrumb\",\"itemListElement\":[{\"@type\":\"ListItem\",\"position\":1,\"name\":\"Portada\",\"item\":\"https:\/\/www.metrica-global.com\/pt\/\"},{\"@type\":\"ListItem\",\"position\":2,\"name\":\"La importancia del reciclaje electr\u00f3nico: c\u00f3mo reducir la huella ambiental\"}]},{\"@type\":\"WebSite\",\"@id\":\"https:\/\/www.metrica-global.com\/#website\",\"url\":\"https:\/\/www.metrica-global.com\/\",\"name\":\"METRICA\",\"description\":\"Servicios Globales IT\",\"publisher\":{\"@id\":\"https:\/\/www.metrica-global.com\/#organization\"},\"potentialAction\":[{\"@type\":\"SearchAction\",\"target\":{\"@type\":\"EntryPoint\",\"urlTemplate\":\"https:\/\/www.metrica-global.com\/?s={search_term_string}\"},\"query-input\":{\"@type\":\"PropertyValueSpecification\",\"valueRequired\":true,\"valueName\":\"search_term_string\"}}],\"inLanguage\":\"es-CL\"},{\"@type\":\"Organization\",\"@id\":\"https:\/\/www.metrica-global.com\/#organization\",\"name\":\"METRICA\",\"url\":\"https:\/\/www.metrica-global.com\/\",\"logo\":{\"@type\":\"ImageObject\",\"inLanguage\":\"es-CL\",\"@id\":\"https:\/\/www.metrica-global.com\/#\/schema\/logo\/image\/\",\"url\":\"https:\/\/www.metrica-global.com\/wp-content\/uploads\/2023\/12\/logo-metrica.png\",\"contentUrl\":\"https:\/\/www.metrica-global.com\/wp-content\/uploads\/2023\/12\/logo-metrica.png\",\"width\":332,\"height\":58,\"caption\":\"METRICA\"},\"image\":{\"@id\":\"https:\/\/www.metrica-global.com\/#\/schema\/logo\/image\/\"}},{\"@type\":\"Person\",\"@id\":\"https:\/\/www.metrica-global.com\/#\/schema\/person\/78e8e629d9e5908167469b249f6f2cdc\",\"name\":\"desarrollo\",\"image\":{\"@type\":\"ImageObject\",\"inLanguage\":\"es-CL\",\"@id\":\"https:\/\/www.metrica-global.com\/#\/schema\/person\/image\/\",\"url\":\"https:\/\/secure.gravatar.com\/avatar\/d2653fb8f170e1382a31acc69dcf92e99545e6329805eb11d8a34443b058f3de?s=96&d=mm&r=g\",\"contentUrl\":\"https:\/\/secure.gravatar.com\/avatar\/d2653fb8f170e1382a31acc69dcf92e99545e6329805eb11d8a34443b058f3de?s=96&d=mm&r=g\",\"caption\":\"desarrollo\"},\"url\":\"https:\/\/www.metrica-global.com\/cl\/author\/desarrollo\/\"}]}<\/script>\n<!-- \/ Yoast SEO plugin. -->","yoast_head_json":{"title":"La importancia del reciclaje electr\u00f3nico: c\u00f3mo reducir la huella ambiental - METRICA","robots":{"index":"index","follow":"follow","max-snippet":"max-snippet:-1","max-image-preview":"max-image-preview:large","max-video-preview":"max-video-preview:-1"},"canonical":"https:\/\/www.metrica-global.com\/cl\/la-importancia-del-reciclaje-electronico-como-reducir-la-huella-ambiental\/","og_locale":"es_ES","og_type":"article","og_title":"La importancia del reciclaje electr\u00f3nico: c\u00f3mo reducir la huella ambiental - METRICA","og_description":"Cada a\u00f1o se generan m\u00e1s de 100.000 millones de toneladas de residuos electr\u00f3nicos a nivel global, de los cu\u00e1les apenas se recicla un 8%.","og_url":"https:\/\/www.metrica-global.com\/cl\/la-importancia-del-reciclaje-electronico-como-reducir-la-huella-ambiental\/","og_site_name":"METRICA","article_published_time":"2024-02-22T10:42:09+00:00","article_modified_time":"2025-06-10T11:27:14+00:00","og_image":[{"width":2560,"height":852,"url":"https:\/\/www.metrica-global.com\/wp-content\/uploads\/2024\/03\/RECICLAJE-ELECTRONICO-BANNER-3-scaled.png","type":"image\/png"}],"author":"desarrollo","twitter_card":"summary_large_image","twitter_misc":{"Written by":"desarrollo","Est. reading time":"1 minute"},"schema":{"@context":"https:\/\/schema.org","@graph":[{"@type":"Article","@id":"https:\/\/www.metrica-global.com\/cl\/la-importancia-del-reciclaje-electronico-como-reducir-la-huella-ambiental\/#article","isPartOf":{"@id":"https:\/\/www.metrica-global.com\/cl\/la-importancia-del-reciclaje-electronico-como-reducir-la-huella-ambiental\/"},"author":{"name":"desarrollo","@id":"https:\/\/www.metrica-global.com\/#\/schema\/person\/78e8e629d9e5908167469b249f6f2cdc"},"headline":"La importancia del reciclaje electr\u00f3nico: c\u00f3mo reducir la huella ambiental","datePublished":"2024-02-22T10:42:09+00:00","dateModified":"2025-06-10T11:27:14+00:00","mainEntityOfPage":{"@id":"https:\/\/www.metrica-global.com\/cl\/la-importancia-del-reciclaje-electronico-como-reducir-la-huella-ambiental\/"},"wordCount":207,"commentCount":0,"publisher":{"@id":"https:\/\/www.metrica-global.com\/#organization"},"image":{"@id":"https:\/\/www.metrica-global.com\/cl\/la-importancia-del-reciclaje-electronico-como-reducir-la-huella-ambiental\/#primaryimage"},"thumbnailUrl":"https:\/\/www.metrica-global.com\/wp-content\/uploads\/2024\/03\/RECICLAJE-ELECTRONICO-BANNER-3-scaled.png","keywords":["Conciencia Ambiental","Cuidado del Planeta","Econom\u00eda Circular","Ewaste","Gesti\u00f3n de residuos","Impacto ambiental","Medio Ambiente","Minimizar Residuos","Reciclaje electr\u00f3nico","Reciclaje Tecnol\u00f3gico","Recursos Naturales","Responsabilidad Ambiental","Reutilizaci\u00f3n de dispositivos","Sostenibilidad","Tecnolog\u00eda Sostenible"],"articleSection":["Sostenibilidad"],"inLanguage":"es-CL","potentialAction":[{"@type":"CommentAction","name":"Comment","target":["https:\/\/www.metrica-global.com\/cl\/la-importancia-del-reciclaje-electronico-como-reducir-la-huella-ambiental\/#respond"]}]},{"@type":"WebPage","@id":"https:\/\/www.metrica-global.com\/cl\/la-importancia-del-reciclaje-electronico-como-reducir-la-huella-ambiental\/","url":"https:\/\/www.metrica-global.com\/cl\/la-importancia-del-reciclaje-electronico-como-reducir-la-huella-ambiental\/","name":"La importancia del reciclaje electr\u00f3nico: c\u00f3mo reducir la huella ambiental - METRICA","isPartOf":{"@id":"https:\/\/www.metrica-global.com\/#website"},"primaryImageOfPage":{"@id":"https:\/\/www.metrica-global.com\/cl\/la-importancia-del-reciclaje-electronico-como-reducir-la-huella-ambiental\/#primaryimage"},"image":{"@id":"https:\/\/www.metrica-global.com\/cl\/la-importancia-del-reciclaje-electronico-como-reducir-la-huella-ambiental\/#primaryimage"},"thumbnailUrl":"https:\/\/www.metrica-global.com\/wp-content\/uploads\/2024\/03\/RECICLAJE-ELECTRONICO-BANNER-3-scaled.png","datePublished":"2024-02-22T10:42:09+00:00","dateModified":"2025-06-10T11:27:14+00:00","breadcrumb":{"@id":"https:\/\/www.metrica-global.com\/cl\/la-importancia-del-reciclaje-electronico-como-reducir-la-huella-ambiental\/#breadcrumb"},"inLanguage":"es-CL","potentialAction":[{"@type":"ReadAction","target":["https:\/\/www.metrica-global.com\/cl\/la-importancia-del-reciclaje-electronico-como-reducir-la-huella-ambiental\/"]}]},{"@type":"ImageObject","inLanguage":"es-CL","@id":"https:\/\/www.metrica-global.com\/cl\/la-importancia-del-reciclaje-electronico-como-reducir-la-huella-ambiental\/#primaryimage","url":"https:\/\/www.metrica-global.com\/wp-content\/uploads\/2024\/03\/RECICLAJE-ELECTRONICO-BANNER-3-scaled.png","contentUrl":"https:\/\/www.metrica-global.com\/wp-content\/uploads\/2024\/03\/RECICLAJE-ELECTRONICO-BANNER-3-scaled.png","width":2560,"height":852,"caption":"RECICLAJE ELECTRONICO BANNER 3 scaled"},{"@type":"BreadcrumbList","@id":"https:\/\/www.metrica-global.com\/cl\/la-importancia-del-reciclaje-electronico-como-reducir-la-huella-ambiental\/#breadcrumb","itemListElement":[{"@type":"ListItem","position":1,"name":"Portada","item":"https:\/\/www.metrica-global.com\/pt\/"},{"@type":"ListItem","position":2,"name":"La importancia del reciclaje electr\u00f3nico: c\u00f3mo reducir la huella ambiental"}]},{"@type":"WebSite","@id":"https:\/\/www.metrica-global.com\/#website","url":"https:\/\/www.metrica-global.com\/","name":"METRICA","description":"Servicios Globales IT","publisher":{"@id":"https:\/\/www.metrica-global.com\/#organization"},"potentialAction":[{"@type":"SearchAction","target":{"@type":"EntryPoint","urlTemplate":"https:\/\/www.metrica-global.com\/?s={search_term_string}"},"query-input":{"@type":"PropertyValueSpecification","valueRequired":true,"valueName":"search_term_string"}}],"inLanguage":"es-CL"},{"@type":"Organization","@id":"https:\/\/www.metrica-global.com\/#organization","name":"METRICA","url":"https:\/\/www.metrica-global.com\/","logo":{"@type":"ImageObject","inLanguage":"es-CL","@id":"https:\/\/www.metrica-global.com\/#\/schema\/logo\/image\/","url":"https:\/\/www.metrica-global.com\/wp-content\/uploads\/2023\/12\/logo-metrica.png","contentUrl":"https:\/\/www.metrica-global.com\/wp-content\/uploads\/2023\/12\/logo-metrica.png","width":332,"height":58,"caption":"METRICA"},"image":{"@id":"https:\/\/www.metrica-global.com\/#\/schema\/logo\/image\/"}},{"@type":"Person","@id":"https:\/\/www.metrica-global.com\/#\/schema\/person\/78e8e629d9e5908167469b249f6f2cdc","name":"desarrollo","image":{"@type":"ImageObject","inLanguage":"es-CL","@id":"https:\/\/www.metrica-global.com\/#\/schema\/person\/image\/","url":"https:\/\/secure.gravatar.com\/avatar\/d2653fb8f170e1382a31acc69dcf92e99545e6329805eb11d8a34443b058f3de?s=96&d=mm&r=g","contentUrl":"https:\/\/secure.gravatar.com\/avatar\/d2653fb8f170e1382a31acc69dcf92e99545e6329805eb11d8a34443b058f3de?s=96&d=mm&r=g","caption":"desarrollo"},"url":"https:\/\/www.metrica-global.com\/cl\/author\/desarrollo\/"}]}},"_links":{"self":[{"href":"https:\/\/www.metrica-global.com\/cl\/wp-json\/wp\/v2\/posts\/5877","targetHints":{"allow":["GET"]}}],"collection":[{"href":"https:\/\/www.metrica-global.com\/cl\/wp-json\/wp\/v2\/posts"}],"about":[{"href":"https:\/\/www.metrica-global.com\/cl\/wp-json\/wp\/v2\/types\/post"}],"author":[{"embeddable":true,"href":"https:\/\/www.metrica-global.com\/cl\/wp-json\/wp\/v2\/users\/1"}],"replies":[{"embeddable":true,"href":"https:\/\/www.metrica-global.com\/cl\/wp-json\/wp\/v2\/comments?post=5877"}],"version-history":[{"count":1,"href":"https:\/\/www.metrica-global.com\/cl\/wp-json\/wp\/v2\/posts\/5877\/revisions"}],"predecessor-version":[{"id":5911,"href":"https:\/\/www.metrica-global.com\/cl\/wp-json\/wp\/v2\/posts\/5877\/revisions\/5911"}],"wp:featuredmedia":[{"embeddable":true,"href":"https:\/\/www.metrica-global.com\/cl\/wp-json\/wp\/v2\/media\/5878"}],"wp:attachment":[{"href":"https:\/\/www.metrica-global.com\/cl\/wp-json\/wp\/v2\/media?parent=5877"}],"wp:term":[{"taxonomy":"category","embeddable":true,"href":"https:\/\/www.metrica-global.com\/cl\/wp-json\/wp\/v2\/categories?post=5877"},{"taxonomy":"post_tag","embeddable":true,"href":"https:\/\/www.metrica-global.com\/cl\/wp-json\/wp\/v2\/tags?post=5877"}],"curies":[{"name":"wp","href":"https:\/\/api.w.org\/{rel}","templated":true}]}}