{"id":5885,"date":"2023-12-11T08:42:24","date_gmt":"2023-12-11T08:42:24","guid":{"rendered":"https:\/\/www.metrica-global.com\/visitamos-el-instituto-de-nebrija-de-formacion-profesional\/"},"modified":"2025-06-10T11:27:21","modified_gmt":"2025-06-10T11:27:21","slug":"visitamos-el-instituto-de-nebrija-de-formacion-profesional","status":"publish","type":"post","link":"https:\/\/www.metrica-global.com\/cl\/visitamos-el-instituto-de-nebrija-de-formacion-profesional\/","title":{"rendered":"Visitamos el Instituto de Nebrija de Formaci\u00f3n Profesional"},"content":{"rendered":"\t\t<div data-elementor-type=\"wp-post\" data-elementor-id=\"5885\" class=\"elementor elementor-5885 elementor-894\" data-elementor-post-type=\"post\">\n\t\t\t\t<div class=\"elementor-element elementor-element-3703db8 e-flex e-con-boxed e-con e-parent\" data-id=\"3703db8\" data-element_type=\"container\">\n\t\t\t\t\t<div class=\"e-con-inner\">\n\t\t\t\t<div class=\"elementor-element elementor-element-723c9b4 elementor-widget elementor-widget-text-editor\" data-id=\"723c9b4\" data-element_type=\"widget\" data-widget_type=\"text-editor.default\">\n\t\t\t\t<div class=\"elementor-widget-container\">\n\t\t\t\t\t\t\t\t\t<p>En M\u00e9trica estamos siempre comprometidos con nuestro entorno. Sobre todo, con los j\u00f3venes, que son el futuro de nuestra sociedad.<\/p><p>Por ese motivo creamos MetricaLab, un espacio en el que los y las estudiantes pueden desarrollar todas las cualidades que han ido adquiriendo a lo largo del curso y las pongan en pr\u00e1ctica.<\/p><p>David Posadas, nuestro encargado de tutorizar y ense\u00f1ar a nuestros estudiantes de segundo durante su proceso, visit\u00f3 el Instituto de Nebrija de Formaci\u00f3n Profesional para dar a conocer nuestros servicios y animar a los y las estudiantes del centro a formar parte de ellos y, sobre todo, formar parte del cambio.\u00a0<\/p>\t\t\t\t\t\t\t\t<\/div>\n\t\t\t\t<\/div>\n\t\t\t\t\t<\/div>\n\t\t\t\t<\/div>\n\t\t<div class=\"elementor-element elementor-element-00d4172 e-flex e-con-boxed e-con e-parent\" data-id=\"00d4172\" data-element_type=\"container\">\n\t\t\t\t\t<div class=\"e-con-inner\">\n\t\t\t\t<div class=\"elementor-element elementor-element-3f07d98 elementor-widget elementor-widget-image\" data-id=\"3f07d98\" data-element_type=\"widget\" data-widget_type=\"image.default\">\n\t\t\t\t<div class=\"elementor-widget-container\">\n\t\t\t\t\t\t\t\t\t\t\t\t\t\t\t<img fetchpriority=\"high\" decoding=\"async\" width=\"800\" height=\"534\" src=\"https:\/\/www.metrica-global.com\/wp-content\/uploads\/2023\/12\/visita-david-instiuto-nebrija-2-1024x683.jpg\" class=\"attachment-large size-large wp-image-11368\" alt=\"visita david instiuto nebrija 2\" srcset=\"https:\/\/www.metrica-global.com\/wp-content\/uploads\/2023\/12\/visita-david-instiuto-nebrija-2-1024x683.jpg 1024w, https:\/\/www.metrica-global.com\/wp-content\/uploads\/2023\/12\/visita-david-instiuto-nebrija-2-300x200.jpg 300w, https:\/\/www.metrica-global.com\/wp-content\/uploads\/2023\/12\/visita-david-instiuto-nebrija-2-768x512.jpg 768w, https:\/\/www.metrica-global.com\/wp-content\/uploads\/2023\/12\/visita-david-instiuto-nebrija-2-1536x1024.jpg 1536w, https:\/\/www.metrica-global.com\/wp-content\/uploads\/2023\/12\/visita-david-instiuto-nebrija-2.jpg 2048w\" sizes=\"(max-width: 800px) 100vw, 800px\" \/>\t\t\t\t\t\t\t\t\t\t\t\t\t\t\t<\/div>\n\t\t\t\t<\/div>\n\t\t\t\t\t<\/div>\n\t\t\t\t<\/div>\n\t\t\t\t<\/div>\n\t\t","protected":false},"excerpt":{"rendered":"<p>David Posadas, nuestro encargado de tutorizar y ense\u00f1ar a nuestros estudiantes de segundo durante su proceso, visita el Instituto de Nebrija de Formaci\u00f3n Profesional.<\/p>\n","protected":false},"author":1,"featured_media":5886,"comment_status":"open","ping_status":"open","sticky":false,"template":"","format":"standard","meta":{"content-type":"","footnotes":""},"categories":[427],"tags":[],"class_list":["post-5885","post","type-post","status-publish","format-standard","has-post-thumbnail","hentry","category-metricalab-cl"],"yoast_head":"<!-- This site is optimized with the Yoast SEO plugin v25.9 - https:\/\/yoast.com\/wordpress\/plugins\/seo\/ -->\n<title>Visitamos el Instituto de Nebrija de Formaci\u00f3n Profesional - METRICA<\/title>\n<meta name=\"robots\" content=\"index, follow, max-snippet:-1, max-image-preview:large, max-video-preview:-1\" \/>\n<link rel=\"canonical\" href=\"https:\/\/www.metrica-global.com\/cl\/visitamos-el-instituto-de-nebrija-de-formacion-profesional\/\" \/>\n<meta property=\"og:locale\" content=\"es_ES\" \/>\n<meta property=\"og:type\" content=\"article\" \/>\n<meta property=\"og:title\" content=\"Visitamos el Instituto de Nebrija de Formaci\u00f3n Profesional - METRICA\" \/>\n<meta property=\"og:description\" content=\"David Posadas, nuestro encargado de tutorizar y ense\u00f1ar a nuestros estudiantes de segundo durante su proceso, visita el Instituto de Nebrija de Formaci\u00f3n Profesional.\" \/>\n<meta property=\"og:url\" content=\"https:\/\/www.metrica-global.com\/cl\/visitamos-el-instituto-de-nebrija-de-formacion-profesional\/\" \/>\n<meta property=\"og:site_name\" content=\"METRICA\" \/>\n<meta property=\"article:published_time\" content=\"2023-12-11T08:42:24+00:00\" \/>\n<meta property=\"article:modified_time\" content=\"2025-06-10T11:27:21+00:00\" \/>\n<meta property=\"og:image\" content=\"https:\/\/www.metrica-global.com\/wp-content\/uploads\/2023\/12\/visita-david-instiuto-nebrija-1.jpg\" \/>\n\t<meta property=\"og:image:width\" content=\"2048\" \/>\n\t<meta property=\"og:image:height\" content=\"1365\" \/>\n\t<meta property=\"og:image:type\" content=\"image\/jpeg\" \/>\n<meta name=\"author\" content=\"desarrollo\" \/>\n<meta name=\"twitter:card\" content=\"summary_large_image\" \/>\n<meta name=\"twitter:label1\" content=\"Written by\" \/>\n\t<meta name=\"twitter:data1\" content=\"desarrollo\" \/>\n\t<meta name=\"twitter:label2\" content=\"Est. reading time\" \/>\n\t<meta name=\"twitter:data2\" content=\"1 minute\" \/>\n<script type=\"application\/ld+json\" class=\"yoast-schema-graph\">{\"@context\":\"https:\/\/schema.org\",\"@graph\":[{\"@type\":\"Article\",\"@id\":\"https:\/\/www.metrica-global.com\/cl\/visitamos-el-instituto-de-nebrija-de-formacion-profesional\/#article\",\"isPartOf\":{\"@id\":\"https:\/\/www.metrica-global.com\/cl\/visitamos-el-instituto-de-nebrija-de-formacion-profesional\/\"},\"author\":{\"name\":\"desarrollo\",\"@id\":\"https:\/\/www.metrica-global.com\/#\/schema\/person\/78e8e629d9e5908167469b249f6f2cdc\"},\"headline\":\"Visitamos el Instituto de Nebrija de Formaci\u00f3n Profesional\",\"datePublished\":\"2023-12-11T08:42:24+00:00\",\"dateModified\":\"2025-06-10T11:27:21+00:00\",\"mainEntityOfPage\":{\"@id\":\"https:\/\/www.metrica-global.com\/cl\/visitamos-el-instituto-de-nebrija-de-formacion-profesional\/\"},\"wordCount\":118,\"commentCount\":0,\"publisher\":{\"@id\":\"https:\/\/www.metrica-global.com\/#organization\"},\"image\":{\"@id\":\"https:\/\/www.metrica-global.com\/cl\/visitamos-el-instituto-de-nebrija-de-formacion-profesional\/#primaryimage\"},\"thumbnailUrl\":\"https:\/\/www.metrica-global.com\/wp-content\/uploads\/2023\/12\/visita-david-instiuto-nebrija-1.jpg\",\"articleSection\":[\"MetricaLab\"],\"inLanguage\":\"es-CL\",\"potentialAction\":[{\"@type\":\"CommentAction\",\"name\":\"Comment\",\"target\":[\"https:\/\/www.metrica-global.com\/cl\/visitamos-el-instituto-de-nebrija-de-formacion-profesional\/#respond\"]}]},{\"@type\":\"WebPage\",\"@id\":\"https:\/\/www.metrica-global.com\/cl\/visitamos-el-instituto-de-nebrija-de-formacion-profesional\/\",\"url\":\"https:\/\/www.metrica-global.com\/cl\/visitamos-el-instituto-de-nebrija-de-formacion-profesional\/\",\"name\":\"Visitamos el Instituto de Nebrija de Formaci\u00f3n Profesional - METRICA\",\"isPartOf\":{\"@id\":\"https:\/\/www.metrica-global.com\/#website\"},\"primaryImageOfPage\":{\"@id\":\"https:\/\/www.metrica-global.com\/cl\/visitamos-el-instituto-de-nebrija-de-formacion-profesional\/#primaryimage\"},\"image\":{\"@id\":\"https:\/\/www.metrica-global.com\/cl\/visitamos-el-instituto-de-nebrija-de-formacion-profesional\/#primaryimage\"},\"thumbnailUrl\":\"https:\/\/www.metrica-global.com\/wp-content\/uploads\/2023\/12\/visita-david-instiuto-nebrija-1.jpg\",\"datePublished\":\"2023-12-11T08:42:24+00:00\",\"dateModified\":\"2025-06-10T11:27:21+00:00\",\"breadcrumb\":{\"@id\":\"https:\/\/www.metrica-global.com\/cl\/visitamos-el-instituto-de-nebrija-de-formacion-profesional\/#breadcrumb\"},\"inLanguage\":\"es-CL\",\"potentialAction\":[{\"@type\":\"ReadAction\",\"target\":[\"https:\/\/www.metrica-global.com\/cl\/visitamos-el-instituto-de-nebrija-de-formacion-profesional\/\"]}]},{\"@type\":\"ImageObject\",\"inLanguage\":\"es-CL\",\"@id\":\"https:\/\/www.metrica-global.com\/cl\/visitamos-el-instituto-de-nebrija-de-formacion-profesional\/#primaryimage\",\"url\":\"https:\/\/www.metrica-global.com\/wp-content\/uploads\/2023\/12\/visita-david-instiuto-nebrija-1.jpg\",\"contentUrl\":\"https:\/\/www.metrica-global.com\/wp-content\/uploads\/2023\/12\/visita-david-instiuto-nebrija-1.jpg\",\"width\":2048,\"height\":1365,\"caption\":\"visita david instiuto nebrija 1\"},{\"@type\":\"BreadcrumbList\",\"@id\":\"https:\/\/www.metrica-global.com\/cl\/visitamos-el-instituto-de-nebrija-de-formacion-profesional\/#breadcrumb\",\"itemListElement\":[{\"@type\":\"ListItem\",\"position\":1,\"name\":\"Portada\",\"item\":\"https:\/\/www.metrica-global.com\/pt\/\"},{\"@type\":\"ListItem\",\"position\":2,\"name\":\"Visitamos el Instituto de Nebrija de Formaci\u00f3n Profesional\"}]},{\"@type\":\"WebSite\",\"@id\":\"https:\/\/www.metrica-global.com\/#website\",\"url\":\"https:\/\/www.metrica-global.com\/\",\"name\":\"METRICA\",\"description\":\"Servicios Globales IT\",\"publisher\":{\"@id\":\"https:\/\/www.metrica-global.com\/#organization\"},\"potentialAction\":[{\"@type\":\"SearchAction\",\"target\":{\"@type\":\"EntryPoint\",\"urlTemplate\":\"https:\/\/www.metrica-global.com\/?s={search_term_string}\"},\"query-input\":{\"@type\":\"PropertyValueSpecification\",\"valueRequired\":true,\"valueName\":\"search_term_string\"}}],\"inLanguage\":\"es-CL\"},{\"@type\":\"Organization\",\"@id\":\"https:\/\/www.metrica-global.com\/#organization\",\"name\":\"METRICA\",\"url\":\"https:\/\/www.metrica-global.com\/\",\"logo\":{\"@type\":\"ImageObject\",\"inLanguage\":\"es-CL\",\"@id\":\"https:\/\/www.metrica-global.com\/#\/schema\/logo\/image\/\",\"url\":\"https:\/\/www.metrica-global.com\/wp-content\/uploads\/2023\/12\/logo-metrica.png\",\"contentUrl\":\"https:\/\/www.metrica-global.com\/wp-content\/uploads\/2023\/12\/logo-metrica.png\",\"width\":332,\"height\":58,\"caption\":\"METRICA\"},\"image\":{\"@id\":\"https:\/\/www.metrica-global.com\/#\/schema\/logo\/image\/\"}},{\"@type\":\"Person\",\"@id\":\"https:\/\/www.metrica-global.com\/#\/schema\/person\/78e8e629d9e5908167469b249f6f2cdc\",\"name\":\"desarrollo\",\"image\":{\"@type\":\"ImageObject\",\"inLanguage\":\"es-CL\",\"@id\":\"https:\/\/www.metrica-global.com\/#\/schema\/person\/image\/\",\"url\":\"https:\/\/secure.gravatar.com\/avatar\/d2653fb8f170e1382a31acc69dcf92e99545e6329805eb11d8a34443b058f3de?s=96&d=mm&r=g\",\"contentUrl\":\"https:\/\/secure.gravatar.com\/avatar\/d2653fb8f170e1382a31acc69dcf92e99545e6329805eb11d8a34443b058f3de?s=96&d=mm&r=g\",\"caption\":\"desarrollo\"},\"url\":\"https:\/\/www.metrica-global.com\/cl\/author\/desarrollo\/\"}]}<\/script>\n<!-- \/ Yoast SEO plugin. -->","yoast_head_json":{"title":"Visitamos el Instituto de Nebrija de Formaci\u00f3n Profesional - METRICA","robots":{"index":"index","follow":"follow","max-snippet":"max-snippet:-1","max-image-preview":"max-image-preview:large","max-video-preview":"max-video-preview:-1"},"canonical":"https:\/\/www.metrica-global.com\/cl\/visitamos-el-instituto-de-nebrija-de-formacion-profesional\/","og_locale":"es_ES","og_type":"article","og_title":"Visitamos el Instituto de Nebrija de Formaci\u00f3n Profesional - METRICA","og_description":"David Posadas, nuestro encargado de tutorizar y ense\u00f1ar a nuestros estudiantes de segundo durante su proceso, visita el Instituto de Nebrija de Formaci\u00f3n Profesional.","og_url":"https:\/\/www.metrica-global.com\/cl\/visitamos-el-instituto-de-nebrija-de-formacion-profesional\/","og_site_name":"METRICA","article_published_time":"2023-12-11T08:42:24+00:00","article_modified_time":"2025-06-10T11:27:21+00:00","og_image":[{"width":2048,"height":1365,"url":"https:\/\/www.metrica-global.com\/wp-content\/uploads\/2023\/12\/visita-david-instiuto-nebrija-1.jpg","type":"image\/jpeg"}],"author":"desarrollo","twitter_card":"summary_large_image","twitter_misc":{"Written by":"desarrollo","Est. reading time":"1 minute"},"schema":{"@context":"https:\/\/schema.org","@graph":[{"@type":"Article","@id":"https:\/\/www.metrica-global.com\/cl\/visitamos-el-instituto-de-nebrija-de-formacion-profesional\/#article","isPartOf":{"@id":"https:\/\/www.metrica-global.com\/cl\/visitamos-el-instituto-de-nebrija-de-formacion-profesional\/"},"author":{"name":"desarrollo","@id":"https:\/\/www.metrica-global.com\/#\/schema\/person\/78e8e629d9e5908167469b249f6f2cdc"},"headline":"Visitamos el Instituto de Nebrija de Formaci\u00f3n Profesional","datePublished":"2023-12-11T08:42:24+00:00","dateModified":"2025-06-10T11:27:21+00:00","mainEntityOfPage":{"@id":"https:\/\/www.metrica-global.com\/cl\/visitamos-el-instituto-de-nebrija-de-formacion-profesional\/"},"wordCount":118,"commentCount":0,"publisher":{"@id":"https:\/\/www.metrica-global.com\/#organization"},"image":{"@id":"https:\/\/www.metrica-global.com\/cl\/visitamos-el-instituto-de-nebrija-de-formacion-profesional\/#primaryimage"},"thumbnailUrl":"https:\/\/www.metrica-global.com\/wp-content\/uploads\/2023\/12\/visita-david-instiuto-nebrija-1.jpg","articleSection":["MetricaLab"],"inLanguage":"es-CL","potentialAction":[{"@type":"CommentAction","name":"Comment","target":["https:\/\/www.metrica-global.com\/cl\/visitamos-el-instituto-de-nebrija-de-formacion-profesional\/#respond"]}]},{"@type":"WebPage","@id":"https:\/\/www.metrica-global.com\/cl\/visitamos-el-instituto-de-nebrija-de-formacion-profesional\/","url":"https:\/\/www.metrica-global.com\/cl\/visitamos-el-instituto-de-nebrija-de-formacion-profesional\/","name":"Visitamos el Instituto de Nebrija de Formaci\u00f3n Profesional - METRICA","isPartOf":{"@id":"https:\/\/www.metrica-global.com\/#website"},"primaryImageOfPage":{"@id":"https:\/\/www.metrica-global.com\/cl\/visitamos-el-instituto-de-nebrija-de-formacion-profesional\/#primaryimage"},"image":{"@id":"https:\/\/www.metrica-global.com\/cl\/visitamos-el-instituto-de-nebrija-de-formacion-profesional\/#primaryimage"},"thumbnailUrl":"https:\/\/www.metrica-global.com\/wp-content\/uploads\/2023\/12\/visita-david-instiuto-nebrija-1.jpg","datePublished":"2023-12-11T08:42:24+00:00","dateModified":"2025-06-10T11:27:21+00:00","breadcrumb":{"@id":"https:\/\/www.metrica-global.com\/cl\/visitamos-el-instituto-de-nebrija-de-formacion-profesional\/#breadcrumb"},"inLanguage":"es-CL","potentialAction":[{"@type":"ReadAction","target":["https:\/\/www.metrica-global.com\/cl\/visitamos-el-instituto-de-nebrija-de-formacion-profesional\/"]}]},{"@type":"ImageObject","inLanguage":"es-CL","@id":"https:\/\/www.metrica-global.com\/cl\/visitamos-el-instituto-de-nebrija-de-formacion-profesional\/#primaryimage","url":"https:\/\/www.metrica-global.com\/wp-content\/uploads\/2023\/12\/visita-david-instiuto-nebrija-1.jpg","contentUrl":"https:\/\/www.metrica-global.com\/wp-content\/uploads\/2023\/12\/visita-david-instiuto-nebrija-1.jpg","width":2048,"height":1365,"caption":"visita david instiuto nebrija 1"},{"@type":"BreadcrumbList","@id":"https:\/\/www.metrica-global.com\/cl\/visitamos-el-instituto-de-nebrija-de-formacion-profesional\/#breadcrumb","itemListElement":[{"@type":"ListItem","position":1,"name":"Portada","item":"https:\/\/www.metrica-global.com\/pt\/"},{"@type":"ListItem","position":2,"name":"Visitamos el Instituto de Nebrija de Formaci\u00f3n Profesional"}]},{"@type":"WebSite","@id":"https:\/\/www.metrica-global.com\/#website","url":"https:\/\/www.metrica-global.com\/","name":"METRICA","description":"Servicios Globales IT","publisher":{"@id":"https:\/\/www.metrica-global.com\/#organization"},"potentialAction":[{"@type":"SearchAction","target":{"@type":"EntryPoint","urlTemplate":"https:\/\/www.metrica-global.com\/?s={search_term_string}"},"query-input":{"@type":"PropertyValueSpecification","valueRequired":true,"valueName":"search_term_string"}}],"inLanguage":"es-CL"},{"@type":"Organization","@id":"https:\/\/www.metrica-global.com\/#organization","name":"METRICA","url":"https:\/\/www.metrica-global.com\/","logo":{"@type":"ImageObject","inLanguage":"es-CL","@id":"https:\/\/www.metrica-global.com\/#\/schema\/logo\/image\/","url":"https:\/\/www.metrica-global.com\/wp-content\/uploads\/2023\/12\/logo-metrica.png","contentUrl":"https:\/\/www.metrica-global.com\/wp-content\/uploads\/2023\/12\/logo-metrica.png","width":332,"height":58,"caption":"METRICA"},"image":{"@id":"https:\/\/www.metrica-global.com\/#\/schema\/logo\/image\/"}},{"@type":"Person","@id":"https:\/\/www.metrica-global.com\/#\/schema\/person\/78e8e629d9e5908167469b249f6f2cdc","name":"desarrollo","image":{"@type":"ImageObject","inLanguage":"es-CL","@id":"https:\/\/www.metrica-global.com\/#\/schema\/person\/image\/","url":"https:\/\/secure.gravatar.com\/avatar\/d2653fb8f170e1382a31acc69dcf92e99545e6329805eb11d8a34443b058f3de?s=96&d=mm&r=g","contentUrl":"https:\/\/secure.gravatar.com\/avatar\/d2653fb8f170e1382a31acc69dcf92e99545e6329805eb11d8a34443b058f3de?s=96&d=mm&r=g","caption":"desarrollo"},"url":"https:\/\/www.metrica-global.com\/cl\/author\/desarrollo\/"}]}},"_links":{"self":[{"href":"https:\/\/www.metrica-global.com\/cl\/wp-json\/wp\/v2\/posts\/5885","targetHints":{"allow":["GET"]}}],"collection":[{"href":"https:\/\/www.metrica-global.com\/cl\/wp-json\/wp\/v2\/posts"}],"about":[{"href":"https:\/\/www.metrica-global.com\/cl\/wp-json\/wp\/v2\/types\/post"}],"author":[{"embeddable":true,"href":"https:\/\/www.metrica-global.com\/cl\/wp-json\/wp\/v2\/users\/1"}],"replies":[{"embeddable":true,"href":"https:\/\/www.metrica-global.com\/cl\/wp-json\/wp\/v2\/comments?post=5885"}],"version-history":[{"count":1,"href":"https:\/\/www.metrica-global.com\/cl\/wp-json\/wp\/v2\/posts\/5885\/revisions"}],"predecessor-version":[{"id":5915,"href":"https:\/\/www.metrica-global.com\/cl\/wp-json\/wp\/v2\/posts\/5885\/revisions\/5915"}],"wp:featuredmedia":[{"embeddable":true,"href":"https:\/\/www.metrica-global.com\/cl\/wp-json\/wp\/v2\/media\/5886"}],"wp:attachment":[{"href":"https:\/\/www.metrica-global.com\/cl\/wp-json\/wp\/v2\/media?parent=5885"}],"wp:term":[{"taxonomy":"category","embeddable":true,"href":"https:\/\/www.metrica-global.com\/cl\/wp-json\/wp\/v2\/categories?post=5885"},{"taxonomy":"post_tag","embeddable":true,"href":"https:\/\/www.metrica-global.com\/cl\/wp-json\/wp\/v2\/tags?post=5885"}],"curies":[{"name":"wp","href":"https:\/\/api.w.org\/{rel}","templated":true}]}}