{"id":5900,"date":"2023-10-03T17:49:17","date_gmt":"2023-10-03T17:49:17","guid":{"rendered":"https:\/\/www.metrica-global.com\/entrada-prueba-2\/"},"modified":"2025-06-10T11:28:33","modified_gmt":"2025-06-10T11:28:33","slug":"entrada-prueba-2","status":"publish","type":"post","link":"https:\/\/www.metrica-global.com\/cl\/entrada-prueba-2\/","title":{"rendered":"\u00a0\u201cImpulsando la transformaci\u00f3n empresarial sostenible, verde e inclusiva\u201d"},"content":{"rendered":"\t\t<div data-elementor-type=\"wp-post\" data-elementor-id=\"5900\" class=\"elementor elementor-5900 elementor-298\" data-elementor-post-type=\"post\">\n\t\t\t\t<div class=\"elementor-element elementor-element-db1976f e-flex e-con-boxed e-con e-parent\" data-id=\"db1976f\" data-element_type=\"container\">\n\t\t\t\t\t<div class=\"e-con-inner\">\n\t\t\t\t<div class=\"elementor-element elementor-element-f1336ce elementor-widget elementor-widget-text-editor\" data-id=\"f1336ce\" data-element_type=\"widget\" data-widget_type=\"text-editor.default\">\n\t\t\t\t<div class=\"elementor-widget-container\">\n\t\t\t\t\t\t\t\t\t<p>En M\u00e9trica Espa\u00f1a tuvimos el honor de poder asistir el pasado 26 de septiembre a la celebraci\u00f3n de uno de los Foros de Sostenibilidad que se celebran en nombre de la C\u00e1mara de Madrid: \u201cImpulsando la transformaci\u00f3n empresarial sostenible, verde e inclusiva\u201d.<\/p><p>Siguiendo con nuestro objetivo y filosof\u00eda de adoptar un enfoque responsable y consciente hacia el desarrollo de nuestras actividades y el impacto de estas en el \u00e1mbito social, ambiental y econ\u00f3mico, fue una gran oportunidad para conocer los casos de \u00e9xito de otras compa\u00f1\u00edas y empaparnos de nuevas visiones y oportunidades de negocio.<\/p><p>La jornada, celebrada en el Palacio de Santo\u00f1a, en Madrid, fue protagonizada por las ponencias de diferentes representantes de asociaciones y empresas, los y las cuales presentaban las acciones que hab\u00edan implementado a nivel interno y externo, para mejorar el impacto generado por su actividad empresarial y poder construir una organizaci\u00f3n sostenible, verde e inclusiva.<\/p>\t\t\t\t\t\t\t\t<\/div>\n\t\t\t\t<\/div>\n\t\t\t\t\t<\/div>\n\t\t\t\t<\/div>\n\t\t<div class=\"elementor-element elementor-element-719735b e-flex e-con-boxed e-con e-parent\" data-id=\"719735b\" data-element_type=\"container\">\n\t\t\t\t\t<div class=\"e-con-inner\">\n\t\t\t\t<div class=\"elementor-element elementor-element-f5abb95 elementor-widget elementor-widget-image\" data-id=\"f5abb95\" data-element_type=\"widget\" data-widget_type=\"image.default\">\n\t\t\t\t<div class=\"elementor-widget-container\">\n\t\t\t\t\t\t\t\t\t\t\t\t\t\t\t<img fetchpriority=\"high\" decoding=\"async\" width=\"768\" height=\"439\" src=\"https:\/\/www.metrica-global.com\/wp-content\/uploads\/2023\/10\/foto-5-1-768x439.png\" class=\"attachment-medium_large size-medium_large wp-image-11358\" alt=\"foto 5 1\" srcset=\"https:\/\/www.metrica-global.com\/wp-content\/uploads\/2023\/10\/foto-5-1-768x439.png 768w, https:\/\/www.metrica-global.com\/wp-content\/uploads\/2023\/10\/foto-5-1-300x171.png 300w, https:\/\/www.metrica-global.com\/wp-content\/uploads\/2023\/10\/foto-5-1-1024x585.png 1024w, https:\/\/www.metrica-global.com\/wp-content\/uploads\/2023\/10\/foto-5-1.png 1080w\" sizes=\"(max-width: 768px) 100vw, 768px\" \/>\t\t\t\t\t\t\t\t\t\t\t\t\t\t\t<\/div>\n\t\t\t\t<\/div>\n\t\t\t\t\t<\/div>\n\t\t\t\t<\/div>\n\t\t<div class=\"elementor-element elementor-element-dd11501 e-flex e-con-boxed e-con e-parent\" data-id=\"dd11501\" data-element_type=\"container\">\n\t\t\t\t\t<div class=\"e-con-inner\">\n\t\t\t\t<div class=\"elementor-element elementor-element-33f2305 elementor-widget elementor-widget-text-editor\" data-id=\"33f2305\" data-element_type=\"widget\" data-widget_type=\"text-editor.default\">\n\t\t\t\t<div class=\"elementor-widget-container\">\n\t\t\t\t\t\t\t\t\t<p>Las participaciones en la celebraci\u00f3n estuvieron encabezadas por:<\/p><p>&#8211;\u00a0<a href=\"https:\/\/www.linkedin.com\/in\/ACoAAAQvAt4BwYk3c1QowPnS763kS5Dg5dAUqbU\" data-attribute-index=\"0\" data-entity-type=\"MINI_PROFILE\">Ana Irl\u00e1n<\/a>: Responsable de Voluntariado y ESG en la Fundaci\u00f3n Integra\u00a0<a href=\"https:\/\/www.linkedin.com\/company\/fundacionintegraesp\/\" data-attribute-index=\"2\" data-entity-type=\"MINI_COMPANY\">Fundaci\u00f3n Integra Espa\u00f1a<\/a><br \/>&#8211;\u00a0<a href=\"https:\/\/www.linkedin.com\/in\/ACoAAAubdoEBzuDyTnBxWLJSS4UVnjy9fe2Sr00\" data-attribute-index=\"4\" data-entity-type=\"MINI_PROFILE\">Tatiana Garc\u00eda<\/a>:\u00a0Responsable de Sostenibilidad en\u00a0<a href=\"https:\/\/www.linkedin.com\/company\/lavola\/\" data-attribute-index=\"6\" data-entity-type=\"MINI_COMPANY\">Anthesis Lavola<\/a><br \/>&#8211;\u00a0<a href=\"https:\/\/www.linkedin.com\/in\/ACoAAAAhZNwBYlwrNoTSlXKdMVseZq56a5smqPM\" data-attribute-index=\"8\" data-entity-type=\"MINI_PROFILE\">Miguel Munilla Rumbao<\/a>: CEO y Fundador de\u00a0<a href=\"https:\/\/www.linkedin.com\/company\/debuencafe\/\" data-attribute-index=\"10\" data-entity-type=\"MINI_COMPANY\">Debuencaf\u00e9<\/a><br \/>&#8211;\u00a0<a href=\"https:\/\/www.linkedin.com\/in\/ACoAAACFFdIBjgGUB-IN3Nro2tXViXvnTsZC_S4\" data-attribute-index=\"12\" data-entity-type=\"MINI_PROFILE\">Osvaldo Sanchez<\/a>: CEO de\u00a0<a href=\"https:\/\/www.linkedin.com\/company\/neoplastics-reciclados-sa\/\" data-attribute-index=\"14\" data-entity-type=\"MINI_COMPANY\">Neoplastics Reciclados SA<\/a><\/p><p>Se trataron temas como la huella social en la estrategia de ESG, la certificaci\u00f3n de empresas B o c\u00f3mo favorecen con sus actividades a la econom\u00eda circular.<\/p><p>Formar parte de estas celebraciones nos aporta una nueva visi\u00f3n para mejorar nuestro impacto y tener la oportunidad de aprender entre compa\u00f1\u00edas, para juntas, crear un mundo mejor.<\/p>\t\t\t\t\t\t\t\t<\/div>\n\t\t\t\t<\/div>\n\t\t\t\t\t<\/div>\n\t\t\t\t<\/div>\n\t\t\t\t<\/div>\n\t\t","protected":false},"excerpt":{"rendered":"<p>Desde M\u00e9trica participamos en el Foro de Sostenibilidad que se celebran en nombre de la C\u00e1mara de Madrid.<\/p>\n","protected":false},"author":1,"featured_media":5901,"comment_status":"open","ping_status":"open","sticky":false,"template":"","format":"standard","meta":{"content-type":"","footnotes":""},"categories":[438],"tags":[],"class_list":["post-5900","post","type-post","status-publish","format-standard","has-post-thumbnail","hentry","category-sostenibilidad-cl"],"yoast_head":"<!-- This site is optimized with the Yoast SEO plugin v25.9 - https:\/\/yoast.com\/wordpress\/plugins\/seo\/ -->\n<title>\u00a0\u201cImpulsando la transformaci\u00f3n empresarial sostenible, verde e inclusiva\u201d - METRICA<\/title>\n<meta name=\"robots\" content=\"index, follow, max-snippet:-1, max-image-preview:large, max-video-preview:-1\" \/>\n<link rel=\"canonical\" href=\"https:\/\/www.metrica-global.com\/cl\/entrada-prueba-2\/\" \/>\n<meta property=\"og:locale\" content=\"es_ES\" \/>\n<meta property=\"og:type\" content=\"article\" \/>\n<meta property=\"og:title\" content=\"\u00a0\u201cImpulsando la transformaci\u00f3n empresarial sostenible, verde e inclusiva\u201d - METRICA\" \/>\n<meta property=\"og:description\" content=\"Desde M\u00e9trica participamos en el Foro de Sostenibilidad que se celebran en nombre de la C\u00e1mara de Madrid.\" \/>\n<meta property=\"og:url\" content=\"https:\/\/www.metrica-global.com\/cl\/entrada-prueba-2\/\" \/>\n<meta property=\"og:site_name\" content=\"METRICA\" \/>\n<meta property=\"article:published_time\" content=\"2023-10-03T17:49:17+00:00\" \/>\n<meta property=\"article:modified_time\" content=\"2025-06-10T11:28:33+00:00\" \/>\n<meta property=\"og:image\" content=\"https:\/\/www.metrica-global.com\/wp-content\/uploads\/2023\/11\/foto-2.png\" \/>\n\t<meta property=\"og:image:width\" content=\"1080\" \/>\n\t<meta property=\"og:image:height\" content=\"1080\" \/>\n\t<meta property=\"og:image:type\" content=\"image\/png\" \/>\n<meta name=\"author\" content=\"desarrollo\" \/>\n<meta name=\"twitter:card\" content=\"summary_large_image\" \/>\n<meta name=\"twitter:label1\" content=\"Written by\" \/>\n\t<meta name=\"twitter:data1\" content=\"desarrollo\" \/>\n\t<meta name=\"twitter:label2\" content=\"Est. reading time\" \/>\n\t<meta name=\"twitter:data2\" content=\"2 minutes\" \/>\n<script type=\"application\/ld+json\" class=\"yoast-schema-graph\">{\"@context\":\"https:\/\/schema.org\",\"@graph\":[{\"@type\":\"Article\",\"@id\":\"https:\/\/www.metrica-global.com\/cl\/entrada-prueba-2\/#article\",\"isPartOf\":{\"@id\":\"https:\/\/www.metrica-global.com\/cl\/entrada-prueba-2\/\"},\"author\":{\"name\":\"desarrollo\",\"@id\":\"https:\/\/www.metrica-global.com\/#\/schema\/person\/78e8e629d9e5908167469b249f6f2cdc\"},\"headline\":\"\u00a0\u201cImpulsando la transformaci\u00f3n empresarial sostenible, verde e inclusiva\u201d\",\"datePublished\":\"2023-10-03T17:49:17+00:00\",\"dateModified\":\"2025-06-10T11:28:33+00:00\",\"mainEntityOfPage\":{\"@id\":\"https:\/\/www.metrica-global.com\/cl\/entrada-prueba-2\/\"},\"wordCount\":284,\"commentCount\":0,\"publisher\":{\"@id\":\"https:\/\/www.metrica-global.com\/#organization\"},\"image\":{\"@id\":\"https:\/\/www.metrica-global.com\/cl\/entrada-prueba-2\/#primaryimage\"},\"thumbnailUrl\":\"https:\/\/www.metrica-global.com\/wp-content\/uploads\/2023\/11\/foto-2.png\",\"articleSection\":[\"Sostenibilidad\"],\"inLanguage\":\"es-CL\",\"potentialAction\":[{\"@type\":\"CommentAction\",\"name\":\"Comment\",\"target\":[\"https:\/\/www.metrica-global.com\/cl\/entrada-prueba-2\/#respond\"]}]},{\"@type\":\"WebPage\",\"@id\":\"https:\/\/www.metrica-global.com\/cl\/entrada-prueba-2\/\",\"url\":\"https:\/\/www.metrica-global.com\/cl\/entrada-prueba-2\/\",\"name\":\"\u00a0\u201cImpulsando la transformaci\u00f3n empresarial sostenible, verde e inclusiva\u201d - METRICA\",\"isPartOf\":{\"@id\":\"https:\/\/www.metrica-global.com\/#website\"},\"primaryImageOfPage\":{\"@id\":\"https:\/\/www.metrica-global.com\/cl\/entrada-prueba-2\/#primaryimage\"},\"image\":{\"@id\":\"https:\/\/www.metrica-global.com\/cl\/entrada-prueba-2\/#primaryimage\"},\"thumbnailUrl\":\"https:\/\/www.metrica-global.com\/wp-content\/uploads\/2023\/11\/foto-2.png\",\"datePublished\":\"2023-10-03T17:49:17+00:00\",\"dateModified\":\"2025-06-10T11:28:33+00:00\",\"breadcrumb\":{\"@id\":\"https:\/\/www.metrica-global.com\/cl\/entrada-prueba-2\/#breadcrumb\"},\"inLanguage\":\"es-CL\",\"potentialAction\":[{\"@type\":\"ReadAction\",\"target\":[\"https:\/\/www.metrica-global.com\/cl\/entrada-prueba-2\/\"]}]},{\"@type\":\"ImageObject\",\"inLanguage\":\"es-CL\",\"@id\":\"https:\/\/www.metrica-global.com\/cl\/entrada-prueba-2\/#primaryimage\",\"url\":\"https:\/\/www.metrica-global.com\/wp-content\/uploads\/2023\/11\/foto-2.png\",\"contentUrl\":\"https:\/\/www.metrica-global.com\/wp-content\/uploads\/2023\/11\/foto-2.png\",\"width\":1080,\"height\":1080,\"caption\":\"foto 2\"},{\"@type\":\"BreadcrumbList\",\"@id\":\"https:\/\/www.metrica-global.com\/cl\/entrada-prueba-2\/#breadcrumb\",\"itemListElement\":[{\"@type\":\"ListItem\",\"position\":1,\"name\":\"Portada\",\"item\":\"https:\/\/www.metrica-global.com\/pt\/\"},{\"@type\":\"ListItem\",\"position\":2,\"name\":\"\u00a0\u201cImpulsando la transformaci\u00f3n empresarial sostenible, verde e inclusiva\u201d\"}]},{\"@type\":\"WebSite\",\"@id\":\"https:\/\/www.metrica-global.com\/#website\",\"url\":\"https:\/\/www.metrica-global.com\/\",\"name\":\"METRICA\",\"description\":\"Servicios Globales IT\",\"publisher\":{\"@id\":\"https:\/\/www.metrica-global.com\/#organization\"},\"potentialAction\":[{\"@type\":\"SearchAction\",\"target\":{\"@type\":\"EntryPoint\",\"urlTemplate\":\"https:\/\/www.metrica-global.com\/?s={search_term_string}\"},\"query-input\":{\"@type\":\"PropertyValueSpecification\",\"valueRequired\":true,\"valueName\":\"search_term_string\"}}],\"inLanguage\":\"es-CL\"},{\"@type\":\"Organization\",\"@id\":\"https:\/\/www.metrica-global.com\/#organization\",\"name\":\"METRICA\",\"url\":\"https:\/\/www.metrica-global.com\/\",\"logo\":{\"@type\":\"ImageObject\",\"inLanguage\":\"es-CL\",\"@id\":\"https:\/\/www.metrica-global.com\/#\/schema\/logo\/image\/\",\"url\":\"https:\/\/www.metrica-global.com\/wp-content\/uploads\/2023\/12\/logo-metrica.png\",\"contentUrl\":\"https:\/\/www.metrica-global.com\/wp-content\/uploads\/2023\/12\/logo-metrica.png\",\"width\":332,\"height\":58,\"caption\":\"METRICA\"},\"image\":{\"@id\":\"https:\/\/www.metrica-global.com\/#\/schema\/logo\/image\/\"}},{\"@type\":\"Person\",\"@id\":\"https:\/\/www.metrica-global.com\/#\/schema\/person\/78e8e629d9e5908167469b249f6f2cdc\",\"name\":\"desarrollo\",\"image\":{\"@type\":\"ImageObject\",\"inLanguage\":\"es-CL\",\"@id\":\"https:\/\/www.metrica-global.com\/#\/schema\/person\/image\/\",\"url\":\"https:\/\/secure.gravatar.com\/avatar\/d2653fb8f170e1382a31acc69dcf92e99545e6329805eb11d8a34443b058f3de?s=96&d=mm&r=g\",\"contentUrl\":\"https:\/\/secure.gravatar.com\/avatar\/d2653fb8f170e1382a31acc69dcf92e99545e6329805eb11d8a34443b058f3de?s=96&d=mm&r=g\",\"caption\":\"desarrollo\"},\"url\":\"https:\/\/www.metrica-global.com\/cl\/author\/desarrollo\/\"}]}<\/script>\n<!-- \/ Yoast SEO plugin. -->","yoast_head_json":{"title":"\u00a0\u201cImpulsando la transformaci\u00f3n empresarial sostenible, verde e inclusiva\u201d - METRICA","robots":{"index":"index","follow":"follow","max-snippet":"max-snippet:-1","max-image-preview":"max-image-preview:large","max-video-preview":"max-video-preview:-1"},"canonical":"https:\/\/www.metrica-global.com\/cl\/entrada-prueba-2\/","og_locale":"es_ES","og_type":"article","og_title":"\u00a0\u201cImpulsando la transformaci\u00f3n empresarial sostenible, verde e inclusiva\u201d - METRICA","og_description":"Desde M\u00e9trica participamos en el Foro de Sostenibilidad que se celebran en nombre de la C\u00e1mara de Madrid.","og_url":"https:\/\/www.metrica-global.com\/cl\/entrada-prueba-2\/","og_site_name":"METRICA","article_published_time":"2023-10-03T17:49:17+00:00","article_modified_time":"2025-06-10T11:28:33+00:00","og_image":[{"width":1080,"height":1080,"url":"https:\/\/www.metrica-global.com\/wp-content\/uploads\/2023\/11\/foto-2.png","type":"image\/png"}],"author":"desarrollo","twitter_card":"summary_large_image","twitter_misc":{"Written by":"desarrollo","Est. reading time":"2 minutes"},"schema":{"@context":"https:\/\/schema.org","@graph":[{"@type":"Article","@id":"https:\/\/www.metrica-global.com\/cl\/entrada-prueba-2\/#article","isPartOf":{"@id":"https:\/\/www.metrica-global.com\/cl\/entrada-prueba-2\/"},"author":{"name":"desarrollo","@id":"https:\/\/www.metrica-global.com\/#\/schema\/person\/78e8e629d9e5908167469b249f6f2cdc"},"headline":"\u00a0\u201cImpulsando la transformaci\u00f3n empresarial sostenible, verde e inclusiva\u201d","datePublished":"2023-10-03T17:49:17+00:00","dateModified":"2025-06-10T11:28:33+00:00","mainEntityOfPage":{"@id":"https:\/\/www.metrica-global.com\/cl\/entrada-prueba-2\/"},"wordCount":284,"commentCount":0,"publisher":{"@id":"https:\/\/www.metrica-global.com\/#organization"},"image":{"@id":"https:\/\/www.metrica-global.com\/cl\/entrada-prueba-2\/#primaryimage"},"thumbnailUrl":"https:\/\/www.metrica-global.com\/wp-content\/uploads\/2023\/11\/foto-2.png","articleSection":["Sostenibilidad"],"inLanguage":"es-CL","potentialAction":[{"@type":"CommentAction","name":"Comment","target":["https:\/\/www.metrica-global.com\/cl\/entrada-prueba-2\/#respond"]}]},{"@type":"WebPage","@id":"https:\/\/www.metrica-global.com\/cl\/entrada-prueba-2\/","url":"https:\/\/www.metrica-global.com\/cl\/entrada-prueba-2\/","name":"\u00a0\u201cImpulsando la transformaci\u00f3n empresarial sostenible, verde e inclusiva\u201d - METRICA","isPartOf":{"@id":"https:\/\/www.metrica-global.com\/#website"},"primaryImageOfPage":{"@id":"https:\/\/www.metrica-global.com\/cl\/entrada-prueba-2\/#primaryimage"},"image":{"@id":"https:\/\/www.metrica-global.com\/cl\/entrada-prueba-2\/#primaryimage"},"thumbnailUrl":"https:\/\/www.metrica-global.com\/wp-content\/uploads\/2023\/11\/foto-2.png","datePublished":"2023-10-03T17:49:17+00:00","dateModified":"2025-06-10T11:28:33+00:00","breadcrumb":{"@id":"https:\/\/www.metrica-global.com\/cl\/entrada-prueba-2\/#breadcrumb"},"inLanguage":"es-CL","potentialAction":[{"@type":"ReadAction","target":["https:\/\/www.metrica-global.com\/cl\/entrada-prueba-2\/"]}]},{"@type":"ImageObject","inLanguage":"es-CL","@id":"https:\/\/www.metrica-global.com\/cl\/entrada-prueba-2\/#primaryimage","url":"https:\/\/www.metrica-global.com\/wp-content\/uploads\/2023\/11\/foto-2.png","contentUrl":"https:\/\/www.metrica-global.com\/wp-content\/uploads\/2023\/11\/foto-2.png","width":1080,"height":1080,"caption":"foto 2"},{"@type":"BreadcrumbList","@id":"https:\/\/www.metrica-global.com\/cl\/entrada-prueba-2\/#breadcrumb","itemListElement":[{"@type":"ListItem","position":1,"name":"Portada","item":"https:\/\/www.metrica-global.com\/pt\/"},{"@type":"ListItem","position":2,"name":"\u00a0\u201cImpulsando la transformaci\u00f3n empresarial sostenible, verde e inclusiva\u201d"}]},{"@type":"WebSite","@id":"https:\/\/www.metrica-global.com\/#website","url":"https:\/\/www.metrica-global.com\/","name":"METRICA","description":"Servicios Globales IT","publisher":{"@id":"https:\/\/www.metrica-global.com\/#organization"},"potentialAction":[{"@type":"SearchAction","target":{"@type":"EntryPoint","urlTemplate":"https:\/\/www.metrica-global.com\/?s={search_term_string}"},"query-input":{"@type":"PropertyValueSpecification","valueRequired":true,"valueName":"search_term_string"}}],"inLanguage":"es-CL"},{"@type":"Organization","@id":"https:\/\/www.metrica-global.com\/#organization","name":"METRICA","url":"https:\/\/www.metrica-global.com\/","logo":{"@type":"ImageObject","inLanguage":"es-CL","@id":"https:\/\/www.metrica-global.com\/#\/schema\/logo\/image\/","url":"https:\/\/www.metrica-global.com\/wp-content\/uploads\/2023\/12\/logo-metrica.png","contentUrl":"https:\/\/www.metrica-global.com\/wp-content\/uploads\/2023\/12\/logo-metrica.png","width":332,"height":58,"caption":"METRICA"},"image":{"@id":"https:\/\/www.metrica-global.com\/#\/schema\/logo\/image\/"}},{"@type":"Person","@id":"https:\/\/www.metrica-global.com\/#\/schema\/person\/78e8e629d9e5908167469b249f6f2cdc","name":"desarrollo","image":{"@type":"ImageObject","inLanguage":"es-CL","@id":"https:\/\/www.metrica-global.com\/#\/schema\/person\/image\/","url":"https:\/\/secure.gravatar.com\/avatar\/d2653fb8f170e1382a31acc69dcf92e99545e6329805eb11d8a34443b058f3de?s=96&d=mm&r=g","contentUrl":"https:\/\/secure.gravatar.com\/avatar\/d2653fb8f170e1382a31acc69dcf92e99545e6329805eb11d8a34443b058f3de?s=96&d=mm&r=g","caption":"desarrollo"},"url":"https:\/\/www.metrica-global.com\/cl\/author\/desarrollo\/"}]}},"_links":{"self":[{"href":"https:\/\/www.metrica-global.com\/cl\/wp-json\/wp\/v2\/posts\/5900","targetHints":{"allow":["GET"]}}],"collection":[{"href":"https:\/\/www.metrica-global.com\/cl\/wp-json\/wp\/v2\/posts"}],"about":[{"href":"https:\/\/www.metrica-global.com\/cl\/wp-json\/wp\/v2\/types\/post"}],"author":[{"embeddable":true,"href":"https:\/\/www.metrica-global.com\/cl\/wp-json\/wp\/v2\/users\/1"}],"replies":[{"embeddable":true,"href":"https:\/\/www.metrica-global.com\/cl\/wp-json\/wp\/v2\/comments?post=5900"}],"version-history":[{"count":1,"href":"https:\/\/www.metrica-global.com\/cl\/wp-json\/wp\/v2\/posts\/5900\/revisions"}],"predecessor-version":[{"id":5923,"href":"https:\/\/www.metrica-global.com\/cl\/wp-json\/wp\/v2\/posts\/5900\/revisions\/5923"}],"wp:featuredmedia":[{"embeddable":true,"href":"https:\/\/www.metrica-global.com\/cl\/wp-json\/wp\/v2\/media\/5901"}],"wp:attachment":[{"href":"https:\/\/www.metrica-global.com\/cl\/wp-json\/wp\/v2\/media?parent=5900"}],"wp:term":[{"taxonomy":"category","embeddable":true,"href":"https:\/\/www.metrica-global.com\/cl\/wp-json\/wp\/v2\/categories?post=5900"},{"taxonomy":"post_tag","embeddable":true,"href":"https:\/\/www.metrica-global.com\/cl\/wp-json\/wp\/v2\/tags?post=5900"}],"curies":[{"name":"wp","href":"https:\/\/api.w.org\/{rel}","templated":true}]}}