{"id":13489,"date":"2025-09-26T13:42:12","date_gmt":"2025-09-26T11:42:12","guid":{"rendered":"https:\/\/www.metrica-global.com\/metrica-lab-recibe-un-nuevo-grupo-de-estudiantes-en-practicas\/"},"modified":"2025-09-26T13:42:12","modified_gmt":"2025-09-26T11:42:12","slug":"metrica-lab-recibe-un-nuevo-grupo-de-estudiantes-en-practicas","status":"publish","type":"post","link":"https:\/\/www.metrica-global.com\/en\/metrica-lab-recibe-un-nuevo-grupo-de-estudiantes-en-practicas\/","title":{"rendered":"METRICA LAB recibe un nuevo grupo de estudiantes en pr\u00e1cticas"},"content":{"rendered":"<p data-start=\"309\" data-end=\"639\">En METRICA iniciamos un nuevo ciclo de <strong data-start=\"348\" data-end=\"363\">METRICA LAB<\/strong>, nuestro programa de formaci\u00f3n de juniors dise\u00f1ado para impulsar el <strong data-start=\"432\" data-end=\"465\">talento joven en el sector IT<\/strong>. Este proyecto nace con un prop\u00f3sito claro: acercar la realidad empresarial a los futuros profesionales y ofrecerles una primera experiencia en un entorno real de trabajo. <\/p>\n<p data-start=\"309\" data-end=\"639\"><strong><a href=\"https:\/\/www.metrica-global.com\/en\/metricalab\/\" target=\"_blank\" rel=\"noopener\">CONOCE METRICA LAB<\/a><\/strong><\/p>\n<h2 data-start=\"1035\" data-end=\"1073\">La experiencia de los estudiantes<\/h2>\n<p data-start=\"1074\" data-end=\"1168\">Durante los pr\u00f3ximos meses, los nuevos participantes de METRICA LAB vivir\u00e1n de primera mano:<\/p>\n<ul data-start=\"1169\" data-end=\"1426\">\n<li data-start=\"1169\" data-end=\"1241\">\n<p data-start=\"1171\" data-end=\"1241\">Un entorno cercano y colaborativo donde desarrollarse con confianza.<\/p>\n<\/li>\n<li data-start=\"1242\" data-end=\"1334\">\n<p data-start=\"1244\" data-end=\"1334\">Formaci\u00f3n pr\u00e1ctica en <strong data-start=\"1266\" data-end=\"1300\">herramientas y metodolog\u00edas IT<\/strong> utilizadas en proyectos reales.<\/p>\n<\/li>\n<li data-start=\"1335\" data-end=\"1426\">\n<p data-start=\"1337\" data-end=\"1426\">El acompa\u00f1amiento de profesionales METRICA que les guiar\u00e1n en su evoluci\u00f3n profesional.<\/p>\n<\/li>\n<\/ul>\n<p data-start=\"1428\" data-end=\"1579\">De esta manera, METRICA LAB se convierte en un trampol\u00edn hacia el mundo laboral, aportando valor tanto a los estudiantes como a nuestra organizaci\u00f3n.<\/p>\n<h2 data-start=\"1581\" data-end=\"1610\">Impulso al talento joven<\/h2>\n<p data-start=\"1611\" data-end=\"1914\">Para METRICA, apostar por la <strong data-start=\"1640\" data-end=\"1699\">formaci\u00f3n IT y el desarrollo profesional de los j\u00f3venes<\/strong> es una forma de contribuir a la transformaci\u00f3n digital con prop\u00f3sito. Creemos que <strong data-start=\"1782\" data-end=\"1807\">formar es transformar<\/strong>, y con programas como este seguimos construyendo un futuro en el que la innovaci\u00f3n y el talento se unen. <\/p>\n<h2 data-start=\"1916\" data-end=\"1973\">Conociendo al nuevo grupo en nuestras redes sociales<\/h2>\n<p data-start=\"1974\" data-end=\"2262\">Hoy, adem\u00e1s, hemos compartido en nuestras redes sociales una <a href=\"https:\/\/www.instagram.com\/p\/DPD-qe-DJxA\/\"><br \/>\n  <strong data-start=\"2035\" data-end=\"2072\">entrevista en formato \u201cping-pong\u201d<\/strong><br \/>\n<\/a> con uno de los nuevos estudiantes, donde nos cuenta sus primeras impresiones y expectativas en esta etapa. Una manera divertida y cercana de mostrar c\u00f3mo se vive METRICA LAB desde dentro. <\/p>\n<p data-start=\"2271\" data-end=\"2538\">En METRICA nos enorgullece seguir impulsando el crecimiento del talento joven a trav\u00e9s de programas como METRICA LAB, que no solo abren puertas a quienes inician su carrera, sino que tambi\u00e9n enriquecen a nuestros equipos con nuevas ideas, motivaci\u00f3n y perspectivas.<\/p>\n<p data-start=\"2540\" data-end=\"2718\"><strong data-start=\"2540\" data-end=\"2602\">\u00bfQuieres saber m\u00e1s sobre c\u00f3mo apoyamos el talento digital?<\/strong> Sigue nuestras publicaciones y descubre c\u00f3mo en METRICA trabajamos para formar a los profesionales del futuro. \ud83d\ude80<\/p>\n","protected":false},"excerpt":{"rendered":"<p>Damos la bienvenida a un nuevo grupo que buscar\u00e1 dar un impulso a sus carreras y conseguir una primera experiencia de calidad en el Sector IT.<\/p>\n","protected":false},"author":2,"featured_media":13379,"comment_status":"open","ping_status":"open","sticky":false,"template":"","format":"standard","meta":{"content-type":"","footnotes":""},"categories":[2776],"tags":[2785,3452,2786,3453,3188,3449,2781,3451,3448,3186,3450,3447],"class_list":["post-13489","post","type-post","status-publish","format-standard","has-post-thumbnail","hentry","category-metricalab-en","tag-desarrollo-profesional-en","tag-estudiantes-en-practicas-en","tag-formacion-it-en","tag-futuro-profesional-en-tecnologia-en","tag-metrica-lab-en","tag-practicas-en-empresas-en","tag-practicas-it-en","tag-primeros-pasos-en-el-sector-it-en","tag-programa-de-practicas-en-tecnologia-en","tag-talento-joven-en","tag-tecnologicas-en","tag-tecnologico-en"],"yoast_head":"<!-- This site is optimized with the Yoast SEO plugin v25.9 - https:\/\/yoast.com\/wordpress\/plugins\/seo\/ -->\n<title>METRICA LAB recibe un nuevo grupo de estudiantes en pr\u00e1cticas - METRICA<\/title>\n<meta name=\"robots\" content=\"index, follow, max-snippet:-1, max-image-preview:large, max-video-preview:-1\" \/>\n<link rel=\"canonical\" href=\"https:\/\/www.metrica-global.com\/en\/metrica-lab-recibe-un-nuevo-grupo-de-estudiantes-en-practicas\/\" \/>\n<meta property=\"og:locale\" content=\"en_US\" \/>\n<meta property=\"og:type\" content=\"article\" \/>\n<meta property=\"og:title\" content=\"METRICA LAB recibe un nuevo grupo de estudiantes en pr\u00e1cticas - METRICA\" \/>\n<meta property=\"og:description\" content=\"Damos la bienvenida a un nuevo grupo que buscar\u00e1 dar un impulso a sus carreras y conseguir una primera experiencia de calidad en el Sector IT.\" \/>\n<meta property=\"og:url\" content=\"https:\/\/www.metrica-global.com\/en\/metrica-lab-recibe-un-nuevo-grupo-de-estudiantes-en-practicas\/\" \/>\n<meta property=\"og:site_name\" content=\"METRICA\" \/>\n<meta property=\"article:published_time\" content=\"2025-09-26T11:42:12+00:00\" \/>\n<meta property=\"og:image\" content=\"https:\/\/www.metrica-global.com\/wp-content\/uploads\/2025\/09\/BANNER-METRICA-LAB2.jpg\" \/>\n\t<meta property=\"og:image:width\" content=\"2287\" \/>\n\t<meta property=\"og:image:height\" content=\"1240\" \/>\n\t<meta property=\"og:image:type\" content=\"image\/jpeg\" \/>\n<meta name=\"author\" content=\"metrica\" \/>\n<meta name=\"twitter:card\" content=\"summary_large_image\" \/>\n<meta name=\"twitter:creator\" content=\"@desarrollo\" \/>\n<meta name=\"twitter:label1\" content=\"Written by\" \/>\n\t<meta name=\"twitter:data1\" content=\"metrica\" \/>\n\t<meta name=\"twitter:label2\" content=\"Est. reading time\" \/>\n\t<meta name=\"twitter:data2\" content=\"2 minutes\" \/>\n<script type=\"application\/ld+json\" class=\"yoast-schema-graph\">{\"@context\":\"https:\/\/schema.org\",\"@graph\":[{\"@type\":\"Article\",\"@id\":\"https:\/\/www.metrica-global.com\/en\/metrica-lab-recibe-un-nuevo-grupo-de-estudiantes-en-practicas\/#article\",\"isPartOf\":{\"@id\":\"https:\/\/www.metrica-global.com\/en\/metrica-lab-recibe-un-nuevo-grupo-de-estudiantes-en-practicas\/\"},\"author\":{\"name\":\"metrica\",\"@id\":\"https:\/\/www.metrica-global.com\/#\/schema\/person\/2f4208bdc63892f387a04f4106dd0fcb\"},\"headline\":\"METRICA LAB recibe un nuevo grupo de estudiantes en pr\u00e1cticas\",\"datePublished\":\"2025-09-26T11:42:12+00:00\",\"mainEntityOfPage\":{\"@id\":\"https:\/\/www.metrica-global.com\/en\/metrica-lab-recibe-un-nuevo-grupo-de-estudiantes-en-practicas\/\"},\"wordCount\":337,\"commentCount\":0,\"publisher\":{\"@id\":\"https:\/\/www.metrica-global.com\/#organization\"},\"image\":{\"@id\":\"https:\/\/www.metrica-global.com\/en\/metrica-lab-recibe-un-nuevo-grupo-de-estudiantes-en-practicas\/#primaryimage\"},\"thumbnailUrl\":\"https:\/\/www.metrica-global.com\/wp-content\/uploads\/2025\/09\/BANNER-METRICA-LAB2.jpg\",\"keywords\":[\"Desarrollo Profesional\",\"estudiantes en pr\u00e1cticas\",\"Formaci\u00f3n IT\",\"futuro profesional en tecnolog\u00eda\",\"METRICA LAB\",\"pr\u00e1cticas en empresas\",\"Pr\u00e1cticas IT\",\"primeros pasos en el sector IT\",\"programa de pr\u00e1cticas en tecnolog\u00eda\",\"Talento joven\",\"tecnol\u00f3gicas\",\"tecnol\u00f3gico\"],\"articleSection\":[\"MetricaLab\"],\"inLanguage\":\"en\",\"potentialAction\":[{\"@type\":\"CommentAction\",\"name\":\"Comment\",\"target\":[\"https:\/\/www.metrica-global.com\/en\/metrica-lab-recibe-un-nuevo-grupo-de-estudiantes-en-practicas\/#respond\"]}]},{\"@type\":\"WebPage\",\"@id\":\"https:\/\/www.metrica-global.com\/en\/metrica-lab-recibe-un-nuevo-grupo-de-estudiantes-en-practicas\/\",\"url\":\"https:\/\/www.metrica-global.com\/en\/metrica-lab-recibe-un-nuevo-grupo-de-estudiantes-en-practicas\/\",\"name\":\"METRICA LAB recibe un nuevo grupo de estudiantes en pr\u00e1cticas - METRICA\",\"isPartOf\":{\"@id\":\"https:\/\/www.metrica-global.com\/#website\"},\"primaryImageOfPage\":{\"@id\":\"https:\/\/www.metrica-global.com\/en\/metrica-lab-recibe-un-nuevo-grupo-de-estudiantes-en-practicas\/#primaryimage\"},\"image\":{\"@id\":\"https:\/\/www.metrica-global.com\/en\/metrica-lab-recibe-un-nuevo-grupo-de-estudiantes-en-practicas\/#primaryimage\"},\"thumbnailUrl\":\"https:\/\/www.metrica-global.com\/wp-content\/uploads\/2025\/09\/BANNER-METRICA-LAB2.jpg\",\"datePublished\":\"2025-09-26T11:42:12+00:00\",\"breadcrumb\":{\"@id\":\"https:\/\/www.metrica-global.com\/en\/metrica-lab-recibe-un-nuevo-grupo-de-estudiantes-en-practicas\/#breadcrumb\"},\"inLanguage\":\"en\",\"potentialAction\":[{\"@type\":\"ReadAction\",\"target\":[\"https:\/\/www.metrica-global.com\/en\/metrica-lab-recibe-un-nuevo-grupo-de-estudiantes-en-practicas\/\"]}]},{\"@type\":\"ImageObject\",\"inLanguage\":\"en\",\"@id\":\"https:\/\/www.metrica-global.com\/en\/metrica-lab-recibe-un-nuevo-grupo-de-estudiantes-en-practicas\/#primaryimage\",\"url\":\"https:\/\/www.metrica-global.com\/wp-content\/uploads\/2025\/09\/BANNER-METRICA-LAB2.jpg\",\"contentUrl\":\"https:\/\/www.metrica-global.com\/wp-content\/uploads\/2025\/09\/BANNER-METRICA-LAB2.jpg\",\"width\":2287,\"height\":1240,\"caption\":\"BANNER NOTICIAS - BANNER METRICA LAB\"},{\"@type\":\"BreadcrumbList\",\"@id\":\"https:\/\/www.metrica-global.com\/en\/metrica-lab-recibe-un-nuevo-grupo-de-estudiantes-en-practicas\/#breadcrumb\",\"itemListElement\":[{\"@type\":\"ListItem\",\"position\":1,\"name\":\"Portada\",\"item\":\"https:\/\/www.metrica-global.com\/en\/\"},{\"@type\":\"ListItem\",\"position\":2,\"name\":\"METRICA LAB recibe un nuevo grupo de estudiantes en pr\u00e1cticas\"}]},{\"@type\":\"WebSite\",\"@id\":\"https:\/\/www.metrica-global.com\/#website\",\"url\":\"https:\/\/www.metrica-global.com\/\",\"name\":\"METRICA\",\"description\":\"Servicios Globales IT\",\"publisher\":{\"@id\":\"https:\/\/www.metrica-global.com\/#organization\"},\"potentialAction\":[{\"@type\":\"SearchAction\",\"target\":{\"@type\":\"EntryPoint\",\"urlTemplate\":\"https:\/\/www.metrica-global.com\/?s={search_term_string}\"},\"query-input\":{\"@type\":\"PropertyValueSpecification\",\"valueRequired\":true,\"valueName\":\"search_term_string\"}}],\"inLanguage\":\"en\"},{\"@type\":\"Organization\",\"@id\":\"https:\/\/www.metrica-global.com\/#organization\",\"name\":\"METRICA\",\"url\":\"https:\/\/www.metrica-global.com\/\",\"logo\":{\"@type\":\"ImageObject\",\"inLanguage\":\"en\",\"@id\":\"https:\/\/www.metrica-global.com\/#\/schema\/logo\/image\/\",\"url\":\"https:\/\/www.metrica-global.com\/wp-content\/uploads\/2023\/12\/logo-metrica.png\",\"contentUrl\":\"https:\/\/www.metrica-global.com\/wp-content\/uploads\/2023\/12\/logo-metrica.png\",\"width\":332,\"height\":58,\"caption\":\"METRICA\"},\"image\":{\"@id\":\"https:\/\/www.metrica-global.com\/#\/schema\/logo\/image\/\"}},{\"@type\":\"Person\",\"@id\":\"https:\/\/www.metrica-global.com\/#\/schema\/person\/2f4208bdc63892f387a04f4106dd0fcb\",\"name\":\"metrica\",\"image\":{\"@type\":\"ImageObject\",\"inLanguage\":\"en\",\"@id\":\"https:\/\/www.metrica-global.com\/#\/schema\/person\/image\/\",\"url\":\"https:\/\/secure.gravatar.com\/avatar\/735533d52394faf02a8736d8f477256b9fb421f39d81c48c55ea37c267061786?s=96&d=mm&r=g\",\"contentUrl\":\"https:\/\/secure.gravatar.com\/avatar\/735533d52394faf02a8736d8f477256b9fb421f39d81c48c55ea37c267061786?s=96&d=mm&r=g\",\"caption\":\"metrica\"},\"sameAs\":[\"https:\/\/x.com\/desarrollo\"],\"url\":\"https:\/\/www.metrica-global.com\/en\/author\/metrica\/\"}]}<\/script>\n<!-- \/ Yoast SEO plugin. -->","yoast_head_json":{"title":"METRICA LAB recibe un nuevo grupo de estudiantes en pr\u00e1cticas - METRICA","robots":{"index":"index","follow":"follow","max-snippet":"max-snippet:-1","max-image-preview":"max-image-preview:large","max-video-preview":"max-video-preview:-1"},"canonical":"https:\/\/www.metrica-global.com\/en\/metrica-lab-recibe-un-nuevo-grupo-de-estudiantes-en-practicas\/","og_locale":"en_US","og_type":"article","og_title":"METRICA LAB recibe un nuevo grupo de estudiantes en pr\u00e1cticas - METRICA","og_description":"Damos la bienvenida a un nuevo grupo que buscar\u00e1 dar un impulso a sus carreras y conseguir una primera experiencia de calidad en el Sector IT.","og_url":"https:\/\/www.metrica-global.com\/en\/metrica-lab-recibe-un-nuevo-grupo-de-estudiantes-en-practicas\/","og_site_name":"METRICA","article_published_time":"2025-09-26T11:42:12+00:00","og_image":[{"width":2287,"height":1240,"url":"https:\/\/www.metrica-global.com\/wp-content\/uploads\/2025\/09\/BANNER-METRICA-LAB2.jpg","type":"image\/jpeg"}],"author":"metrica","twitter_card":"summary_large_image","twitter_creator":"@desarrollo","twitter_misc":{"Written by":"metrica","Est. reading time":"2 minutes"},"schema":{"@context":"https:\/\/schema.org","@graph":[{"@type":"Article","@id":"https:\/\/www.metrica-global.com\/en\/metrica-lab-recibe-un-nuevo-grupo-de-estudiantes-en-practicas\/#article","isPartOf":{"@id":"https:\/\/www.metrica-global.com\/en\/metrica-lab-recibe-un-nuevo-grupo-de-estudiantes-en-practicas\/"},"author":{"name":"metrica","@id":"https:\/\/www.metrica-global.com\/#\/schema\/person\/2f4208bdc63892f387a04f4106dd0fcb"},"headline":"METRICA LAB recibe un nuevo grupo de estudiantes en pr\u00e1cticas","datePublished":"2025-09-26T11:42:12+00:00","mainEntityOfPage":{"@id":"https:\/\/www.metrica-global.com\/en\/metrica-lab-recibe-un-nuevo-grupo-de-estudiantes-en-practicas\/"},"wordCount":337,"commentCount":0,"publisher":{"@id":"https:\/\/www.metrica-global.com\/#organization"},"image":{"@id":"https:\/\/www.metrica-global.com\/en\/metrica-lab-recibe-un-nuevo-grupo-de-estudiantes-en-practicas\/#primaryimage"},"thumbnailUrl":"https:\/\/www.metrica-global.com\/wp-content\/uploads\/2025\/09\/BANNER-METRICA-LAB2.jpg","keywords":["Desarrollo Profesional","estudiantes en pr\u00e1cticas","Formaci\u00f3n IT","futuro profesional en tecnolog\u00eda","METRICA LAB","pr\u00e1cticas en empresas","Pr\u00e1cticas IT","primeros pasos en el sector IT","programa de pr\u00e1cticas en tecnolog\u00eda","Talento joven","tecnol\u00f3gicas","tecnol\u00f3gico"],"articleSection":["MetricaLab"],"inLanguage":"en","potentialAction":[{"@type":"CommentAction","name":"Comment","target":["https:\/\/www.metrica-global.com\/en\/metrica-lab-recibe-un-nuevo-grupo-de-estudiantes-en-practicas\/#respond"]}]},{"@type":"WebPage","@id":"https:\/\/www.metrica-global.com\/en\/metrica-lab-recibe-un-nuevo-grupo-de-estudiantes-en-practicas\/","url":"https:\/\/www.metrica-global.com\/en\/metrica-lab-recibe-un-nuevo-grupo-de-estudiantes-en-practicas\/","name":"METRICA LAB recibe un nuevo grupo de estudiantes en pr\u00e1cticas - METRICA","isPartOf":{"@id":"https:\/\/www.metrica-global.com\/#website"},"primaryImageOfPage":{"@id":"https:\/\/www.metrica-global.com\/en\/metrica-lab-recibe-un-nuevo-grupo-de-estudiantes-en-practicas\/#primaryimage"},"image":{"@id":"https:\/\/www.metrica-global.com\/en\/metrica-lab-recibe-un-nuevo-grupo-de-estudiantes-en-practicas\/#primaryimage"},"thumbnailUrl":"https:\/\/www.metrica-global.com\/wp-content\/uploads\/2025\/09\/BANNER-METRICA-LAB2.jpg","datePublished":"2025-09-26T11:42:12+00:00","breadcrumb":{"@id":"https:\/\/www.metrica-global.com\/en\/metrica-lab-recibe-un-nuevo-grupo-de-estudiantes-en-practicas\/#breadcrumb"},"inLanguage":"en","potentialAction":[{"@type":"ReadAction","target":["https:\/\/www.metrica-global.com\/en\/metrica-lab-recibe-un-nuevo-grupo-de-estudiantes-en-practicas\/"]}]},{"@type":"ImageObject","inLanguage":"en","@id":"https:\/\/www.metrica-global.com\/en\/metrica-lab-recibe-un-nuevo-grupo-de-estudiantes-en-practicas\/#primaryimage","url":"https:\/\/www.metrica-global.com\/wp-content\/uploads\/2025\/09\/BANNER-METRICA-LAB2.jpg","contentUrl":"https:\/\/www.metrica-global.com\/wp-content\/uploads\/2025\/09\/BANNER-METRICA-LAB2.jpg","width":2287,"height":1240,"caption":"BANNER NOTICIAS - BANNER METRICA LAB"},{"@type":"BreadcrumbList","@id":"https:\/\/www.metrica-global.com\/en\/metrica-lab-recibe-un-nuevo-grupo-de-estudiantes-en-practicas\/#breadcrumb","itemListElement":[{"@type":"ListItem","position":1,"name":"Portada","item":"https:\/\/www.metrica-global.com\/en\/"},{"@type":"ListItem","position":2,"name":"METRICA LAB recibe un nuevo grupo de estudiantes en pr\u00e1cticas"}]},{"@type":"WebSite","@id":"https:\/\/www.metrica-global.com\/#website","url":"https:\/\/www.metrica-global.com\/","name":"METRICA","description":"Servicios Globales IT","publisher":{"@id":"https:\/\/www.metrica-global.com\/#organization"},"potentialAction":[{"@type":"SearchAction","target":{"@type":"EntryPoint","urlTemplate":"https:\/\/www.metrica-global.com\/?s={search_term_string}"},"query-input":{"@type":"PropertyValueSpecification","valueRequired":true,"valueName":"search_term_string"}}],"inLanguage":"en"},{"@type":"Organization","@id":"https:\/\/www.metrica-global.com\/#organization","name":"METRICA","url":"https:\/\/www.metrica-global.com\/","logo":{"@type":"ImageObject","inLanguage":"en","@id":"https:\/\/www.metrica-global.com\/#\/schema\/logo\/image\/","url":"https:\/\/www.metrica-global.com\/wp-content\/uploads\/2023\/12\/logo-metrica.png","contentUrl":"https:\/\/www.metrica-global.com\/wp-content\/uploads\/2023\/12\/logo-metrica.png","width":332,"height":58,"caption":"METRICA"},"image":{"@id":"https:\/\/www.metrica-global.com\/#\/schema\/logo\/image\/"}},{"@type":"Person","@id":"https:\/\/www.metrica-global.com\/#\/schema\/person\/2f4208bdc63892f387a04f4106dd0fcb","name":"metrica","image":{"@type":"ImageObject","inLanguage":"en","@id":"https:\/\/www.metrica-global.com\/#\/schema\/person\/image\/","url":"https:\/\/secure.gravatar.com\/avatar\/735533d52394faf02a8736d8f477256b9fb421f39d81c48c55ea37c267061786?s=96&d=mm&r=g","contentUrl":"https:\/\/secure.gravatar.com\/avatar\/735533d52394faf02a8736d8f477256b9fb421f39d81c48c55ea37c267061786?s=96&d=mm&r=g","caption":"metrica"},"sameAs":["https:\/\/x.com\/desarrollo"],"url":"https:\/\/www.metrica-global.com\/en\/author\/metrica\/"}]}},"_links":{"self":[{"href":"https:\/\/www.metrica-global.com\/en\/wp-json\/wp\/v2\/posts\/13489","targetHints":{"allow":["GET"]}}],"collection":[{"href":"https:\/\/www.metrica-global.com\/en\/wp-json\/wp\/v2\/posts"}],"about":[{"href":"https:\/\/www.metrica-global.com\/en\/wp-json\/wp\/v2\/types\/post"}],"author":[{"embeddable":true,"href":"https:\/\/www.metrica-global.com\/en\/wp-json\/wp\/v2\/users\/2"}],"replies":[{"embeddable":true,"href":"https:\/\/www.metrica-global.com\/en\/wp-json\/wp\/v2\/comments?post=13489"}],"version-history":[{"count":0,"href":"https:\/\/www.metrica-global.com\/en\/wp-json\/wp\/v2\/posts\/13489\/revisions"}],"wp:featuredmedia":[{"embeddable":true,"href":"https:\/\/www.metrica-global.com\/en\/wp-json\/wp\/v2\/media\/13379"}],"wp:attachment":[{"href":"https:\/\/www.metrica-global.com\/en\/wp-json\/wp\/v2\/media?parent=13489"}],"wp:term":[{"taxonomy":"category","embeddable":true,"href":"https:\/\/www.metrica-global.com\/en\/wp-json\/wp\/v2\/categories?post=13489"},{"taxonomy":"post_tag","embeddable":true,"href":"https:\/\/www.metrica-global.com\/en\/wp-json\/wp\/v2\/tags?post=13489"}],"curies":[{"name":"wp","href":"https:\/\/api.w.org\/{rel}","templated":true}]}}