{"id":13607,"date":"2025-10-23T16:00:19","date_gmt":"2025-10-23T14:00:19","guid":{"rendered":"https:\/\/www.metrica-global.com\/?p=13607"},"modified":"2025-10-23T11:44:41","modified_gmt":"2025-10-23T09:44:41","slug":"metrica-participa-en-la-xiii-carrera-popular-corre-por-el-nino","status":"publish","type":"post","link":"https:\/\/www.metrica-global.com\/en\/metrica-participa-en-la-xiii-carrera-popular-corre-por-el-nino\/","title":{"rendered":"METRICA joins the 13th \u201cRun for the Child\u201d Charity Race"},"content":{"rendered":"<h3 class=\"mt-6 mb-2 font-semibold text-xl\" data-streamdown=\"heading-3\">A race with purpose: supporting pediatric research<\/h3>\n<p>Last Sunday, a group of professionals from\u00a0<span class=\"font-semibold\" data-streamdown=\"strong\">METRICA Madrid<\/span>\u00a0participated in the\u00a0<span class=\"font-semibold\" data-streamdown=\"strong\">13th \u201cRun for the Child\u201d Charity Race<\/span>, one of Madrid\u2019s most recognized solidarity events. Organized by the\u00a0<span class=\"font-semibold\" data-streamdown=\"strong\">Foundation for Biomedical Research of the Ni\u00f1o Jes\u00fas University Children\u2019s Hospital<\/span>\u00a0in collaboration with\u00a0<span class=\"font-semibold\" data-streamdown=\"strong\">A.D. MAPOMA<\/span>, the race brought together nearly\u00a0<span class=\"font-semibold\" data-streamdown=\"strong\">7,000 runners<\/span>\u00a0united by a common goal:\u00a0<span class=\"font-semibold\" data-streamdown=\"strong\">to promote pediatric research<\/span>\u00a0and encourage\u00a0<span class=\"font-semibold\" data-streamdown=\"strong\">healthy lifestyles<\/span>.<\/p>\n<p>The event featured three race options designed for all fitness levels:<\/p>\n<ul class=\"ml-4 list-outside list-disc whitespace-normal\" data-streamdown=\"unordered-list\">\n<li class=\"\"><span class=\"font-semibold\" data-streamdown=\"strong\">10 km<\/span><\/li>\n<li class=\"\"><span class=\"font-semibold\" data-streamdown=\"strong\">5 km<\/span><\/li>\n<li class=\"\"><span class=\"font-semibold\" data-streamdown=\"strong\">2 km family run<\/span><\/li>\n<\/ul>\n<p>All proceeds are donated to\u00a0<span class=\"font-semibold\" data-streamdown=\"strong\">pediatric research projects<\/span>\u00a0focused on improving the quality of life for children with serious illnesses. Since its inception, the initiative has raised\u00a0<span class=\"font-semibold\" data-streamdown=\"strong\">over one million euros<\/span>, consolidating its position as a key contributor to child health research.<\/p>\n<hr class=\"my-6 border-border\" data-streamdown=\"horizontal-rule\" \/>\n<h3 class=\"mt-6 mb-2 font-semibold text-xl\" data-streamdown=\"heading-3\">CARE MONTH: a commitment to health and well-being<\/h3>\n<p>METRICA\u2019s participation is part of its internal initiative,\u00a0<span class=\"font-semibold\" data-streamdown=\"strong\">CARE MONTH<\/span>, a month dedicated to strengthening the company\u2019s commitment to\u00a0<span class=\"font-semibold\" data-streamdown=\"strong\">health, well-being, and corporate social responsibility (CSR)<\/span>.<\/p>\n<p>Through these types of initiatives, METRICA fosters a\u00a0<span class=\"font-semibold\" data-streamdown=\"strong\">people-centered corporate culture<\/span>, viewing sports as a powerful tool for\u00a0<span class=\"font-semibold\" data-streamdown=\"strong\">well-being, team spirit, and shared purpose<\/span>.<\/p>\n<hr class=\"my-6 border-border\" data-streamdown=\"horizontal-rule\" \/>\n<h3 class=\"mt-6 mb-2 font-semibold text-xl\" data-streamdown=\"heading-3\">Inspiring values: closeness, humanity, and collaboration<\/h3>\n<p>At METRICA, we sincerely thank everyone who represented our company during the race. Their enthusiasm and involvement reflect our core values:<\/p>\n<ul class=\"ml-4 list-outside list-disc whitespace-normal\" data-streamdown=\"unordered-list\">\n<li class=\"\"><span class=\"font-semibold\" data-streamdown=\"strong\">Closeness<\/span>\u00a0to people and community.<\/li>\n<li class=\"\"><span class=\"font-semibold\" data-streamdown=\"strong\">Humanity<\/span>\u00a0in every action.<\/li>\n<li class=\"\"><span class=\"font-semibold\" data-streamdown=\"strong\">Flexibility<\/span>\u00a0to adapt and collaborate.<\/li>\n<li class=\"\"><span class=\"font-semibold\" data-streamdown=\"strong\">Proactivity<\/span>\u00a0to drive positive change.<\/li>\n<\/ul>\n<p>We also shared a\u00a0<span class=\"font-semibold\" data-streamdown=\"strong\">short video<\/span>\u00a0on our social media channels highlighting some of the best moments from this solidarity event\u2014a true reflection of the energy, unity, and commitment that define METRICA\u2019s spirit.<\/p>\n<hr class=\"my-6 border-border\" data-streamdown=\"horizontal-rule\" \/>\n<h3 class=\"mt-6 mb-2 font-semibold text-xl\" data-streamdown=\"heading-3\">Running together toward a healthier future<\/h3>\n<p>Events like\u00a0<em>Run for the Child<\/em>\u00a0are opportunities to\u00a0<span class=\"font-semibold\" data-streamdown=\"strong\">take meaningful steps toward a healthier, more compassionate future<\/span>, where companies play an active role in creating positive social impact. METRICA will continue to support initiatives that foster collective well-being, advance medical research, and promote sports as a driver of social transformation.<\/p>\n","protected":false},"excerpt":{"rendered":"<p>Discover how this solidarity initiative supports pediatric research and strengthens the company\u2019s core values.<\/p>\n","protected":false},"author":2,"featured_media":13600,"comment_status":"open","ping_status":"open","sticky":false,"template":"","format":"standard","meta":{"content-type":"","footnotes":""},"categories":[2790,2561],"tags":[3628,3434,3610,3631,3632,3625,3635,3612,3608,3629,3611,3437,3627,3615,3613,3609,2535,3634,3137,3630,3436,3633,3607,3614,3636,3626],"class_list":["post-13607","post","type-post","status-publish","format-standard","has-post-thumbnail","hentry","category-current-events-en","category-sustainability-en","tag-business-and-sports","tag-care-month-en","tag-carrera-popular-en","tag-charity-race","tag-corporate-culture","tag-corporate-social-responsibility","tag-corporate-volunteering","tag-corre-por-el-nino-en","tag-corresponsabilidad-social-en","tag-csr","tag-cultura-corporativa-en","tag-deporte-y-empresa-en","tag-employee-health","tag-evento-solidario-madrid-en","tag-hospital-nino-jesus-en","tag-investigacion-pediatrica-en","tag-metrica-2-en","tag-nino-jesus-hospital","tag-occupational-welfare","tag-pediatric-research","tag-responsabilidad-social-corporativa-en","tag-run-for-the-child","tag-salud-corporativa-en","tag-solidaridad-empresarial-en","tag-solidarity-event-madrid","tag-workplace-wellness"],"yoast_head":"<!-- This site is optimized with the Yoast SEO plugin v25.9 - https:\/\/yoast.com\/wordpress\/plugins\/seo\/ -->\n<title>METRICA joins the 13th \u201cRun for the Child\u201d Charity Race - METRICA<\/title>\n<meta name=\"robots\" content=\"index, follow, max-snippet:-1, max-image-preview:large, max-video-preview:-1\" \/>\n<link rel=\"canonical\" href=\"https:\/\/www.metrica-global.com\/metrica-participa-en-la-xiii-carrera-popular-corre-por-el-nino\/\" \/>\n<meta property=\"og:locale\" content=\"en_US\" \/>\n<meta property=\"og:type\" content=\"article\" \/>\n<meta property=\"og:title\" content=\"METRICA joins the 13th \u201cRun for the Child\u201d Charity Race - METRICA\" \/>\n<meta property=\"og:description\" content=\"Discover how this solidarity initiative supports pediatric research and strengthens the company\u2019s core values.\" \/>\n<meta property=\"og:url\" content=\"https:\/\/www.metrica-global.com\/metrica-participa-en-la-xiii-carrera-popular-corre-por-el-nino\/\" \/>\n<meta property=\"og:site_name\" content=\"METRICA\" \/>\n<meta property=\"article:published_time\" content=\"2025-10-23T14:00:19+00:00\" \/>\n<meta property=\"og:image\" content=\"https:\/\/www.metrica-global.com\/wp-content\/uploads\/2025\/10\/BANNER-NOTICIAS-1-2.jpg\" \/>\n\t<meta property=\"og:image:width\" content=\"2560\" \/>\n\t<meta property=\"og:image:height\" content=\"926\" \/>\n\t<meta property=\"og:image:type\" content=\"image\/jpeg\" \/>\n<meta name=\"author\" content=\"metrica\" \/>\n<meta name=\"twitter:card\" content=\"summary_large_image\" \/>\n<meta name=\"twitter:creator\" content=\"@desarrollo\" \/>\n<meta name=\"twitter:label1\" content=\"Written by\" \/>\n\t<meta name=\"twitter:data1\" content=\"metrica\" \/>\n\t<meta name=\"twitter:label2\" content=\"Est. reading time\" \/>\n\t<meta name=\"twitter:data2\" content=\"2 minutes\" \/>\n<script type=\"application\/ld+json\" class=\"yoast-schema-graph\">{\"@context\":\"https:\/\/schema.org\",\"@graph\":[{\"@type\":\"Article\",\"@id\":\"https:\/\/www.metrica-global.com\/metrica-participa-en-la-xiii-carrera-popular-corre-por-el-nino\/#article\",\"isPartOf\":{\"@id\":\"https:\/\/www.metrica-global.com\/metrica-participa-en-la-xiii-carrera-popular-corre-por-el-nino\/\"},\"author\":{\"name\":\"metrica\",\"@id\":\"https:\/\/www.metrica-global.com\/#\/schema\/person\/2f4208bdc63892f387a04f4106dd0fcb\"},\"headline\":\"METRICA joins the 13th \u201cRun for the Child\u201d Charity Race\",\"datePublished\":\"2025-10-23T14:00:19+00:00\",\"mainEntityOfPage\":{\"@id\":\"https:\/\/www.metrica-global.com\/metrica-participa-en-la-xiii-carrera-popular-corre-por-el-nino\/\"},\"wordCount\":342,\"commentCount\":0,\"publisher\":{\"@id\":\"https:\/\/www.metrica-global.com\/#organization\"},\"image\":{\"@id\":\"https:\/\/www.metrica-global.com\/metrica-participa-en-la-xiii-carrera-popular-corre-por-el-nino\/#primaryimage\"},\"thumbnailUrl\":\"https:\/\/www.metrica-global.com\/wp-content\/uploads\/2025\/10\/BANNER-NOTICIAS-1-2.jpg\",\"keywords\":[\"Business and Sports\",\"CARE Month\",\"Carrera Popular\",\"Charity Race\",\"Corporate Culture\",\"Corporate Social Responsibility\",\"Corporate Volunteering\",\"Corre por el Ni\u00f1o\",\"Corresponsabilidad Social\",\"CSR\",\"Cultura Corporativa\",\"deporte y empresa\",\"Employee Health\",\"Evento Solidario Madrid\",\"Hospital Ni\u00f1o Jes\u00fas\",\"Investigaci\u00f3n Pedi\u00e1trica\",\"METRICA\",\"Ni\u00f1o Jes\u00fas Hospital\",\"occupational welfare\",\"Pediatric Research\",\"responsabilidad social corporativa\",\"Run for the Child\",\"Salud Corporativa\",\"Solidaridad Empresarial\",\"Solidarity Event Madrid\",\"Workplace Wellness\"],\"articleSection\":[\"Current events\",\"Sustainability\"],\"inLanguage\":\"en\",\"potentialAction\":[{\"@type\":\"CommentAction\",\"name\":\"Comment\",\"target\":[\"https:\/\/www.metrica-global.com\/metrica-participa-en-la-xiii-carrera-popular-corre-por-el-nino\/#respond\"]}]},{\"@type\":\"WebPage\",\"@id\":\"https:\/\/www.metrica-global.com\/metrica-participa-en-la-xiii-carrera-popular-corre-por-el-nino\/\",\"url\":\"https:\/\/www.metrica-global.com\/metrica-participa-en-la-xiii-carrera-popular-corre-por-el-nino\/\",\"name\":\"METRICA joins the 13th \u201cRun for the Child\u201d Charity Race - METRICA\",\"isPartOf\":{\"@id\":\"https:\/\/www.metrica-global.com\/#website\"},\"primaryImageOfPage\":{\"@id\":\"https:\/\/www.metrica-global.com\/metrica-participa-en-la-xiii-carrera-popular-corre-por-el-nino\/#primaryimage\"},\"image\":{\"@id\":\"https:\/\/www.metrica-global.com\/metrica-participa-en-la-xiii-carrera-popular-corre-por-el-nino\/#primaryimage\"},\"thumbnailUrl\":\"https:\/\/www.metrica-global.com\/wp-content\/uploads\/2025\/10\/BANNER-NOTICIAS-1-2.jpg\",\"datePublished\":\"2025-10-23T14:00:19+00:00\",\"breadcrumb\":{\"@id\":\"https:\/\/www.metrica-global.com\/metrica-participa-en-la-xiii-carrera-popular-corre-por-el-nino\/#breadcrumb\"},\"inLanguage\":\"en\",\"potentialAction\":[{\"@type\":\"ReadAction\",\"target\":[\"https:\/\/www.metrica-global.com\/metrica-participa-en-la-xiii-carrera-popular-corre-por-el-nino\/\"]}]},{\"@type\":\"ImageObject\",\"inLanguage\":\"en\",\"@id\":\"https:\/\/www.metrica-global.com\/metrica-participa-en-la-xiii-carrera-popular-corre-por-el-nino\/#primaryimage\",\"url\":\"https:\/\/www.metrica-global.com\/wp-content\/uploads\/2025\/10\/BANNER-NOTICIAS-1-2.jpg\",\"contentUrl\":\"https:\/\/www.metrica-global.com\/wp-content\/uploads\/2025\/10\/BANNER-NOTICIAS-1-2.jpg\",\"width\":2560,\"height\":926,\"caption\":\"METRICA se une a la XIII Carrera Popular \u201cCorre por el Ni\u00f1o\u201d en el marco del CARE MONTH\"},{\"@type\":\"BreadcrumbList\",\"@id\":\"https:\/\/www.metrica-global.com\/metrica-participa-en-la-xiii-carrera-popular-corre-por-el-nino\/#breadcrumb\",\"itemListElement\":[{\"@type\":\"ListItem\",\"position\":1,\"name\":\"Portada\",\"item\":\"https:\/\/www.metrica-global.com\/en\/\"},{\"@type\":\"ListItem\",\"position\":2,\"name\":\"METRICA joins the 13th \u201cRun for the Child\u201d Charity Race\"}]},{\"@type\":\"WebSite\",\"@id\":\"https:\/\/www.metrica-global.com\/#website\",\"url\":\"https:\/\/www.metrica-global.com\/\",\"name\":\"METRICA\",\"description\":\"Servicios Globales IT\",\"publisher\":{\"@id\":\"https:\/\/www.metrica-global.com\/#organization\"},\"potentialAction\":[{\"@type\":\"SearchAction\",\"target\":{\"@type\":\"EntryPoint\",\"urlTemplate\":\"https:\/\/www.metrica-global.com\/?s={search_term_string}\"},\"query-input\":{\"@type\":\"PropertyValueSpecification\",\"valueRequired\":true,\"valueName\":\"search_term_string\"}}],\"inLanguage\":\"en\"},{\"@type\":\"Organization\",\"@id\":\"https:\/\/www.metrica-global.com\/#organization\",\"name\":\"METRICA\",\"url\":\"https:\/\/www.metrica-global.com\/\",\"logo\":{\"@type\":\"ImageObject\",\"inLanguage\":\"en\",\"@id\":\"https:\/\/www.metrica-global.com\/#\/schema\/logo\/image\/\",\"url\":\"https:\/\/www.metrica-global.com\/wp-content\/uploads\/2023\/12\/logo-metrica.png\",\"contentUrl\":\"https:\/\/www.metrica-global.com\/wp-content\/uploads\/2023\/12\/logo-metrica.png\",\"width\":332,\"height\":58,\"caption\":\"METRICA\"},\"image\":{\"@id\":\"https:\/\/www.metrica-global.com\/#\/schema\/logo\/image\/\"}},{\"@type\":\"Person\",\"@id\":\"https:\/\/www.metrica-global.com\/#\/schema\/person\/2f4208bdc63892f387a04f4106dd0fcb\",\"name\":\"metrica\",\"image\":{\"@type\":\"ImageObject\",\"inLanguage\":\"en\",\"@id\":\"https:\/\/www.metrica-global.com\/#\/schema\/person\/image\/\",\"url\":\"https:\/\/secure.gravatar.com\/avatar\/735533d52394faf02a8736d8f477256b9fb421f39d81c48c55ea37c267061786?s=96&d=mm&r=g\",\"contentUrl\":\"https:\/\/secure.gravatar.com\/avatar\/735533d52394faf02a8736d8f477256b9fb421f39d81c48c55ea37c267061786?s=96&d=mm&r=g\",\"caption\":\"metrica\"},\"sameAs\":[\"https:\/\/x.com\/desarrollo\"],\"url\":\"https:\/\/www.metrica-global.com\/en\/author\/metrica\/\"}]}<\/script>\n<!-- \/ Yoast SEO plugin. -->","yoast_head_json":{"title":"METRICA joins the 13th \u201cRun for the Child\u201d Charity Race - METRICA","robots":{"index":"index","follow":"follow","max-snippet":"max-snippet:-1","max-image-preview":"max-image-preview:large","max-video-preview":"max-video-preview:-1"},"canonical":"https:\/\/www.metrica-global.com\/metrica-participa-en-la-xiii-carrera-popular-corre-por-el-nino\/","og_locale":"en_US","og_type":"article","og_title":"METRICA joins the 13th \u201cRun for the Child\u201d Charity Race - METRICA","og_description":"Discover how this solidarity initiative supports pediatric research and strengthens the company\u2019s core values.","og_url":"https:\/\/www.metrica-global.com\/metrica-participa-en-la-xiii-carrera-popular-corre-por-el-nino\/","og_site_name":"METRICA","article_published_time":"2025-10-23T14:00:19+00:00","og_image":[{"width":2560,"height":926,"url":"https:\/\/www.metrica-global.com\/wp-content\/uploads\/2025\/10\/BANNER-NOTICIAS-1-2.jpg","type":"image\/jpeg"}],"author":"metrica","twitter_card":"summary_large_image","twitter_creator":"@desarrollo","twitter_misc":{"Written by":"metrica","Est. reading time":"2 minutes"},"schema":{"@context":"https:\/\/schema.org","@graph":[{"@type":"Article","@id":"https:\/\/www.metrica-global.com\/metrica-participa-en-la-xiii-carrera-popular-corre-por-el-nino\/#article","isPartOf":{"@id":"https:\/\/www.metrica-global.com\/metrica-participa-en-la-xiii-carrera-popular-corre-por-el-nino\/"},"author":{"name":"metrica","@id":"https:\/\/www.metrica-global.com\/#\/schema\/person\/2f4208bdc63892f387a04f4106dd0fcb"},"headline":"METRICA joins the 13th \u201cRun for the Child\u201d Charity Race","datePublished":"2025-10-23T14:00:19+00:00","mainEntityOfPage":{"@id":"https:\/\/www.metrica-global.com\/metrica-participa-en-la-xiii-carrera-popular-corre-por-el-nino\/"},"wordCount":342,"commentCount":0,"publisher":{"@id":"https:\/\/www.metrica-global.com\/#organization"},"image":{"@id":"https:\/\/www.metrica-global.com\/metrica-participa-en-la-xiii-carrera-popular-corre-por-el-nino\/#primaryimage"},"thumbnailUrl":"https:\/\/www.metrica-global.com\/wp-content\/uploads\/2025\/10\/BANNER-NOTICIAS-1-2.jpg","keywords":["Business and Sports","CARE Month","Carrera Popular","Charity Race","Corporate Culture","Corporate Social Responsibility","Corporate Volunteering","Corre por el Ni\u00f1o","Corresponsabilidad Social","CSR","Cultura Corporativa","deporte y empresa","Employee Health","Evento Solidario Madrid","Hospital Ni\u00f1o Jes\u00fas","Investigaci\u00f3n Pedi\u00e1trica","METRICA","Ni\u00f1o Jes\u00fas Hospital","occupational welfare","Pediatric Research","responsabilidad social corporativa","Run for the Child","Salud Corporativa","Solidaridad Empresarial","Solidarity Event Madrid","Workplace Wellness"],"articleSection":["Current events","Sustainability"],"inLanguage":"en","potentialAction":[{"@type":"CommentAction","name":"Comment","target":["https:\/\/www.metrica-global.com\/metrica-participa-en-la-xiii-carrera-popular-corre-por-el-nino\/#respond"]}]},{"@type":"WebPage","@id":"https:\/\/www.metrica-global.com\/metrica-participa-en-la-xiii-carrera-popular-corre-por-el-nino\/","url":"https:\/\/www.metrica-global.com\/metrica-participa-en-la-xiii-carrera-popular-corre-por-el-nino\/","name":"METRICA joins the 13th \u201cRun for the Child\u201d Charity Race - METRICA","isPartOf":{"@id":"https:\/\/www.metrica-global.com\/#website"},"primaryImageOfPage":{"@id":"https:\/\/www.metrica-global.com\/metrica-participa-en-la-xiii-carrera-popular-corre-por-el-nino\/#primaryimage"},"image":{"@id":"https:\/\/www.metrica-global.com\/metrica-participa-en-la-xiii-carrera-popular-corre-por-el-nino\/#primaryimage"},"thumbnailUrl":"https:\/\/www.metrica-global.com\/wp-content\/uploads\/2025\/10\/BANNER-NOTICIAS-1-2.jpg","datePublished":"2025-10-23T14:00:19+00:00","breadcrumb":{"@id":"https:\/\/www.metrica-global.com\/metrica-participa-en-la-xiii-carrera-popular-corre-por-el-nino\/#breadcrumb"},"inLanguage":"en","potentialAction":[{"@type":"ReadAction","target":["https:\/\/www.metrica-global.com\/metrica-participa-en-la-xiii-carrera-popular-corre-por-el-nino\/"]}]},{"@type":"ImageObject","inLanguage":"en","@id":"https:\/\/www.metrica-global.com\/metrica-participa-en-la-xiii-carrera-popular-corre-por-el-nino\/#primaryimage","url":"https:\/\/www.metrica-global.com\/wp-content\/uploads\/2025\/10\/BANNER-NOTICIAS-1-2.jpg","contentUrl":"https:\/\/www.metrica-global.com\/wp-content\/uploads\/2025\/10\/BANNER-NOTICIAS-1-2.jpg","width":2560,"height":926,"caption":"METRICA se une a la XIII Carrera Popular \u201cCorre por el Ni\u00f1o\u201d en el marco del CARE MONTH"},{"@type":"BreadcrumbList","@id":"https:\/\/www.metrica-global.com\/metrica-participa-en-la-xiii-carrera-popular-corre-por-el-nino\/#breadcrumb","itemListElement":[{"@type":"ListItem","position":1,"name":"Portada","item":"https:\/\/www.metrica-global.com\/en\/"},{"@type":"ListItem","position":2,"name":"METRICA joins the 13th \u201cRun for the Child\u201d Charity Race"}]},{"@type":"WebSite","@id":"https:\/\/www.metrica-global.com\/#website","url":"https:\/\/www.metrica-global.com\/","name":"METRICA","description":"Servicios Globales IT","publisher":{"@id":"https:\/\/www.metrica-global.com\/#organization"},"potentialAction":[{"@type":"SearchAction","target":{"@type":"EntryPoint","urlTemplate":"https:\/\/www.metrica-global.com\/?s={search_term_string}"},"query-input":{"@type":"PropertyValueSpecification","valueRequired":true,"valueName":"search_term_string"}}],"inLanguage":"en"},{"@type":"Organization","@id":"https:\/\/www.metrica-global.com\/#organization","name":"METRICA","url":"https:\/\/www.metrica-global.com\/","logo":{"@type":"ImageObject","inLanguage":"en","@id":"https:\/\/www.metrica-global.com\/#\/schema\/logo\/image\/","url":"https:\/\/www.metrica-global.com\/wp-content\/uploads\/2023\/12\/logo-metrica.png","contentUrl":"https:\/\/www.metrica-global.com\/wp-content\/uploads\/2023\/12\/logo-metrica.png","width":332,"height":58,"caption":"METRICA"},"image":{"@id":"https:\/\/www.metrica-global.com\/#\/schema\/logo\/image\/"}},{"@type":"Person","@id":"https:\/\/www.metrica-global.com\/#\/schema\/person\/2f4208bdc63892f387a04f4106dd0fcb","name":"metrica","image":{"@type":"ImageObject","inLanguage":"en","@id":"https:\/\/www.metrica-global.com\/#\/schema\/person\/image\/","url":"https:\/\/secure.gravatar.com\/avatar\/735533d52394faf02a8736d8f477256b9fb421f39d81c48c55ea37c267061786?s=96&d=mm&r=g","contentUrl":"https:\/\/secure.gravatar.com\/avatar\/735533d52394faf02a8736d8f477256b9fb421f39d81c48c55ea37c267061786?s=96&d=mm&r=g","caption":"metrica"},"sameAs":["https:\/\/x.com\/desarrollo"],"url":"https:\/\/www.metrica-global.com\/en\/author\/metrica\/"}]}},"_links":{"self":[{"href":"https:\/\/www.metrica-global.com\/en\/wp-json\/wp\/v2\/posts\/13607","targetHints":{"allow":["GET"]}}],"collection":[{"href":"https:\/\/www.metrica-global.com\/en\/wp-json\/wp\/v2\/posts"}],"about":[{"href":"https:\/\/www.metrica-global.com\/en\/wp-json\/wp\/v2\/types\/post"}],"author":[{"embeddable":true,"href":"https:\/\/www.metrica-global.com\/en\/wp-json\/wp\/v2\/users\/2"}],"replies":[{"embeddable":true,"href":"https:\/\/www.metrica-global.com\/en\/wp-json\/wp\/v2\/comments?post=13607"}],"version-history":[{"count":2,"href":"https:\/\/www.metrica-global.com\/en\/wp-json\/wp\/v2\/posts\/13607\/revisions"}],"predecessor-version":[{"id":13610,"href":"https:\/\/www.metrica-global.com\/en\/wp-json\/wp\/v2\/posts\/13607\/revisions\/13610"}],"wp:featuredmedia":[{"embeddable":true,"href":"https:\/\/www.metrica-global.com\/en\/wp-json\/wp\/v2\/media\/13600"}],"wp:attachment":[{"href":"https:\/\/www.metrica-global.com\/en\/wp-json\/wp\/v2\/media?parent=13607"}],"wp:term":[{"taxonomy":"category","embeddable":true,"href":"https:\/\/www.metrica-global.com\/en\/wp-json\/wp\/v2\/categories?post=13607"},{"taxonomy":"post_tag","embeddable":true,"href":"https:\/\/www.metrica-global.com\/en\/wp-json\/wp\/v2\/tags?post=13607"}],"curies":[{"name":"wp","href":"https:\/\/api.w.org\/{rel}","templated":true}]}}