{"id":13659,"date":"2025-10-27T16:50:31","date_gmt":"2025-10-27T15:50:31","guid":{"rendered":"https:\/\/www.metrica-global.com\/certificacion-oficial-por-la-medicion-de-nuestra-huella-de-carbono-2024\/"},"modified":"2025-10-27T17:09:00","modified_gmt":"2025-10-27T16:09:00","slug":"certificacion-oficial-por-la-medicion-de-nuestra-huella-de-carbono-2024","status":"publish","type":"post","link":"https:\/\/www.metrica-global.com\/en\/certificacion-oficial-por-la-medicion-de-nuestra-huella-de-carbono-2024\/","title":{"rendered":"Official Certification for Our 2024 Carbon Footprint Measurement"},"content":{"rendered":"<p>At METRICA, we continue to take firm steps toward sustainable business management. After announcing just a few weeks ago the start of our\u00a0<span class=\"font-semibold\" data-streamdown=\"strong\">2024 Carbon Footprint measurement<\/span>, we are pleased to confirm that we have officially obtained certification from\u00a0<span class=\"font-semibold\" data-streamdown=\"strong\">Applus<\/span>, an internationally recognized organization that verified our measurement process under the\u00a0<span class=\"font-semibold\" data-streamdown=\"strong\">GHG Protocol<\/span>\u00a0(Greenhouse Gas Protocol).<\/p>\n<p>This certification ensures that our CO\u2082 emissions measurement is carried out according to rigorous, audit-ready, and globally accepted standards, reflecting our ongoing commitment to transparency and climate responsibility.<\/p>\n<hr class=\"my-6 border-border\" data-streamdown=\"horizontal-rule\" \/>\n<h3 class=\"mt-6 mb-2 font-semibold text-xl\" data-streamdown=\"heading-3\">Why is Carbon Footprint Certification important?<\/h3>\n<p>Obtaining an official Carbon Footprint certification is a key milestone for organizations committed to sustainability, as it enables them to:<\/p>\n<ol class=\"ml-4 list-outside list-decimal whitespace-normal\" data-streamdown=\"ordered-list\">\n<li class=\"\"><span class=\"font-semibold\" data-streamdown=\"strong\">Accurately identify emissions<\/span>\u00a0generated by their operations and business activities.<\/li>\n<li class=\"\"><span class=\"font-semibold\" data-streamdown=\"strong\">Evaluate progress<\/span>\u00a0toward established emission reduction goals.<\/li>\n<li class=\"\"><span class=\"font-semibold\" data-streamdown=\"strong\">Detect opportunities for continuous improvement<\/span>\u00a0in energy efficiency, mobility, and resource management.<\/li>\n<li class=\"\"><span class=\"font-semibold\" data-streamdown=\"strong\">Provide verifiable evidence<\/span>\u00a0to support sustainability efforts with stakeholders, clients, and the broader community.<\/li>\n<\/ol>\n<p>At METRICA, this process is part of our roadmap toward 2030, where our main goal is to progressively reduce our environmental footprint and strengthen the sustainable management of our business.<\/p>\n<hr class=\"my-6 border-border\" data-streamdown=\"horizontal-rule\" \/>\n<h3 class=\"mt-6 mb-2 font-semibold text-xl\" data-streamdown=\"heading-3\">The Metrica Change: our commitment in action<\/h3>\n<p>The Applus certification adds to our range of sustainability, governance, and ethics accreditations \u2014 all of which can be found in the\u00a0<span class=\"font-semibold\" data-streamdown=\"strong\"><a class=\"text-brand-primary hover:text-primary-hover transition-colors duration-200\" href=\"https:\/\/nexo.metricacloud.com\/#\" target=\"_blank\" rel=\"noopener noreferrer\">The Metrica Change<\/a><\/span>\u00a0section on our website.<\/p>\n<p><span class=\"font-semibold\" data-streamdown=\"strong\">The Metrica Change<\/span>\u00a0represents METRICA\u2019s philosophy of conscious, measurable transformation \u2014 one based on data, transparency, and consistency between what we say and what we do.<\/p>\n<p>Through this initiative, we share our progress in environmental, social, and governance (ESG) matters \u2014 fundamental pillars of our corporate strategy.<\/p>\n<hr class=\"my-6 border-border\" data-streamdown=\"horizontal-rule\" \/>\n<h3 class=\"mt-6 mb-2 font-semibold text-xl\" data-streamdown=\"heading-3\">A recognition that reflects collective effort<\/h3>\n<p>Earning this certification is the result of the collective effort of everyone at METRICA. Thanks to the daily commitment of our employees, we can proudly say that we are moving steadily toward becoming a company with a lower environmental impact and a stronger social contribution.<\/p>\n<p>We will continue working to improve and expand our sustainability actions, measuring our progress and communicating it transparently.<\/p>\n<p><span class=\"font-semibold\" data-streamdown=\"strong\">At METRICA, measuring, reducing, and improving are the keys to building a more responsible future.<\/span><\/p>\n","protected":false},"excerpt":{"rendered":"<p>METRICA has officially obtained the certification of its 2024 Carbon Footprint measurement, granted by Applus under the international GHG Protocol standard.<\/p>\n","protected":false},"author":2,"featured_media":13652,"comment_status":"open","ping_status":"open","sticky":false,"template":"","format":"standard","meta":{"content-type":"","footnotes":""},"categories":[2790,2670,2561],"tags":[3709,3708,3716,3701,3711,3707,3710,3719,3718,2618,3720,3715,3714,3712,2627,2619,2599,2635,3705,3713,3702,2668,3706,2594,3703,3717,2637,3704],"class_list":["post-13659","post","type-post","status-publish","format-standard","has-post-thumbnail","hentry","category-current-events-en","category-quality-en","category-sustainability-en","tag-applus-certification","tag-carbon-footprint","tag-carbon-footprint-verification","tag-certificacion-applus-en","tag-co2-emission-reduction","tag-compromiso-medioambiental-en","tag-corporate-sustainability","tag-corporate-sustainability-strategy","tag-emission-measurement","tag-empresa-sostenible-en","tag-environmental-commitment","tag-environmental-impact","tag-environmental-management","tag-environmental-responsibility","tag-gestion-ambiental-en","tag-ghg-protocol-en","tag-huella-de-carbono-en","tag-impacto-ambiental-en","tag-medicion-de-emisiones-en","tag-metrica-sustainability","tag-reduccion-de-emisiones-co2-en","tag-responsabilidad-ambiental-en","tag-sostenibilidad-corporativa-en","tag-sostenibilidad-empresarial-en","tag-sostenibilidad-metrica-en","tag-sustainable-business","tag-the-metrica-change-en","tag-verificacion-huella-de-carbono-en"],"yoast_head":"<!-- This site is optimized with the Yoast SEO plugin v25.9 - https:\/\/yoast.com\/wordpress\/plugins\/seo\/ -->\n<title>Official Certification for Our 2024 Carbon Footprint Measurement - METRICA<\/title>\n<meta name=\"robots\" content=\"index, follow, max-snippet:-1, max-image-preview:large, max-video-preview:-1\" \/>\n<link rel=\"canonical\" href=\"https:\/\/www.metrica-global.com\/en\/certificacion-oficial-por-la-medicion-de-nuestra-huella-de-carbono-2024\/\" \/>\n<meta property=\"og:locale\" content=\"en_US\" \/>\n<meta property=\"og:type\" content=\"article\" \/>\n<meta property=\"og:title\" content=\"Official Certification for Our 2024 Carbon Footprint Measurement - METRICA\" \/>\n<meta property=\"og:description\" content=\"METRICA has officially obtained the certification of its 2024 Carbon Footprint measurement, granted by Applus under the international GHG Protocol standard.\" \/>\n<meta property=\"og:url\" content=\"https:\/\/www.metrica-global.com\/en\/certificacion-oficial-por-la-medicion-de-nuestra-huella-de-carbono-2024\/\" \/>\n<meta property=\"og:site_name\" content=\"METRICA\" \/>\n<meta property=\"article:published_time\" content=\"2025-10-27T15:50:31+00:00\" \/>\n<meta property=\"article:modified_time\" content=\"2025-10-27T16:09:00+00:00\" \/>\n<meta property=\"og:image\" content=\"https:\/\/www.metrica-global.com\/wp-content\/uploads\/2025\/10\/banner-huella.jpg\" \/>\n\t<meta property=\"og:image:width\" content=\"2560\" \/>\n\t<meta property=\"og:image:height\" content=\"1021\" \/>\n\t<meta property=\"og:image:type\" content=\"image\/jpeg\" \/>\n<meta name=\"author\" content=\"metrica\" \/>\n<meta name=\"twitter:card\" content=\"summary_large_image\" \/>\n<meta name=\"twitter:creator\" content=\"@desarrollo\" \/>\n<meta name=\"twitter:label1\" content=\"Written by\" \/>\n\t<meta name=\"twitter:data1\" content=\"metrica\" \/>\n\t<meta name=\"twitter:label2\" content=\"Est. reading time\" \/>\n\t<meta name=\"twitter:data2\" content=\"2 minutes\" \/>\n<script type=\"application\/ld+json\" class=\"yoast-schema-graph\">{\"@context\":\"https:\/\/schema.org\",\"@graph\":[{\"@type\":\"Article\",\"@id\":\"https:\/\/www.metrica-global.com\/en\/certificacion-oficial-por-la-medicion-de-nuestra-huella-de-carbono-2024\/#article\",\"isPartOf\":{\"@id\":\"https:\/\/www.metrica-global.com\/en\/certificacion-oficial-por-la-medicion-de-nuestra-huella-de-carbono-2024\/\"},\"author\":{\"name\":\"metrica\",\"@id\":\"https:\/\/www.metrica-global.com\/#\/schema\/person\/2f4208bdc63892f387a04f4106dd0fcb\"},\"headline\":\"Official Certification for Our 2024 Carbon Footprint Measurement\",\"datePublished\":\"2025-10-27T15:50:31+00:00\",\"dateModified\":\"2025-10-27T16:09:00+00:00\",\"mainEntityOfPage\":{\"@id\":\"https:\/\/www.metrica-global.com\/en\/certificacion-oficial-por-la-medicion-de-nuestra-huella-de-carbono-2024\/\"},\"wordCount\":353,\"commentCount\":0,\"publisher\":{\"@id\":\"https:\/\/www.metrica-global.com\/#organization\"},\"image\":{\"@id\":\"https:\/\/www.metrica-global.com\/en\/certificacion-oficial-por-la-medicion-de-nuestra-huella-de-carbono-2024\/#primaryimage\"},\"thumbnailUrl\":\"https:\/\/www.metrica-global.com\/wp-content\/uploads\/2025\/10\/banner-huella.jpg\",\"keywords\":[\"Applus certification\",\"carbon footprint\",\"carbon footprint verification\",\"certificaci\u00f3n Applus\",\"CO2 emission reduction\",\"compromiso medioambiental\",\"corporate sustainability\",\"corporate sustainability strategy\",\"emission measurement\",\"Empresa sostenible\",\"environmental commitment\",\"environmental impact\",\"environmental management\",\"environmental responsibility\",\"Gesti\u00f3n ambiental\",\"GHG Protocol\",\"Huella de Carbono\",\"Impacto ambiental\",\"medici\u00f3n de emisiones\",\"METRICA sustainability\",\"reducci\u00f3n de emisiones CO2\",\"Responsabilidad Ambiental\",\"sostenibilidad corporativa\",\"Sostenibilidad empresarial\",\"sostenibilidad METRICA\",\"sustainable business\",\"The Metrica Change\",\"verificaci\u00f3n huella de carbono\"],\"articleSection\":[\"Current events\",\"Quality\",\"Sustainability\"],\"inLanguage\":\"en\",\"potentialAction\":[{\"@type\":\"CommentAction\",\"name\":\"Comment\",\"target\":[\"https:\/\/www.metrica-global.com\/en\/certificacion-oficial-por-la-medicion-de-nuestra-huella-de-carbono-2024\/#respond\"]}]},{\"@type\":\"WebPage\",\"@id\":\"https:\/\/www.metrica-global.com\/en\/certificacion-oficial-por-la-medicion-de-nuestra-huella-de-carbono-2024\/\",\"url\":\"https:\/\/www.metrica-global.com\/en\/certificacion-oficial-por-la-medicion-de-nuestra-huella-de-carbono-2024\/\",\"name\":\"Official Certification for Our 2024 Carbon Footprint Measurement - METRICA\",\"isPartOf\":{\"@id\":\"https:\/\/www.metrica-global.com\/#website\"},\"primaryImageOfPage\":{\"@id\":\"https:\/\/www.metrica-global.com\/en\/certificacion-oficial-por-la-medicion-de-nuestra-huella-de-carbono-2024\/#primaryimage\"},\"image\":{\"@id\":\"https:\/\/www.metrica-global.com\/en\/certificacion-oficial-por-la-medicion-de-nuestra-huella-de-carbono-2024\/#primaryimage\"},\"thumbnailUrl\":\"https:\/\/www.metrica-global.com\/wp-content\/uploads\/2025\/10\/banner-huella.jpg\",\"datePublished\":\"2025-10-27T15:50:31+00:00\",\"dateModified\":\"2025-10-27T16:09:00+00:00\",\"breadcrumb\":{\"@id\":\"https:\/\/www.metrica-global.com\/en\/certificacion-oficial-por-la-medicion-de-nuestra-huella-de-carbono-2024\/#breadcrumb\"},\"inLanguage\":\"en\",\"potentialAction\":[{\"@type\":\"ReadAction\",\"target\":[\"https:\/\/www.metrica-global.com\/en\/certificacion-oficial-por-la-medicion-de-nuestra-huella-de-carbono-2024\/\"]}]},{\"@type\":\"ImageObject\",\"inLanguage\":\"en\",\"@id\":\"https:\/\/www.metrica-global.com\/en\/certificacion-oficial-por-la-medicion-de-nuestra-huella-de-carbono-2024\/#primaryimage\",\"url\":\"https:\/\/www.metrica-global.com\/wp-content\/uploads\/2025\/10\/banner-huella.jpg\",\"contentUrl\":\"https:\/\/www.metrica-global.com\/wp-content\/uploads\/2025\/10\/banner-huella.jpg\",\"width\":2560,\"height\":1021,\"caption\":\"APPLUS HUELLA CARBONO\"},{\"@type\":\"BreadcrumbList\",\"@id\":\"https:\/\/www.metrica-global.com\/en\/certificacion-oficial-por-la-medicion-de-nuestra-huella-de-carbono-2024\/#breadcrumb\",\"itemListElement\":[{\"@type\":\"ListItem\",\"position\":1,\"name\":\"Portada\",\"item\":\"https:\/\/www.metrica-global.com\/en\/\"},{\"@type\":\"ListItem\",\"position\":2,\"name\":\"Official Certification for Our 2024 Carbon Footprint Measurement\"}]},{\"@type\":\"WebSite\",\"@id\":\"https:\/\/www.metrica-global.com\/#website\",\"url\":\"https:\/\/www.metrica-global.com\/\",\"name\":\"METRICA\",\"description\":\"Servicios Globales IT\",\"publisher\":{\"@id\":\"https:\/\/www.metrica-global.com\/#organization\"},\"potentialAction\":[{\"@type\":\"SearchAction\",\"target\":{\"@type\":\"EntryPoint\",\"urlTemplate\":\"https:\/\/www.metrica-global.com\/?s={search_term_string}\"},\"query-input\":{\"@type\":\"PropertyValueSpecification\",\"valueRequired\":true,\"valueName\":\"search_term_string\"}}],\"inLanguage\":\"en\"},{\"@type\":\"Organization\",\"@id\":\"https:\/\/www.metrica-global.com\/#organization\",\"name\":\"METRICA\",\"url\":\"https:\/\/www.metrica-global.com\/\",\"logo\":{\"@type\":\"ImageObject\",\"inLanguage\":\"en\",\"@id\":\"https:\/\/www.metrica-global.com\/#\/schema\/logo\/image\/\",\"url\":\"https:\/\/www.metrica-global.com\/wp-content\/uploads\/2023\/12\/logo-metrica.png\",\"contentUrl\":\"https:\/\/www.metrica-global.com\/wp-content\/uploads\/2023\/12\/logo-metrica.png\",\"width\":332,\"height\":58,\"caption\":\"METRICA\"},\"image\":{\"@id\":\"https:\/\/www.metrica-global.com\/#\/schema\/logo\/image\/\"}},{\"@type\":\"Person\",\"@id\":\"https:\/\/www.metrica-global.com\/#\/schema\/person\/2f4208bdc63892f387a04f4106dd0fcb\",\"name\":\"metrica\",\"image\":{\"@type\":\"ImageObject\",\"inLanguage\":\"en\",\"@id\":\"https:\/\/www.metrica-global.com\/#\/schema\/person\/image\/\",\"url\":\"https:\/\/secure.gravatar.com\/avatar\/735533d52394faf02a8736d8f477256b9fb421f39d81c48c55ea37c267061786?s=96&d=mm&r=g\",\"contentUrl\":\"https:\/\/secure.gravatar.com\/avatar\/735533d52394faf02a8736d8f477256b9fb421f39d81c48c55ea37c267061786?s=96&d=mm&r=g\",\"caption\":\"metrica\"},\"sameAs\":[\"https:\/\/x.com\/desarrollo\"],\"url\":\"https:\/\/www.metrica-global.com\/en\/author\/metrica\/\"}]}<\/script>\n<!-- \/ Yoast SEO plugin. -->","yoast_head_json":{"title":"Official Certification for Our 2024 Carbon Footprint Measurement - METRICA","robots":{"index":"index","follow":"follow","max-snippet":"max-snippet:-1","max-image-preview":"max-image-preview:large","max-video-preview":"max-video-preview:-1"},"canonical":"https:\/\/www.metrica-global.com\/en\/certificacion-oficial-por-la-medicion-de-nuestra-huella-de-carbono-2024\/","og_locale":"en_US","og_type":"article","og_title":"Official Certification for Our 2024 Carbon Footprint Measurement - METRICA","og_description":"METRICA has officially obtained the certification of its 2024 Carbon Footprint measurement, granted by Applus under the international GHG Protocol standard.","og_url":"https:\/\/www.metrica-global.com\/en\/certificacion-oficial-por-la-medicion-de-nuestra-huella-de-carbono-2024\/","og_site_name":"METRICA","article_published_time":"2025-10-27T15:50:31+00:00","article_modified_time":"2025-10-27T16:09:00+00:00","og_image":[{"width":2560,"height":1021,"url":"https:\/\/www.metrica-global.com\/wp-content\/uploads\/2025\/10\/banner-huella.jpg","type":"image\/jpeg"}],"author":"metrica","twitter_card":"summary_large_image","twitter_creator":"@desarrollo","twitter_misc":{"Written by":"metrica","Est. reading time":"2 minutes"},"schema":{"@context":"https:\/\/schema.org","@graph":[{"@type":"Article","@id":"https:\/\/www.metrica-global.com\/en\/certificacion-oficial-por-la-medicion-de-nuestra-huella-de-carbono-2024\/#article","isPartOf":{"@id":"https:\/\/www.metrica-global.com\/en\/certificacion-oficial-por-la-medicion-de-nuestra-huella-de-carbono-2024\/"},"author":{"name":"metrica","@id":"https:\/\/www.metrica-global.com\/#\/schema\/person\/2f4208bdc63892f387a04f4106dd0fcb"},"headline":"Official Certification for Our 2024 Carbon Footprint Measurement","datePublished":"2025-10-27T15:50:31+00:00","dateModified":"2025-10-27T16:09:00+00:00","mainEntityOfPage":{"@id":"https:\/\/www.metrica-global.com\/en\/certificacion-oficial-por-la-medicion-de-nuestra-huella-de-carbono-2024\/"},"wordCount":353,"commentCount":0,"publisher":{"@id":"https:\/\/www.metrica-global.com\/#organization"},"image":{"@id":"https:\/\/www.metrica-global.com\/en\/certificacion-oficial-por-la-medicion-de-nuestra-huella-de-carbono-2024\/#primaryimage"},"thumbnailUrl":"https:\/\/www.metrica-global.com\/wp-content\/uploads\/2025\/10\/banner-huella.jpg","keywords":["Applus certification","carbon footprint","carbon footprint verification","certificaci\u00f3n Applus","CO2 emission reduction","compromiso medioambiental","corporate sustainability","corporate sustainability strategy","emission measurement","Empresa sostenible","environmental commitment","environmental impact","environmental management","environmental responsibility","Gesti\u00f3n ambiental","GHG Protocol","Huella de Carbono","Impacto ambiental","medici\u00f3n de emisiones","METRICA sustainability","reducci\u00f3n de emisiones CO2","Responsabilidad Ambiental","sostenibilidad corporativa","Sostenibilidad empresarial","sostenibilidad METRICA","sustainable business","The Metrica Change","verificaci\u00f3n huella de carbono"],"articleSection":["Current events","Quality","Sustainability"],"inLanguage":"en","potentialAction":[{"@type":"CommentAction","name":"Comment","target":["https:\/\/www.metrica-global.com\/en\/certificacion-oficial-por-la-medicion-de-nuestra-huella-de-carbono-2024\/#respond"]}]},{"@type":"WebPage","@id":"https:\/\/www.metrica-global.com\/en\/certificacion-oficial-por-la-medicion-de-nuestra-huella-de-carbono-2024\/","url":"https:\/\/www.metrica-global.com\/en\/certificacion-oficial-por-la-medicion-de-nuestra-huella-de-carbono-2024\/","name":"Official Certification for Our 2024 Carbon Footprint Measurement - METRICA","isPartOf":{"@id":"https:\/\/www.metrica-global.com\/#website"},"primaryImageOfPage":{"@id":"https:\/\/www.metrica-global.com\/en\/certificacion-oficial-por-la-medicion-de-nuestra-huella-de-carbono-2024\/#primaryimage"},"image":{"@id":"https:\/\/www.metrica-global.com\/en\/certificacion-oficial-por-la-medicion-de-nuestra-huella-de-carbono-2024\/#primaryimage"},"thumbnailUrl":"https:\/\/www.metrica-global.com\/wp-content\/uploads\/2025\/10\/banner-huella.jpg","datePublished":"2025-10-27T15:50:31+00:00","dateModified":"2025-10-27T16:09:00+00:00","breadcrumb":{"@id":"https:\/\/www.metrica-global.com\/en\/certificacion-oficial-por-la-medicion-de-nuestra-huella-de-carbono-2024\/#breadcrumb"},"inLanguage":"en","potentialAction":[{"@type":"ReadAction","target":["https:\/\/www.metrica-global.com\/en\/certificacion-oficial-por-la-medicion-de-nuestra-huella-de-carbono-2024\/"]}]},{"@type":"ImageObject","inLanguage":"en","@id":"https:\/\/www.metrica-global.com\/en\/certificacion-oficial-por-la-medicion-de-nuestra-huella-de-carbono-2024\/#primaryimage","url":"https:\/\/www.metrica-global.com\/wp-content\/uploads\/2025\/10\/banner-huella.jpg","contentUrl":"https:\/\/www.metrica-global.com\/wp-content\/uploads\/2025\/10\/banner-huella.jpg","width":2560,"height":1021,"caption":"APPLUS HUELLA CARBONO"},{"@type":"BreadcrumbList","@id":"https:\/\/www.metrica-global.com\/en\/certificacion-oficial-por-la-medicion-de-nuestra-huella-de-carbono-2024\/#breadcrumb","itemListElement":[{"@type":"ListItem","position":1,"name":"Portada","item":"https:\/\/www.metrica-global.com\/en\/"},{"@type":"ListItem","position":2,"name":"Official Certification for Our 2024 Carbon Footprint Measurement"}]},{"@type":"WebSite","@id":"https:\/\/www.metrica-global.com\/#website","url":"https:\/\/www.metrica-global.com\/","name":"METRICA","description":"Servicios Globales IT","publisher":{"@id":"https:\/\/www.metrica-global.com\/#organization"},"potentialAction":[{"@type":"SearchAction","target":{"@type":"EntryPoint","urlTemplate":"https:\/\/www.metrica-global.com\/?s={search_term_string}"},"query-input":{"@type":"PropertyValueSpecification","valueRequired":true,"valueName":"search_term_string"}}],"inLanguage":"en"},{"@type":"Organization","@id":"https:\/\/www.metrica-global.com\/#organization","name":"METRICA","url":"https:\/\/www.metrica-global.com\/","logo":{"@type":"ImageObject","inLanguage":"en","@id":"https:\/\/www.metrica-global.com\/#\/schema\/logo\/image\/","url":"https:\/\/www.metrica-global.com\/wp-content\/uploads\/2023\/12\/logo-metrica.png","contentUrl":"https:\/\/www.metrica-global.com\/wp-content\/uploads\/2023\/12\/logo-metrica.png","width":332,"height":58,"caption":"METRICA"},"image":{"@id":"https:\/\/www.metrica-global.com\/#\/schema\/logo\/image\/"}},{"@type":"Person","@id":"https:\/\/www.metrica-global.com\/#\/schema\/person\/2f4208bdc63892f387a04f4106dd0fcb","name":"metrica","image":{"@type":"ImageObject","inLanguage":"en","@id":"https:\/\/www.metrica-global.com\/#\/schema\/person\/image\/","url":"https:\/\/secure.gravatar.com\/avatar\/735533d52394faf02a8736d8f477256b9fb421f39d81c48c55ea37c267061786?s=96&d=mm&r=g","contentUrl":"https:\/\/secure.gravatar.com\/avatar\/735533d52394faf02a8736d8f477256b9fb421f39d81c48c55ea37c267061786?s=96&d=mm&r=g","caption":"metrica"},"sameAs":["https:\/\/x.com\/desarrollo"],"url":"https:\/\/www.metrica-global.com\/en\/author\/metrica\/"}]}},"_links":{"self":[{"href":"https:\/\/www.metrica-global.com\/en\/wp-json\/wp\/v2\/posts\/13659","targetHints":{"allow":["GET"]}}],"collection":[{"href":"https:\/\/www.metrica-global.com\/en\/wp-json\/wp\/v2\/posts"}],"about":[{"href":"https:\/\/www.metrica-global.com\/en\/wp-json\/wp\/v2\/types\/post"}],"author":[{"embeddable":true,"href":"https:\/\/www.metrica-global.com\/en\/wp-json\/wp\/v2\/users\/2"}],"replies":[{"embeddable":true,"href":"https:\/\/www.metrica-global.com\/en\/wp-json\/wp\/v2\/comments?post=13659"}],"version-history":[{"count":2,"href":"https:\/\/www.metrica-global.com\/en\/wp-json\/wp\/v2\/posts\/13659\/revisions"}],"predecessor-version":[{"id":13663,"href":"https:\/\/www.metrica-global.com\/en\/wp-json\/wp\/v2\/posts\/13659\/revisions\/13663"}],"wp:featuredmedia":[{"embeddable":true,"href":"https:\/\/www.metrica-global.com\/en\/wp-json\/wp\/v2\/media\/13652"}],"wp:attachment":[{"href":"https:\/\/www.metrica-global.com\/en\/wp-json\/wp\/v2\/media?parent=13659"}],"wp:term":[{"taxonomy":"category","embeddable":true,"href":"https:\/\/www.metrica-global.com\/en\/wp-json\/wp\/v2\/categories?post=13659"},{"taxonomy":"post_tag","embeddable":true,"href":"https:\/\/www.metrica-global.com\/en\/wp-json\/wp\/v2\/tags?post=13659"}],"curies":[{"name":"wp","href":"https:\/\/api.w.org\/{rel}","templated":true}]}}