{"id":9826,"date":"2025-02-20T17:30:00","date_gmt":"2025-02-20T16:30:00","guid":{"rendered":"https:\/\/www.metrica-global.com\/justicia-social-y-compliance-en-metrica\/"},"modified":"2025-07-31T09:16:02","modified_gmt":"2025-07-31T07:16:02","slug":"justicia-social-y-compliance-en-metrica","status":"publish","type":"post","link":"https:\/\/www.metrica-global.com\/en\/justicia-social-y-compliance-en-metrica\/","title":{"rendered":"Social Justice and Compliance at METRICA"},"content":{"rendered":"\r\n<p data-start=\"397\" data-end=\"638\">Social justice is a fundamental pillar in building fairer, more sustainable, and transparent societies. In the business world, it goes beyond regulatory compliance\u2014it means creating a culture rooted in ethics, human rights, and transparency.<\/p>\r\n<p data-start=\"640\" data-end=\"821\">At\u00a0<strong data-start=\"643\" data-end=\"654\">METRICA<\/strong>, we believe that technology and innovation can help drive social justice. That\u2019s why we\u2019ve made it a core part of how we work and how we shape our corporate policies.<\/p>\r\n<hr data-start=\"823\" data-end=\"826\" \/>\r\n<h3 data-start=\"828\" data-end=\"890\">What Is Social Justice and Why Does It Matter in Business?<\/h3>\r\n<p data-start=\"892\" data-end=\"1182\">Social justice is based on equity, inclusion, and equal opportunity. For companies, this means adopting responsible practices that have a positive impact on society. From ethical governance to transparent communication, every action counts when it comes to building a more just environment.<\/p>\r\n<hr data-start=\"1184\" data-end=\"1187\" \/>\r\n<h3 data-start=\"1189\" data-end=\"1231\">METRICA\u2019s Commitment to Social Justice<\/h3>\r\n<p data-start=\"1233\" data-end=\"1335\">For us, social justice is not just an ideal\u2014it\u2019s a tangible commitment reflected in three key pillars:<\/p>\r\n<h4 data-start=\"1337\" data-end=\"1377\">1. Ethics and Social Responsibility<\/h4>\r\n<ul data-start=\"1378\" data-end=\"1598\">\r\n<li data-start=\"1378\" data-end=\"1475\">\r\n<p data-start=\"1380\" data-end=\"1475\">We have a\u00a0<strong data-start=\"1390\" data-end=\"1409\">Code of Conduct<\/strong>\u00a0that promotes business ethics and respect for corporate values.<\/p>\r\n<\/li>\r\n<li data-start=\"1476\" data-end=\"1598\">\r\n<p data-start=\"1478\" data-end=\"1598\">We support charitable organizations like\u00a0<strong data-start=\"1519\" data-end=\"1541\">Banco de Alimentos<\/strong>, helping to improve the lives of vulnerable communities.<\/p>\r\n<\/li>\r\n<\/ul>\r\n<h4 data-start=\"1600\" data-end=\"1633\">2. Human Rights and the SDGs<\/h4>\r\n<ul data-start=\"1634\" data-end=\"1984\">\r\n<li data-start=\"1634\" data-end=\"1817\">\r\n<p data-start=\"1636\" data-end=\"1817\">We are a signatory of the\u00a0<strong data-start=\"1662\" data-end=\"1683\">UN Global Compact<\/strong>, reaffirming our commitment to universal principles on human rights, fair labor, environmental responsibility, and anti-corruption.<\/p>\r\n<\/li>\r\n<li data-start=\"1818\" data-end=\"1984\">\r\n<p data-start=\"1820\" data-end=\"1984\">Our initiatives align with the\u00a0<strong data-start=\"1851\" data-end=\"1891\">Sustainable Development Goals (SDGs)<\/strong>, focusing on gender equality, quality education, responsible production, and climate action.<\/p>\r\n<\/li>\r\n<\/ul>\r\n<h4 data-start=\"1986\" data-end=\"2025\">3. Transparency and Accountability<\/h4>\r\n<ul data-start=\"2026\" data-end=\"2278\">\r\n<li data-start=\"2026\" data-end=\"2129\">\r\n<p data-start=\"2028\" data-end=\"2129\">We implement\u00a0<strong data-start=\"2041\" data-end=\"2064\">compliance policies<\/strong>\u00a0that promote an ethical work environment free from misconduct.<\/p>\r\n<\/li>\r\n<li data-start=\"2130\" data-end=\"2278\">\r\n<p data-start=\"2132\" data-end=\"2278\">Our organization has a\u00a0<strong data-start=\"2155\" data-end=\"2181\">crime prevention model<\/strong>, an\u00a0<strong data-start=\"2186\" data-end=\"2203\">equality plan<\/strong>, and a\u00a0<strong data-start=\"2211\" data-end=\"2236\">whistleblower channel<\/strong>\u00a0to ensure transparency across all levels.<\/p>\r\n<\/li>\r\n<\/ul>\r\n<hr data-start=\"2280\" data-end=\"2283\" \/>\r\n<h3 data-start=\"2285\" data-end=\"2337\">Why Social Justice Matters in the Business World<\/h3>\r\n<p data-start=\"2339\" data-end=\"2630\">Companies that prioritize social justice don\u2019t just create positive societal impact\u2014they also build stronger reputations and long-term trust among clients, investors, and partners. At\u00a0<strong data-start=\"2523\" data-end=\"2534\">METRICA<\/strong>, we understand that corporate responsibility is essential for sustainable and inclusive growth.<\/p>\r\n<p data-start=\"2632\" data-end=\"2740\">Our commitment is clear: to continue working every day for a more just, transparent, and sustainable future.<\/p>\r\n<hr data-start=\"2742\" data-end=\"2745\" \/>\r\n<h3 data-start=\"2747\" data-end=\"2798\">Social Justice Is Not Optional\u2014It\u2019s a Necessity<\/h3>\r\n<p data-start=\"2800\" data-end=\"3034\">Embedding social justice into business strategy is no longer a choice\u2014it\u2019s a necessity in today\u2019s world. Ethics, respect for human rights, and transparency are essential values for building responsible, forward-thinking organizations.<\/p>\r\n<p data-start=\"3036\" data-end=\"3170\"><img decoding=\"async\" class=\"emoji\" role=\"img\" draggable=\"false\" src=\"https:\/\/s.w.org\/images\/core\/emoji\/16.0.1\/svg\/1f4f2.svg\" alt=\"\ud83d\udcf2\" \/>\u00a0Want to learn more about our social responsibility initiatives? Follow us on social media or visit our blog for the latest updates.<\/p>\r\n","protected":false},"excerpt":{"rendered":"<p>Technology and innovation can be powerful tools to promote social justice. That\u2019s why we\u2019ve integrated this principle into our corporate policies and daily practices.<\/p>\n","protected":false},"author":1,"featured_media":9827,"comment_status":"open","ping_status":"open","sticky":false,"template":"","format":"standard","meta":{"content-type":"","footnotes":""},"categories":[2670],"tags":[2563,2698,2699,2577,2700,2586,2587,2701,2696,2571,2551,2697],"class_list":["post-9826","post","type-post","status-publish","format-standard","has-post-thumbnail","hentry","category-quality-en","tag-ambito-tecnologico-en","tag-ddhh-en","tag-derechos-humanos-en","tag-etica-empresarial-en","tag-justicia-social-en","tag-objetivos-de-desarrollo-sostenible-en","tag-ods-en","tag-responsabilidad-social-en","tag-rsc-en","tag-sector-it-en","tag-tecnologia-en","tag-transparencia-en"],"yoast_head":"<!-- This site is optimized with the Yoast SEO plugin v25.9 - https:\/\/yoast.com\/wordpress\/plugins\/seo\/ -->\n<title>Social Justice and Compliance at METRICA - METRICA<\/title>\n<meta name=\"robots\" content=\"index, follow, max-snippet:-1, max-image-preview:large, max-video-preview:-1\" \/>\n<link rel=\"canonical\" href=\"https:\/\/www.metrica-global.com\/en\/justicia-social-y-compliance-en-metrica\/\" \/>\n<meta property=\"og:locale\" content=\"en_US\" \/>\n<meta property=\"og:type\" content=\"article\" \/>\n<meta property=\"og:title\" content=\"Social Justice and Compliance at METRICA - METRICA\" \/>\n<meta property=\"og:description\" content=\"Technology and innovation can be powerful tools to promote social justice. That\u2019s why we\u2019ve integrated this principle into our corporate policies and daily practices.\" \/>\n<meta property=\"og:url\" content=\"https:\/\/www.metrica-global.com\/en\/justicia-social-y-compliance-en-metrica\/\" \/>\n<meta property=\"og:site_name\" content=\"METRICA\" \/>\n<meta property=\"article:published_time\" content=\"2025-02-20T16:30:00+00:00\" \/>\n<meta property=\"article:modified_time\" content=\"2025-07-31T07:16:02+00:00\" \/>\n<meta property=\"og:image\" content=\"https:\/\/www.metrica-global.com\/wp-content\/uploads\/2025\/02\/BANNER-COMPLIANCE-JS-scaled-1.jpg\" \/>\n\t<meta property=\"og:image:width\" content=\"2560\" \/>\n\t<meta property=\"og:image:height\" content=\"1045\" \/>\n\t<meta property=\"og:image:type\" content=\"image\/jpeg\" \/>\n<meta name=\"author\" content=\"desarrollo\" \/>\n<meta name=\"twitter:card\" content=\"summary_large_image\" \/>\n<meta name=\"twitter:label1\" content=\"Written by\" \/>\n\t<meta name=\"twitter:data1\" content=\"desarrollo\" \/>\n\t<meta name=\"twitter:label2\" content=\"Est. reading time\" \/>\n\t<meta name=\"twitter:data2\" content=\"3 minutes\" \/>\n<script type=\"application\/ld+json\" class=\"yoast-schema-graph\">{\"@context\":\"https:\/\/schema.org\",\"@graph\":[{\"@type\":\"Article\",\"@id\":\"https:\/\/www.metrica-global.com\/en\/justicia-social-y-compliance-en-metrica\/#article\",\"isPartOf\":{\"@id\":\"https:\/\/www.metrica-global.com\/en\/justicia-social-y-compliance-en-metrica\/\"},\"author\":{\"name\":\"desarrollo\",\"@id\":\"https:\/\/www.metrica-global.com\/#\/schema\/person\/78e8e629d9e5908167469b249f6f2cdc\"},\"headline\":\"Social Justice and Compliance at METRICA\",\"datePublished\":\"2025-02-20T16:30:00+00:00\",\"dateModified\":\"2025-07-31T07:16:02+00:00\",\"mainEntityOfPage\":{\"@id\":\"https:\/\/www.metrica-global.com\/en\/justicia-social-y-compliance-en-metrica\/\"},\"wordCount\":402,\"commentCount\":0,\"publisher\":{\"@id\":\"https:\/\/www.metrica-global.com\/#organization\"},\"image\":{\"@id\":\"https:\/\/www.metrica-global.com\/en\/justicia-social-y-compliance-en-metrica\/#primaryimage\"},\"thumbnailUrl\":\"https:\/\/www.metrica-global.com\/wp-content\/uploads\/2025\/02\/BANNER-COMPLIANCE-JS-scaled-1.jpg\",\"keywords\":[\"\u00c1mbito Tecnol\u00f3gico\",\"DDHH\",\"Derechos Humanos\",\"\u00c9tica empresarial\",\"Justicia Social\",\"Objetivos de Desarrollo Sostenible\",\"ODS\",\"Responsabilidad Social\",\"RSC\",\"Sector IT\",\"Tecnolog\u00eda\",\"Transparencia\"],\"articleSection\":[\"Quality\"],\"inLanguage\":\"en\",\"potentialAction\":[{\"@type\":\"CommentAction\",\"name\":\"Comment\",\"target\":[\"https:\/\/www.metrica-global.com\/en\/justicia-social-y-compliance-en-metrica\/#respond\"]}]},{\"@type\":\"WebPage\",\"@id\":\"https:\/\/www.metrica-global.com\/en\/justicia-social-y-compliance-en-metrica\/\",\"url\":\"https:\/\/www.metrica-global.com\/en\/justicia-social-y-compliance-en-metrica\/\",\"name\":\"Social Justice and Compliance at METRICA - METRICA\",\"isPartOf\":{\"@id\":\"https:\/\/www.metrica-global.com\/#website\"},\"primaryImageOfPage\":{\"@id\":\"https:\/\/www.metrica-global.com\/en\/justicia-social-y-compliance-en-metrica\/#primaryimage\"},\"image\":{\"@id\":\"https:\/\/www.metrica-global.com\/en\/justicia-social-y-compliance-en-metrica\/#primaryimage\"},\"thumbnailUrl\":\"https:\/\/www.metrica-global.com\/wp-content\/uploads\/2025\/02\/BANNER-COMPLIANCE-JS-scaled-1.jpg\",\"datePublished\":\"2025-02-20T16:30:00+00:00\",\"dateModified\":\"2025-07-31T07:16:02+00:00\",\"breadcrumb\":{\"@id\":\"https:\/\/www.metrica-global.com\/en\/justicia-social-y-compliance-en-metrica\/#breadcrumb\"},\"inLanguage\":\"en\",\"potentialAction\":[{\"@type\":\"ReadAction\",\"target\":[\"https:\/\/www.metrica-global.com\/en\/justicia-social-y-compliance-en-metrica\/\"]}]},{\"@type\":\"ImageObject\",\"inLanguage\":\"en\",\"@id\":\"https:\/\/www.metrica-global.com\/en\/justicia-social-y-compliance-en-metrica\/#primaryimage\",\"url\":\"https:\/\/www.metrica-global.com\/wp-content\/uploads\/2025\/02\/BANNER-COMPLIANCE-JS-scaled-1.jpg\",\"contentUrl\":\"https:\/\/www.metrica-global.com\/wp-content\/uploads\/2025\/02\/BANNER-COMPLIANCE-JS-scaled-1.jpg\",\"width\":2560,\"height\":1045,\"caption\":\"BANNER COMPLIANCE JS scaled 1\"},{\"@type\":\"BreadcrumbList\",\"@id\":\"https:\/\/www.metrica-global.com\/en\/justicia-social-y-compliance-en-metrica\/#breadcrumb\",\"itemListElement\":[{\"@type\":\"ListItem\",\"position\":1,\"name\":\"Portada\",\"item\":\"https:\/\/www.metrica-global.com\/en\/\"},{\"@type\":\"ListItem\",\"position\":2,\"name\":\"Social Justice and Compliance at METRICA\"}]},{\"@type\":\"WebSite\",\"@id\":\"https:\/\/www.metrica-global.com\/#website\",\"url\":\"https:\/\/www.metrica-global.com\/\",\"name\":\"METRICA\",\"description\":\"Servicios Globales IT\",\"publisher\":{\"@id\":\"https:\/\/www.metrica-global.com\/#organization\"},\"potentialAction\":[{\"@type\":\"SearchAction\",\"target\":{\"@type\":\"EntryPoint\",\"urlTemplate\":\"https:\/\/www.metrica-global.com\/?s={search_term_string}\"},\"query-input\":{\"@type\":\"PropertyValueSpecification\",\"valueRequired\":true,\"valueName\":\"search_term_string\"}}],\"inLanguage\":\"en\"},{\"@type\":\"Organization\",\"@id\":\"https:\/\/www.metrica-global.com\/#organization\",\"name\":\"METRICA\",\"url\":\"https:\/\/www.metrica-global.com\/\",\"logo\":{\"@type\":\"ImageObject\",\"inLanguage\":\"en\",\"@id\":\"https:\/\/www.metrica-global.com\/#\/schema\/logo\/image\/\",\"url\":\"https:\/\/www.metrica-global.com\/wp-content\/uploads\/2023\/12\/logo-metrica.png\",\"contentUrl\":\"https:\/\/www.metrica-global.com\/wp-content\/uploads\/2023\/12\/logo-metrica.png\",\"width\":332,\"height\":58,\"caption\":\"METRICA\"},\"image\":{\"@id\":\"https:\/\/www.metrica-global.com\/#\/schema\/logo\/image\/\"}},{\"@type\":\"Person\",\"@id\":\"https:\/\/www.metrica-global.com\/#\/schema\/person\/78e8e629d9e5908167469b249f6f2cdc\",\"name\":\"desarrollo\",\"image\":{\"@type\":\"ImageObject\",\"inLanguage\":\"en\",\"@id\":\"https:\/\/www.metrica-global.com\/#\/schema\/person\/image\/\",\"url\":\"https:\/\/secure.gravatar.com\/avatar\/d2653fb8f170e1382a31acc69dcf92e99545e6329805eb11d8a34443b058f3de?s=96&d=mm&r=g\",\"contentUrl\":\"https:\/\/secure.gravatar.com\/avatar\/d2653fb8f170e1382a31acc69dcf92e99545e6329805eb11d8a34443b058f3de?s=96&d=mm&r=g\",\"caption\":\"desarrollo\"},\"url\":\"https:\/\/www.metrica-global.com\/en\/author\/desarrollo\/\"}]}<\/script>\n<!-- \/ Yoast SEO plugin. -->","yoast_head_json":{"title":"Social Justice and Compliance at METRICA - METRICA","robots":{"index":"index","follow":"follow","max-snippet":"max-snippet:-1","max-image-preview":"max-image-preview:large","max-video-preview":"max-video-preview:-1"},"canonical":"https:\/\/www.metrica-global.com\/en\/justicia-social-y-compliance-en-metrica\/","og_locale":"en_US","og_type":"article","og_title":"Social Justice and Compliance at METRICA - METRICA","og_description":"Technology and innovation can be powerful tools to promote social justice. That\u2019s why we\u2019ve integrated this principle into our corporate policies and daily practices.","og_url":"https:\/\/www.metrica-global.com\/en\/justicia-social-y-compliance-en-metrica\/","og_site_name":"METRICA","article_published_time":"2025-02-20T16:30:00+00:00","article_modified_time":"2025-07-31T07:16:02+00:00","og_image":[{"width":2560,"height":1045,"url":"https:\/\/www.metrica-global.com\/wp-content\/uploads\/2025\/02\/BANNER-COMPLIANCE-JS-scaled-1.jpg","type":"image\/jpeg"}],"author":"desarrollo","twitter_card":"summary_large_image","twitter_misc":{"Written by":"desarrollo","Est. reading time":"3 minutes"},"schema":{"@context":"https:\/\/schema.org","@graph":[{"@type":"Article","@id":"https:\/\/www.metrica-global.com\/en\/justicia-social-y-compliance-en-metrica\/#article","isPartOf":{"@id":"https:\/\/www.metrica-global.com\/en\/justicia-social-y-compliance-en-metrica\/"},"author":{"name":"desarrollo","@id":"https:\/\/www.metrica-global.com\/#\/schema\/person\/78e8e629d9e5908167469b249f6f2cdc"},"headline":"Social Justice and Compliance at METRICA","datePublished":"2025-02-20T16:30:00+00:00","dateModified":"2025-07-31T07:16:02+00:00","mainEntityOfPage":{"@id":"https:\/\/www.metrica-global.com\/en\/justicia-social-y-compliance-en-metrica\/"},"wordCount":402,"commentCount":0,"publisher":{"@id":"https:\/\/www.metrica-global.com\/#organization"},"image":{"@id":"https:\/\/www.metrica-global.com\/en\/justicia-social-y-compliance-en-metrica\/#primaryimage"},"thumbnailUrl":"https:\/\/www.metrica-global.com\/wp-content\/uploads\/2025\/02\/BANNER-COMPLIANCE-JS-scaled-1.jpg","keywords":["\u00c1mbito Tecnol\u00f3gico","DDHH","Derechos Humanos","\u00c9tica empresarial","Justicia Social","Objetivos de Desarrollo Sostenible","ODS","Responsabilidad Social","RSC","Sector IT","Tecnolog\u00eda","Transparencia"],"articleSection":["Quality"],"inLanguage":"en","potentialAction":[{"@type":"CommentAction","name":"Comment","target":["https:\/\/www.metrica-global.com\/en\/justicia-social-y-compliance-en-metrica\/#respond"]}]},{"@type":"WebPage","@id":"https:\/\/www.metrica-global.com\/en\/justicia-social-y-compliance-en-metrica\/","url":"https:\/\/www.metrica-global.com\/en\/justicia-social-y-compliance-en-metrica\/","name":"Social Justice and Compliance at METRICA - METRICA","isPartOf":{"@id":"https:\/\/www.metrica-global.com\/#website"},"primaryImageOfPage":{"@id":"https:\/\/www.metrica-global.com\/en\/justicia-social-y-compliance-en-metrica\/#primaryimage"},"image":{"@id":"https:\/\/www.metrica-global.com\/en\/justicia-social-y-compliance-en-metrica\/#primaryimage"},"thumbnailUrl":"https:\/\/www.metrica-global.com\/wp-content\/uploads\/2025\/02\/BANNER-COMPLIANCE-JS-scaled-1.jpg","datePublished":"2025-02-20T16:30:00+00:00","dateModified":"2025-07-31T07:16:02+00:00","breadcrumb":{"@id":"https:\/\/www.metrica-global.com\/en\/justicia-social-y-compliance-en-metrica\/#breadcrumb"},"inLanguage":"en","potentialAction":[{"@type":"ReadAction","target":["https:\/\/www.metrica-global.com\/en\/justicia-social-y-compliance-en-metrica\/"]}]},{"@type":"ImageObject","inLanguage":"en","@id":"https:\/\/www.metrica-global.com\/en\/justicia-social-y-compliance-en-metrica\/#primaryimage","url":"https:\/\/www.metrica-global.com\/wp-content\/uploads\/2025\/02\/BANNER-COMPLIANCE-JS-scaled-1.jpg","contentUrl":"https:\/\/www.metrica-global.com\/wp-content\/uploads\/2025\/02\/BANNER-COMPLIANCE-JS-scaled-1.jpg","width":2560,"height":1045,"caption":"BANNER COMPLIANCE JS scaled 1"},{"@type":"BreadcrumbList","@id":"https:\/\/www.metrica-global.com\/en\/justicia-social-y-compliance-en-metrica\/#breadcrumb","itemListElement":[{"@type":"ListItem","position":1,"name":"Portada","item":"https:\/\/www.metrica-global.com\/en\/"},{"@type":"ListItem","position":2,"name":"Social Justice and Compliance at METRICA"}]},{"@type":"WebSite","@id":"https:\/\/www.metrica-global.com\/#website","url":"https:\/\/www.metrica-global.com\/","name":"METRICA","description":"Servicios Globales IT","publisher":{"@id":"https:\/\/www.metrica-global.com\/#organization"},"potentialAction":[{"@type":"SearchAction","target":{"@type":"EntryPoint","urlTemplate":"https:\/\/www.metrica-global.com\/?s={search_term_string}"},"query-input":{"@type":"PropertyValueSpecification","valueRequired":true,"valueName":"search_term_string"}}],"inLanguage":"en"},{"@type":"Organization","@id":"https:\/\/www.metrica-global.com\/#organization","name":"METRICA","url":"https:\/\/www.metrica-global.com\/","logo":{"@type":"ImageObject","inLanguage":"en","@id":"https:\/\/www.metrica-global.com\/#\/schema\/logo\/image\/","url":"https:\/\/www.metrica-global.com\/wp-content\/uploads\/2023\/12\/logo-metrica.png","contentUrl":"https:\/\/www.metrica-global.com\/wp-content\/uploads\/2023\/12\/logo-metrica.png","width":332,"height":58,"caption":"METRICA"},"image":{"@id":"https:\/\/www.metrica-global.com\/#\/schema\/logo\/image\/"}},{"@type":"Person","@id":"https:\/\/www.metrica-global.com\/#\/schema\/person\/78e8e629d9e5908167469b249f6f2cdc","name":"desarrollo","image":{"@type":"ImageObject","inLanguage":"en","@id":"https:\/\/www.metrica-global.com\/#\/schema\/person\/image\/","url":"https:\/\/secure.gravatar.com\/avatar\/d2653fb8f170e1382a31acc69dcf92e99545e6329805eb11d8a34443b058f3de?s=96&d=mm&r=g","contentUrl":"https:\/\/secure.gravatar.com\/avatar\/d2653fb8f170e1382a31acc69dcf92e99545e6329805eb11d8a34443b058f3de?s=96&d=mm&r=g","caption":"desarrollo"},"url":"https:\/\/www.metrica-global.com\/en\/author\/desarrollo\/"}]}},"_links":{"self":[{"href":"https:\/\/www.metrica-global.com\/en\/wp-json\/wp\/v2\/posts\/9826","targetHints":{"allow":["GET"]}}],"collection":[{"href":"https:\/\/www.metrica-global.com\/en\/wp-json\/wp\/v2\/posts"}],"about":[{"href":"https:\/\/www.metrica-global.com\/en\/wp-json\/wp\/v2\/types\/post"}],"author":[{"embeddable":true,"href":"https:\/\/www.metrica-global.com\/en\/wp-json\/wp\/v2\/users\/1"}],"replies":[{"embeddable":true,"href":"https:\/\/www.metrica-global.com\/en\/wp-json\/wp\/v2\/comments?post=9826"}],"version-history":[{"count":3,"href":"https:\/\/www.metrica-global.com\/en\/wp-json\/wp\/v2\/posts\/9826\/revisions"}],"predecessor-version":[{"id":12574,"href":"https:\/\/www.metrica-global.com\/en\/wp-json\/wp\/v2\/posts\/9826\/revisions\/12574"}],"wp:featuredmedia":[{"embeddable":true,"href":"https:\/\/www.metrica-global.com\/en\/wp-json\/wp\/v2\/media\/9827"}],"wp:attachment":[{"href":"https:\/\/www.metrica-global.com\/en\/wp-json\/wp\/v2\/media?parent=9826"}],"wp:term":[{"taxonomy":"category","embeddable":true,"href":"https:\/\/www.metrica-global.com\/en\/wp-json\/wp\/v2\/categories?post=9826"},{"taxonomy":"post_tag","embeddable":true,"href":"https:\/\/www.metrica-global.com\/en\/wp-json\/wp\/v2\/tags?post=9826"}],"curies":[{"name":"wp","href":"https:\/\/api.w.org\/{rel}","templated":true}]}}