{"id":9970,"date":"2025-01-20T17:30:00","date_gmt":"2025-01-20T16:30:00","guid":{"rendered":"https:\/\/www.metrica-global.com\/the-metrica-challenge-2025\/"},"modified":"2025-07-31T09:04:27","modified_gmt":"2025-07-31T07:04:27","slug":"the-metrica-challenge-2025","status":"publish","type":"post","link":"https:\/\/www.metrica-global.com\/en\/the-metrica-challenge-2025\/","title":{"rendered":"THE METRICA CHALLENGE 2025"},"content":{"rendered":"\r\n<p data-start=\"367\" data-end=\"834\">Last week,\u00a0<strong data-start=\"390\" data-end=\"401\">METRICA<\/strong>\u00a0held\u00a0<em data-start=\"407\" data-end=\"435\">The Metrica Challenge 2025<\/em>, our annual event that gathered employees and leaders from across our international offices to reflect on last year\u2019s accomplishments, set our sights on the future, and reinforce the shared values that define us as a company. Over the course of two days, the event became our epicenter for innovation, collaboration, and strategic vision\u2014strengthening METRICA\u2019s commitment to growth and excellence.<\/p>\r\n<p data-start=\"836\" data-end=\"1099\">The event opened with a comprehensive review of our 2024 performance, celebrating key milestones and laying out clear, ambitious goals for 2025. It also provided a space for teams to share insights and strategies that have driven success across different markets.<\/p>\r\n<hr data-start=\"1101\" data-end=\"1104\" \/>\r\n<h3 data-start=\"1106\" data-end=\"1186\">Core Themes: Corporate Values, Artificial Intelligence, and Global Expansion<\/h3>\r\n<p data-start=\"1188\" data-end=\"1582\">One of the central themes of\u00a0<em data-start=\"1217\" data-end=\"1245\">The Metrica Challenge 2025<\/em>\u00a0was the importance of reinforcing our company values, exploring the potential of Artificial Intelligence (AI) to streamline operations, and accelerating METRICA\u2019s global expansion. We discussed strategies to ensure a positive environmental and social impact, while identifying new opportunities to strengthen our international presence.<\/p>\r\n<p data-start=\"1584\" data-end=\"1799\">Artificial Intelligence was another key focus. We took our first steps toward implementing AI-powered solutions that will boost efficiency and decision-making\u2014marking a significant shift in METRICA\u2019s tech evolution.<\/p>\r\n<hr data-start=\"1801\" data-end=\"1804\" \/>\r\n<h3 data-start=\"1806\" data-end=\"1853\">Interactive Sessions and Inspiring Keynotes<\/h3>\r\n<p data-start=\"1855\" data-end=\"2179\">The event wasn\u2019t just about strategic discussions. It also featured group dynamics designed to reinforce our corporate values and strengthen teamwork. These activities helped build stronger connections among colleagues from different offices and highlighted the importance of collaboration in achieving our collective goals.<\/p>\r\n<p data-start=\"2181\" data-end=\"2258\">We also enjoyed outstanding keynote presentations that left a lasting impact:<\/p>\r\n<ul data-start=\"2260\" data-end=\"2749\">\r\n<li data-start=\"2260\" data-end=\"2419\">\r\n<p data-start=\"2262\" data-end=\"2419\"><strong data-start=\"2262\" data-end=\"2281\">Dami\u00e1n Granados<\/strong>, Chief Marketing Officer at COSENTINO, spoke on the power of building a strong and purpose-driven brand to attract and retain top talent.<\/p>\r\n<\/li>\r\n<li data-start=\"2420\" data-end=\"2580\">\r\n<p data-start=\"2422\" data-end=\"2580\"><strong data-start=\"2422\" data-end=\"2439\">Javier Grande<\/strong>, motorcycle racer sponsored by METRICA, shared insights on how values and teamwork are crucial to success\u2014on the track and in the workplace.<\/p>\r\n<\/li>\r\n<li data-start=\"2581\" data-end=\"2749\">\r\n<p data-start=\"2583\" data-end=\"2749\"><strong data-start=\"2583\" data-end=\"2611\">Ra\u00fal Ord\u00f3\u00f1ez (Jaspeante)<\/strong>, AI expert, closed the event with a powerful talk on how Artificial Intelligence can act as a catalyst for organizational transformation.<\/p>\r\n<\/li>\r\n<\/ul>\r\n<hr data-start=\"2751\" data-end=\"2754\" \/>\r\n<h3 data-start=\"2756\" data-end=\"2797\">A Meaningful and Impactful Experience<\/h3>\r\n<p data-start=\"2799\" data-end=\"3064\"><em data-start=\"2799\" data-end=\"2827\">The Metrica Challenge 2025<\/em>\u00a0offered all participants fresh perspectives, valuable tools, and renewed motivation to tackle the year ahead. Events like this not only strengthen our shared vision but also position METRICA as a leader in innovation and sustainability.<\/p>\r\n<p data-start=\"3066\" data-end=\"3282\">We want to extend our heartfelt thanks to everyone who attended and contributed to making this event a success. We\u2019ll continue working together to build a brighter, more innovative future\u2014driven by our shared values.<\/p>\r\n<p data-start=\"3284\" data-end=\"3342\"><img decoding=\"async\" class=\"emoji\" role=\"img\" draggable=\"false\" src=\"https:\/\/s.w.org\/images\/core\/emoji\/16.0.1\/svg\/1f4c5.svg\" alt=\"\ud83d\udcc5\" \/>\u00a0See you at the next edition of\u00a0<em data-start=\"3318\" data-end=\"3341\">The Metrica Challenge<\/em>!<\/p>\r\n","protected":false},"excerpt":{"rendered":"<p>METRICA hosts THE METRICA CHALLENGE 2025, an annual event that brings together team members from our international offices to reflect on our results, goals, and the core values that unite us as an organization.<\/p>\n","protected":false},"author":1,"featured_media":9971,"comment_status":"open","ping_status":"open","sticky":false,"template":"","format":"standard","meta":{"content-type":"","footnotes":""},"categories":[2790],"tags":[2816,2563,2833,2585,2571,2572,2551,2834,2835,2836],"class_list":["post-9970","post","type-post","status-publish","format-standard","has-post-thumbnail","hentry","category-current-events-en","tag-2025-en","tag-ambito-tecnologico-en","tag-globalizacion-en","tag-inteligencia-artificial-en","tag-sector-it-en","tag-sostenibilidad-en","tag-tecnologia-en","tag-the-metrica-challenge-en","tag-trabajo-en-equipo-en","tag-valores-corporativos-en"],"yoast_head":"<!-- This site is optimized with the Yoast SEO plugin v25.9 - https:\/\/yoast.com\/wordpress\/plugins\/seo\/ -->\n<title>THE METRICA CHALLENGE 2025 - METRICA<\/title>\n<meta name=\"robots\" content=\"index, follow, max-snippet:-1, max-image-preview:large, max-video-preview:-1\" \/>\n<link rel=\"canonical\" href=\"https:\/\/www.metrica-global.com\/en\/the-metrica-challenge-2025\/\" \/>\n<meta property=\"og:locale\" content=\"en_US\" \/>\n<meta property=\"og:type\" content=\"article\" \/>\n<meta property=\"og:title\" content=\"THE METRICA CHALLENGE 2025 - METRICA\" \/>\n<meta property=\"og:description\" content=\"METRICA hosts THE METRICA CHALLENGE 2025, an annual event that brings together team members from our international offices to reflect on our results, goals, and the core values that unite us as an organization.\" \/>\n<meta property=\"og:url\" content=\"https:\/\/www.metrica-global.com\/en\/the-metrica-challenge-2025\/\" \/>\n<meta property=\"og:site_name\" content=\"METRICA\" \/>\n<meta property=\"article:published_time\" content=\"2025-01-20T16:30:00+00:00\" \/>\n<meta property=\"article:modified_time\" content=\"2025-07-31T07:04:27+00:00\" \/>\n<meta property=\"og:image\" content=\"https:\/\/www.metrica-global.com\/wp-content\/uploads\/2025\/01\/MINI-TMC-25-copia.png\" \/>\n\t<meta property=\"og:image:width\" content=\"1080\" \/>\n\t<meta property=\"og:image:height\" content=\"1080\" \/>\n\t<meta property=\"og:image:type\" content=\"image\/png\" \/>\n<meta name=\"author\" content=\"desarrollo\" \/>\n<meta name=\"twitter:card\" content=\"summary_large_image\" \/>\n<meta name=\"twitter:label1\" content=\"Written by\" \/>\n\t<meta name=\"twitter:data1\" content=\"desarrollo\" \/>\n\t<meta name=\"twitter:label2\" content=\"Est. reading time\" \/>\n\t<meta name=\"twitter:data2\" content=\"3 minutes\" \/>\n<script type=\"application\/ld+json\" class=\"yoast-schema-graph\">{\"@context\":\"https:\/\/schema.org\",\"@graph\":[{\"@type\":\"Article\",\"@id\":\"https:\/\/www.metrica-global.com\/en\/the-metrica-challenge-2025\/#article\",\"isPartOf\":{\"@id\":\"https:\/\/www.metrica-global.com\/en\/the-metrica-challenge-2025\/\"},\"author\":{\"name\":\"desarrollo\",\"@id\":\"https:\/\/www.metrica-global.com\/#\/schema\/person\/78e8e629d9e5908167469b249f6f2cdc\"},\"headline\":\"THE METRICA CHALLENGE 2025\",\"datePublished\":\"2025-01-20T16:30:00+00:00\",\"dateModified\":\"2025-07-31T07:04:27+00:00\",\"mainEntityOfPage\":{\"@id\":\"https:\/\/www.metrica-global.com\/en\/the-metrica-challenge-2025\/\"},\"wordCount\":428,\"commentCount\":0,\"publisher\":{\"@id\":\"https:\/\/www.metrica-global.com\/#organization\"},\"image\":{\"@id\":\"https:\/\/www.metrica-global.com\/en\/the-metrica-challenge-2025\/#primaryimage\"},\"thumbnailUrl\":\"https:\/\/www.metrica-global.com\/wp-content\/uploads\/2025\/01\/MINI-TMC-25-copia.png\",\"keywords\":[\"2025\",\"\u00c1mbito Tecnol\u00f3gico\",\"Globalizaci\u00f3n\",\"Inteligencia Artificial\",\"Sector IT\",\"Sostenibilidad\",\"Tecnolog\u00eda\",\"The Metrica Challenge\",\"Trabajo en equipo\",\"Valores corporativos\"],\"articleSection\":[\"Current events\"],\"inLanguage\":\"en\",\"potentialAction\":[{\"@type\":\"CommentAction\",\"name\":\"Comment\",\"target\":[\"https:\/\/www.metrica-global.com\/en\/the-metrica-challenge-2025\/#respond\"]}]},{\"@type\":\"WebPage\",\"@id\":\"https:\/\/www.metrica-global.com\/en\/the-metrica-challenge-2025\/\",\"url\":\"https:\/\/www.metrica-global.com\/en\/the-metrica-challenge-2025\/\",\"name\":\"THE METRICA CHALLENGE 2025 - METRICA\",\"isPartOf\":{\"@id\":\"https:\/\/www.metrica-global.com\/#website\"},\"primaryImageOfPage\":{\"@id\":\"https:\/\/www.metrica-global.com\/en\/the-metrica-challenge-2025\/#primaryimage\"},\"image\":{\"@id\":\"https:\/\/www.metrica-global.com\/en\/the-metrica-challenge-2025\/#primaryimage\"},\"thumbnailUrl\":\"https:\/\/www.metrica-global.com\/wp-content\/uploads\/2025\/01\/MINI-TMC-25-copia.png\",\"datePublished\":\"2025-01-20T16:30:00+00:00\",\"dateModified\":\"2025-07-31T07:04:27+00:00\",\"breadcrumb\":{\"@id\":\"https:\/\/www.metrica-global.com\/en\/the-metrica-challenge-2025\/#breadcrumb\"},\"inLanguage\":\"en\",\"potentialAction\":[{\"@type\":\"ReadAction\",\"target\":[\"https:\/\/www.metrica-global.com\/en\/the-metrica-challenge-2025\/\"]}]},{\"@type\":\"ImageObject\",\"inLanguage\":\"en\",\"@id\":\"https:\/\/www.metrica-global.com\/en\/the-metrica-challenge-2025\/#primaryimage\",\"url\":\"https:\/\/www.metrica-global.com\/wp-content\/uploads\/2025\/01\/MINI-TMC-25-copia.png\",\"contentUrl\":\"https:\/\/www.metrica-global.com\/wp-content\/uploads\/2025\/01\/MINI-TMC-25-copia.png\",\"width\":1080,\"height\":1080},{\"@type\":\"BreadcrumbList\",\"@id\":\"https:\/\/www.metrica-global.com\/en\/the-metrica-challenge-2025\/#breadcrumb\",\"itemListElement\":[{\"@type\":\"ListItem\",\"position\":1,\"name\":\"Portada\",\"item\":\"https:\/\/www.metrica-global.com\/en\/\"},{\"@type\":\"ListItem\",\"position\":2,\"name\":\"THE METRICA CHALLENGE 2025\"}]},{\"@type\":\"WebSite\",\"@id\":\"https:\/\/www.metrica-global.com\/#website\",\"url\":\"https:\/\/www.metrica-global.com\/\",\"name\":\"METRICA\",\"description\":\"Servicios Globales IT\",\"publisher\":{\"@id\":\"https:\/\/www.metrica-global.com\/#organization\"},\"potentialAction\":[{\"@type\":\"SearchAction\",\"target\":{\"@type\":\"EntryPoint\",\"urlTemplate\":\"https:\/\/www.metrica-global.com\/?s={search_term_string}\"},\"query-input\":{\"@type\":\"PropertyValueSpecification\",\"valueRequired\":true,\"valueName\":\"search_term_string\"}}],\"inLanguage\":\"en\"},{\"@type\":\"Organization\",\"@id\":\"https:\/\/www.metrica-global.com\/#organization\",\"name\":\"METRICA\",\"url\":\"https:\/\/www.metrica-global.com\/\",\"logo\":{\"@type\":\"ImageObject\",\"inLanguage\":\"en\",\"@id\":\"https:\/\/www.metrica-global.com\/#\/schema\/logo\/image\/\",\"url\":\"https:\/\/www.metrica-global.com\/wp-content\/uploads\/2023\/12\/logo-metrica.png\",\"contentUrl\":\"https:\/\/www.metrica-global.com\/wp-content\/uploads\/2023\/12\/logo-metrica.png\",\"width\":332,\"height\":58,\"caption\":\"METRICA\"},\"image\":{\"@id\":\"https:\/\/www.metrica-global.com\/#\/schema\/logo\/image\/\"}},{\"@type\":\"Person\",\"@id\":\"https:\/\/www.metrica-global.com\/#\/schema\/person\/78e8e629d9e5908167469b249f6f2cdc\",\"name\":\"desarrollo\",\"image\":{\"@type\":\"ImageObject\",\"inLanguage\":\"en\",\"@id\":\"https:\/\/www.metrica-global.com\/#\/schema\/person\/image\/\",\"url\":\"https:\/\/secure.gravatar.com\/avatar\/d2653fb8f170e1382a31acc69dcf92e99545e6329805eb11d8a34443b058f3de?s=96&d=mm&r=g\",\"contentUrl\":\"https:\/\/secure.gravatar.com\/avatar\/d2653fb8f170e1382a31acc69dcf92e99545e6329805eb11d8a34443b058f3de?s=96&d=mm&r=g\",\"caption\":\"desarrollo\"},\"url\":\"https:\/\/www.metrica-global.com\/en\/author\/desarrollo\/\"}]}<\/script>\n<!-- \/ Yoast SEO plugin. -->","yoast_head_json":{"title":"THE METRICA CHALLENGE 2025 - METRICA","robots":{"index":"index","follow":"follow","max-snippet":"max-snippet:-1","max-image-preview":"max-image-preview:large","max-video-preview":"max-video-preview:-1"},"canonical":"https:\/\/www.metrica-global.com\/en\/the-metrica-challenge-2025\/","og_locale":"en_US","og_type":"article","og_title":"THE METRICA CHALLENGE 2025 - METRICA","og_description":"METRICA hosts THE METRICA CHALLENGE 2025, an annual event that brings together team members from our international offices to reflect on our results, goals, and the core values that unite us as an organization.","og_url":"https:\/\/www.metrica-global.com\/en\/the-metrica-challenge-2025\/","og_site_name":"METRICA","article_published_time":"2025-01-20T16:30:00+00:00","article_modified_time":"2025-07-31T07:04:27+00:00","og_image":[{"width":1080,"height":1080,"url":"https:\/\/www.metrica-global.com\/wp-content\/uploads\/2025\/01\/MINI-TMC-25-copia.png","type":"image\/png"}],"author":"desarrollo","twitter_card":"summary_large_image","twitter_misc":{"Written by":"desarrollo","Est. reading time":"3 minutes"},"schema":{"@context":"https:\/\/schema.org","@graph":[{"@type":"Article","@id":"https:\/\/www.metrica-global.com\/en\/the-metrica-challenge-2025\/#article","isPartOf":{"@id":"https:\/\/www.metrica-global.com\/en\/the-metrica-challenge-2025\/"},"author":{"name":"desarrollo","@id":"https:\/\/www.metrica-global.com\/#\/schema\/person\/78e8e629d9e5908167469b249f6f2cdc"},"headline":"THE METRICA CHALLENGE 2025","datePublished":"2025-01-20T16:30:00+00:00","dateModified":"2025-07-31T07:04:27+00:00","mainEntityOfPage":{"@id":"https:\/\/www.metrica-global.com\/en\/the-metrica-challenge-2025\/"},"wordCount":428,"commentCount":0,"publisher":{"@id":"https:\/\/www.metrica-global.com\/#organization"},"image":{"@id":"https:\/\/www.metrica-global.com\/en\/the-metrica-challenge-2025\/#primaryimage"},"thumbnailUrl":"https:\/\/www.metrica-global.com\/wp-content\/uploads\/2025\/01\/MINI-TMC-25-copia.png","keywords":["2025","\u00c1mbito Tecnol\u00f3gico","Globalizaci\u00f3n","Inteligencia Artificial","Sector IT","Sostenibilidad","Tecnolog\u00eda","The Metrica Challenge","Trabajo en equipo","Valores corporativos"],"articleSection":["Current events"],"inLanguage":"en","potentialAction":[{"@type":"CommentAction","name":"Comment","target":["https:\/\/www.metrica-global.com\/en\/the-metrica-challenge-2025\/#respond"]}]},{"@type":"WebPage","@id":"https:\/\/www.metrica-global.com\/en\/the-metrica-challenge-2025\/","url":"https:\/\/www.metrica-global.com\/en\/the-metrica-challenge-2025\/","name":"THE METRICA CHALLENGE 2025 - METRICA","isPartOf":{"@id":"https:\/\/www.metrica-global.com\/#website"},"primaryImageOfPage":{"@id":"https:\/\/www.metrica-global.com\/en\/the-metrica-challenge-2025\/#primaryimage"},"image":{"@id":"https:\/\/www.metrica-global.com\/en\/the-metrica-challenge-2025\/#primaryimage"},"thumbnailUrl":"https:\/\/www.metrica-global.com\/wp-content\/uploads\/2025\/01\/MINI-TMC-25-copia.png","datePublished":"2025-01-20T16:30:00+00:00","dateModified":"2025-07-31T07:04:27+00:00","breadcrumb":{"@id":"https:\/\/www.metrica-global.com\/en\/the-metrica-challenge-2025\/#breadcrumb"},"inLanguage":"en","potentialAction":[{"@type":"ReadAction","target":["https:\/\/www.metrica-global.com\/en\/the-metrica-challenge-2025\/"]}]},{"@type":"ImageObject","inLanguage":"en","@id":"https:\/\/www.metrica-global.com\/en\/the-metrica-challenge-2025\/#primaryimage","url":"https:\/\/www.metrica-global.com\/wp-content\/uploads\/2025\/01\/MINI-TMC-25-copia.png","contentUrl":"https:\/\/www.metrica-global.com\/wp-content\/uploads\/2025\/01\/MINI-TMC-25-copia.png","width":1080,"height":1080},{"@type":"BreadcrumbList","@id":"https:\/\/www.metrica-global.com\/en\/the-metrica-challenge-2025\/#breadcrumb","itemListElement":[{"@type":"ListItem","position":1,"name":"Portada","item":"https:\/\/www.metrica-global.com\/en\/"},{"@type":"ListItem","position":2,"name":"THE METRICA CHALLENGE 2025"}]},{"@type":"WebSite","@id":"https:\/\/www.metrica-global.com\/#website","url":"https:\/\/www.metrica-global.com\/","name":"METRICA","description":"Servicios Globales IT","publisher":{"@id":"https:\/\/www.metrica-global.com\/#organization"},"potentialAction":[{"@type":"SearchAction","target":{"@type":"EntryPoint","urlTemplate":"https:\/\/www.metrica-global.com\/?s={search_term_string}"},"query-input":{"@type":"PropertyValueSpecification","valueRequired":true,"valueName":"search_term_string"}}],"inLanguage":"en"},{"@type":"Organization","@id":"https:\/\/www.metrica-global.com\/#organization","name":"METRICA","url":"https:\/\/www.metrica-global.com\/","logo":{"@type":"ImageObject","inLanguage":"en","@id":"https:\/\/www.metrica-global.com\/#\/schema\/logo\/image\/","url":"https:\/\/www.metrica-global.com\/wp-content\/uploads\/2023\/12\/logo-metrica.png","contentUrl":"https:\/\/www.metrica-global.com\/wp-content\/uploads\/2023\/12\/logo-metrica.png","width":332,"height":58,"caption":"METRICA"},"image":{"@id":"https:\/\/www.metrica-global.com\/#\/schema\/logo\/image\/"}},{"@type":"Person","@id":"https:\/\/www.metrica-global.com\/#\/schema\/person\/78e8e629d9e5908167469b249f6f2cdc","name":"desarrollo","image":{"@type":"ImageObject","inLanguage":"en","@id":"https:\/\/www.metrica-global.com\/#\/schema\/person\/image\/","url":"https:\/\/secure.gravatar.com\/avatar\/d2653fb8f170e1382a31acc69dcf92e99545e6329805eb11d8a34443b058f3de?s=96&d=mm&r=g","contentUrl":"https:\/\/secure.gravatar.com\/avatar\/d2653fb8f170e1382a31acc69dcf92e99545e6329805eb11d8a34443b058f3de?s=96&d=mm&r=g","caption":"desarrollo"},"url":"https:\/\/www.metrica-global.com\/en\/author\/desarrollo\/"}]}},"_links":{"self":[{"href":"https:\/\/www.metrica-global.com\/en\/wp-json\/wp\/v2\/posts\/9970","targetHints":{"allow":["GET"]}}],"collection":[{"href":"https:\/\/www.metrica-global.com\/en\/wp-json\/wp\/v2\/posts"}],"about":[{"href":"https:\/\/www.metrica-global.com\/en\/wp-json\/wp\/v2\/types\/post"}],"author":[{"embeddable":true,"href":"https:\/\/www.metrica-global.com\/en\/wp-json\/wp\/v2\/users\/1"}],"replies":[{"embeddable":true,"href":"https:\/\/www.metrica-global.com\/en\/wp-json\/wp\/v2\/comments?post=9970"}],"version-history":[{"count":2,"href":"https:\/\/www.metrica-global.com\/en\/wp-json\/wp\/v2\/posts\/9970\/revisions"}],"predecessor-version":[{"id":12557,"href":"https:\/\/www.metrica-global.com\/en\/wp-json\/wp\/v2\/posts\/9970\/revisions\/12557"}],"wp:featuredmedia":[{"embeddable":true,"href":"https:\/\/www.metrica-global.com\/en\/wp-json\/wp\/v2\/media\/9971"}],"wp:attachment":[{"href":"https:\/\/www.metrica-global.com\/en\/wp-json\/wp\/v2\/media?parent=9970"}],"wp:term":[{"taxonomy":"category","embeddable":true,"href":"https:\/\/www.metrica-global.com\/en\/wp-json\/wp\/v2\/categories?post=9970"},{"taxonomy":"post_tag","embeddable":true,"href":"https:\/\/www.metrica-global.com\/en\/wp-json\/wp\/v2\/tags?post=9970"}],"curies":[{"name":"wp","href":"https:\/\/api.w.org\/{rel}","templated":true}]}}