{"id":9974,"date":"2024-12-03T12:00:00","date_gmt":"2024-12-03T11:00:00","guid":{"rendered":"https:\/\/www.metrica-global.com\/jornada-de-planeamiento-estrategico-en-peru\/"},"modified":"2025-07-31T09:11:33","modified_gmt":"2025-07-31T07:11:33","slug":"jornada-de-planeamiento-estrategico-en-peru","status":"publish","type":"post","link":"https:\/\/www.metrica-global.com\/en\/jornada-de-planeamiento-estrategico-en-peru\/","title":{"rendered":"Strategic Planning Session in Peru"},"content":{"rendered":"\r\n<p data-start=\"411\" data-end=\"682\">At METRICA, we believe that success in the tech sector isn&#8217;t achieved alone\u2014it\u2019s built through collaboration. That\u2019s why our recent <strong data-start=\"543\" data-end=\"581\">Strategic Planning Session in Peru<\/strong> marked a key milestone in driving our growth as an international company in the dynamic IT industry.<\/p>\r\n<p data-start=\"684\" data-end=\"1000\">During this session, teams from Spain, Peru, and Chile came together to reflect on current challenges, share forward-thinking ideas, and align on strategic goals. These types of gatherings not only strengthen our global vision but also help us identify new opportunities and prepare for a constantly evolving market.<\/p>\r\n<p data-start=\"1002\" data-end=\"1282\">Beyond strategy and planning, the session also deepened the connections that unite us as a community. We closed the day with an enriching after-work gathering\u2014an opportunity for camaraderie and connection that reminded us that METRICA is not just a team, but a true global family.<\/p>\r\n<hr data-start=\"1284\" data-end=\"1287\" \/>\r\n<p data-start=\"1289\" data-end=\"1322\"><strong data-start=\"1289\" data-end=\"1322\">A Clear Vision for the Future<\/strong><\/p>\r\n<p data-start=\"1324\" data-end=\"1622\">This day of collaboration and alignment reflects our ongoing commitment to leading in the IT sector, where innovation and cooperation are essential. The international collaboration among our offices plays a crucial role in developing technology solutions that make a real impact in a global market.<\/p>\r\n<p data-start=\"1624\" data-end=\"1845\">We invite you to learn more about this event by visiting our social media channels. Discover how we experienced this unique moment and join the conversation. Thank you to everyone who made this special gathering possible.<\/p>\r\n<p data-start=\"1847\" data-end=\"1934\" data-is-last-node=\"\" data-is-only-node=\"\"><strong data-start=\"1847\" data-end=\"1934\" data-is-last-node=\"\">Let\u2019s keep working together with passion, unity, and a clear vision for the future!<\/strong><\/p>\r\n\r\n\r\n\r\n<figure class=\"wp-block-image size-large\"><img fetchpriority=\"high\" decoding=\"async\" width=\"1024\" height=\"576\" class=\"wp-image-1613\" src=\"https:\/\/themetricachange.com\/wp-content\/uploads\/2024\/12\/34-1024x576.png\" alt=\"\" srcset=\"https:\/\/www.metrica-global.com\/wp-content\/uploads\/2024\/12\/34-1024x576.png 1024w, https:\/\/www.metrica-global.com\/wp-content\/uploads\/2024\/12\/34-300x169.png 300w, https:\/\/www.metrica-global.com\/wp-content\/uploads\/2024\/12\/34-768x432.png 768w, https:\/\/www.metrica-global.com\/wp-content\/uploads\/2024\/12\/34-1536x864.png 1536w, https:\/\/www.metrica-global.com\/wp-content\/uploads\/2024\/12\/34.png 1920w\" sizes=\"(max-width: 1024px) 100vw, 1024px\" \/><\/figure>\r\n","protected":false},"excerpt":{"rendered":"<p>During this session, teams from METRICA Spain, METRICA Andina, and METRICA Chile came together to reflect on current challenges, share innovative ideas, and define strategic objectives.<\/p>\n","protected":false},"author":1,"featured_media":9975,"comment_status":"open","ping_status":"open","sticky":false,"template":"","format":"standard","meta":{"content-type":"","footnotes":""},"categories":[2790],"tags":[2563,2830,2842,2843,2571,2551],"class_list":["post-9974","post","type-post","status-publish","format-standard","has-post-thumbnail","hentry","category-current-events-en","tag-ambito-tecnologico-en","tag-colaboracion-internacional-en","tag-desarrollo-de-negocio-en","tag-empresa-tecnologica-en","tag-sector-it-en","tag-tecnologia-en"],"yoast_head":"<!-- This site is optimized with the Yoast SEO plugin v25.9 - https:\/\/yoast.com\/wordpress\/plugins\/seo\/ -->\n<title>Strategic Planning Session in Peru - METRICA<\/title>\n<meta name=\"robots\" content=\"index, follow, max-snippet:-1, max-image-preview:large, max-video-preview:-1\" \/>\n<link rel=\"canonical\" href=\"https:\/\/www.metrica-global.com\/en\/jornada-de-planeamiento-estrategico-en-peru\/\" \/>\n<meta property=\"og:locale\" content=\"en_US\" \/>\n<meta property=\"og:type\" content=\"article\" \/>\n<meta property=\"og:title\" content=\"Strategic Planning Session in Peru - METRICA\" \/>\n<meta property=\"og:description\" content=\"During this session, teams from METRICA Spain, METRICA Andina, and METRICA Chile came together to reflect on current challenges, share innovative ideas, and define strategic objectives.\" \/>\n<meta property=\"og:url\" content=\"https:\/\/www.metrica-global.com\/en\/jornada-de-planeamiento-estrategico-en-peru\/\" \/>\n<meta property=\"og:site_name\" content=\"METRICA\" \/>\n<meta property=\"article:published_time\" content=\"2024-12-03T11:00:00+00:00\" \/>\n<meta property=\"article:modified_time\" content=\"2025-07-31T07:11:33+00:00\" \/>\n<meta property=\"og:image\" content=\"https:\/\/www.metrica-global.com\/wp-content\/uploads\/2024\/12\/33-1024x576.png\" \/>\n\t<meta property=\"og:image:width\" content=\"1024\" \/>\n\t<meta property=\"og:image:height\" content=\"576\" \/>\n\t<meta property=\"og:image:type\" content=\"image\/png\" \/>\n<meta name=\"author\" content=\"desarrollo\" \/>\n<meta name=\"twitter:card\" content=\"summary_large_image\" \/>\n<meta name=\"twitter:label1\" content=\"Written by\" \/>\n\t<meta name=\"twitter:data1\" content=\"desarrollo\" \/>\n\t<meta name=\"twitter:label2\" content=\"Est. reading time\" \/>\n\t<meta name=\"twitter:data2\" content=\"2 minutes\" \/>\n<script type=\"application\/ld+json\" class=\"yoast-schema-graph\">{\"@context\":\"https:\/\/schema.org\",\"@graph\":[{\"@type\":\"Article\",\"@id\":\"https:\/\/www.metrica-global.com\/en\/jornada-de-planeamiento-estrategico-en-peru\/#article\",\"isPartOf\":{\"@id\":\"https:\/\/www.metrica-global.com\/en\/jornada-de-planeamiento-estrategico-en-peru\/\"},\"author\":{\"name\":\"desarrollo\",\"@id\":\"https:\/\/www.metrica-global.com\/#\/schema\/person\/78e8e629d9e5908167469b249f6f2cdc\"},\"headline\":\"Strategic Planning Session in Peru\",\"datePublished\":\"2024-12-03T11:00:00+00:00\",\"dateModified\":\"2025-07-31T07:11:33+00:00\",\"mainEntityOfPage\":{\"@id\":\"https:\/\/www.metrica-global.com\/en\/jornada-de-planeamiento-estrategico-en-peru\/\"},\"wordCount\":247,\"commentCount\":0,\"publisher\":{\"@id\":\"https:\/\/www.metrica-global.com\/#organization\"},\"image\":{\"@id\":\"https:\/\/www.metrica-global.com\/en\/jornada-de-planeamiento-estrategico-en-peru\/#primaryimage\"},\"thumbnailUrl\":\"https:\/\/www.metrica-global.com\/wp-content\/uploads\/2024\/12\/33.png\",\"keywords\":[\"\u00c1mbito Tecnol\u00f3gico\",\"Colaboraci\u00f3n internacional\",\"Desarrollo de negocio\",\"Empresa tecnol\u00f3gica\",\"Sector IT\",\"Tecnolog\u00eda\"],\"articleSection\":[\"Current events\"],\"inLanguage\":\"en\",\"potentialAction\":[{\"@type\":\"CommentAction\",\"name\":\"Comment\",\"target\":[\"https:\/\/www.metrica-global.com\/en\/jornada-de-planeamiento-estrategico-en-peru\/#respond\"]}]},{\"@type\":\"WebPage\",\"@id\":\"https:\/\/www.metrica-global.com\/en\/jornada-de-planeamiento-estrategico-en-peru\/\",\"url\":\"https:\/\/www.metrica-global.com\/en\/jornada-de-planeamiento-estrategico-en-peru\/\",\"name\":\"Strategic Planning Session in Peru - METRICA\",\"isPartOf\":{\"@id\":\"https:\/\/www.metrica-global.com\/#website\"},\"primaryImageOfPage\":{\"@id\":\"https:\/\/www.metrica-global.com\/en\/jornada-de-planeamiento-estrategico-en-peru\/#primaryimage\"},\"image\":{\"@id\":\"https:\/\/www.metrica-global.com\/en\/jornada-de-planeamiento-estrategico-en-peru\/#primaryimage\"},\"thumbnailUrl\":\"https:\/\/www.metrica-global.com\/wp-content\/uploads\/2024\/12\/33.png\",\"datePublished\":\"2024-12-03T11:00:00+00:00\",\"dateModified\":\"2025-07-31T07:11:33+00:00\",\"breadcrumb\":{\"@id\":\"https:\/\/www.metrica-global.com\/en\/jornada-de-planeamiento-estrategico-en-peru\/#breadcrumb\"},\"inLanguage\":\"en\",\"potentialAction\":[{\"@type\":\"ReadAction\",\"target\":[\"https:\/\/www.metrica-global.com\/en\/jornada-de-planeamiento-estrategico-en-peru\/\"]}]},{\"@type\":\"ImageObject\",\"inLanguage\":\"en\",\"@id\":\"https:\/\/www.metrica-global.com\/en\/jornada-de-planeamiento-estrategico-en-peru\/#primaryimage\",\"url\":\"https:\/\/www.metrica-global.com\/wp-content\/uploads\/2024\/12\/33.png\",\"contentUrl\":\"https:\/\/www.metrica-global.com\/wp-content\/uploads\/2024\/12\/33.png\",\"width\":1920,\"height\":1080},{\"@type\":\"BreadcrumbList\",\"@id\":\"https:\/\/www.metrica-global.com\/en\/jornada-de-planeamiento-estrategico-en-peru\/#breadcrumb\",\"itemListElement\":[{\"@type\":\"ListItem\",\"position\":1,\"name\":\"Portada\",\"item\":\"https:\/\/www.metrica-global.com\/en\/\"},{\"@type\":\"ListItem\",\"position\":2,\"name\":\"Strategic Planning Session in Peru\"}]},{\"@type\":\"WebSite\",\"@id\":\"https:\/\/www.metrica-global.com\/#website\",\"url\":\"https:\/\/www.metrica-global.com\/\",\"name\":\"METRICA\",\"description\":\"Servicios Globales IT\",\"publisher\":{\"@id\":\"https:\/\/www.metrica-global.com\/#organization\"},\"potentialAction\":[{\"@type\":\"SearchAction\",\"target\":{\"@type\":\"EntryPoint\",\"urlTemplate\":\"https:\/\/www.metrica-global.com\/?s={search_term_string}\"},\"query-input\":{\"@type\":\"PropertyValueSpecification\",\"valueRequired\":true,\"valueName\":\"search_term_string\"}}],\"inLanguage\":\"en\"},{\"@type\":\"Organization\",\"@id\":\"https:\/\/www.metrica-global.com\/#organization\",\"name\":\"METRICA\",\"url\":\"https:\/\/www.metrica-global.com\/\",\"logo\":{\"@type\":\"ImageObject\",\"inLanguage\":\"en\",\"@id\":\"https:\/\/www.metrica-global.com\/#\/schema\/logo\/image\/\",\"url\":\"https:\/\/www.metrica-global.com\/wp-content\/uploads\/2023\/12\/logo-metrica.png\",\"contentUrl\":\"https:\/\/www.metrica-global.com\/wp-content\/uploads\/2023\/12\/logo-metrica.png\",\"width\":332,\"height\":58,\"caption\":\"METRICA\"},\"image\":{\"@id\":\"https:\/\/www.metrica-global.com\/#\/schema\/logo\/image\/\"}},{\"@type\":\"Person\",\"@id\":\"https:\/\/www.metrica-global.com\/#\/schema\/person\/78e8e629d9e5908167469b249f6f2cdc\",\"name\":\"desarrollo\",\"image\":{\"@type\":\"ImageObject\",\"inLanguage\":\"en\",\"@id\":\"https:\/\/www.metrica-global.com\/#\/schema\/person\/image\/\",\"url\":\"https:\/\/secure.gravatar.com\/avatar\/d2653fb8f170e1382a31acc69dcf92e99545e6329805eb11d8a34443b058f3de?s=96&d=mm&r=g\",\"contentUrl\":\"https:\/\/secure.gravatar.com\/avatar\/d2653fb8f170e1382a31acc69dcf92e99545e6329805eb11d8a34443b058f3de?s=96&d=mm&r=g\",\"caption\":\"desarrollo\"},\"url\":\"https:\/\/www.metrica-global.com\/en\/author\/desarrollo\/\"}]}<\/script>\n<!-- \/ Yoast SEO plugin. -->","yoast_head_json":{"title":"Strategic Planning Session in Peru - METRICA","robots":{"index":"index","follow":"follow","max-snippet":"max-snippet:-1","max-image-preview":"max-image-preview:large","max-video-preview":"max-video-preview:-1"},"canonical":"https:\/\/www.metrica-global.com\/en\/jornada-de-planeamiento-estrategico-en-peru\/","og_locale":"en_US","og_type":"article","og_title":"Strategic Planning Session in Peru - METRICA","og_description":"During this session, teams from METRICA Spain, METRICA Andina, and METRICA Chile came together to reflect on current challenges, share innovative ideas, and define strategic objectives.","og_url":"https:\/\/www.metrica-global.com\/en\/jornada-de-planeamiento-estrategico-en-peru\/","og_site_name":"METRICA","article_published_time":"2024-12-03T11:00:00+00:00","article_modified_time":"2025-07-31T07:11:33+00:00","og_image":[{"width":1024,"height":576,"url":"https:\/\/www.metrica-global.com\/wp-content\/uploads\/2024\/12\/33-1024x576.png","type":"image\/png"}],"author":"desarrollo","twitter_card":"summary_large_image","twitter_misc":{"Written by":"desarrollo","Est. reading time":"2 minutes"},"schema":{"@context":"https:\/\/schema.org","@graph":[{"@type":"Article","@id":"https:\/\/www.metrica-global.com\/en\/jornada-de-planeamiento-estrategico-en-peru\/#article","isPartOf":{"@id":"https:\/\/www.metrica-global.com\/en\/jornada-de-planeamiento-estrategico-en-peru\/"},"author":{"name":"desarrollo","@id":"https:\/\/www.metrica-global.com\/#\/schema\/person\/78e8e629d9e5908167469b249f6f2cdc"},"headline":"Strategic Planning Session in Peru","datePublished":"2024-12-03T11:00:00+00:00","dateModified":"2025-07-31T07:11:33+00:00","mainEntityOfPage":{"@id":"https:\/\/www.metrica-global.com\/en\/jornada-de-planeamiento-estrategico-en-peru\/"},"wordCount":247,"commentCount":0,"publisher":{"@id":"https:\/\/www.metrica-global.com\/#organization"},"image":{"@id":"https:\/\/www.metrica-global.com\/en\/jornada-de-planeamiento-estrategico-en-peru\/#primaryimage"},"thumbnailUrl":"https:\/\/www.metrica-global.com\/wp-content\/uploads\/2024\/12\/33.png","keywords":["\u00c1mbito Tecnol\u00f3gico","Colaboraci\u00f3n internacional","Desarrollo de negocio","Empresa tecnol\u00f3gica","Sector IT","Tecnolog\u00eda"],"articleSection":["Current events"],"inLanguage":"en","potentialAction":[{"@type":"CommentAction","name":"Comment","target":["https:\/\/www.metrica-global.com\/en\/jornada-de-planeamiento-estrategico-en-peru\/#respond"]}]},{"@type":"WebPage","@id":"https:\/\/www.metrica-global.com\/en\/jornada-de-planeamiento-estrategico-en-peru\/","url":"https:\/\/www.metrica-global.com\/en\/jornada-de-planeamiento-estrategico-en-peru\/","name":"Strategic Planning Session in Peru - METRICA","isPartOf":{"@id":"https:\/\/www.metrica-global.com\/#website"},"primaryImageOfPage":{"@id":"https:\/\/www.metrica-global.com\/en\/jornada-de-planeamiento-estrategico-en-peru\/#primaryimage"},"image":{"@id":"https:\/\/www.metrica-global.com\/en\/jornada-de-planeamiento-estrategico-en-peru\/#primaryimage"},"thumbnailUrl":"https:\/\/www.metrica-global.com\/wp-content\/uploads\/2024\/12\/33.png","datePublished":"2024-12-03T11:00:00+00:00","dateModified":"2025-07-31T07:11:33+00:00","breadcrumb":{"@id":"https:\/\/www.metrica-global.com\/en\/jornada-de-planeamiento-estrategico-en-peru\/#breadcrumb"},"inLanguage":"en","potentialAction":[{"@type":"ReadAction","target":["https:\/\/www.metrica-global.com\/en\/jornada-de-planeamiento-estrategico-en-peru\/"]}]},{"@type":"ImageObject","inLanguage":"en","@id":"https:\/\/www.metrica-global.com\/en\/jornada-de-planeamiento-estrategico-en-peru\/#primaryimage","url":"https:\/\/www.metrica-global.com\/wp-content\/uploads\/2024\/12\/33.png","contentUrl":"https:\/\/www.metrica-global.com\/wp-content\/uploads\/2024\/12\/33.png","width":1920,"height":1080},{"@type":"BreadcrumbList","@id":"https:\/\/www.metrica-global.com\/en\/jornada-de-planeamiento-estrategico-en-peru\/#breadcrumb","itemListElement":[{"@type":"ListItem","position":1,"name":"Portada","item":"https:\/\/www.metrica-global.com\/en\/"},{"@type":"ListItem","position":2,"name":"Strategic Planning Session in Peru"}]},{"@type":"WebSite","@id":"https:\/\/www.metrica-global.com\/#website","url":"https:\/\/www.metrica-global.com\/","name":"METRICA","description":"Servicios Globales IT","publisher":{"@id":"https:\/\/www.metrica-global.com\/#organization"},"potentialAction":[{"@type":"SearchAction","target":{"@type":"EntryPoint","urlTemplate":"https:\/\/www.metrica-global.com\/?s={search_term_string}"},"query-input":{"@type":"PropertyValueSpecification","valueRequired":true,"valueName":"search_term_string"}}],"inLanguage":"en"},{"@type":"Organization","@id":"https:\/\/www.metrica-global.com\/#organization","name":"METRICA","url":"https:\/\/www.metrica-global.com\/","logo":{"@type":"ImageObject","inLanguage":"en","@id":"https:\/\/www.metrica-global.com\/#\/schema\/logo\/image\/","url":"https:\/\/www.metrica-global.com\/wp-content\/uploads\/2023\/12\/logo-metrica.png","contentUrl":"https:\/\/www.metrica-global.com\/wp-content\/uploads\/2023\/12\/logo-metrica.png","width":332,"height":58,"caption":"METRICA"},"image":{"@id":"https:\/\/www.metrica-global.com\/#\/schema\/logo\/image\/"}},{"@type":"Person","@id":"https:\/\/www.metrica-global.com\/#\/schema\/person\/78e8e629d9e5908167469b249f6f2cdc","name":"desarrollo","image":{"@type":"ImageObject","inLanguage":"en","@id":"https:\/\/www.metrica-global.com\/#\/schema\/person\/image\/","url":"https:\/\/secure.gravatar.com\/avatar\/d2653fb8f170e1382a31acc69dcf92e99545e6329805eb11d8a34443b058f3de?s=96&d=mm&r=g","contentUrl":"https:\/\/secure.gravatar.com\/avatar\/d2653fb8f170e1382a31acc69dcf92e99545e6329805eb11d8a34443b058f3de?s=96&d=mm&r=g","caption":"desarrollo"},"url":"https:\/\/www.metrica-global.com\/en\/author\/desarrollo\/"}]}},"_links":{"self":[{"href":"https:\/\/www.metrica-global.com\/en\/wp-json\/wp\/v2\/posts\/9974","targetHints":{"allow":["GET"]}}],"collection":[{"href":"https:\/\/www.metrica-global.com\/en\/wp-json\/wp\/v2\/posts"}],"about":[{"href":"https:\/\/www.metrica-global.com\/en\/wp-json\/wp\/v2\/types\/post"}],"author":[{"embeddable":true,"href":"https:\/\/www.metrica-global.com\/en\/wp-json\/wp\/v2\/users\/1"}],"replies":[{"embeddable":true,"href":"https:\/\/www.metrica-global.com\/en\/wp-json\/wp\/v2\/comments?post=9974"}],"version-history":[{"count":3,"href":"https:\/\/www.metrica-global.com\/en\/wp-json\/wp\/v2\/posts\/9974\/revisions"}],"predecessor-version":[{"id":12567,"href":"https:\/\/www.metrica-global.com\/en\/wp-json\/wp\/v2\/posts\/9974\/revisions\/12567"}],"wp:featuredmedia":[{"embeddable":true,"href":"https:\/\/www.metrica-global.com\/en\/wp-json\/wp\/v2\/media\/9975"}],"wp:attachment":[{"href":"https:\/\/www.metrica-global.com\/en\/wp-json\/wp\/v2\/media?parent=9974"}],"wp:term":[{"taxonomy":"category","embeddable":true,"href":"https:\/\/www.metrica-global.com\/en\/wp-json\/wp\/v2\/categories?post=9974"},{"taxonomy":"post_tag","embeddable":true,"href":"https:\/\/www.metrica-global.com\/en\/wp-json\/wp\/v2\/tags?post=9974"}],"curies":[{"name":"wp","href":"https:\/\/api.w.org\/{rel}","templated":true}]}}