{"id":13082,"date":"2025-08-19T10:09:48","date_gmt":"2025-08-19T08:09:48","guid":{"rendered":"https:\/\/www.metrica-global.com\/varinka-farren-y-la-brecha-digital-de-genero-en-latam\/"},"modified":"2025-08-26T12:17:57","modified_gmt":"2025-08-26T10:17:57","slug":"varinka-farren-y-la-brecha-digital-de-genero-en-latam","status":"publish","type":"post","link":"https:\/\/www.metrica-global.com\/pe\/varinka-farren-y-la-brecha-digital-de-genero-en-latam\/","title":{"rendered":"Varinka Farren y la brecha digital de g\u00e9nero en LATAM"},"content":{"rendered":"<p data-start=\"273\" data-end=\"752\">A pesar de los avances en inclusi\u00f3n y equidad, la <strong data-start=\"323\" data-end=\"361\">brecha de g\u00e9nero en el \u00e1mbito STEM<\/strong> (ciencia, tecnolog\u00eda, ingenier\u00eda y matem\u00e1ticas) sigue siendo un desaf\u00edo importante en <strong data-start=\"448\" data-end=\"465\">Latinoam\u00e9rica<\/strong>. En el marco del <strong data-start=\"483\" data-end=\"504\">Congreso NexoTech<\/strong>, desde <strong data-start=\"512\" data-end=\"528\">METRICA PER\u00da<\/strong> tuvimos la oportunidad de conversar con <strong data-start=\"569\" data-end=\"587\">Varinka Farren<\/strong>, Directora Ejecutiva de <strong data-start=\"612\" data-end=\"624\">HUB APTA<\/strong> y referente en <strong data-start=\"640\" data-end=\"675\">innovaci\u00f3n liderada por mujeres<\/strong>, sobre este tema clave para un desarrollo sostenible e inclusivo del sector.<\/p>\n<hr data-start=\"754\" data-end=\"757\" \/>\n<h2 data-start=\"759\" data-end=\"808\">M\u00e1s graduadas, pero pocos liderazgos femeninos<\/h2>\n<p data-start=\"810\" data-end=\"1009\">Aunque cada vez m\u00e1s mujeres egresan de carreras cient\u00edficas y tecnol\u00f3gicas, su presencia en cargos de <strong data-start=\"912\" data-end=\"946\">toma de decisiones y liderazgo<\/strong> sigue siendo baja. Tal como se\u00f1al\u00f3 Varinka durante el podcast:<\/p>\n<blockquote data-start=\"1011\" data-end=\"1193\">\n<p data-start=\"1013\" data-end=\"1193\"><em>\u201cEstamos reci\u00e9n en un inicio. Si bien ha habido avances, no son suficientes. En cinco a\u00f1os, pasamos de un 11% a un 12,8% de empresas cient\u00edfico-tecnol\u00f3gicas lideradas por mujeres\u201d.<\/em><\/p>\n<\/blockquote>\n<p data-start=\"1195\" data-end=\"1365\">Si bien el incremento es positivo, estas cifras reflejan la <strong data-start=\"1255\" data-end=\"1301\">urgencia de impulsar pol\u00edticas y pr\u00e1cticas<\/strong> que reduzcan la brecha de representaci\u00f3n en el ecosistema STEM.<\/p>\n<hr data-start=\"1367\" data-end=\"1370\" \/>\n<h2 data-start=\"1372\" data-end=\"1411\">\u00bfC\u00f3mo podemos cambiar esta realidad?<\/h2>\n<p data-start=\"1413\" data-end=\"1514\">Durante la entrevista, Varinka destac\u00f3 <strong data-start=\"1452\" data-end=\"1470\">acciones clave<\/strong> para empoderar a m\u00e1s mujeres en tecnolog\u00eda:<\/p>\n<h3 data-start=\"1516\" data-end=\"1554\">1. Educar desde edades tempranas<\/h3>\n<p data-start=\"1555\" data-end=\"1735\">Es fundamental <strong data-start=\"1570\" data-end=\"1605\">incorporar referentes femeninos<\/strong> y un <strong data-start=\"1611\" data-end=\"1633\">lenguaje inclusivo<\/strong> en la educaci\u00f3n inicial. La equidad empieza cuando ni\u00f1as y ni\u00f1os crecen con las mismas oportunidades.<\/p>\n<h3 data-start=\"1737\" data-end=\"1788\">2. Romper estereotipos y sesgos inconscientes<\/h3>\n<p data-start=\"1789\" data-end=\"1978\"><em>\u201cMuchas veces me preguntan c\u00f3mo hago para trabajar tanto. No s\u00e9 si a los hombres les preguntan eso\u201d, coment\u00f3 Varinka, subrayando los <strong data-start=\"1922\" data-end=\"1952\">estigmas que a\u00fan persisten<\/strong> en el liderazgo femenino.<\/em><\/p>\n<h3 data-start=\"1980\" data-end=\"2024\">3. Diversidad como motor de innovaci\u00f3n<\/h3>\n<p data-start=\"2027\" data-end=\"2249\">\u201c<em>La riqueza en generar mejor innovaci\u00f3n est\u00e1 en la diversidad<\/em>\u201d, afirm\u00f3.<br data-start=\"2098\" data-end=\"2101\" \/>Integrar personas de distintas <strong data-start=\"2132\" data-end=\"2195\">regiones, g\u00e9neros, realidades socioecon\u00f3micas y formaciones<\/strong> permite crear soluciones m\u00e1s completas y disruptivas.<\/p>\n<h3 data-start=\"2251\" data-end=\"2305\">4. Reformular directorios y espacios de decisi\u00f3n<\/h3>\n<p data-start=\"2306\" data-end=\"2459\">Los directorios deben asumir el reto de <strong data-start=\"2346\" data-end=\"2376\">no solo incorporar mujeres<\/strong>, sino tambi\u00e9n <strong data-start=\"2391\" data-end=\"2417\">promover la pluralidad<\/strong> en profesiones, experiencias y contextos.<\/p>\n<hr data-start=\"2461\" data-end=\"2464\" \/>\n<h2 data-start=\"2466\" data-end=\"2512\">\u00bfQu\u00e9 rol cumplen las empresas tecnol\u00f3gicas?<\/h2>\n<p data-start=\"2514\" data-end=\"2788\">En <strong data-start=\"2517\" data-end=\"2528\">METRICA<\/strong>, estamos convencidos de que <strong data-start=\"2557\" data-end=\"2603\">la innovaci\u00f3n no es completa sin inclusi\u00f3n<\/strong>. Por eso, <strong data-start=\"2614\" data-end=\"2637\">espacios de di\u00e1logo<\/strong> como este podcast con Varinka Farren son fundamentales para <strong data-start=\"2698\" data-end=\"2774\">visibilizar el problema, compartir buenas pr\u00e1cticas y generar conciencia<\/strong> en el sector.<\/p>\n<p data-start=\"2790\" data-end=\"2896\">\ud83d\udcf2 <strong data-start=\"2793\" data-end=\"2827\">Escucha la entrevista completa<\/strong> en nuestras redes sociales o visita nuestro perfil de <strong data-start=\"2882\" data-end=\"2895\">Instagram<\/strong>.<\/p>\n","protected":false},"excerpt":{"rendered":"<p>Conoce las claves para reducir la brecha de g\u00e9nero en tecnolog\u00eda en Latinoam\u00e9rica. Varinka Farren analiza el impacto en el ecosistema STEM y c\u00f3mo avanzar hacia la inclusi\u00f3n.<\/p>\n","protected":false},"author":2,"featured_media":13045,"comment_status":"open","ping_status":"open","sticky":false,"template":"","format":"standard","meta":{"content-type":"","footnotes":""},"categories":[1155],"tags":[3051,3053,3054,3052,3058,3050,3056,3057,3055,3048,3049],"class_list":["post-13082","post","type-post","status-publish","format-standard","has-post-thumbnail","hentry","category-actualidad-pe","tag-brechadegenerotecnologica-pe","tag-equidadenciencia-pe","tag-innovacioncondiversidad-pe","tag-liderazgofemenino-pe","tag-metricapodcast-pe","tag-mujeresenstem-pe","tag-nexotech-pe","tag-somosmetrica-pe","tag-tecnologiainclusiva-pe","tag-themetricachange-pe","tag-varinkafarren-pe"],"yoast_head":"<!-- This site is optimized with the Yoast SEO plugin v25.9 - https:\/\/yoast.com\/wordpress\/plugins\/seo\/ -->\n<title>Varinka Farren y la brecha digital de g\u00e9nero en LATAM - METRICA<\/title>\n<meta name=\"robots\" content=\"index, follow, max-snippet:-1, max-image-preview:large, max-video-preview:-1\" \/>\n<link rel=\"canonical\" href=\"https:\/\/www.metrica-global.com\/pe\/varinka-farren-y-la-brecha-digital-de-genero-en-latam\/\" \/>\n<meta property=\"og:locale\" content=\"es_ES\" \/>\n<meta property=\"og:type\" content=\"article\" \/>\n<meta property=\"og:title\" content=\"Varinka Farren y la brecha digital de g\u00e9nero en LATAM - METRICA\" \/>\n<meta property=\"og:description\" content=\"Conoce las claves para reducir la brecha de g\u00e9nero en tecnolog\u00eda en Latinoam\u00e9rica. Varinka Farren analiza el impacto en el ecosistema STEM y c\u00f3mo avanzar hacia la inclusi\u00f3n.\" \/>\n<meta property=\"og:url\" content=\"https:\/\/www.metrica-global.com\/pe\/varinka-farren-y-la-brecha-digital-de-genero-en-latam\/\" \/>\n<meta property=\"og:site_name\" content=\"METRICA\" \/>\n<meta property=\"article:published_time\" content=\"2025-08-19T08:09:48+00:00\" \/>\n<meta property=\"article:modified_time\" content=\"2025-08-26T10:17:57+00:00\" \/>\n<meta property=\"og:image\" content=\"https:\/\/www.metrica-global.com\/wp-content\/uploads\/2025\/08\/BANNER-NOTICIAS-1.jpg\" \/>\n\t<meta property=\"og:image:width\" content=\"2560\" \/>\n\t<meta property=\"og:image:height\" content=\"1280\" \/>\n\t<meta property=\"og:image:type\" content=\"image\/jpeg\" \/>\n<meta name=\"author\" content=\"metrica\" \/>\n<meta name=\"twitter:card\" content=\"summary_large_image\" \/>\n<meta name=\"twitter:creator\" content=\"@desarrollo\" \/>\n<meta name=\"twitter:label1\" content=\"Written by\" \/>\n\t<meta name=\"twitter:data1\" content=\"metrica\" \/>\n\t<meta name=\"twitter:label2\" content=\"Est. reading time\" \/>\n\t<meta name=\"twitter:data2\" content=\"2 minutes\" \/>\n<script type=\"application\/ld+json\" class=\"yoast-schema-graph\">{\"@context\":\"https:\/\/schema.org\",\"@graph\":[{\"@type\":\"Article\",\"@id\":\"https:\/\/www.metrica-global.com\/pe\/varinka-farren-y-la-brecha-digital-de-genero-en-latam\/#article\",\"isPartOf\":{\"@id\":\"https:\/\/www.metrica-global.com\/pe\/varinka-farren-y-la-brecha-digital-de-genero-en-latam\/\"},\"author\":{\"name\":\"metrica\",\"@id\":\"https:\/\/www.metrica-global.com\/#\/schema\/person\/2f4208bdc63892f387a04f4106dd0fcb\"},\"headline\":\"Varinka Farren y la brecha digital de g\u00e9nero en LATAM\",\"datePublished\":\"2025-08-19T08:09:48+00:00\",\"dateModified\":\"2025-08-26T10:17:57+00:00\",\"mainEntityOfPage\":{\"@id\":\"https:\/\/www.metrica-global.com\/pe\/varinka-farren-y-la-brecha-digital-de-genero-en-latam\/\"},\"wordCount\":413,\"commentCount\":0,\"publisher\":{\"@id\":\"https:\/\/www.metrica-global.com\/#organization\"},\"image\":{\"@id\":\"https:\/\/www.metrica-global.com\/pe\/varinka-farren-y-la-brecha-digital-de-genero-en-latam\/#primaryimage\"},\"thumbnailUrl\":\"https:\/\/www.metrica-global.com\/wp-content\/uploads\/2025\/08\/BANNER-NOTICIAS-1.jpg\",\"keywords\":[\"BrechaDeG\u00e9neroTecnol\u00f3gica\",\"EquidadEnCiencia\",\"Innovaci\u00f3nConDiversidad\",\"LiderazgoFemenino\",\"METRICAPodcast\",\"MujeresEnSTEM\",\"NexoTech\",\"SomosMETRICA\",\"Tecnolog\u00edaInclusiva\",\"TheMetricaChange\",\"VarinkaFarren\"],\"articleSection\":[\"Actualidad\"],\"inLanguage\":\"es-PE\",\"potentialAction\":[{\"@type\":\"CommentAction\",\"name\":\"Comment\",\"target\":[\"https:\/\/www.metrica-global.com\/pe\/varinka-farren-y-la-brecha-digital-de-genero-en-latam\/#respond\"]}]},{\"@type\":\"WebPage\",\"@id\":\"https:\/\/www.metrica-global.com\/pe\/varinka-farren-y-la-brecha-digital-de-genero-en-latam\/\",\"url\":\"https:\/\/www.metrica-global.com\/pe\/varinka-farren-y-la-brecha-digital-de-genero-en-latam\/\",\"name\":\"Varinka Farren y la brecha digital de g\u00e9nero en LATAM - METRICA\",\"isPartOf\":{\"@id\":\"https:\/\/www.metrica-global.com\/#website\"},\"primaryImageOfPage\":{\"@id\":\"https:\/\/www.metrica-global.com\/pe\/varinka-farren-y-la-brecha-digital-de-genero-en-latam\/#primaryimage\"},\"image\":{\"@id\":\"https:\/\/www.metrica-global.com\/pe\/varinka-farren-y-la-brecha-digital-de-genero-en-latam\/#primaryimage\"},\"thumbnailUrl\":\"https:\/\/www.metrica-global.com\/wp-content\/uploads\/2025\/08\/BANNER-NOTICIAS-1.jpg\",\"datePublished\":\"2025-08-19T08:09:48+00:00\",\"dateModified\":\"2025-08-26T10:17:57+00:00\",\"breadcrumb\":{\"@id\":\"https:\/\/www.metrica-global.com\/pe\/varinka-farren-y-la-brecha-digital-de-genero-en-latam\/#breadcrumb\"},\"inLanguage\":\"es-PE\",\"potentialAction\":[{\"@type\":\"ReadAction\",\"target\":[\"https:\/\/www.metrica-global.com\/pe\/varinka-farren-y-la-brecha-digital-de-genero-en-latam\/\"]}]},{\"@type\":\"ImageObject\",\"inLanguage\":\"es-PE\",\"@id\":\"https:\/\/www.metrica-global.com\/pe\/varinka-farren-y-la-brecha-digital-de-genero-en-latam\/#primaryimage\",\"url\":\"https:\/\/www.metrica-global.com\/wp-content\/uploads\/2025\/08\/BANNER-NOTICIAS-1.jpg\",\"contentUrl\":\"https:\/\/www.metrica-global.com\/wp-content\/uploads\/2025\/08\/BANNER-NOTICIAS-1.jpg\",\"width\":2560,\"height\":1280},{\"@type\":\"BreadcrumbList\",\"@id\":\"https:\/\/www.metrica-global.com\/pe\/varinka-farren-y-la-brecha-digital-de-genero-en-latam\/#breadcrumb\",\"itemListElement\":[{\"@type\":\"ListItem\",\"position\":1,\"name\":\"Portada\",\"item\":\"https:\/\/www.metrica-global.com\/en\/\"},{\"@type\":\"ListItem\",\"position\":2,\"name\":\"Varinka Farren y la brecha digital de g\u00e9nero en LATAM\"}]},{\"@type\":\"WebSite\",\"@id\":\"https:\/\/www.metrica-global.com\/#website\",\"url\":\"https:\/\/www.metrica-global.com\/\",\"name\":\"METRICA\",\"description\":\"Servicios Globales IT\",\"publisher\":{\"@id\":\"https:\/\/www.metrica-global.com\/#organization\"},\"potentialAction\":[{\"@type\":\"SearchAction\",\"target\":{\"@type\":\"EntryPoint\",\"urlTemplate\":\"https:\/\/www.metrica-global.com\/?s={search_term_string}\"},\"query-input\":{\"@type\":\"PropertyValueSpecification\",\"valueRequired\":true,\"valueName\":\"search_term_string\"}}],\"inLanguage\":\"es-PE\"},{\"@type\":\"Organization\",\"@id\":\"https:\/\/www.metrica-global.com\/#organization\",\"name\":\"METRICA\",\"url\":\"https:\/\/www.metrica-global.com\/\",\"logo\":{\"@type\":\"ImageObject\",\"inLanguage\":\"es-PE\",\"@id\":\"https:\/\/www.metrica-global.com\/#\/schema\/logo\/image\/\",\"url\":\"https:\/\/www.metrica-global.com\/wp-content\/uploads\/2023\/12\/logo-metrica.png\",\"contentUrl\":\"https:\/\/www.metrica-global.com\/wp-content\/uploads\/2023\/12\/logo-metrica.png\",\"width\":332,\"height\":58,\"caption\":\"METRICA\"},\"image\":{\"@id\":\"https:\/\/www.metrica-global.com\/#\/schema\/logo\/image\/\"}},{\"@type\":\"Person\",\"@id\":\"https:\/\/www.metrica-global.com\/#\/schema\/person\/2f4208bdc63892f387a04f4106dd0fcb\",\"name\":\"metrica\",\"image\":{\"@type\":\"ImageObject\",\"inLanguage\":\"es-PE\",\"@id\":\"https:\/\/www.metrica-global.com\/#\/schema\/person\/image\/\",\"url\":\"https:\/\/secure.gravatar.com\/avatar\/735533d52394faf02a8736d8f477256b9fb421f39d81c48c55ea37c267061786?s=96&d=mm&r=g\",\"contentUrl\":\"https:\/\/secure.gravatar.com\/avatar\/735533d52394faf02a8736d8f477256b9fb421f39d81c48c55ea37c267061786?s=96&d=mm&r=g\",\"caption\":\"metrica\"},\"sameAs\":[\"https:\/\/x.com\/desarrollo\"],\"url\":\"https:\/\/www.metrica-global.com\/pe\/author\/metrica\/\"}]}<\/script>\n<!-- \/ Yoast SEO plugin. -->","yoast_head_json":{"title":"Varinka Farren y la brecha digital de g\u00e9nero en LATAM - METRICA","robots":{"index":"index","follow":"follow","max-snippet":"max-snippet:-1","max-image-preview":"max-image-preview:large","max-video-preview":"max-video-preview:-1"},"canonical":"https:\/\/www.metrica-global.com\/pe\/varinka-farren-y-la-brecha-digital-de-genero-en-latam\/","og_locale":"es_ES","og_type":"article","og_title":"Varinka Farren y la brecha digital de g\u00e9nero en LATAM - METRICA","og_description":"Conoce las claves para reducir la brecha de g\u00e9nero en tecnolog\u00eda en Latinoam\u00e9rica. Varinka Farren analiza el impacto en el ecosistema STEM y c\u00f3mo avanzar hacia la inclusi\u00f3n.","og_url":"https:\/\/www.metrica-global.com\/pe\/varinka-farren-y-la-brecha-digital-de-genero-en-latam\/","og_site_name":"METRICA","article_published_time":"2025-08-19T08:09:48+00:00","article_modified_time":"2025-08-26T10:17:57+00:00","og_image":[{"width":2560,"height":1280,"url":"https:\/\/www.metrica-global.com\/wp-content\/uploads\/2025\/08\/BANNER-NOTICIAS-1.jpg","type":"image\/jpeg"}],"author":"metrica","twitter_card":"summary_large_image","twitter_creator":"@desarrollo","twitter_misc":{"Written by":"metrica","Est. reading time":"2 minutes"},"schema":{"@context":"https:\/\/schema.org","@graph":[{"@type":"Article","@id":"https:\/\/www.metrica-global.com\/pe\/varinka-farren-y-la-brecha-digital-de-genero-en-latam\/#article","isPartOf":{"@id":"https:\/\/www.metrica-global.com\/pe\/varinka-farren-y-la-brecha-digital-de-genero-en-latam\/"},"author":{"name":"metrica","@id":"https:\/\/www.metrica-global.com\/#\/schema\/person\/2f4208bdc63892f387a04f4106dd0fcb"},"headline":"Varinka Farren y la brecha digital de g\u00e9nero en LATAM","datePublished":"2025-08-19T08:09:48+00:00","dateModified":"2025-08-26T10:17:57+00:00","mainEntityOfPage":{"@id":"https:\/\/www.metrica-global.com\/pe\/varinka-farren-y-la-brecha-digital-de-genero-en-latam\/"},"wordCount":413,"commentCount":0,"publisher":{"@id":"https:\/\/www.metrica-global.com\/#organization"},"image":{"@id":"https:\/\/www.metrica-global.com\/pe\/varinka-farren-y-la-brecha-digital-de-genero-en-latam\/#primaryimage"},"thumbnailUrl":"https:\/\/www.metrica-global.com\/wp-content\/uploads\/2025\/08\/BANNER-NOTICIAS-1.jpg","keywords":["BrechaDeG\u00e9neroTecnol\u00f3gica","EquidadEnCiencia","Innovaci\u00f3nConDiversidad","LiderazgoFemenino","METRICAPodcast","MujeresEnSTEM","NexoTech","SomosMETRICA","Tecnolog\u00edaInclusiva","TheMetricaChange","VarinkaFarren"],"articleSection":["Actualidad"],"inLanguage":"es-PE","potentialAction":[{"@type":"CommentAction","name":"Comment","target":["https:\/\/www.metrica-global.com\/pe\/varinka-farren-y-la-brecha-digital-de-genero-en-latam\/#respond"]}]},{"@type":"WebPage","@id":"https:\/\/www.metrica-global.com\/pe\/varinka-farren-y-la-brecha-digital-de-genero-en-latam\/","url":"https:\/\/www.metrica-global.com\/pe\/varinka-farren-y-la-brecha-digital-de-genero-en-latam\/","name":"Varinka Farren y la brecha digital de g\u00e9nero en LATAM - METRICA","isPartOf":{"@id":"https:\/\/www.metrica-global.com\/#website"},"primaryImageOfPage":{"@id":"https:\/\/www.metrica-global.com\/pe\/varinka-farren-y-la-brecha-digital-de-genero-en-latam\/#primaryimage"},"image":{"@id":"https:\/\/www.metrica-global.com\/pe\/varinka-farren-y-la-brecha-digital-de-genero-en-latam\/#primaryimage"},"thumbnailUrl":"https:\/\/www.metrica-global.com\/wp-content\/uploads\/2025\/08\/BANNER-NOTICIAS-1.jpg","datePublished":"2025-08-19T08:09:48+00:00","dateModified":"2025-08-26T10:17:57+00:00","breadcrumb":{"@id":"https:\/\/www.metrica-global.com\/pe\/varinka-farren-y-la-brecha-digital-de-genero-en-latam\/#breadcrumb"},"inLanguage":"es-PE","potentialAction":[{"@type":"ReadAction","target":["https:\/\/www.metrica-global.com\/pe\/varinka-farren-y-la-brecha-digital-de-genero-en-latam\/"]}]},{"@type":"ImageObject","inLanguage":"es-PE","@id":"https:\/\/www.metrica-global.com\/pe\/varinka-farren-y-la-brecha-digital-de-genero-en-latam\/#primaryimage","url":"https:\/\/www.metrica-global.com\/wp-content\/uploads\/2025\/08\/BANNER-NOTICIAS-1.jpg","contentUrl":"https:\/\/www.metrica-global.com\/wp-content\/uploads\/2025\/08\/BANNER-NOTICIAS-1.jpg","width":2560,"height":1280},{"@type":"BreadcrumbList","@id":"https:\/\/www.metrica-global.com\/pe\/varinka-farren-y-la-brecha-digital-de-genero-en-latam\/#breadcrumb","itemListElement":[{"@type":"ListItem","position":1,"name":"Portada","item":"https:\/\/www.metrica-global.com\/en\/"},{"@type":"ListItem","position":2,"name":"Varinka Farren y la brecha digital de g\u00e9nero en LATAM"}]},{"@type":"WebSite","@id":"https:\/\/www.metrica-global.com\/#website","url":"https:\/\/www.metrica-global.com\/","name":"METRICA","description":"Servicios Globales IT","publisher":{"@id":"https:\/\/www.metrica-global.com\/#organization"},"potentialAction":[{"@type":"SearchAction","target":{"@type":"EntryPoint","urlTemplate":"https:\/\/www.metrica-global.com\/?s={search_term_string}"},"query-input":{"@type":"PropertyValueSpecification","valueRequired":true,"valueName":"search_term_string"}}],"inLanguage":"es-PE"},{"@type":"Organization","@id":"https:\/\/www.metrica-global.com\/#organization","name":"METRICA","url":"https:\/\/www.metrica-global.com\/","logo":{"@type":"ImageObject","inLanguage":"es-PE","@id":"https:\/\/www.metrica-global.com\/#\/schema\/logo\/image\/","url":"https:\/\/www.metrica-global.com\/wp-content\/uploads\/2023\/12\/logo-metrica.png","contentUrl":"https:\/\/www.metrica-global.com\/wp-content\/uploads\/2023\/12\/logo-metrica.png","width":332,"height":58,"caption":"METRICA"},"image":{"@id":"https:\/\/www.metrica-global.com\/#\/schema\/logo\/image\/"}},{"@type":"Person","@id":"https:\/\/www.metrica-global.com\/#\/schema\/person\/2f4208bdc63892f387a04f4106dd0fcb","name":"metrica","image":{"@type":"ImageObject","inLanguage":"es-PE","@id":"https:\/\/www.metrica-global.com\/#\/schema\/person\/image\/","url":"https:\/\/secure.gravatar.com\/avatar\/735533d52394faf02a8736d8f477256b9fb421f39d81c48c55ea37c267061786?s=96&d=mm&r=g","contentUrl":"https:\/\/secure.gravatar.com\/avatar\/735533d52394faf02a8736d8f477256b9fb421f39d81c48c55ea37c267061786?s=96&d=mm&r=g","caption":"metrica"},"sameAs":["https:\/\/x.com\/desarrollo"],"url":"https:\/\/www.metrica-global.com\/pe\/author\/metrica\/"}]}},"_links":{"self":[{"href":"https:\/\/www.metrica-global.com\/pe\/wp-json\/wp\/v2\/posts\/13082","targetHints":{"allow":["GET"]}}],"collection":[{"href":"https:\/\/www.metrica-global.com\/pe\/wp-json\/wp\/v2\/posts"}],"about":[{"href":"https:\/\/www.metrica-global.com\/pe\/wp-json\/wp\/v2\/types\/post"}],"author":[{"embeddable":true,"href":"https:\/\/www.metrica-global.com\/pe\/wp-json\/wp\/v2\/users\/2"}],"replies":[{"embeddable":true,"href":"https:\/\/www.metrica-global.com\/pe\/wp-json\/wp\/v2\/comments?post=13082"}],"version-history":[{"count":3,"href":"https:\/\/www.metrica-global.com\/pe\/wp-json\/wp\/v2\/posts\/13082\/revisions"}],"predecessor-version":[{"id":13105,"href":"https:\/\/www.metrica-global.com\/pe\/wp-json\/wp\/v2\/posts\/13082\/revisions\/13105"}],"wp:featuredmedia":[{"embeddable":true,"href":"https:\/\/www.metrica-global.com\/pe\/wp-json\/wp\/v2\/media\/13045"}],"wp:attachment":[{"href":"https:\/\/www.metrica-global.com\/pe\/wp-json\/wp\/v2\/media?parent=13082"}],"wp:term":[{"taxonomy":"category","embeddable":true,"href":"https:\/\/www.metrica-global.com\/pe\/wp-json\/wp\/v2\/categories?post=13082"},{"taxonomy":"post_tag","embeddable":true,"href":"https:\/\/www.metrica-global.com\/pe\/wp-json\/wp\/v2\/tags?post=13082"}],"curies":[{"name":"wp","href":"https:\/\/api.w.org\/{rel}","templated":true}]}}