{"id":13084,"date":"2025-08-07T09:57:09","date_gmt":"2025-08-07T07:57:09","guid":{"rendered":"https:\/\/www.metrica-global.com\/como-teletrabajar-en-verano-sin-perder-productividad-ni-bienestar\/"},"modified":"2025-08-26T12:19:24","modified_gmt":"2025-08-26T10:19:24","slug":"como-teletrabajar-en-verano-sin-perder-productividad-ni-bienestar","status":"publish","type":"post","link":"https:\/\/www.metrica-global.com\/pe\/como-teletrabajar-en-verano-sin-perder-productividad-ni-bienestar\/","title":{"rendered":"C\u00f3mo teletrabajar en verano sin perder productividad ni bienestar"},"content":{"rendered":"<p data-start=\"271\" data-end=\"524\">Con la llegada del verano, muchas organizaciones en Per\u00fa est\u00e1n apostando por <strong data-start=\"348\" data-end=\"383\">modelos laborales m\u00e1s flexibles<\/strong>. El <strong data-start=\"388\" data-end=\"403\">teletrabajo<\/strong> se convierte en una excelente oportunidad para <strong data-start=\"451\" data-end=\"480\">mantener la productividad<\/strong> sin sacrificar el <strong data-start=\"499\" data-end=\"521\">bienestar personal<\/strong>.<\/p>\n<p data-start=\"526\" data-end=\"690\">En <strong data-start=\"529\" data-end=\"540\">METRICA<\/strong>, promovemos una <strong data-start=\"557\" data-end=\"602\">cultura organizacional humana y adaptable<\/strong>, porque estamos convencidos de que <strong data-start=\"638\" data-end=\"689\">trabajar mejor tambi\u00e9n significa sentirse mejor<\/strong>.<\/p>\n<hr data-start=\"692\" data-end=\"695\" \/>\n<h2 data-start=\"697\" data-end=\"757\">Teletrabajo y verano: una combinaci\u00f3n posible y eficiente<\/h2>\n<p data-start=\"759\" data-end=\"1002\">Durante los meses m\u00e1s calurosos del a\u00f1o, <strong data-start=\"800\" data-end=\"823\">adaptar las rutinas<\/strong> puede marcar una gran diferencia. No se trata solo de <strong data-start=\"878\" data-end=\"907\">mantener la productividad<\/strong>, sino tambi\u00e9n de <strong data-start=\"925\" data-end=\"960\">cuidar la salud f\u00edsica y mental<\/strong> de quienes forman parte de los equipos.<\/p>\n<p data-start=\"1004\" data-end=\"1264\">Por eso, desde <strong data-start=\"1019\" data-end=\"1030\">METRICA<\/strong> compartimos <strong data-start=\"1043\" data-end=\"1065\">consejos pr\u00e1cticos<\/strong> que te ayudar\u00e1n a <strong data-start=\"1084\" data-end=\"1147\">trabajar de manera m\u00e1s c\u00f3moda y eficiente durante el verano<\/strong>. Son recomendaciones <strong data-start=\"1169\" data-end=\"1196\">simples, pero efectivas<\/strong>, pensadas para quienes trabajan en <strong data-start=\"1232\" data-end=\"1263\">remoto o en formato h\u00edbrido<\/strong>.<\/p>\n<hr data-start=\"1266\" data-end=\"1269\" \/>\n<h2 data-start=\"1271\" data-end=\"1326\">5 consejos para teletrabajar mejor durante el verano<\/h2>\n<h3 data-start=\"1328\" data-end=\"1364\">1. Aprovecha la luz natural \u2600\ufe0f<\/h3>\n<p data-start=\"1365\" data-end=\"1514\">Ubica tu espacio de trabajo <strong data-start=\"1393\" data-end=\"1417\">cerca de una ventana<\/strong>. Esto <strong data-start=\"1424\" data-end=\"1453\">mejora el estado de \u00e1nimo<\/strong>, reduce la <strong data-start=\"1465\" data-end=\"1482\">fatiga visual<\/strong> y <strong data-start=\"1485\" data-end=\"1513\">aumenta la concentraci\u00f3n<\/strong>.<\/p>\n<h3 data-start=\"1516\" data-end=\"1563\">2. Ajusta tus horarios seg\u00fan el clima \ud83c\udf21\ufe0f<\/h3>\n<p data-start=\"1564\" data-end=\"1751\">Si cuentas con <strong data-start=\"1579\" data-end=\"1603\">flexibilidad horaria<\/strong>, organiza las tareas m\u00e1s <strong data-start=\"1629\" data-end=\"1642\">exigentes<\/strong> en las <strong data-start=\"1650\" data-end=\"1671\">horas m\u00e1s frescas<\/strong> del d\u00eda. As\u00ed podr\u00e1s <strong data-start=\"1692\" data-end=\"1715\">mantener el enfoque<\/strong> y <strong data-start=\"1718\" data-end=\"1750\">evitar el cansancio excesivo<\/strong>.<\/p>\n<h3 data-start=\"1753\" data-end=\"1795\">3. Hidr\u00e1tate y haz pausas activas \ud83e\udd64<\/h3>\n<p data-start=\"1796\" data-end=\"1935\">Tomar <strong data-start=\"1802\" data-end=\"1825\">agua con frecuencia<\/strong> y realizar <strong data-start=\"1837\" data-end=\"1861\">breves estiramientos<\/strong> durante la jornada contribuye a mejorar el <strong data-start=\"1905\" data-end=\"1934\">bienestar f\u00edsico y mental<\/strong>.<\/p>\n<h3 data-start=\"1937\" data-end=\"1998\">4. Define l\u00edmites claros entre trabajo y descanso \ud83e\uddd8\u200d\u2640\ufe0f<\/h3>\n<p data-start=\"1999\" data-end=\"2150\">En verano es f\u00e1cil que los <strong data-start=\"2026\" data-end=\"2059\">horarios laborales se diluyan<\/strong>. Por eso, es clave <strong data-start=\"2079\" data-end=\"2106\">mantener rutinas claras<\/strong> y <strong data-start=\"2109\" data-end=\"2149\">desconectarte al final de la jornada<\/strong>.<\/p>\n<h3 data-start=\"2152\" data-end=\"2190\">5. Ordena tu entorno digital \ud83d\udda5\ufe0f<\/h3>\n<p data-start=\"2191\" data-end=\"2374\">Silencia <strong data-start=\"2200\" data-end=\"2231\">notificaciones innecesarias<\/strong>, organiza tu <strong data-start=\"2245\" data-end=\"2267\">escritorio virtual<\/strong> y <strong data-start=\"2270\" data-end=\"2289\">prioriza tareas<\/strong>. Un entorno limpio ayuda a <strong data-start=\"2317\" data-end=\"2341\">evitar distracciones<\/strong> y <strong data-start=\"2344\" data-end=\"2373\">trabajar con m\u00e1s claridad<\/strong>.<\/p>\n<hr data-start=\"2376\" data-end=\"2379\" \/>\n<h2 data-start=\"2381\" data-end=\"2437\">En METRICA, el bienestar tambi\u00e9n es parte del trabajo<\/h2>\n<p data-start=\"2439\" data-end=\"2692\">Estos consejos forman parte de nuestra <strong data-start=\"2478\" data-end=\"2506\">filosof\u00eda organizacional<\/strong>, que <strong data-start=\"2512\" data-end=\"2543\">prioriza la calidad de vida<\/strong> de las personas <strong data-start=\"2560\" data-end=\"2592\">sin descuidar los resultados<\/strong>. Creemos que un <strong data-start=\"2609\" data-end=\"2649\">entorno laboral saludable y flexible<\/strong> es una <strong data-start=\"2657\" data-end=\"2691\">palanca real de transformaci\u00f3n<\/strong>.<\/p>\n","protected":false},"excerpt":{"rendered":"<p>Descubre 5 consejos para teletrabajar en verano sin perder productividad ni bienestar. METRICA promueve flexibilidad laboral y equilibrio en Per\u00fa.<\/p>\n","protected":false},"author":2,"featured_media":13037,"comment_status":"open","ping_status":"open","sticky":false,"template":"","format":"standard","meta":{"content-type":"","footnotes":""},"categories":[1155,1463],"tags":[3062,3060,3065,3063,1419,3061,1162,1221,3059,3064],"class_list":["post-13084","post","type-post","status-publish","format-standard","has-post-thumbnail","hentry","category-actualidad-pe","category-calidad-pe","tag-bienestar-laboral-pe","tag-consejos-teletrabajo-pe","tag-cultura-organizacional-humana-pe","tag-flexibilidad-laboral-pe","tag-metrica-pe","tag-productividad-en-verano-pe","tag-sector-it-pe","tag-tecnologia-pe","tag-teletrabajo-en-verano-pe","tag-trabajar-desde-casa-pe"],"yoast_head":"<!-- This site is optimized with the Yoast SEO plugin v25.9 - https:\/\/yoast.com\/wordpress\/plugins\/seo\/ -->\n<title>C\u00f3mo teletrabajar en verano sin perder productividad ni bienestar - METRICA<\/title>\n<meta name=\"robots\" content=\"index, follow, max-snippet:-1, max-image-preview:large, max-video-preview:-1\" \/>\n<link rel=\"canonical\" href=\"https:\/\/www.metrica-global.com\/pe\/como-teletrabajar-en-verano-sin-perder-productividad-ni-bienestar\/\" \/>\n<meta property=\"og:locale\" content=\"es_ES\" \/>\n<meta property=\"og:type\" content=\"article\" \/>\n<meta property=\"og:title\" content=\"C\u00f3mo teletrabajar en verano sin perder productividad ni bienestar - METRICA\" \/>\n<meta property=\"og:description\" content=\"Descubre 5 consejos para teletrabajar en verano sin perder productividad ni bienestar. METRICA promueve flexibilidad laboral y equilibrio en Per\u00fa.\" \/>\n<meta property=\"og:url\" content=\"https:\/\/www.metrica-global.com\/pe\/como-teletrabajar-en-verano-sin-perder-productividad-ni-bienestar\/\" \/>\n<meta property=\"og:site_name\" content=\"METRICA\" \/>\n<meta property=\"article:published_time\" content=\"2025-08-07T07:57:09+00:00\" \/>\n<meta property=\"article:modified_time\" content=\"2025-08-26T10:19:24+00:00\" \/>\n<meta property=\"og:image\" content=\"https:\/\/www.metrica-global.com\/wp-content\/uploads\/2025\/08\/banner-teletrabajo-1.jpg\" \/>\n\t<meta property=\"og:image:width\" content=\"2560\" \/>\n\t<meta property=\"og:image:height\" content=\"1280\" \/>\n\t<meta property=\"og:image:type\" content=\"image\/jpeg\" \/>\n<meta name=\"author\" content=\"metrica\" \/>\n<meta name=\"twitter:card\" content=\"summary_large_image\" \/>\n<meta name=\"twitter:creator\" content=\"@desarrollo\" \/>\n<meta name=\"twitter:label1\" content=\"Written by\" \/>\n\t<meta name=\"twitter:data1\" content=\"metrica\" \/>\n\t<meta name=\"twitter:label2\" content=\"Est. reading time\" \/>\n\t<meta name=\"twitter:data2\" content=\"2 minutes\" \/>\n<script type=\"application\/ld+json\" class=\"yoast-schema-graph\">{\"@context\":\"https:\/\/schema.org\",\"@graph\":[{\"@type\":\"Article\",\"@id\":\"https:\/\/www.metrica-global.com\/pe\/como-teletrabajar-en-verano-sin-perder-productividad-ni-bienestar\/#article\",\"isPartOf\":{\"@id\":\"https:\/\/www.metrica-global.com\/pe\/como-teletrabajar-en-verano-sin-perder-productividad-ni-bienestar\/\"},\"author\":{\"name\":\"metrica\",\"@id\":\"https:\/\/www.metrica-global.com\/#\/schema\/person\/2f4208bdc63892f387a04f4106dd0fcb\"},\"headline\":\"C\u00f3mo teletrabajar en verano sin perder productividad ni bienestar\",\"datePublished\":\"2025-08-07T07:57:09+00:00\",\"dateModified\":\"2025-08-26T10:19:24+00:00\",\"mainEntityOfPage\":{\"@id\":\"https:\/\/www.metrica-global.com\/pe\/como-teletrabajar-en-verano-sin-perder-productividad-ni-bienestar\/\"},\"wordCount\":365,\"commentCount\":0,\"publisher\":{\"@id\":\"https:\/\/www.metrica-global.com\/#organization\"},\"image\":{\"@id\":\"https:\/\/www.metrica-global.com\/pe\/como-teletrabajar-en-verano-sin-perder-productividad-ni-bienestar\/#primaryimage\"},\"thumbnailUrl\":\"https:\/\/www.metrica-global.com\/wp-content\/uploads\/2025\/08\/banner-teletrabajo-1.jpg\",\"keywords\":[\"bienestar laboral\",\"consejos teletrabajo\",\"cultura organizacional humana\",\"flexibilidad laboral\",\"M\u00e9trica\",\"productividad en verano\",\"Sector IT\",\"Tecnolog\u00eda\",\"teletrabajo en verano\",\"trabajar desde casa\"],\"articleSection\":[\"Actualidad\",\"Calidad\"],\"inLanguage\":\"es-PE\",\"potentialAction\":[{\"@type\":\"CommentAction\",\"name\":\"Comment\",\"target\":[\"https:\/\/www.metrica-global.com\/pe\/como-teletrabajar-en-verano-sin-perder-productividad-ni-bienestar\/#respond\"]}]},{\"@type\":\"WebPage\",\"@id\":\"https:\/\/www.metrica-global.com\/pe\/como-teletrabajar-en-verano-sin-perder-productividad-ni-bienestar\/\",\"url\":\"https:\/\/www.metrica-global.com\/pe\/como-teletrabajar-en-verano-sin-perder-productividad-ni-bienestar\/\",\"name\":\"C\u00f3mo teletrabajar en verano sin perder productividad ni bienestar - METRICA\",\"isPartOf\":{\"@id\":\"https:\/\/www.metrica-global.com\/#website\"},\"primaryImageOfPage\":{\"@id\":\"https:\/\/www.metrica-global.com\/pe\/como-teletrabajar-en-verano-sin-perder-productividad-ni-bienestar\/#primaryimage\"},\"image\":{\"@id\":\"https:\/\/www.metrica-global.com\/pe\/como-teletrabajar-en-verano-sin-perder-productividad-ni-bienestar\/#primaryimage\"},\"thumbnailUrl\":\"https:\/\/www.metrica-global.com\/wp-content\/uploads\/2025\/08\/banner-teletrabajo-1.jpg\",\"datePublished\":\"2025-08-07T07:57:09+00:00\",\"dateModified\":\"2025-08-26T10:19:24+00:00\",\"breadcrumb\":{\"@id\":\"https:\/\/www.metrica-global.com\/pe\/como-teletrabajar-en-verano-sin-perder-productividad-ni-bienestar\/#breadcrumb\"},\"inLanguage\":\"es-PE\",\"potentialAction\":[{\"@type\":\"ReadAction\",\"target\":[\"https:\/\/www.metrica-global.com\/pe\/como-teletrabajar-en-verano-sin-perder-productividad-ni-bienestar\/\"]}]},{\"@type\":\"ImageObject\",\"inLanguage\":\"es-PE\",\"@id\":\"https:\/\/www.metrica-global.com\/pe\/como-teletrabajar-en-verano-sin-perder-productividad-ni-bienestar\/#primaryimage\",\"url\":\"https:\/\/www.metrica-global.com\/wp-content\/uploads\/2025\/08\/banner-teletrabajo-1.jpg\",\"contentUrl\":\"https:\/\/www.metrica-global.com\/wp-content\/uploads\/2025\/08\/banner-teletrabajo-1.jpg\",\"width\":2560,\"height\":1280},{\"@type\":\"BreadcrumbList\",\"@id\":\"https:\/\/www.metrica-global.com\/pe\/como-teletrabajar-en-verano-sin-perder-productividad-ni-bienestar\/#breadcrumb\",\"itemListElement\":[{\"@type\":\"ListItem\",\"position\":1,\"name\":\"Portada\",\"item\":\"https:\/\/www.metrica-global.com\/en\/\"},{\"@type\":\"ListItem\",\"position\":2,\"name\":\"C\u00f3mo teletrabajar en verano sin perder productividad ni bienestar\"}]},{\"@type\":\"WebSite\",\"@id\":\"https:\/\/www.metrica-global.com\/#website\",\"url\":\"https:\/\/www.metrica-global.com\/\",\"name\":\"METRICA\",\"description\":\"Servicios Globales IT\",\"publisher\":{\"@id\":\"https:\/\/www.metrica-global.com\/#organization\"},\"potentialAction\":[{\"@type\":\"SearchAction\",\"target\":{\"@type\":\"EntryPoint\",\"urlTemplate\":\"https:\/\/www.metrica-global.com\/?s={search_term_string}\"},\"query-input\":{\"@type\":\"PropertyValueSpecification\",\"valueRequired\":true,\"valueName\":\"search_term_string\"}}],\"inLanguage\":\"es-PE\"},{\"@type\":\"Organization\",\"@id\":\"https:\/\/www.metrica-global.com\/#organization\",\"name\":\"METRICA\",\"url\":\"https:\/\/www.metrica-global.com\/\",\"logo\":{\"@type\":\"ImageObject\",\"inLanguage\":\"es-PE\",\"@id\":\"https:\/\/www.metrica-global.com\/#\/schema\/logo\/image\/\",\"url\":\"https:\/\/www.metrica-global.com\/wp-content\/uploads\/2023\/12\/logo-metrica.png\",\"contentUrl\":\"https:\/\/www.metrica-global.com\/wp-content\/uploads\/2023\/12\/logo-metrica.png\",\"width\":332,\"height\":58,\"caption\":\"METRICA\"},\"image\":{\"@id\":\"https:\/\/www.metrica-global.com\/#\/schema\/logo\/image\/\"}},{\"@type\":\"Person\",\"@id\":\"https:\/\/www.metrica-global.com\/#\/schema\/person\/2f4208bdc63892f387a04f4106dd0fcb\",\"name\":\"metrica\",\"image\":{\"@type\":\"ImageObject\",\"inLanguage\":\"es-PE\",\"@id\":\"https:\/\/www.metrica-global.com\/#\/schema\/person\/image\/\",\"url\":\"https:\/\/secure.gravatar.com\/avatar\/735533d52394faf02a8736d8f477256b9fb421f39d81c48c55ea37c267061786?s=96&d=mm&r=g\",\"contentUrl\":\"https:\/\/secure.gravatar.com\/avatar\/735533d52394faf02a8736d8f477256b9fb421f39d81c48c55ea37c267061786?s=96&d=mm&r=g\",\"caption\":\"metrica\"},\"sameAs\":[\"https:\/\/x.com\/desarrollo\"],\"url\":\"https:\/\/www.metrica-global.com\/pe\/author\/metrica\/\"}]}<\/script>\n<!-- \/ Yoast SEO plugin. -->","yoast_head_json":{"title":"C\u00f3mo teletrabajar en verano sin perder productividad ni bienestar - METRICA","robots":{"index":"index","follow":"follow","max-snippet":"max-snippet:-1","max-image-preview":"max-image-preview:large","max-video-preview":"max-video-preview:-1"},"canonical":"https:\/\/www.metrica-global.com\/pe\/como-teletrabajar-en-verano-sin-perder-productividad-ni-bienestar\/","og_locale":"es_ES","og_type":"article","og_title":"C\u00f3mo teletrabajar en verano sin perder productividad ni bienestar - METRICA","og_description":"Descubre 5 consejos para teletrabajar en verano sin perder productividad ni bienestar. METRICA promueve flexibilidad laboral y equilibrio en Per\u00fa.","og_url":"https:\/\/www.metrica-global.com\/pe\/como-teletrabajar-en-verano-sin-perder-productividad-ni-bienestar\/","og_site_name":"METRICA","article_published_time":"2025-08-07T07:57:09+00:00","article_modified_time":"2025-08-26T10:19:24+00:00","og_image":[{"width":2560,"height":1280,"url":"https:\/\/www.metrica-global.com\/wp-content\/uploads\/2025\/08\/banner-teletrabajo-1.jpg","type":"image\/jpeg"}],"author":"metrica","twitter_card":"summary_large_image","twitter_creator":"@desarrollo","twitter_misc":{"Written by":"metrica","Est. reading time":"2 minutes"},"schema":{"@context":"https:\/\/schema.org","@graph":[{"@type":"Article","@id":"https:\/\/www.metrica-global.com\/pe\/como-teletrabajar-en-verano-sin-perder-productividad-ni-bienestar\/#article","isPartOf":{"@id":"https:\/\/www.metrica-global.com\/pe\/como-teletrabajar-en-verano-sin-perder-productividad-ni-bienestar\/"},"author":{"name":"metrica","@id":"https:\/\/www.metrica-global.com\/#\/schema\/person\/2f4208bdc63892f387a04f4106dd0fcb"},"headline":"C\u00f3mo teletrabajar en verano sin perder productividad ni bienestar","datePublished":"2025-08-07T07:57:09+00:00","dateModified":"2025-08-26T10:19:24+00:00","mainEntityOfPage":{"@id":"https:\/\/www.metrica-global.com\/pe\/como-teletrabajar-en-verano-sin-perder-productividad-ni-bienestar\/"},"wordCount":365,"commentCount":0,"publisher":{"@id":"https:\/\/www.metrica-global.com\/#organization"},"image":{"@id":"https:\/\/www.metrica-global.com\/pe\/como-teletrabajar-en-verano-sin-perder-productividad-ni-bienestar\/#primaryimage"},"thumbnailUrl":"https:\/\/www.metrica-global.com\/wp-content\/uploads\/2025\/08\/banner-teletrabajo-1.jpg","keywords":["bienestar laboral","consejos teletrabajo","cultura organizacional humana","flexibilidad laboral","M\u00e9trica","productividad en verano","Sector IT","Tecnolog\u00eda","teletrabajo en verano","trabajar desde casa"],"articleSection":["Actualidad","Calidad"],"inLanguage":"es-PE","potentialAction":[{"@type":"CommentAction","name":"Comment","target":["https:\/\/www.metrica-global.com\/pe\/como-teletrabajar-en-verano-sin-perder-productividad-ni-bienestar\/#respond"]}]},{"@type":"WebPage","@id":"https:\/\/www.metrica-global.com\/pe\/como-teletrabajar-en-verano-sin-perder-productividad-ni-bienestar\/","url":"https:\/\/www.metrica-global.com\/pe\/como-teletrabajar-en-verano-sin-perder-productividad-ni-bienestar\/","name":"C\u00f3mo teletrabajar en verano sin perder productividad ni bienestar - METRICA","isPartOf":{"@id":"https:\/\/www.metrica-global.com\/#website"},"primaryImageOfPage":{"@id":"https:\/\/www.metrica-global.com\/pe\/como-teletrabajar-en-verano-sin-perder-productividad-ni-bienestar\/#primaryimage"},"image":{"@id":"https:\/\/www.metrica-global.com\/pe\/como-teletrabajar-en-verano-sin-perder-productividad-ni-bienestar\/#primaryimage"},"thumbnailUrl":"https:\/\/www.metrica-global.com\/wp-content\/uploads\/2025\/08\/banner-teletrabajo-1.jpg","datePublished":"2025-08-07T07:57:09+00:00","dateModified":"2025-08-26T10:19:24+00:00","breadcrumb":{"@id":"https:\/\/www.metrica-global.com\/pe\/como-teletrabajar-en-verano-sin-perder-productividad-ni-bienestar\/#breadcrumb"},"inLanguage":"es-PE","potentialAction":[{"@type":"ReadAction","target":["https:\/\/www.metrica-global.com\/pe\/como-teletrabajar-en-verano-sin-perder-productividad-ni-bienestar\/"]}]},{"@type":"ImageObject","inLanguage":"es-PE","@id":"https:\/\/www.metrica-global.com\/pe\/como-teletrabajar-en-verano-sin-perder-productividad-ni-bienestar\/#primaryimage","url":"https:\/\/www.metrica-global.com\/wp-content\/uploads\/2025\/08\/banner-teletrabajo-1.jpg","contentUrl":"https:\/\/www.metrica-global.com\/wp-content\/uploads\/2025\/08\/banner-teletrabajo-1.jpg","width":2560,"height":1280},{"@type":"BreadcrumbList","@id":"https:\/\/www.metrica-global.com\/pe\/como-teletrabajar-en-verano-sin-perder-productividad-ni-bienestar\/#breadcrumb","itemListElement":[{"@type":"ListItem","position":1,"name":"Portada","item":"https:\/\/www.metrica-global.com\/en\/"},{"@type":"ListItem","position":2,"name":"C\u00f3mo teletrabajar en verano sin perder productividad ni bienestar"}]},{"@type":"WebSite","@id":"https:\/\/www.metrica-global.com\/#website","url":"https:\/\/www.metrica-global.com\/","name":"METRICA","description":"Servicios Globales IT","publisher":{"@id":"https:\/\/www.metrica-global.com\/#organization"},"potentialAction":[{"@type":"SearchAction","target":{"@type":"EntryPoint","urlTemplate":"https:\/\/www.metrica-global.com\/?s={search_term_string}"},"query-input":{"@type":"PropertyValueSpecification","valueRequired":true,"valueName":"search_term_string"}}],"inLanguage":"es-PE"},{"@type":"Organization","@id":"https:\/\/www.metrica-global.com\/#organization","name":"METRICA","url":"https:\/\/www.metrica-global.com\/","logo":{"@type":"ImageObject","inLanguage":"es-PE","@id":"https:\/\/www.metrica-global.com\/#\/schema\/logo\/image\/","url":"https:\/\/www.metrica-global.com\/wp-content\/uploads\/2023\/12\/logo-metrica.png","contentUrl":"https:\/\/www.metrica-global.com\/wp-content\/uploads\/2023\/12\/logo-metrica.png","width":332,"height":58,"caption":"METRICA"},"image":{"@id":"https:\/\/www.metrica-global.com\/#\/schema\/logo\/image\/"}},{"@type":"Person","@id":"https:\/\/www.metrica-global.com\/#\/schema\/person\/2f4208bdc63892f387a04f4106dd0fcb","name":"metrica","image":{"@type":"ImageObject","inLanguage":"es-PE","@id":"https:\/\/www.metrica-global.com\/#\/schema\/person\/image\/","url":"https:\/\/secure.gravatar.com\/avatar\/735533d52394faf02a8736d8f477256b9fb421f39d81c48c55ea37c267061786?s=96&d=mm&r=g","contentUrl":"https:\/\/secure.gravatar.com\/avatar\/735533d52394faf02a8736d8f477256b9fb421f39d81c48c55ea37c267061786?s=96&d=mm&r=g","caption":"metrica"},"sameAs":["https:\/\/x.com\/desarrollo"],"url":"https:\/\/www.metrica-global.com\/pe\/author\/metrica\/"}]}},"_links":{"self":[{"href":"https:\/\/www.metrica-global.com\/pe\/wp-json\/wp\/v2\/posts\/13084","targetHints":{"allow":["GET"]}}],"collection":[{"href":"https:\/\/www.metrica-global.com\/pe\/wp-json\/wp\/v2\/posts"}],"about":[{"href":"https:\/\/www.metrica-global.com\/pe\/wp-json\/wp\/v2\/types\/post"}],"author":[{"embeddable":true,"href":"https:\/\/www.metrica-global.com\/pe\/wp-json\/wp\/v2\/users\/2"}],"replies":[{"embeddable":true,"href":"https:\/\/www.metrica-global.com\/pe\/wp-json\/wp\/v2\/comments?post=13084"}],"version-history":[{"count":3,"href":"https:\/\/www.metrica-global.com\/pe\/wp-json\/wp\/v2\/posts\/13084\/revisions"}],"predecessor-version":[{"id":13107,"href":"https:\/\/www.metrica-global.com\/pe\/wp-json\/wp\/v2\/posts\/13084\/revisions\/13107"}],"wp:featuredmedia":[{"embeddable":true,"href":"https:\/\/www.metrica-global.com\/pe\/wp-json\/wp\/v2\/media\/13037"}],"wp:attachment":[{"href":"https:\/\/www.metrica-global.com\/pe\/wp-json\/wp\/v2\/media?parent=13084"}],"wp:term":[{"taxonomy":"category","embeddable":true,"href":"https:\/\/www.metrica-global.com\/pe\/wp-json\/wp\/v2\/categories?post=13084"},{"taxonomy":"post_tag","embeddable":true,"href":"https:\/\/www.metrica-global.com\/pe\/wp-json\/wp\/v2\/tags?post=13084"}],"curies":[{"name":"wp","href":"https:\/\/api.w.org\/{rel}","templated":true}]}}