{"id":13086,"date":"2025-07-18T09:02:10","date_gmt":"2025-07-18T07:02:10","guid":{"rendered":"https:\/\/www.metrica-global.com\/inteligencia-artificial-en-el-mundo-corporativo-de-la-promesa-a-la-accion\/"},"modified":"2025-08-26T12:21:10","modified_gmt":"2025-08-26T10:21:10","slug":"inteligencia-artificial-en-el-mundo-corporativo-de-la-promesa-a-la-accion","status":"publish","type":"post","link":"https:\/\/www.metrica-global.com\/pe\/inteligencia-artificial-en-el-mundo-corporativo-de-la-promesa-a-la-accion\/","title":{"rendered":"Inteligencia Artificial en el mundo corporativo: de la promesa a la acci\u00f3n"},"content":{"rendered":"<p data-start=\"293\" data-end=\"614\">Durante a\u00f1os, la <strong data-start=\"310\" data-end=\"342\">inteligencia artificial (IA)<\/strong> fue vista como una <strong data-start=\"362\" data-end=\"398\">tecnolog\u00eda lejana y experimental<\/strong>. Hoy, esa percepci\u00f3n ha cambiado radicalmente. La IA ya no pertenece solo a laboratorios o grandes compa\u00f1\u00edas tecnol\u00f3gicas: <strong data-start=\"522\" data-end=\"611\">ha llegado a las empresas y est\u00e1 transformando la forma de trabajar, decidir y crecer<\/strong>.<\/p>\n<p data-start=\"616\" data-end=\"941\">En un contexto donde las organizaciones enfrentan <strong data-start=\"666\" data-end=\"726\">presi\u00f3n por ser m\u00e1s eficientes, personalizadas y r\u00e1pidas<\/strong>, la IA se convierte en <strong data-start=\"750\" data-end=\"797\">una palanca esencial para la competitividad<\/strong>. Ya no hablamos de una opci\u00f3n futura: es una <strong data-start=\"843\" data-end=\"865\">oportunidad actual<\/strong> para avanzar <strong data-start=\"879\" data-end=\"940\">con m\u00e1s foco, mejores datos y decisiones m\u00e1s inteligentes<\/strong>.<\/p>\n<hr data-start=\"943\" data-end=\"946\" \/>\n<h2 data-start=\"948\" data-end=\"989\">IA: un nuevo est\u00e1ndar de productividad<\/h2>\n<p data-start=\"991\" data-end=\"1303\">Las organizaciones que ya integran <strong data-start=\"1026\" data-end=\"1053\">inteligencia artificial<\/strong> en sus operaciones est\u00e1n obteniendo <strong data-start=\"1090\" data-end=\"1114\">beneficios concretos<\/strong>. Desde la <strong data-start=\"1125\" data-end=\"1164\">automatizaci\u00f3n de tareas rutinarias<\/strong> hasta la <strong data-start=\"1174\" data-end=\"1226\">toma de decisiones basada en an\u00e1lisis predictivo<\/strong>, la IA permite <strong data-start=\"1242\" data-end=\"1302\">ahorrar tiempo, reducir errores y generar valor continuo<\/strong>.<\/p>\n<p data-start=\"1305\" data-end=\"1337\">Algunos impactos visibles son:<\/p>\n<ul data-start=\"1338\" data-end=\"1884\">\n<li data-start=\"1338\" data-end=\"1441\">\n<p data-start=\"1340\" data-end=\"1441\"><strong data-start=\"1340\" data-end=\"1358\">Automatizaci\u00f3n<\/strong> de tareas repetitivas como generaci\u00f3n de informes o clasificaci\u00f3n de documentos.<\/p>\n<\/li>\n<li data-start=\"1442\" data-end=\"1580\">\n<p data-start=\"1444\" data-end=\"1580\"><strong data-start=\"1444\" data-end=\"1497\">Asistentes virtuales y copilotos de productividad<\/strong>, que optimizan el uso de herramientas y facilitan el acceso a informaci\u00f3n clave.<\/p>\n<\/li>\n<li data-start=\"1581\" data-end=\"1691\">\n<p data-start=\"1583\" data-end=\"1691\"><strong data-start=\"1583\" data-end=\"1613\">An\u00e1lisis de datos avanzado<\/strong>, que combina m\u00faltiples fuentes para ofrecer recomendaciones personalizadas.<\/p>\n<\/li>\n<li data-start=\"1692\" data-end=\"1786\">\n<p data-start=\"1694\" data-end=\"1786\"><strong data-start=\"1694\" data-end=\"1742\">Predicciones de comportamiento y rendimiento<\/strong>, tanto en clientes como en colaboradores.<\/p>\n<\/li>\n<li data-start=\"1787\" data-end=\"1884\">\n<p data-start=\"1789\" data-end=\"1884\"><strong data-start=\"1789\" data-end=\"1827\">Contenido generado autom\u00e1ticamente<\/strong>, coherente con el tono y objetivos de la organizaci\u00f3n.<\/p>\n<\/li>\n<\/ul>\n<p data-start=\"1886\" data-end=\"2015\">M\u00e1s all\u00e1 de estas aplicaciones, el gran cambio es <strong data-start=\"1936\" data-end=\"1948\">cultural<\/strong>: la IA redefine la relaci\u00f3n entre personas, procesos y tecnolog\u00eda.<\/p>\n<hr data-start=\"2017\" data-end=\"2020\" \/>\n<h2 data-start=\"2022\" data-end=\"2074\">M\u00e1s all\u00e1 de la tecnolog\u00eda: el reto organizacional<\/h2>\n<p data-start=\"2076\" data-end=\"2135\">Adoptar IA no es solo una decisi\u00f3n tecnol\u00f3gica. Requiere:<\/p>\n<ul data-start=\"2136\" data-end=\"2347\">\n<li data-start=\"2136\" data-end=\"2170\">\n<p data-start=\"2138\" data-end=\"2170\"><strong data-start=\"2138\" data-end=\"2167\">Ajustar procesos internos<\/strong>.<\/p>\n<\/li>\n<li data-start=\"2171\" data-end=\"2215\">\n<p data-start=\"2173\" data-end=\"2215\"><strong data-start=\"2173\" data-end=\"2192\">Redefinir roles<\/strong> y responsabilidades.<\/p>\n<\/li>\n<li data-start=\"2216\" data-end=\"2269\">\n<p data-start=\"2218\" data-end=\"2269\"><strong data-start=\"2218\" data-end=\"2251\">Fomentar aprendizaje continuo<\/strong> en los equipos.<\/p>\n<\/li>\n<li data-start=\"2270\" data-end=\"2347\">\n<p data-start=\"2272\" data-end=\"2347\">Establecer <strong data-start=\"2283\" data-end=\"2344\">criterios claros de gobernanza y \u00e9tica en el uso de datos<\/strong>.<\/p>\n<\/li>\n<\/ul>\n<p data-start=\"2349\" data-end=\"2509\">Las empresas que avanzan con <strong data-start=\"2378\" data-end=\"2422\">visi\u00f3n estrat\u00e9gica y formaci\u00f3n constante<\/strong> son las que logran <strong data-start=\"2442\" data-end=\"2508\">capitalizar el potencial de la IA de manera sostenible y \u00e9tica<\/strong>.<\/p>\n<hr data-start=\"2511\" data-end=\"2514\" \/>\n<h2 data-start=\"2516\" data-end=\"2538\">\u00bfPor d\u00f3nde empezar?<\/h2>\n<p data-start=\"2540\" data-end=\"2631\">Una de las preguntas m\u00e1s comunes en las organizaciones es:<br data-start=\"2598\" data-end=\"2601\" \/><strong data-start=\"2601\" data-end=\"2629\">\u201c\u00bfPor d\u00f3nde comenzamos?\u201d<\/strong><\/p>\n<p data-start=\"2633\" data-end=\"2760\">La respuesta m\u00e1s efectiva es iniciar con un <strong data-start=\"2677\" data-end=\"2717\">caso de uso concreto, medible y \u00fatil<\/strong>, lo que se conoce como un <strong data-start=\"2744\" data-end=\"2757\">Quick Win<\/strong>.<\/p>\n<p data-start=\"2762\" data-end=\"2784\">Desde ah\u00ed, se puede:<\/p>\n<ul data-start=\"2785\" data-end=\"2943\">\n<li data-start=\"2785\" data-end=\"2830\">\n<p data-start=\"2787\" data-end=\"2830\"><strong data-start=\"2787\" data-end=\"2809\">Escalar soluciones<\/strong> hacia otras \u00e1reas.<\/p>\n<\/li>\n<li data-start=\"2831\" data-end=\"2880\">\n<p data-start=\"2833\" data-end=\"2880\"><strong data-start=\"2833\" data-end=\"2851\">Formar equipos<\/strong> en competencias digitales.<\/p>\n<\/li>\n<li data-start=\"2881\" data-end=\"2943\">\n<p data-start=\"2883\" data-end=\"2943\"><strong data-start=\"2883\" data-end=\"2917\">Integrar la IA progresivamente<\/strong> en la operaci\u00f3n diaria.<\/p>\n<\/li>\n<\/ul>\n<p data-start=\"2945\" data-end=\"3039\">El objetivo no es hacerlo todo al mismo tiempo, sino <strong data-start=\"2998\" data-end=\"3038\">avanzar paso a paso con impacto real<\/strong>.<\/p>\n<hr data-start=\"3041\" data-end=\"3044\" \/>\n<h2 data-start=\"3046\" data-end=\"3103\">IA en Per\u00fa: una oportunidad que no podemos dejar pasar<\/h2>\n<p data-start=\"3105\" data-end=\"3346\">La inteligencia artificial ya es una realidad en el mundo corporativo. En Per\u00fa, representa un <strong data-start=\"3199\" data-end=\"3251\">desaf\u00edo y, al mismo tiempo, una gran oportunidad<\/strong> para mejorar la productividad, optimizar procesos y ofrecer experiencias m\u00e1s personalizadas.<\/p>\n<p data-start=\"3348\" data-end=\"3523\">El futuro de la IA no es solo tecnol\u00f3gico: es humano, estrat\u00e9gico y organizativo. Las empresas que <strong data-start=\"3447\" data-end=\"3474\">entiendan esta din\u00e1mica<\/strong> estar\u00e1n mejor preparadas para liderar el cambio.<\/p>\n","protected":false},"excerpt":{"rendered":"<p>Descubre c\u00f3mo la inteligencia artificial transforma el mundo corporativo en Per\u00fa: casos de uso, retos organizativos y oportunidades para las empresas.<\/p>\n","protected":false},"author":2,"featured_media":12042,"comment_status":"open","ping_status":"open","sticky":false,"template":"","format":"standard","meta":{"content-type":"","footnotes":""},"categories":[1155,1463,2081],"tags":[3069,3066,3071,1365,1240,1663,1243,3070,3067,3068],"class_list":["post-13086","post","type-post","status-publish","format-standard","has-post-thumbnail","hentry","category-actualidad-pe","category-calidad-pe","category-servicios-pe","tag-asistente-virtual-pe","tag-consultoria-pe","tag-corporativo-pe","tag-ia-pe","tag-inteligencia-artificial-pe","tag-inteligencia-artificial-generativa-pe","tag-nuevas-tecnologias-pe","tag-productividad-pe","tag-proyectos-pe","tag-transformacion-digital-pe"],"yoast_head":"<!-- This site is optimized with the Yoast SEO plugin v25.9 - https:\/\/yoast.com\/wordpress\/plugins\/seo\/ -->\n<title>Inteligencia Artificial en el mundo corporativo: de la promesa a la acci\u00f3n - METRICA<\/title>\n<meta name=\"description\" content=\"La Inteligencia Artificial ha llegado a las empresas para transformar la manera en que trabajan, deciden y crecen. Se trata de una oportunidad para avanzar m\u00e1s r\u00e1pido, con m\u00e1s foco y mejor informaci\u00f3n.\" \/>\n<meta name=\"robots\" content=\"index, follow, max-snippet:-1, max-image-preview:large, max-video-preview:-1\" \/>\n<link rel=\"canonical\" href=\"https:\/\/www.metrica-global.com\/pe\/inteligencia-artificial-en-el-mundo-corporativo-de-la-promesa-a-la-accion\/\" \/>\n<meta property=\"og:locale\" content=\"es_ES\" \/>\n<meta property=\"og:type\" content=\"article\" \/>\n<meta property=\"og:title\" content=\"Inteligencia Artificial en el mundo corporativo: de la promesa a la acci\u00f3n - METRICA\" \/>\n<meta property=\"og:description\" content=\"La Inteligencia Artificial ha llegado a las empresas para transformar la manera en que trabajan, deciden y crecen. Se trata de una oportunidad para avanzar m\u00e1s r\u00e1pido, con m\u00e1s foco y mejor informaci\u00f3n.\" \/>\n<meta property=\"og:url\" content=\"https:\/\/www.metrica-global.com\/pe\/inteligencia-artificial-en-el-mundo-corporativo-de-la-promesa-a-la-accion\/\" \/>\n<meta property=\"og:site_name\" content=\"METRICA\" \/>\n<meta property=\"article:published_time\" content=\"2025-07-18T07:02:10+00:00\" \/>\n<meta property=\"article:modified_time\" content=\"2025-08-26T10:21:10+00:00\" \/>\n<meta property=\"og:image\" content=\"https:\/\/www.metrica-global.com\/wp-content\/uploads\/2025\/07\/AI.jpg\" \/>\n\t<meta property=\"og:image:width\" content=\"1920\" \/>\n\t<meta property=\"og:image:height\" content=\"1080\" \/>\n\t<meta property=\"og:image:type\" content=\"image\/jpeg\" \/>\n<meta name=\"author\" content=\"metrica\" \/>\n<meta name=\"twitter:card\" content=\"summary_large_image\" \/>\n<meta name=\"twitter:creator\" content=\"@desarrollo\" \/>\n<meta name=\"twitter:label1\" content=\"Written by\" \/>\n\t<meta name=\"twitter:data1\" content=\"metrica\" \/>\n\t<meta name=\"twitter:label2\" content=\"Est. reading time\" \/>\n\t<meta name=\"twitter:data2\" content=\"3 minutes\" \/>\n<script type=\"application\/ld+json\" class=\"yoast-schema-graph\">{\"@context\":\"https:\/\/schema.org\",\"@graph\":[{\"@type\":\"Article\",\"@id\":\"https:\/\/www.metrica-global.com\/pe\/inteligencia-artificial-en-el-mundo-corporativo-de-la-promesa-a-la-accion\/#article\",\"isPartOf\":{\"@id\":\"https:\/\/www.metrica-global.com\/pe\/inteligencia-artificial-en-el-mundo-corporativo-de-la-promesa-a-la-accion\/\"},\"author\":{\"name\":\"metrica\",\"@id\":\"https:\/\/www.metrica-global.com\/#\/schema\/person\/2f4208bdc63892f387a04f4106dd0fcb\"},\"headline\":\"Inteligencia Artificial en el mundo corporativo: de la promesa a la acci\u00f3n\",\"datePublished\":\"2025-07-18T07:02:10+00:00\",\"dateModified\":\"2025-08-26T10:21:10+00:00\",\"mainEntityOfPage\":{\"@id\":\"https:\/\/www.metrica-global.com\/pe\/inteligencia-artificial-en-el-mundo-corporativo-de-la-promesa-a-la-accion\/\"},\"wordCount\":504,\"commentCount\":0,\"publisher\":{\"@id\":\"https:\/\/www.metrica-global.com\/#organization\"},\"image\":{\"@id\":\"https:\/\/www.metrica-global.com\/pe\/inteligencia-artificial-en-el-mundo-corporativo-de-la-promesa-a-la-accion\/#primaryimage\"},\"thumbnailUrl\":\"https:\/\/www.metrica-global.com\/wp-content\/uploads\/2025\/07\/AI.jpg\",\"keywords\":[\"asistente virtual\",\"Consultor\u00eda\",\"corporativo\",\"IA\",\"Inteligencia Artificial\",\"inteligencia artificial generativa\",\"Nuevas tecnolog\u00edas\",\"productividad\",\"Proyectos\",\"Transformaci\u00f3n Digital\"],\"articleSection\":[\"Actualidad\",\"Calidad\",\"Servicios\"],\"inLanguage\":\"es-PE\",\"potentialAction\":[{\"@type\":\"CommentAction\",\"name\":\"Comment\",\"target\":[\"https:\/\/www.metrica-global.com\/pe\/inteligencia-artificial-en-el-mundo-corporativo-de-la-promesa-a-la-accion\/#respond\"]}]},{\"@type\":\"WebPage\",\"@id\":\"https:\/\/www.metrica-global.com\/pe\/inteligencia-artificial-en-el-mundo-corporativo-de-la-promesa-a-la-accion\/\",\"url\":\"https:\/\/www.metrica-global.com\/pe\/inteligencia-artificial-en-el-mundo-corporativo-de-la-promesa-a-la-accion\/\",\"name\":\"Inteligencia Artificial en el mundo corporativo: de la promesa a la acci\u00f3n - METRICA\",\"isPartOf\":{\"@id\":\"https:\/\/www.metrica-global.com\/#website\"},\"primaryImageOfPage\":{\"@id\":\"https:\/\/www.metrica-global.com\/pe\/inteligencia-artificial-en-el-mundo-corporativo-de-la-promesa-a-la-accion\/#primaryimage\"},\"image\":{\"@id\":\"https:\/\/www.metrica-global.com\/pe\/inteligencia-artificial-en-el-mundo-corporativo-de-la-promesa-a-la-accion\/#primaryimage\"},\"thumbnailUrl\":\"https:\/\/www.metrica-global.com\/wp-content\/uploads\/2025\/07\/AI.jpg\",\"datePublished\":\"2025-07-18T07:02:10+00:00\",\"dateModified\":\"2025-08-26T10:21:10+00:00\",\"description\":\"La Inteligencia Artificial ha llegado a las empresas para transformar la manera en que trabajan, deciden y crecen. Se trata de una oportunidad para avanzar m\u00e1s r\u00e1pido, con m\u00e1s foco y mejor informaci\u00f3n.\",\"breadcrumb\":{\"@id\":\"https:\/\/www.metrica-global.com\/pe\/inteligencia-artificial-en-el-mundo-corporativo-de-la-promesa-a-la-accion\/#breadcrumb\"},\"inLanguage\":\"es-PE\",\"potentialAction\":[{\"@type\":\"ReadAction\",\"target\":[\"https:\/\/www.metrica-global.com\/pe\/inteligencia-artificial-en-el-mundo-corporativo-de-la-promesa-a-la-accion\/\"]}]},{\"@type\":\"ImageObject\",\"inLanguage\":\"es-PE\",\"@id\":\"https:\/\/www.metrica-global.com\/pe\/inteligencia-artificial-en-el-mundo-corporativo-de-la-promesa-a-la-accion\/#primaryimage\",\"url\":\"https:\/\/www.metrica-global.com\/wp-content\/uploads\/2025\/07\/AI.jpg\",\"contentUrl\":\"https:\/\/www.metrica-global.com\/wp-content\/uploads\/2025\/07\/AI.jpg\",\"width\":1920,\"height\":1080},{\"@type\":\"BreadcrumbList\",\"@id\":\"https:\/\/www.metrica-global.com\/pe\/inteligencia-artificial-en-el-mundo-corporativo-de-la-promesa-a-la-accion\/#breadcrumb\",\"itemListElement\":[{\"@type\":\"ListItem\",\"position\":1,\"name\":\"Portada\",\"item\":\"https:\/\/www.metrica-global.com\/en\/\"},{\"@type\":\"ListItem\",\"position\":2,\"name\":\"Inteligencia Artificial en el mundo corporativo: de la promesa a la acci\u00f3n\"}]},{\"@type\":\"WebSite\",\"@id\":\"https:\/\/www.metrica-global.com\/#website\",\"url\":\"https:\/\/www.metrica-global.com\/\",\"name\":\"METRICA\",\"description\":\"Servicios Globales IT\",\"publisher\":{\"@id\":\"https:\/\/www.metrica-global.com\/#organization\"},\"potentialAction\":[{\"@type\":\"SearchAction\",\"target\":{\"@type\":\"EntryPoint\",\"urlTemplate\":\"https:\/\/www.metrica-global.com\/?s={search_term_string}\"},\"query-input\":{\"@type\":\"PropertyValueSpecification\",\"valueRequired\":true,\"valueName\":\"search_term_string\"}}],\"inLanguage\":\"es-PE\"},{\"@type\":\"Organization\",\"@id\":\"https:\/\/www.metrica-global.com\/#organization\",\"name\":\"METRICA\",\"url\":\"https:\/\/www.metrica-global.com\/\",\"logo\":{\"@type\":\"ImageObject\",\"inLanguage\":\"es-PE\",\"@id\":\"https:\/\/www.metrica-global.com\/#\/schema\/logo\/image\/\",\"url\":\"https:\/\/www.metrica-global.com\/wp-content\/uploads\/2023\/12\/logo-metrica.png\",\"contentUrl\":\"https:\/\/www.metrica-global.com\/wp-content\/uploads\/2023\/12\/logo-metrica.png\",\"width\":332,\"height\":58,\"caption\":\"METRICA\"},\"image\":{\"@id\":\"https:\/\/www.metrica-global.com\/#\/schema\/logo\/image\/\"}},{\"@type\":\"Person\",\"@id\":\"https:\/\/www.metrica-global.com\/#\/schema\/person\/2f4208bdc63892f387a04f4106dd0fcb\",\"name\":\"metrica\",\"image\":{\"@type\":\"ImageObject\",\"inLanguage\":\"es-PE\",\"@id\":\"https:\/\/www.metrica-global.com\/#\/schema\/person\/image\/\",\"url\":\"https:\/\/secure.gravatar.com\/avatar\/735533d52394faf02a8736d8f477256b9fb421f39d81c48c55ea37c267061786?s=96&d=mm&r=g\",\"contentUrl\":\"https:\/\/secure.gravatar.com\/avatar\/735533d52394faf02a8736d8f477256b9fb421f39d81c48c55ea37c267061786?s=96&d=mm&r=g\",\"caption\":\"metrica\"},\"sameAs\":[\"https:\/\/x.com\/desarrollo\"],\"url\":\"https:\/\/www.metrica-global.com\/pe\/author\/metrica\/\"}]}<\/script>\n<!-- \/ Yoast SEO plugin. -->","yoast_head_json":{"title":"Inteligencia Artificial en el mundo corporativo: de la promesa a la acci\u00f3n - METRICA","description":"La Inteligencia Artificial ha llegado a las empresas para transformar la manera en que trabajan, deciden y crecen. Se trata de una oportunidad para avanzar m\u00e1s r\u00e1pido, con m\u00e1s foco y mejor informaci\u00f3n.","robots":{"index":"index","follow":"follow","max-snippet":"max-snippet:-1","max-image-preview":"max-image-preview:large","max-video-preview":"max-video-preview:-1"},"canonical":"https:\/\/www.metrica-global.com\/pe\/inteligencia-artificial-en-el-mundo-corporativo-de-la-promesa-a-la-accion\/","og_locale":"es_ES","og_type":"article","og_title":"Inteligencia Artificial en el mundo corporativo: de la promesa a la acci\u00f3n - METRICA","og_description":"La Inteligencia Artificial ha llegado a las empresas para transformar la manera en que trabajan, deciden y crecen. Se trata de una oportunidad para avanzar m\u00e1s r\u00e1pido, con m\u00e1s foco y mejor informaci\u00f3n.","og_url":"https:\/\/www.metrica-global.com\/pe\/inteligencia-artificial-en-el-mundo-corporativo-de-la-promesa-a-la-accion\/","og_site_name":"METRICA","article_published_time":"2025-07-18T07:02:10+00:00","article_modified_time":"2025-08-26T10:21:10+00:00","og_image":[{"width":1920,"height":1080,"url":"https:\/\/www.metrica-global.com\/wp-content\/uploads\/2025\/07\/AI.jpg","type":"image\/jpeg"}],"author":"metrica","twitter_card":"summary_large_image","twitter_creator":"@desarrollo","twitter_misc":{"Written by":"metrica","Est. reading time":"3 minutes"},"schema":{"@context":"https:\/\/schema.org","@graph":[{"@type":"Article","@id":"https:\/\/www.metrica-global.com\/pe\/inteligencia-artificial-en-el-mundo-corporativo-de-la-promesa-a-la-accion\/#article","isPartOf":{"@id":"https:\/\/www.metrica-global.com\/pe\/inteligencia-artificial-en-el-mundo-corporativo-de-la-promesa-a-la-accion\/"},"author":{"name":"metrica","@id":"https:\/\/www.metrica-global.com\/#\/schema\/person\/2f4208bdc63892f387a04f4106dd0fcb"},"headline":"Inteligencia Artificial en el mundo corporativo: de la promesa a la acci\u00f3n","datePublished":"2025-07-18T07:02:10+00:00","dateModified":"2025-08-26T10:21:10+00:00","mainEntityOfPage":{"@id":"https:\/\/www.metrica-global.com\/pe\/inteligencia-artificial-en-el-mundo-corporativo-de-la-promesa-a-la-accion\/"},"wordCount":504,"commentCount":0,"publisher":{"@id":"https:\/\/www.metrica-global.com\/#organization"},"image":{"@id":"https:\/\/www.metrica-global.com\/pe\/inteligencia-artificial-en-el-mundo-corporativo-de-la-promesa-a-la-accion\/#primaryimage"},"thumbnailUrl":"https:\/\/www.metrica-global.com\/wp-content\/uploads\/2025\/07\/AI.jpg","keywords":["asistente virtual","Consultor\u00eda","corporativo","IA","Inteligencia Artificial","inteligencia artificial generativa","Nuevas tecnolog\u00edas","productividad","Proyectos","Transformaci\u00f3n Digital"],"articleSection":["Actualidad","Calidad","Servicios"],"inLanguage":"es-PE","potentialAction":[{"@type":"CommentAction","name":"Comment","target":["https:\/\/www.metrica-global.com\/pe\/inteligencia-artificial-en-el-mundo-corporativo-de-la-promesa-a-la-accion\/#respond"]}]},{"@type":"WebPage","@id":"https:\/\/www.metrica-global.com\/pe\/inteligencia-artificial-en-el-mundo-corporativo-de-la-promesa-a-la-accion\/","url":"https:\/\/www.metrica-global.com\/pe\/inteligencia-artificial-en-el-mundo-corporativo-de-la-promesa-a-la-accion\/","name":"Inteligencia Artificial en el mundo corporativo: de la promesa a la acci\u00f3n - METRICA","isPartOf":{"@id":"https:\/\/www.metrica-global.com\/#website"},"primaryImageOfPage":{"@id":"https:\/\/www.metrica-global.com\/pe\/inteligencia-artificial-en-el-mundo-corporativo-de-la-promesa-a-la-accion\/#primaryimage"},"image":{"@id":"https:\/\/www.metrica-global.com\/pe\/inteligencia-artificial-en-el-mundo-corporativo-de-la-promesa-a-la-accion\/#primaryimage"},"thumbnailUrl":"https:\/\/www.metrica-global.com\/wp-content\/uploads\/2025\/07\/AI.jpg","datePublished":"2025-07-18T07:02:10+00:00","dateModified":"2025-08-26T10:21:10+00:00","description":"La Inteligencia Artificial ha llegado a las empresas para transformar la manera en que trabajan, deciden y crecen. Se trata de una oportunidad para avanzar m\u00e1s r\u00e1pido, con m\u00e1s foco y mejor informaci\u00f3n.","breadcrumb":{"@id":"https:\/\/www.metrica-global.com\/pe\/inteligencia-artificial-en-el-mundo-corporativo-de-la-promesa-a-la-accion\/#breadcrumb"},"inLanguage":"es-PE","potentialAction":[{"@type":"ReadAction","target":["https:\/\/www.metrica-global.com\/pe\/inteligencia-artificial-en-el-mundo-corporativo-de-la-promesa-a-la-accion\/"]}]},{"@type":"ImageObject","inLanguage":"es-PE","@id":"https:\/\/www.metrica-global.com\/pe\/inteligencia-artificial-en-el-mundo-corporativo-de-la-promesa-a-la-accion\/#primaryimage","url":"https:\/\/www.metrica-global.com\/wp-content\/uploads\/2025\/07\/AI.jpg","contentUrl":"https:\/\/www.metrica-global.com\/wp-content\/uploads\/2025\/07\/AI.jpg","width":1920,"height":1080},{"@type":"BreadcrumbList","@id":"https:\/\/www.metrica-global.com\/pe\/inteligencia-artificial-en-el-mundo-corporativo-de-la-promesa-a-la-accion\/#breadcrumb","itemListElement":[{"@type":"ListItem","position":1,"name":"Portada","item":"https:\/\/www.metrica-global.com\/en\/"},{"@type":"ListItem","position":2,"name":"Inteligencia Artificial en el mundo corporativo: de la promesa a la acci\u00f3n"}]},{"@type":"WebSite","@id":"https:\/\/www.metrica-global.com\/#website","url":"https:\/\/www.metrica-global.com\/","name":"METRICA","description":"Servicios Globales IT","publisher":{"@id":"https:\/\/www.metrica-global.com\/#organization"},"potentialAction":[{"@type":"SearchAction","target":{"@type":"EntryPoint","urlTemplate":"https:\/\/www.metrica-global.com\/?s={search_term_string}"},"query-input":{"@type":"PropertyValueSpecification","valueRequired":true,"valueName":"search_term_string"}}],"inLanguage":"es-PE"},{"@type":"Organization","@id":"https:\/\/www.metrica-global.com\/#organization","name":"METRICA","url":"https:\/\/www.metrica-global.com\/","logo":{"@type":"ImageObject","inLanguage":"es-PE","@id":"https:\/\/www.metrica-global.com\/#\/schema\/logo\/image\/","url":"https:\/\/www.metrica-global.com\/wp-content\/uploads\/2023\/12\/logo-metrica.png","contentUrl":"https:\/\/www.metrica-global.com\/wp-content\/uploads\/2023\/12\/logo-metrica.png","width":332,"height":58,"caption":"METRICA"},"image":{"@id":"https:\/\/www.metrica-global.com\/#\/schema\/logo\/image\/"}},{"@type":"Person","@id":"https:\/\/www.metrica-global.com\/#\/schema\/person\/2f4208bdc63892f387a04f4106dd0fcb","name":"metrica","image":{"@type":"ImageObject","inLanguage":"es-PE","@id":"https:\/\/www.metrica-global.com\/#\/schema\/person\/image\/","url":"https:\/\/secure.gravatar.com\/avatar\/735533d52394faf02a8736d8f477256b9fb421f39d81c48c55ea37c267061786?s=96&d=mm&r=g","contentUrl":"https:\/\/secure.gravatar.com\/avatar\/735533d52394faf02a8736d8f477256b9fb421f39d81c48c55ea37c267061786?s=96&d=mm&r=g","caption":"metrica"},"sameAs":["https:\/\/x.com\/desarrollo"],"url":"https:\/\/www.metrica-global.com\/pe\/author\/metrica\/"}]}},"_links":{"self":[{"href":"https:\/\/www.metrica-global.com\/pe\/wp-json\/wp\/v2\/posts\/13086","targetHints":{"allow":["GET"]}}],"collection":[{"href":"https:\/\/www.metrica-global.com\/pe\/wp-json\/wp\/v2\/posts"}],"about":[{"href":"https:\/\/www.metrica-global.com\/pe\/wp-json\/wp\/v2\/types\/post"}],"author":[{"embeddable":true,"href":"https:\/\/www.metrica-global.com\/pe\/wp-json\/wp\/v2\/users\/2"}],"replies":[{"embeddable":true,"href":"https:\/\/www.metrica-global.com\/pe\/wp-json\/wp\/v2\/comments?post=13086"}],"version-history":[{"count":3,"href":"https:\/\/www.metrica-global.com\/pe\/wp-json\/wp\/v2\/posts\/13086\/revisions"}],"predecessor-version":[{"id":13109,"href":"https:\/\/www.metrica-global.com\/pe\/wp-json\/wp\/v2\/posts\/13086\/revisions\/13109"}],"wp:featuredmedia":[{"embeddable":true,"href":"https:\/\/www.metrica-global.com\/pe\/wp-json\/wp\/v2\/media\/12042"}],"wp:attachment":[{"href":"https:\/\/www.metrica-global.com\/pe\/wp-json\/wp\/v2\/media?parent=13086"}],"wp:term":[{"taxonomy":"category","embeddable":true,"href":"https:\/\/www.metrica-global.com\/pe\/wp-json\/wp\/v2\/categories?post=13086"},{"taxonomy":"post_tag","embeddable":true,"href":"https:\/\/www.metrica-global.com\/pe\/wp-json\/wp\/v2\/tags?post=13086"}],"curies":[{"name":"wp","href":"https:\/\/api.w.org\/{rel}","templated":true}]}}