{"id":13094,"date":"2025-07-07T10:22:57","date_gmt":"2025-07-07T08:22:57","guid":{"rendered":"https:\/\/www.metrica-global.com\/ciberseguridad-en-vacaciones-protege-tu-identidad-digital-este-verano\/"},"modified":"2025-08-26T12:33:51","modified_gmt":"2025-08-26T10:33:51","slug":"ciberseguridad-en-vacaciones-protege-tu-identidad-digital-este-verano","status":"publish","type":"post","link":"https:\/\/www.metrica-global.com\/pe\/ciberseguridad-en-vacaciones-protege-tu-identidad-digital-este-verano\/","title":{"rendered":"Ciberseguridad en vacaciones: protege tu identidad digital este verano"},"content":{"rendered":"<p data-start=\"321\" data-end=\"573\">El verano es sin\u00f3nimo de descanso, viajes y desconexi\u00f3n. Pero tambi\u00e9n es una de las \u00e9pocas con <strong data-start=\"416\" data-end=\"462\">mayor actividad para los ciberdelincuentes<\/strong>. Cuando las personas bajan la guardia, los <strong data-start=\"506\" data-end=\"570\">riesgos de sufrir un ciberataque aumentan significativamente<\/strong>.<\/p>\n<p data-start=\"575\" data-end=\"782\">En este art\u00edculo, desde <strong data-start=\"599\" data-end=\"610\">METRICA<\/strong> te explicamos por qu\u00e9 es importante prestar atenci\u00f3n a la <strong data-start=\"669\" data-end=\"701\">ciberseguridad en vacaciones<\/strong> y qu\u00e9 medidas puedes tomar para <strong data-start=\"734\" data-end=\"779\">proteger tu identidad digital y tu dinero<\/strong>.<\/p>\n<hr data-start=\"784\" data-end=\"787\" \/>\n<h2 data-start=\"789\" data-end=\"844\">\u00bfPor qu\u00e9 aumentan los fraudes digitales en verano?<\/h2>\n<p data-start=\"846\" data-end=\"888\">Durante las vacaciones, muchas personas:<\/p>\n<ul data-start=\"889\" data-end=\"1117\">\n<li data-start=\"889\" data-end=\"936\">\n<p data-start=\"891\" data-end=\"936\"><strong data-start=\"891\" data-end=\"933\">Reservan hoteles y vuelos por internet<\/strong>.<\/p>\n<\/li>\n<li data-start=\"937\" data-end=\"995\">\n<p data-start=\"939\" data-end=\"995\"><strong data-start=\"939\" data-end=\"992\">Se conectan a redes Wi-Fi p\u00fablicas sin protecci\u00f3n<\/strong>.<\/p>\n<\/li>\n<li data-start=\"996\" data-end=\"1043\">\n<p data-start=\"998\" data-end=\"1043\"><strong data-start=\"998\" data-end=\"1040\">Realizan compras online desde el m\u00f3vil<\/strong>.<\/p>\n<\/li>\n<li data-start=\"1044\" data-end=\"1117\">\n<p data-start=\"1046\" data-end=\"1117\"><strong data-start=\"1046\" data-end=\"1114\">Comparten su ubicaci\u00f3n o documentos personales en redes sociales<\/strong>.<\/p>\n<\/li>\n<\/ul>\n<p data-start=\"1119\" data-end=\"1308\">Estas acciones, aunque comunes, pueden <strong data-start=\"1158\" data-end=\"1192\">abrir la puerta a ciberataques<\/strong> como el <strong data-start=\"1201\" data-end=\"1213\">phishing<\/strong>, el <strong data-start=\"1218\" data-end=\"1230\">smishing<\/strong>, el <strong data-start=\"1235\" data-end=\"1262\">robo de datos bancarios<\/strong> o el <strong data-start=\"1268\" data-end=\"1305\">secuestro de informaci\u00f3n personal<\/strong>.<\/p>\n<p data-start=\"1310\" data-end=\"1404\">Seg\u00fan reportes recientes, en verano aumentan los <strong data-start=\"1359\" data-end=\"1395\">fraudes digitales m\u00e1s frecuentes<\/strong>, como:<\/p>\n<ul data-start=\"1405\" data-end=\"1658\">\n<li data-start=\"1405\" data-end=\"1467\">\n<p data-start=\"1407\" data-end=\"1467\"><strong data-start=\"1407\" data-end=\"1434\">Webs falsas de reservas<\/strong> (hoteles, vuelos, alquileres).<\/p>\n<\/li>\n<li data-start=\"1468\" data-end=\"1520\">\n<p data-start=\"1470\" data-end=\"1520\"><strong data-start=\"1470\" data-end=\"1495\">C\u00f3digos QR maliciosos<\/strong> en lugares tur\u00edsticos.<\/p>\n<\/li>\n<li data-start=\"1521\" data-end=\"1595\">\n<p data-start=\"1523\" data-end=\"1595\"><strong data-start=\"1523\" data-end=\"1566\">Correos electr\u00f3nicos o SMS fraudulentos<\/strong> con ofertas irresistibles.<\/p>\n<\/li>\n<li data-start=\"1596\" data-end=\"1658\">\n<p data-start=\"1598\" data-end=\"1658\"><strong data-start=\"1598\" data-end=\"1622\">Redes Wi-Fi abiertas<\/strong> que interceptan datos personales.<\/p>\n<\/li>\n<\/ul>\n<hr data-start=\"1660\" data-end=\"1663\" \/>\n<h2 data-start=\"1665\" data-end=\"1727\">Consejos para proteger tu identidad digital en vacaciones<\/h2>\n<p data-start=\"1729\" data-end=\"1831\">Para disfrutar de unas vacaciones seguras y sin sobresaltos digitales, sigue estas buenas pr\u00e1cticas:<\/p>\n<h3 data-start=\"1833\" data-end=\"1883\">1. Activa la verificaci\u00f3n en dos pasos (2FA)<\/h3>\n<p data-start=\"1884\" data-end=\"1976\">Protege tus cuentas con un segundo factor de autenticaci\u00f3n y evita accesos no autorizados.<\/p>\n<h3 data-start=\"1978\" data-end=\"2030\">2. Desconf\u00eda de ofertas sospechosamente buenas<\/h3>\n<p data-start=\"2031\" data-end=\"2140\">Si suena demasiado bien para ser cierto, probablemente lo sea. Evita hacer clic en enlaces poco confiables.<\/p>\n<h3 data-start=\"2142\" data-end=\"2190\">3. Evita conectarte a redes Wi-Fi p\u00fablicas<\/h3>\n<p data-start=\"2191\" data-end=\"2298\">Especialmente si realizar\u00e1s pagos o ingresar\u00e1s a tu banca online. Si necesitas conexi\u00f3n, <strong data-start=\"2280\" data-end=\"2295\">usa una VPN<\/strong>.<\/p>\n<h3 data-start=\"2300\" data-end=\"2351\">4. Verifica siempre la URL de las p\u00e1ginas web<\/h3>\n<p data-start=\"2352\" data-end=\"2456\">Aseg\u00farate de que la direcci\u00f3n sea <strong data-start=\"2386\" data-end=\"2417\">oficial y segura (https:\/\/)<\/strong> antes de introducir datos sensibles.<\/p>\n<h3 data-start=\"2458\" data-end=\"2506\">5. Protege tu privacidad en redes sociales<\/h3>\n<p data-start=\"2507\" data-end=\"2636\">No publiques tu ubicaci\u00f3n en tiempo real ni compartas im\u00e1genes de documentos personales como pasaportes o tarjetas de embarque.<\/p>\n<hr data-start=\"2638\" data-end=\"2641\" \/>\n<h2 data-start=\"2643\" data-end=\"2687\">La ciberseguridad tambi\u00e9n viaja contigo<\/h2>\n<p data-start=\"2689\" data-end=\"2921\">En <strong data-start=\"2692\" data-end=\"2703\">METRICA<\/strong>, creemos que la <strong data-start=\"2720\" data-end=\"2746\">concienciaci\u00f3n digital<\/strong> es clave para <strong data-start=\"2761\" data-end=\"2811\">proteger la informaci\u00f3n personal y profesional<\/strong>. Apostamos por una cultura que integra la <strong data-start=\"2854\" data-end=\"2886\">prevenci\u00f3n en ciberseguridad<\/strong> como parte de nuestro d\u00eda a d\u00eda.<\/p>\n<p data-start=\"2923\" data-end=\"3064\">Este verano, <strong data-start=\"2936\" data-end=\"2988\">protege tu informaci\u00f3n como proteges tu equipaje<\/strong>. Porque tu <strong data-start=\"3000\" data-end=\"3055\">identidad digital tambi\u00e9n merece vacaciones seguras<\/strong>. \ud83e\uddf3\ud83d\udee1\ufe0f<\/p>\n<p data-start=\"3066\" data-end=\"3156\">\ud83d\udcf2 <strong data-start=\"3069\" data-end=\"3105\">Encuentra m\u00e1s consejos pr\u00e1cticos<\/strong> sobre ciberseguridad en nuestras redes sociales.<\/p>\n","protected":false},"excerpt":{"rendered":"<p>Ciberseguridad en vacaciones: protege tu identidad digital este verano. Descubre consejos para evitar fraudes online y mantener tu informaci\u00f3n segura.<\/p>\n","protected":false},"author":2,"featured_media":12747,"comment_status":"open","ping_status":"open","sticky":false,"template":"","format":"standard","meta":{"content-type":"","footnotes":""},"categories":[1155,1463],"tags":[3096,1213,1345,3090,3092,3093,3097,3095,3091,1468,3094,1470,1162,1221,1391,1622],"class_list":["post-13094","post","type-post","status-publish","format-standard","has-post-thumbnail","hentry","category-actualidad-pe","category-calidad-pe","tag-2fa-pe","tag-ambito-tecnologico-pe","tag-ciberseguridad-pe","tag-ciberseguridad-en-vacaciones-pe","tag-como-proteger-tu-identidad-digital-pe","tag-consejos-de-seguridad-online-pe","tag-doble-factor-pe","tag-evitar-robo-de-datos-pe","tag-fraudes-digitales-en-verano-pe","tag-internet-pe","tag-prevenir-phishing-pe","tag-proteccion-de-datos-pe","tag-sector-it-pe","tag-tecnologia-pe","tag-teletrabajo-pe","tag-wifi-pe"],"yoast_head":"<!-- This site is optimized with the Yoast SEO plugin v25.9 - https:\/\/yoast.com\/wordpress\/plugins\/seo\/ -->\n<title>Ciberseguridad en vacaciones: protege tu identidad digital este verano - METRICA<\/title>\n<meta name=\"robots\" content=\"index, follow, max-snippet:-1, max-image-preview:large, max-video-preview:-1\" \/>\n<link rel=\"canonical\" href=\"https:\/\/www.metrica-global.com\/pe\/ciberseguridad-en-vacaciones-protege-tu-identidad-digital-este-verano\/\" \/>\n<meta property=\"og:locale\" content=\"es_ES\" \/>\n<meta property=\"og:type\" content=\"article\" \/>\n<meta property=\"og:title\" content=\"Ciberseguridad en vacaciones: protege tu identidad digital este verano - METRICA\" \/>\n<meta property=\"og:description\" content=\"Ciberseguridad en vacaciones: protege tu identidad digital este verano. Descubre consejos para evitar fraudes online y mantener tu informaci\u00f3n segura.\" \/>\n<meta property=\"og:url\" content=\"https:\/\/www.metrica-global.com\/pe\/ciberseguridad-en-vacaciones-protege-tu-identidad-digital-este-verano\/\" \/>\n<meta property=\"og:site_name\" content=\"METRICA\" \/>\n<meta property=\"article:published_time\" content=\"2025-07-07T08:22:57+00:00\" \/>\n<meta property=\"article:modified_time\" content=\"2025-08-26T10:33:51+00:00\" \/>\n<meta property=\"og:image\" content=\"https:\/\/www.metrica-global.com\/wp-content\/uploads\/2025\/07\/banner-ciber-vacas-1.jpg\" \/>\n\t<meta property=\"og:image:width\" content=\"3456\" \/>\n\t<meta property=\"og:image:height\" content=\"1728\" \/>\n\t<meta property=\"og:image:type\" content=\"image\/jpeg\" \/>\n<meta name=\"author\" content=\"metrica\" \/>\n<meta name=\"twitter:card\" content=\"summary_large_image\" \/>\n<meta name=\"twitter:creator\" content=\"@desarrollo\" \/>\n<meta name=\"twitter:label1\" content=\"Written by\" \/>\n\t<meta name=\"twitter:data1\" content=\"metrica\" \/>\n\t<meta name=\"twitter:label2\" content=\"Est. reading time\" \/>\n\t<meta name=\"twitter:data2\" content=\"2 minutes\" \/>\n<script type=\"application\/ld+json\" class=\"yoast-schema-graph\">{\"@context\":\"https:\/\/schema.org\",\"@graph\":[{\"@type\":\"Article\",\"@id\":\"https:\/\/www.metrica-global.com\/pe\/ciberseguridad-en-vacaciones-protege-tu-identidad-digital-este-verano\/#article\",\"isPartOf\":{\"@id\":\"https:\/\/www.metrica-global.com\/pe\/ciberseguridad-en-vacaciones-protege-tu-identidad-digital-este-verano\/\"},\"author\":{\"name\":\"metrica\",\"@id\":\"https:\/\/www.metrica-global.com\/#\/schema\/person\/2f4208bdc63892f387a04f4106dd0fcb\"},\"headline\":\"Ciberseguridad en vacaciones: protege tu identidad digital este verano\",\"datePublished\":\"2025-07-07T08:22:57+00:00\",\"dateModified\":\"2025-08-26T10:33:51+00:00\",\"mainEntityOfPage\":{\"@id\":\"https:\/\/www.metrica-global.com\/pe\/ciberseguridad-en-vacaciones-protege-tu-identidad-digital-este-verano\/\"},\"wordCount\":422,\"commentCount\":0,\"publisher\":{\"@id\":\"https:\/\/www.metrica-global.com\/#organization\"},\"image\":{\"@id\":\"https:\/\/www.metrica-global.com\/pe\/ciberseguridad-en-vacaciones-protege-tu-identidad-digital-este-verano\/#primaryimage\"},\"thumbnailUrl\":\"https:\/\/www.metrica-global.com\/wp-content\/uploads\/2025\/07\/banner-ciber-vacas-1.jpg\",\"keywords\":[\"2FA\",\"\u00c1mbito Tecnol\u00f3gico\",\"Ciberseguridad\",\"ciberseguridad en vacaciones\",\"c\u00f3mo proteger tu identidad digital\",\"consejos de seguridad online\",\"doble factor\",\"evitar robo de datos\",\"fraudes digitales en verano\",\"Internet\",\"prevenir phishing\",\"Protecci\u00f3n de Datos\",\"Sector IT\",\"Tecnolog\u00eda\",\"Teletrabajo\",\"Wifi\"],\"articleSection\":[\"Actualidad\",\"Calidad\"],\"inLanguage\":\"es-PE\",\"potentialAction\":[{\"@type\":\"CommentAction\",\"name\":\"Comment\",\"target\":[\"https:\/\/www.metrica-global.com\/pe\/ciberseguridad-en-vacaciones-protege-tu-identidad-digital-este-verano\/#respond\"]}]},{\"@type\":\"WebPage\",\"@id\":\"https:\/\/www.metrica-global.com\/pe\/ciberseguridad-en-vacaciones-protege-tu-identidad-digital-este-verano\/\",\"url\":\"https:\/\/www.metrica-global.com\/pe\/ciberseguridad-en-vacaciones-protege-tu-identidad-digital-este-verano\/\",\"name\":\"Ciberseguridad en vacaciones: protege tu identidad digital este verano - METRICA\",\"isPartOf\":{\"@id\":\"https:\/\/www.metrica-global.com\/#website\"},\"primaryImageOfPage\":{\"@id\":\"https:\/\/www.metrica-global.com\/pe\/ciberseguridad-en-vacaciones-protege-tu-identidad-digital-este-verano\/#primaryimage\"},\"image\":{\"@id\":\"https:\/\/www.metrica-global.com\/pe\/ciberseguridad-en-vacaciones-protege-tu-identidad-digital-este-verano\/#primaryimage\"},\"thumbnailUrl\":\"https:\/\/www.metrica-global.com\/wp-content\/uploads\/2025\/07\/banner-ciber-vacas-1.jpg\",\"datePublished\":\"2025-07-07T08:22:57+00:00\",\"dateModified\":\"2025-08-26T10:33:51+00:00\",\"breadcrumb\":{\"@id\":\"https:\/\/www.metrica-global.com\/pe\/ciberseguridad-en-vacaciones-protege-tu-identidad-digital-este-verano\/#breadcrumb\"},\"inLanguage\":\"es-PE\",\"potentialAction\":[{\"@type\":\"ReadAction\",\"target\":[\"https:\/\/www.metrica-global.com\/pe\/ciberseguridad-en-vacaciones-protege-tu-identidad-digital-este-verano\/\"]}]},{\"@type\":\"ImageObject\",\"inLanguage\":\"es-PE\",\"@id\":\"https:\/\/www.metrica-global.com\/pe\/ciberseguridad-en-vacaciones-protege-tu-identidad-digital-este-verano\/#primaryimage\",\"url\":\"https:\/\/www.metrica-global.com\/wp-content\/uploads\/2025\/07\/banner-ciber-vacas-1.jpg\",\"contentUrl\":\"https:\/\/www.metrica-global.com\/wp-content\/uploads\/2025\/07\/banner-ciber-vacas-1.jpg\",\"width\":3456,\"height\":1728},{\"@type\":\"BreadcrumbList\",\"@id\":\"https:\/\/www.metrica-global.com\/pe\/ciberseguridad-en-vacaciones-protege-tu-identidad-digital-este-verano\/#breadcrumb\",\"itemListElement\":[{\"@type\":\"ListItem\",\"position\":1,\"name\":\"Portada\",\"item\":\"https:\/\/www.metrica-global.com\/en\/\"},{\"@type\":\"ListItem\",\"position\":2,\"name\":\"Ciberseguridad en vacaciones: protege tu identidad digital este verano\"}]},{\"@type\":\"WebSite\",\"@id\":\"https:\/\/www.metrica-global.com\/#website\",\"url\":\"https:\/\/www.metrica-global.com\/\",\"name\":\"METRICA\",\"description\":\"Servicios Globales IT\",\"publisher\":{\"@id\":\"https:\/\/www.metrica-global.com\/#organization\"},\"potentialAction\":[{\"@type\":\"SearchAction\",\"target\":{\"@type\":\"EntryPoint\",\"urlTemplate\":\"https:\/\/www.metrica-global.com\/?s={search_term_string}\"},\"query-input\":{\"@type\":\"PropertyValueSpecification\",\"valueRequired\":true,\"valueName\":\"search_term_string\"}}],\"inLanguage\":\"es-PE\"},{\"@type\":\"Organization\",\"@id\":\"https:\/\/www.metrica-global.com\/#organization\",\"name\":\"METRICA\",\"url\":\"https:\/\/www.metrica-global.com\/\",\"logo\":{\"@type\":\"ImageObject\",\"inLanguage\":\"es-PE\",\"@id\":\"https:\/\/www.metrica-global.com\/#\/schema\/logo\/image\/\",\"url\":\"https:\/\/www.metrica-global.com\/wp-content\/uploads\/2023\/12\/logo-metrica.png\",\"contentUrl\":\"https:\/\/www.metrica-global.com\/wp-content\/uploads\/2023\/12\/logo-metrica.png\",\"width\":332,\"height\":58,\"caption\":\"METRICA\"},\"image\":{\"@id\":\"https:\/\/www.metrica-global.com\/#\/schema\/logo\/image\/\"}},{\"@type\":\"Person\",\"@id\":\"https:\/\/www.metrica-global.com\/#\/schema\/person\/2f4208bdc63892f387a04f4106dd0fcb\",\"name\":\"metrica\",\"image\":{\"@type\":\"ImageObject\",\"inLanguage\":\"es-PE\",\"@id\":\"https:\/\/www.metrica-global.com\/#\/schema\/person\/image\/\",\"url\":\"https:\/\/secure.gravatar.com\/avatar\/735533d52394faf02a8736d8f477256b9fb421f39d81c48c55ea37c267061786?s=96&d=mm&r=g\",\"contentUrl\":\"https:\/\/secure.gravatar.com\/avatar\/735533d52394faf02a8736d8f477256b9fb421f39d81c48c55ea37c267061786?s=96&d=mm&r=g\",\"caption\":\"metrica\"},\"sameAs\":[\"https:\/\/x.com\/desarrollo\"],\"url\":\"https:\/\/www.metrica-global.com\/pe\/author\/metrica\/\"}]}<\/script>\n<!-- \/ Yoast SEO plugin. -->","yoast_head_json":{"title":"Ciberseguridad en vacaciones: protege tu identidad digital este verano - METRICA","robots":{"index":"index","follow":"follow","max-snippet":"max-snippet:-1","max-image-preview":"max-image-preview:large","max-video-preview":"max-video-preview:-1"},"canonical":"https:\/\/www.metrica-global.com\/pe\/ciberseguridad-en-vacaciones-protege-tu-identidad-digital-este-verano\/","og_locale":"es_ES","og_type":"article","og_title":"Ciberseguridad en vacaciones: protege tu identidad digital este verano - METRICA","og_description":"Ciberseguridad en vacaciones: protege tu identidad digital este verano. Descubre consejos para evitar fraudes online y mantener tu informaci\u00f3n segura.","og_url":"https:\/\/www.metrica-global.com\/pe\/ciberseguridad-en-vacaciones-protege-tu-identidad-digital-este-verano\/","og_site_name":"METRICA","article_published_time":"2025-07-07T08:22:57+00:00","article_modified_time":"2025-08-26T10:33:51+00:00","og_image":[{"width":3456,"height":1728,"url":"https:\/\/www.metrica-global.com\/wp-content\/uploads\/2025\/07\/banner-ciber-vacas-1.jpg","type":"image\/jpeg"}],"author":"metrica","twitter_card":"summary_large_image","twitter_creator":"@desarrollo","twitter_misc":{"Written by":"metrica","Est. reading time":"2 minutes"},"schema":{"@context":"https:\/\/schema.org","@graph":[{"@type":"Article","@id":"https:\/\/www.metrica-global.com\/pe\/ciberseguridad-en-vacaciones-protege-tu-identidad-digital-este-verano\/#article","isPartOf":{"@id":"https:\/\/www.metrica-global.com\/pe\/ciberseguridad-en-vacaciones-protege-tu-identidad-digital-este-verano\/"},"author":{"name":"metrica","@id":"https:\/\/www.metrica-global.com\/#\/schema\/person\/2f4208bdc63892f387a04f4106dd0fcb"},"headline":"Ciberseguridad en vacaciones: protege tu identidad digital este verano","datePublished":"2025-07-07T08:22:57+00:00","dateModified":"2025-08-26T10:33:51+00:00","mainEntityOfPage":{"@id":"https:\/\/www.metrica-global.com\/pe\/ciberseguridad-en-vacaciones-protege-tu-identidad-digital-este-verano\/"},"wordCount":422,"commentCount":0,"publisher":{"@id":"https:\/\/www.metrica-global.com\/#organization"},"image":{"@id":"https:\/\/www.metrica-global.com\/pe\/ciberseguridad-en-vacaciones-protege-tu-identidad-digital-este-verano\/#primaryimage"},"thumbnailUrl":"https:\/\/www.metrica-global.com\/wp-content\/uploads\/2025\/07\/banner-ciber-vacas-1.jpg","keywords":["2FA","\u00c1mbito Tecnol\u00f3gico","Ciberseguridad","ciberseguridad en vacaciones","c\u00f3mo proteger tu identidad digital","consejos de seguridad online","doble factor","evitar robo de datos","fraudes digitales en verano","Internet","prevenir phishing","Protecci\u00f3n de Datos","Sector IT","Tecnolog\u00eda","Teletrabajo","Wifi"],"articleSection":["Actualidad","Calidad"],"inLanguage":"es-PE","potentialAction":[{"@type":"CommentAction","name":"Comment","target":["https:\/\/www.metrica-global.com\/pe\/ciberseguridad-en-vacaciones-protege-tu-identidad-digital-este-verano\/#respond"]}]},{"@type":"WebPage","@id":"https:\/\/www.metrica-global.com\/pe\/ciberseguridad-en-vacaciones-protege-tu-identidad-digital-este-verano\/","url":"https:\/\/www.metrica-global.com\/pe\/ciberseguridad-en-vacaciones-protege-tu-identidad-digital-este-verano\/","name":"Ciberseguridad en vacaciones: protege tu identidad digital este verano - METRICA","isPartOf":{"@id":"https:\/\/www.metrica-global.com\/#website"},"primaryImageOfPage":{"@id":"https:\/\/www.metrica-global.com\/pe\/ciberseguridad-en-vacaciones-protege-tu-identidad-digital-este-verano\/#primaryimage"},"image":{"@id":"https:\/\/www.metrica-global.com\/pe\/ciberseguridad-en-vacaciones-protege-tu-identidad-digital-este-verano\/#primaryimage"},"thumbnailUrl":"https:\/\/www.metrica-global.com\/wp-content\/uploads\/2025\/07\/banner-ciber-vacas-1.jpg","datePublished":"2025-07-07T08:22:57+00:00","dateModified":"2025-08-26T10:33:51+00:00","breadcrumb":{"@id":"https:\/\/www.metrica-global.com\/pe\/ciberseguridad-en-vacaciones-protege-tu-identidad-digital-este-verano\/#breadcrumb"},"inLanguage":"es-PE","potentialAction":[{"@type":"ReadAction","target":["https:\/\/www.metrica-global.com\/pe\/ciberseguridad-en-vacaciones-protege-tu-identidad-digital-este-verano\/"]}]},{"@type":"ImageObject","inLanguage":"es-PE","@id":"https:\/\/www.metrica-global.com\/pe\/ciberseguridad-en-vacaciones-protege-tu-identidad-digital-este-verano\/#primaryimage","url":"https:\/\/www.metrica-global.com\/wp-content\/uploads\/2025\/07\/banner-ciber-vacas-1.jpg","contentUrl":"https:\/\/www.metrica-global.com\/wp-content\/uploads\/2025\/07\/banner-ciber-vacas-1.jpg","width":3456,"height":1728},{"@type":"BreadcrumbList","@id":"https:\/\/www.metrica-global.com\/pe\/ciberseguridad-en-vacaciones-protege-tu-identidad-digital-este-verano\/#breadcrumb","itemListElement":[{"@type":"ListItem","position":1,"name":"Portada","item":"https:\/\/www.metrica-global.com\/en\/"},{"@type":"ListItem","position":2,"name":"Ciberseguridad en vacaciones: protege tu identidad digital este verano"}]},{"@type":"WebSite","@id":"https:\/\/www.metrica-global.com\/#website","url":"https:\/\/www.metrica-global.com\/","name":"METRICA","description":"Servicios Globales IT","publisher":{"@id":"https:\/\/www.metrica-global.com\/#organization"},"potentialAction":[{"@type":"SearchAction","target":{"@type":"EntryPoint","urlTemplate":"https:\/\/www.metrica-global.com\/?s={search_term_string}"},"query-input":{"@type":"PropertyValueSpecification","valueRequired":true,"valueName":"search_term_string"}}],"inLanguage":"es-PE"},{"@type":"Organization","@id":"https:\/\/www.metrica-global.com\/#organization","name":"METRICA","url":"https:\/\/www.metrica-global.com\/","logo":{"@type":"ImageObject","inLanguage":"es-PE","@id":"https:\/\/www.metrica-global.com\/#\/schema\/logo\/image\/","url":"https:\/\/www.metrica-global.com\/wp-content\/uploads\/2023\/12\/logo-metrica.png","contentUrl":"https:\/\/www.metrica-global.com\/wp-content\/uploads\/2023\/12\/logo-metrica.png","width":332,"height":58,"caption":"METRICA"},"image":{"@id":"https:\/\/www.metrica-global.com\/#\/schema\/logo\/image\/"}},{"@type":"Person","@id":"https:\/\/www.metrica-global.com\/#\/schema\/person\/2f4208bdc63892f387a04f4106dd0fcb","name":"metrica","image":{"@type":"ImageObject","inLanguage":"es-PE","@id":"https:\/\/www.metrica-global.com\/#\/schema\/person\/image\/","url":"https:\/\/secure.gravatar.com\/avatar\/735533d52394faf02a8736d8f477256b9fb421f39d81c48c55ea37c267061786?s=96&d=mm&r=g","contentUrl":"https:\/\/secure.gravatar.com\/avatar\/735533d52394faf02a8736d8f477256b9fb421f39d81c48c55ea37c267061786?s=96&d=mm&r=g","caption":"metrica"},"sameAs":["https:\/\/x.com\/desarrollo"],"url":"https:\/\/www.metrica-global.com\/pe\/author\/metrica\/"}]}},"_links":{"self":[{"href":"https:\/\/www.metrica-global.com\/pe\/wp-json\/wp\/v2\/posts\/13094","targetHints":{"allow":["GET"]}}],"collection":[{"href":"https:\/\/www.metrica-global.com\/pe\/wp-json\/wp\/v2\/posts"}],"about":[{"href":"https:\/\/www.metrica-global.com\/pe\/wp-json\/wp\/v2\/types\/post"}],"author":[{"embeddable":true,"href":"https:\/\/www.metrica-global.com\/pe\/wp-json\/wp\/v2\/users\/2"}],"replies":[{"embeddable":true,"href":"https:\/\/www.metrica-global.com\/pe\/wp-json\/wp\/v2\/comments?post=13094"}],"version-history":[{"count":1,"href":"https:\/\/www.metrica-global.com\/pe\/wp-json\/wp\/v2\/posts\/13094\/revisions"}],"predecessor-version":[{"id":13114,"href":"https:\/\/www.metrica-global.com\/pe\/wp-json\/wp\/v2\/posts\/13094\/revisions\/13114"}],"wp:featuredmedia":[{"embeddable":true,"href":"https:\/\/www.metrica-global.com\/pe\/wp-json\/wp\/v2\/media\/12747"}],"wp:attachment":[{"href":"https:\/\/www.metrica-global.com\/pe\/wp-json\/wp\/v2\/media?parent=13094"}],"wp:term":[{"taxonomy":"category","embeddable":true,"href":"https:\/\/www.metrica-global.com\/pe\/wp-json\/wp\/v2\/categories?post=13094"},{"taxonomy":"post_tag","embeddable":true,"href":"https:\/\/www.metrica-global.com\/pe\/wp-json\/wp\/v2\/tags?post=13094"}],"curies":[{"name":"wp","href":"https:\/\/api.w.org\/{rel}","templated":true}]}}