{"id":13101,"date":"2025-06-24T09:58:07","date_gmt":"2025-06-24T07:58:07","guid":{"rendered":"https:\/\/www.metrica-global.com\/asi-ha-sido-la-experiencia-de-nuestros-alumnos-en-metrica-lab\/"},"modified":"2025-06-24T09:58:07","modified_gmt":"2025-06-24T07:58:07","slug":"asi-ha-sido-la-experiencia-de-nuestros-alumnos-en-metrica-lab","status":"publish","type":"post","link":"https:\/\/www.metrica-global.com\/pe\/asi-ha-sido-la-experiencia-de-nuestros-alumnos-en-metrica-lab\/","title":{"rendered":"As\u00ed ha sido la experiencia de nuestros alumnos en METRICA LAB"},"content":{"rendered":"<p data-start=\"418\" data-end=\"659\">En METRICA seguimos apostando por el talento joven. Por eso, uno de nuestros compromisos m\u00e1s firmes es ofrecer experiencias reales de aprendizaje a trav\u00e9s de <strong data-start=\"576\" data-end=\"591\">METRICA LAB<\/strong>, nuestro programa de pr\u00e1cticas formativas en el sector tecnol\u00f3gico. <\/p>\n<p data-start=\"661\" data-end=\"1000\">A lo largo de estos meses, varios alumnos han participado en una nueva edici\u00f3n de METRICA LAB. Hoy, tras completar su periodo de pr\u00e1cticas, comparten con nosotros su visi\u00f3n sobre la experiencia vivida, el impacto que ha tenido en su desarrollo profesional y por qu\u00e9 este tipo de iniciativas son clave para dar el salto al mundo laboral IT. <\/p>\n<h2 data-start=\"1002\" data-end=\"1063\">Un entorno profesional y humano que impulsa el crecimiento<\/h2>\n<p data-start=\"1065\" data-end=\"1451\">Uno de los aspectos m\u00e1s valorados por los alumnos ha sido el ambiente de trabajo en METRICA. Lo definen como <strong data-start=\"1174\" data-end=\"1214\">cercano, colaborativo y enriquecedor<\/strong>, donde se han sentido acompa\u00f1ados en cada etapa del proceso de aprendizaje. La integraci\u00f3n en equipos reales les ha permitido descubrir c\u00f3mo se trabaja en proyectos tecnol\u00f3gicos de verdad y entender la din\u00e1mica profesional desde dentro.  <\/p>\n<h2 data-start=\"1453\" data-end=\"1510\">Formaci\u00f3n pr\u00e1ctica en tecnolog\u00edas reales del sector IT<\/h2>\n<p data-start=\"1512\" data-end=\"1786\">Durante su estancia en METRICA LAB, los alumnos han podido adquirir conocimientos t\u00e9cnicos aplicados, trabajar con herramientas del d\u00eda a d\u00eda del sector IT y familiarizarse con metodolog\u00edas \u00e1giles, buenas pr\u00e1cticas de desarrollo y resoluci\u00f3n de problemas en entornos reales.<\/p>\n<p data-start=\"1788\" data-end=\"2051\">Este enfoque pr\u00e1ctico es lo que diferencia a METRICA LAB de otras iniciativas: aqu\u00ed <strong data-start=\"1872\" data-end=\"1923\">el conocimiento se construye con la experiencia<\/strong>, acompa\u00f1ado del mentoring de profesionales que comparten su expertise y acompa\u00f1an el proceso de evoluci\u00f3n de cada participante.<\/p>\n<h2 data-start=\"2053\" data-end=\"2097\">Primer paso hacia el empleo en tecnolog\u00eda<\/h2>\n<p data-start=\"2099\" data-end=\"2361\">Los alumnos coinciden en que programas como METRICA LAB son fundamentales para hacer la transici\u00f3n entre los estudios y el mercado laboral. Les ha servido para ganar seguridad, afianzar vocaciones y empezar a trazar una hoja de ruta profesional con m\u00e1s claridad. <\/p>\n<p data-start=\"2363\" data-end=\"2560\">En palabras de uno de ellos: <em data-start=\"2392\" data-end=\"2560\">&#8220;Este programa ha sido la oportunidad que necesitaba para confirmar que quiero dedicarme al mundo IT. Me llevo conocimientos, pero sobre todo confianza y motivaci\u00f3n.&#8221;<\/em><\/p>\n<h2 data-start=\"2562\" data-end=\"2612\">Un compromiso con el futuro del talento digital<\/h2>\n<p data-start=\"2614\" data-end=\"2979\">Desde METRICA, estamos convencidos de que <strong data-start=\"2656\" data-end=\"2681\">formar es transformar<\/strong>, y por eso iniciativas como METRICA LAB forman parte de nuestro ADN corporativo. Creemos en la importancia de crear puentes entre la educaci\u00f3n y la empresa, ofreciendo oportunidades reales de inserci\u00f3n laboral y fomentando el desarrollo de competencias clave para el futuro del sector tecnol\u00f3gico. <\/p>\n<p data-start=\"2981\" data-end=\"3213\">Si quieres conocer m\u00e1s sobre c\u00f3mo ha sido esta experiencia desde dentro, puedes visitar nuestro perfil de Instagram y ver las publicaciones con las opiniones de nuestros alumnos \ud83d\udc49 <a class=\"\" href=\"https:\/\/www.linkedin.com\/feed\/update\/urn:li:activity:7343276775495335937\" target=\"_new\" rel=\"noopener\" data-start=\"3162\" data-end=\"3213\">Ver post en LinkedIN<\/a><\/p>\n<hr data-start=\"3215\" data-end=\"3218\">\n<p data-start=\"3220\" data-end=\"3419\"><strong data-start=\"3220\" data-end=\"3287\">\u00bfTe gustar\u00eda formar parte de METRICA LAB en pr\u00f3ximas ediciones?<\/strong><br data-start=\"3287\" data-end=\"3290\">Escr\u00edbenos o visita nuestra secci\u00f3n de talento para conocer m\u00e1s sobre nuestras oportunidades de formaci\u00f3n y empleo en tecnolog\u00eda.<\/p>\n","protected":false},"excerpt":{"rendered":"<p>A lo largo de estos meses, varios alumnos han participado en una nueva edici\u00f3n de METRICA LAB. Hoy, tras completar su periodo de pr\u00e1cticas, comparten con nosotros su visi\u00f3n sobre la experiencia vivida. <\/p>\n","protected":false},"author":2,"featured_media":12714,"comment_status":"open","ping_status":"open","sticky":false,"template":"","format":"standard","meta":{"content-type":"","footnotes":""},"categories":[1155,1794],"tags":[1215,1810,1216,3119,1219,1797,1798,3118,2085,1162,3116,3117,1221,3068],"class_list":["post-13101","post","type-post","status-publish","format-standard","has-post-thumbnail","hentry","category-actualidad-pe","category-metricalab-pe","tag-formacion-pe","tag-formacion-it-pe","tag-formacion-profesional-pe","tag-metrica-lab-pe","tag-nuevos-talentos-it-pe","tag-practicas-it-pe","tag-practicas-profesionales-pe","tag-primer-empleo-tecnologico-pe","tag-programadepracticas-pe","tag-sector-it-pe","tag-talento-digital-pe","tag-talento-joven-pe","tag-tecnologia-pe","tag-transformacion-digital-pe"],"yoast_head":"<!-- This site is optimized with the Yoast SEO plugin v25.9 - https:\/\/yoast.com\/wordpress\/plugins\/seo\/ -->\n<title>As\u00ed ha sido la experiencia de nuestros alumnos en METRICA LAB - METRICA<\/title>\n<meta name=\"robots\" content=\"index, follow, max-snippet:-1, max-image-preview:large, max-video-preview:-1\" \/>\n<link rel=\"canonical\" href=\"https:\/\/www.metrica-global.com\/pe\/asi-ha-sido-la-experiencia-de-nuestros-alumnos-en-metrica-lab\/\" \/>\n<meta property=\"og:locale\" content=\"es_ES\" \/>\n<meta property=\"og:type\" content=\"article\" \/>\n<meta property=\"og:title\" content=\"As\u00ed ha sido la experiencia de nuestros alumnos en METRICA LAB - METRICA\" \/>\n<meta property=\"og:description\" content=\"A lo largo de estos meses, varios alumnos han participado en una nueva edici\u00f3n de METRICA LAB. Hoy, tras completar su periodo de pr\u00e1cticas, comparten con nosotros su visi\u00f3n sobre la experiencia vivida.\" \/>\n<meta property=\"og:url\" content=\"https:\/\/www.metrica-global.com\/pe\/asi-ha-sido-la-experiencia-de-nuestros-alumnos-en-metrica-lab\/\" \/>\n<meta property=\"og:site_name\" content=\"METRICA\" \/>\n<meta property=\"article:published_time\" content=\"2025-06-24T07:58:07+00:00\" \/>\n<meta property=\"og:image\" content=\"https:\/\/www.metrica-global.com\/wp-content\/uploads\/2025\/08\/banner-metricalab-2.jpg\" \/>\n\t<meta property=\"og:image:width\" content=\"3456\" \/>\n\t<meta property=\"og:image:height\" content=\"1728\" \/>\n\t<meta property=\"og:image:type\" content=\"image\/jpeg\" \/>\n<meta name=\"author\" content=\"metrica\" \/>\n<meta name=\"twitter:card\" content=\"summary_large_image\" \/>\n<meta name=\"twitter:creator\" content=\"@desarrollo\" \/>\n<meta name=\"twitter:label1\" content=\"Written by\" \/>\n\t<meta name=\"twitter:data1\" content=\"metrica\" \/>\n\t<meta name=\"twitter:label2\" content=\"Est. reading time\" \/>\n\t<meta name=\"twitter:data2\" content=\"2 minutes\" \/>\n<script type=\"application\/ld+json\" class=\"yoast-schema-graph\">{\"@context\":\"https:\/\/schema.org\",\"@graph\":[{\"@type\":\"Article\",\"@id\":\"https:\/\/www.metrica-global.com\/pe\/asi-ha-sido-la-experiencia-de-nuestros-alumnos-en-metrica-lab\/#article\",\"isPartOf\":{\"@id\":\"https:\/\/www.metrica-global.com\/pe\/asi-ha-sido-la-experiencia-de-nuestros-alumnos-en-metrica-lab\/\"},\"author\":{\"name\":\"metrica\",\"@id\":\"https:\/\/www.metrica-global.com\/#\/schema\/person\/2f4208bdc63892f387a04f4106dd0fcb\"},\"headline\":\"As\u00ed ha sido la experiencia de nuestros alumnos en METRICA LAB\",\"datePublished\":\"2025-06-24T07:58:07+00:00\",\"mainEntityOfPage\":{\"@id\":\"https:\/\/www.metrica-global.com\/pe\/asi-ha-sido-la-experiencia-de-nuestros-alumnos-en-metrica-lab\/\"},\"wordCount\":507,\"commentCount\":0,\"publisher\":{\"@id\":\"https:\/\/www.metrica-global.com\/#organization\"},\"image\":{\"@id\":\"https:\/\/www.metrica-global.com\/pe\/asi-ha-sido-la-experiencia-de-nuestros-alumnos-en-metrica-lab\/#primaryimage\"},\"thumbnailUrl\":\"https:\/\/www.metrica-global.com\/wp-content\/uploads\/2025\/08\/banner-metricalab-2.jpg\",\"keywords\":[\"Formaci\u00f3n\",\"Formaci\u00f3n IT\",\"Formaci\u00f3n profesional\",\"METRICA LAB\",\"Nuevos Talentos IT\",\"Pr\u00e1cticas IT\",\"Pr\u00e1cticas Profesionales\",\"Primer empleo tecnol\u00f3gico\",\"ProgramaDePracticas\",\"Sector IT\",\"Talento Digital\",\"Talento joven\",\"Tecnolog\u00eda\",\"Transformaci\u00f3n Digital\"],\"articleSection\":[\"Actualidad\",\"MetricaLab\"],\"inLanguage\":\"es-PE\",\"potentialAction\":[{\"@type\":\"CommentAction\",\"name\":\"Comment\",\"target\":[\"https:\/\/www.metrica-global.com\/pe\/asi-ha-sido-la-experiencia-de-nuestros-alumnos-en-metrica-lab\/#respond\"]}]},{\"@type\":\"WebPage\",\"@id\":\"https:\/\/www.metrica-global.com\/pe\/asi-ha-sido-la-experiencia-de-nuestros-alumnos-en-metrica-lab\/\",\"url\":\"https:\/\/www.metrica-global.com\/pe\/asi-ha-sido-la-experiencia-de-nuestros-alumnos-en-metrica-lab\/\",\"name\":\"As\u00ed ha sido la experiencia de nuestros alumnos en METRICA LAB - METRICA\",\"isPartOf\":{\"@id\":\"https:\/\/www.metrica-global.com\/#website\"},\"primaryImageOfPage\":{\"@id\":\"https:\/\/www.metrica-global.com\/pe\/asi-ha-sido-la-experiencia-de-nuestros-alumnos-en-metrica-lab\/#primaryimage\"},\"image\":{\"@id\":\"https:\/\/www.metrica-global.com\/pe\/asi-ha-sido-la-experiencia-de-nuestros-alumnos-en-metrica-lab\/#primaryimage\"},\"thumbnailUrl\":\"https:\/\/www.metrica-global.com\/wp-content\/uploads\/2025\/08\/banner-metricalab-2.jpg\",\"datePublished\":\"2025-06-24T07:58:07+00:00\",\"breadcrumb\":{\"@id\":\"https:\/\/www.metrica-global.com\/pe\/asi-ha-sido-la-experiencia-de-nuestros-alumnos-en-metrica-lab\/#breadcrumb\"},\"inLanguage\":\"es-PE\",\"potentialAction\":[{\"@type\":\"ReadAction\",\"target\":[\"https:\/\/www.metrica-global.com\/pe\/asi-ha-sido-la-experiencia-de-nuestros-alumnos-en-metrica-lab\/\"]}]},{\"@type\":\"ImageObject\",\"inLanguage\":\"es-PE\",\"@id\":\"https:\/\/www.metrica-global.com\/pe\/asi-ha-sido-la-experiencia-de-nuestros-alumnos-en-metrica-lab\/#primaryimage\",\"url\":\"https:\/\/www.metrica-global.com\/wp-content\/uploads\/2025\/08\/banner-metricalab-2.jpg\",\"contentUrl\":\"https:\/\/www.metrica-global.com\/wp-content\/uploads\/2025\/08\/banner-metricalab-2.jpg\",\"width\":3456,\"height\":1728},{\"@type\":\"BreadcrumbList\",\"@id\":\"https:\/\/www.metrica-global.com\/pe\/asi-ha-sido-la-experiencia-de-nuestros-alumnos-en-metrica-lab\/#breadcrumb\",\"itemListElement\":[{\"@type\":\"ListItem\",\"position\":1,\"name\":\"Portada\",\"item\":\"https:\/\/www.metrica-global.com\/en\/\"},{\"@type\":\"ListItem\",\"position\":2,\"name\":\"As\u00ed ha sido la experiencia de nuestros alumnos en METRICA LAB\"}]},{\"@type\":\"WebSite\",\"@id\":\"https:\/\/www.metrica-global.com\/#website\",\"url\":\"https:\/\/www.metrica-global.com\/\",\"name\":\"METRICA\",\"description\":\"Servicios Globales IT\",\"publisher\":{\"@id\":\"https:\/\/www.metrica-global.com\/#organization\"},\"potentialAction\":[{\"@type\":\"SearchAction\",\"target\":{\"@type\":\"EntryPoint\",\"urlTemplate\":\"https:\/\/www.metrica-global.com\/?s={search_term_string}\"},\"query-input\":{\"@type\":\"PropertyValueSpecification\",\"valueRequired\":true,\"valueName\":\"search_term_string\"}}],\"inLanguage\":\"es-PE\"},{\"@type\":\"Organization\",\"@id\":\"https:\/\/www.metrica-global.com\/#organization\",\"name\":\"METRICA\",\"url\":\"https:\/\/www.metrica-global.com\/\",\"logo\":{\"@type\":\"ImageObject\",\"inLanguage\":\"es-PE\",\"@id\":\"https:\/\/www.metrica-global.com\/#\/schema\/logo\/image\/\",\"url\":\"https:\/\/www.metrica-global.com\/wp-content\/uploads\/2023\/12\/logo-metrica.png\",\"contentUrl\":\"https:\/\/www.metrica-global.com\/wp-content\/uploads\/2023\/12\/logo-metrica.png\",\"width\":332,\"height\":58,\"caption\":\"METRICA\"},\"image\":{\"@id\":\"https:\/\/www.metrica-global.com\/#\/schema\/logo\/image\/\"}},{\"@type\":\"Person\",\"@id\":\"https:\/\/www.metrica-global.com\/#\/schema\/person\/2f4208bdc63892f387a04f4106dd0fcb\",\"name\":\"metrica\",\"image\":{\"@type\":\"ImageObject\",\"inLanguage\":\"es-PE\",\"@id\":\"https:\/\/www.metrica-global.com\/#\/schema\/person\/image\/\",\"url\":\"https:\/\/secure.gravatar.com\/avatar\/735533d52394faf02a8736d8f477256b9fb421f39d81c48c55ea37c267061786?s=96&d=mm&r=g\",\"contentUrl\":\"https:\/\/secure.gravatar.com\/avatar\/735533d52394faf02a8736d8f477256b9fb421f39d81c48c55ea37c267061786?s=96&d=mm&r=g\",\"caption\":\"metrica\"},\"sameAs\":[\"https:\/\/x.com\/desarrollo\"],\"url\":\"https:\/\/www.metrica-global.com\/pe\/author\/metrica\/\"}]}<\/script>\n<!-- \/ Yoast SEO plugin. -->","yoast_head_json":{"title":"As\u00ed ha sido la experiencia de nuestros alumnos en METRICA LAB - METRICA","robots":{"index":"index","follow":"follow","max-snippet":"max-snippet:-1","max-image-preview":"max-image-preview:large","max-video-preview":"max-video-preview:-1"},"canonical":"https:\/\/www.metrica-global.com\/pe\/asi-ha-sido-la-experiencia-de-nuestros-alumnos-en-metrica-lab\/","og_locale":"es_ES","og_type":"article","og_title":"As\u00ed ha sido la experiencia de nuestros alumnos en METRICA LAB - METRICA","og_description":"A lo largo de estos meses, varios alumnos han participado en una nueva edici\u00f3n de METRICA LAB. Hoy, tras completar su periodo de pr\u00e1cticas, comparten con nosotros su visi\u00f3n sobre la experiencia vivida.","og_url":"https:\/\/www.metrica-global.com\/pe\/asi-ha-sido-la-experiencia-de-nuestros-alumnos-en-metrica-lab\/","og_site_name":"METRICA","article_published_time":"2025-06-24T07:58:07+00:00","og_image":[{"width":3456,"height":1728,"url":"https:\/\/www.metrica-global.com\/wp-content\/uploads\/2025\/08\/banner-metricalab-2.jpg","type":"image\/jpeg"}],"author":"metrica","twitter_card":"summary_large_image","twitter_creator":"@desarrollo","twitter_misc":{"Written by":"metrica","Est. reading time":"2 minutes"},"schema":{"@context":"https:\/\/schema.org","@graph":[{"@type":"Article","@id":"https:\/\/www.metrica-global.com\/pe\/asi-ha-sido-la-experiencia-de-nuestros-alumnos-en-metrica-lab\/#article","isPartOf":{"@id":"https:\/\/www.metrica-global.com\/pe\/asi-ha-sido-la-experiencia-de-nuestros-alumnos-en-metrica-lab\/"},"author":{"name":"metrica","@id":"https:\/\/www.metrica-global.com\/#\/schema\/person\/2f4208bdc63892f387a04f4106dd0fcb"},"headline":"As\u00ed ha sido la experiencia de nuestros alumnos en METRICA LAB","datePublished":"2025-06-24T07:58:07+00:00","mainEntityOfPage":{"@id":"https:\/\/www.metrica-global.com\/pe\/asi-ha-sido-la-experiencia-de-nuestros-alumnos-en-metrica-lab\/"},"wordCount":507,"commentCount":0,"publisher":{"@id":"https:\/\/www.metrica-global.com\/#organization"},"image":{"@id":"https:\/\/www.metrica-global.com\/pe\/asi-ha-sido-la-experiencia-de-nuestros-alumnos-en-metrica-lab\/#primaryimage"},"thumbnailUrl":"https:\/\/www.metrica-global.com\/wp-content\/uploads\/2025\/08\/banner-metricalab-2.jpg","keywords":["Formaci\u00f3n","Formaci\u00f3n IT","Formaci\u00f3n profesional","METRICA LAB","Nuevos Talentos IT","Pr\u00e1cticas IT","Pr\u00e1cticas Profesionales","Primer empleo tecnol\u00f3gico","ProgramaDePracticas","Sector IT","Talento Digital","Talento joven","Tecnolog\u00eda","Transformaci\u00f3n Digital"],"articleSection":["Actualidad","MetricaLab"],"inLanguage":"es-PE","potentialAction":[{"@type":"CommentAction","name":"Comment","target":["https:\/\/www.metrica-global.com\/pe\/asi-ha-sido-la-experiencia-de-nuestros-alumnos-en-metrica-lab\/#respond"]}]},{"@type":"WebPage","@id":"https:\/\/www.metrica-global.com\/pe\/asi-ha-sido-la-experiencia-de-nuestros-alumnos-en-metrica-lab\/","url":"https:\/\/www.metrica-global.com\/pe\/asi-ha-sido-la-experiencia-de-nuestros-alumnos-en-metrica-lab\/","name":"As\u00ed ha sido la experiencia de nuestros alumnos en METRICA LAB - METRICA","isPartOf":{"@id":"https:\/\/www.metrica-global.com\/#website"},"primaryImageOfPage":{"@id":"https:\/\/www.metrica-global.com\/pe\/asi-ha-sido-la-experiencia-de-nuestros-alumnos-en-metrica-lab\/#primaryimage"},"image":{"@id":"https:\/\/www.metrica-global.com\/pe\/asi-ha-sido-la-experiencia-de-nuestros-alumnos-en-metrica-lab\/#primaryimage"},"thumbnailUrl":"https:\/\/www.metrica-global.com\/wp-content\/uploads\/2025\/08\/banner-metricalab-2.jpg","datePublished":"2025-06-24T07:58:07+00:00","breadcrumb":{"@id":"https:\/\/www.metrica-global.com\/pe\/asi-ha-sido-la-experiencia-de-nuestros-alumnos-en-metrica-lab\/#breadcrumb"},"inLanguage":"es-PE","potentialAction":[{"@type":"ReadAction","target":["https:\/\/www.metrica-global.com\/pe\/asi-ha-sido-la-experiencia-de-nuestros-alumnos-en-metrica-lab\/"]}]},{"@type":"ImageObject","inLanguage":"es-PE","@id":"https:\/\/www.metrica-global.com\/pe\/asi-ha-sido-la-experiencia-de-nuestros-alumnos-en-metrica-lab\/#primaryimage","url":"https:\/\/www.metrica-global.com\/wp-content\/uploads\/2025\/08\/banner-metricalab-2.jpg","contentUrl":"https:\/\/www.metrica-global.com\/wp-content\/uploads\/2025\/08\/banner-metricalab-2.jpg","width":3456,"height":1728},{"@type":"BreadcrumbList","@id":"https:\/\/www.metrica-global.com\/pe\/asi-ha-sido-la-experiencia-de-nuestros-alumnos-en-metrica-lab\/#breadcrumb","itemListElement":[{"@type":"ListItem","position":1,"name":"Portada","item":"https:\/\/www.metrica-global.com\/en\/"},{"@type":"ListItem","position":2,"name":"As\u00ed ha sido la experiencia de nuestros alumnos en METRICA LAB"}]},{"@type":"WebSite","@id":"https:\/\/www.metrica-global.com\/#website","url":"https:\/\/www.metrica-global.com\/","name":"METRICA","description":"Servicios Globales IT","publisher":{"@id":"https:\/\/www.metrica-global.com\/#organization"},"potentialAction":[{"@type":"SearchAction","target":{"@type":"EntryPoint","urlTemplate":"https:\/\/www.metrica-global.com\/?s={search_term_string}"},"query-input":{"@type":"PropertyValueSpecification","valueRequired":true,"valueName":"search_term_string"}}],"inLanguage":"es-PE"},{"@type":"Organization","@id":"https:\/\/www.metrica-global.com\/#organization","name":"METRICA","url":"https:\/\/www.metrica-global.com\/","logo":{"@type":"ImageObject","inLanguage":"es-PE","@id":"https:\/\/www.metrica-global.com\/#\/schema\/logo\/image\/","url":"https:\/\/www.metrica-global.com\/wp-content\/uploads\/2023\/12\/logo-metrica.png","contentUrl":"https:\/\/www.metrica-global.com\/wp-content\/uploads\/2023\/12\/logo-metrica.png","width":332,"height":58,"caption":"METRICA"},"image":{"@id":"https:\/\/www.metrica-global.com\/#\/schema\/logo\/image\/"}},{"@type":"Person","@id":"https:\/\/www.metrica-global.com\/#\/schema\/person\/2f4208bdc63892f387a04f4106dd0fcb","name":"metrica","image":{"@type":"ImageObject","inLanguage":"es-PE","@id":"https:\/\/www.metrica-global.com\/#\/schema\/person\/image\/","url":"https:\/\/secure.gravatar.com\/avatar\/735533d52394faf02a8736d8f477256b9fb421f39d81c48c55ea37c267061786?s=96&d=mm&r=g","contentUrl":"https:\/\/secure.gravatar.com\/avatar\/735533d52394faf02a8736d8f477256b9fb421f39d81c48c55ea37c267061786?s=96&d=mm&r=g","caption":"metrica"},"sameAs":["https:\/\/x.com\/desarrollo"],"url":"https:\/\/www.metrica-global.com\/pe\/author\/metrica\/"}]}},"_links":{"self":[{"href":"https:\/\/www.metrica-global.com\/pe\/wp-json\/wp\/v2\/posts\/13101","targetHints":{"allow":["GET"]}}],"collection":[{"href":"https:\/\/www.metrica-global.com\/pe\/wp-json\/wp\/v2\/posts"}],"about":[{"href":"https:\/\/www.metrica-global.com\/pe\/wp-json\/wp\/v2\/types\/post"}],"author":[{"embeddable":true,"href":"https:\/\/www.metrica-global.com\/pe\/wp-json\/wp\/v2\/users\/2"}],"replies":[{"embeddable":true,"href":"https:\/\/www.metrica-global.com\/pe\/wp-json\/wp\/v2\/comments?post=13101"}],"version-history":[{"count":0,"href":"https:\/\/www.metrica-global.com\/pe\/wp-json\/wp\/v2\/posts\/13101\/revisions"}],"wp:featuredmedia":[{"embeddable":true,"href":"https:\/\/www.metrica-global.com\/pe\/wp-json\/wp\/v2\/media\/12714"}],"wp:attachment":[{"href":"https:\/\/www.metrica-global.com\/pe\/wp-json\/wp\/v2\/media?parent=13101"}],"wp:term":[{"taxonomy":"category","embeddable":true,"href":"https:\/\/www.metrica-global.com\/pe\/wp-json\/wp\/v2\/categories?post=13101"},{"taxonomy":"post_tag","embeddable":true,"href":"https:\/\/www.metrica-global.com\/pe\/wp-json\/wp\/v2\/tags?post=13101"}],"curies":[{"name":"wp","href":"https:\/\/api.w.org\/{rel}","templated":true}]}}