{"id":13198,"date":"2025-09-03T16:52:34","date_gmt":"2025-09-03T14:52:34","guid":{"rendered":"https:\/\/www.metrica-global.com\/dia-de-la-adquisicion-de-talento-expertos-en-recruiting-it\/"},"modified":"2025-09-03T16:52:34","modified_gmt":"2025-09-03T14:52:34","slug":"dia-de-la-adquisicion-de-talento-expertos-en-recruiting-it","status":"publish","type":"post","link":"https:\/\/www.metrica-global.com\/pe\/dia-de-la-adquisicion-de-talento-expertos-en-recruiting-it\/","title":{"rendered":"D\u00eda de la Adquisici\u00f3n de Talento: expertos en recruiting IT"},"content":{"rendered":"<p data-start=\"314\" data-end=\"539\">El <strong data-start=\"317\" data-end=\"360\">D\u00eda Global de la Adquisici\u00f3n de Talento<\/strong> es una fecha clave para reflexionar sobre el papel de los equipos de <strong data-start=\"430\" data-end=\"463\">recruiting y recursos humanos<\/strong> en la construcci\u00f3n de organizaciones s\u00f3lidas, innovadoras y competitivas.<\/p>\n<p data-start=\"541\" data-end=\"759\">En METRICA, sabemos que la <strong data-start=\"568\" data-end=\"597\">adquisici\u00f3n de talento IT<\/strong> es mucho m\u00e1s que cubrir vacantes: se trata de acompa\u00f1ar a las personas, potenciar su crecimiento y generar un entorno en el que puedan aportar su m\u00e1ximo valor.<\/p>\n<p data-start=\"761\" data-end=\"1028\">Por eso, en esta jornada especial, algunos de nuestros profesionales de <strong data-start=\"833\" data-end=\"872\">reclutamiento y gesti\u00f3n de personas<\/strong> en las diferentes sedes internacionales han compartido sus mejores consejos para quienes buscan dar un salto en su carrera dentro del sector tecnol\u00f3gico.<\/p>\n<hr data-start=\"1030\" data-end=\"1033\">\n<h2 data-start=\"1035\" data-end=\"1098\">5 consejos clave para destacar en procesos de selecci\u00f3n IT<\/h2>\n<p data-start=\"1100\" data-end=\"1183\">A continuaci\u00f3n, resumimos las recomendaciones de nuestros expertos en talento IT:<\/p>\n<ol data-start=\"1185\" data-end=\"2140\">\n<li data-start=\"1185\" data-end=\"1365\">\n<p data-start=\"1188\" data-end=\"1365\"><strong data-start=\"1188\" data-end=\"1236\">Investiga y prep\u00e1rate antes de la entrevista<\/strong><br data-start=\"1236\" data-end=\"1239\">Conocer la empresa, sus valores y su cultura demuestra compromiso y marca una diferencia clara frente a otros candidatos.<\/p>\n<\/li>\n<li data-start=\"1367\" data-end=\"1574\">\n<p data-start=\"1370\" data-end=\"1574\"><strong data-start=\"1370\" data-end=\"1441\">S\u00e9 transparente y muestra entusiasmo por unirte a un entorno global<\/strong><br data-start=\"1441\" data-end=\"1444\">La sinceridad y las ganas de formar parte de un proyecto internacional son cualidades muy valoradas en un perfil tecnol\u00f3gico.<\/p>\n<\/li>\n<li data-start=\"1576\" data-end=\"1752\">\n<p data-start=\"1579\" data-end=\"1752\"><strong data-start=\"1579\" data-end=\"1621\">Cuida tu presencia digital en LinkedIn<\/strong><br data-start=\"1621\" data-end=\"1624\">Tu trayectoria, proyectos y aprendizajes deben reflejarse en esta red para mostrar el valor diferencial que puedes aportar.<\/p>\n<\/li>\n<li data-start=\"1754\" data-end=\"1948\">\n<p data-start=\"1757\" data-end=\"1948\"><strong data-start=\"1757\" data-end=\"1819\">Explica c\u00f3mo tu experiencia suma al equipo y los proyectos<\/strong><br data-start=\"1819\" data-end=\"1822\">No se trata solo de responder preguntas, sino de transmitir de qu\u00e9 manera tu conocimiento puede generar impacto positivo.<\/p>\n<\/li>\n<li data-start=\"1950\" data-end=\"2140\">\n<p data-start=\"1953\" data-end=\"2140\"><strong data-start=\"1953\" data-end=\"1996\">Apuesta por la formaci\u00f3n continua en IT<\/strong><br data-start=\"1996\" data-end=\"1999\">El sector tecnol\u00f3gico evoluciona semana a semana. Actualizarse en herramientas y competencias digitales es una inversi\u00f3n imprescindible. <\/p>\n<\/li>\n<\/ol>\n<hr data-start=\"2142\" data-end=\"2145\">\n<h2 data-start=\"2147\" data-end=\"2200\">El valor de la adquisici\u00f3n de talento en METRICA<\/h2>\n<p data-start=\"2202\" data-end=\"2267\">En cada uno de estos consejos se refleja el <strong data-start=\"2246\" data-end=\"2264\">ADN de METRICA<\/strong>:<\/p>\n<ul data-start=\"2269\" data-end=\"2517\">\n<li data-start=\"2269\" data-end=\"2326\">\n<p data-start=\"2271\" data-end=\"2326\">\ud83e\udd1d <strong data-start=\"2274\" data-end=\"2286\">Cercanos<\/strong>: construimos relaciones de confianza.<\/p>\n<\/li>\n<li data-start=\"2327\" data-end=\"2378\">\n<p data-start=\"2329\" data-end=\"2378\">\ud83d\udd04 <strong data-start=\"2332\" data-end=\"2345\">Flexibles<\/strong>: nos adaptamos a cada desaf\u00edo.<\/p>\n<\/li>\n<li data-start=\"2379\" data-end=\"2430\">\n<p data-start=\"2381\" data-end=\"2430\">\ud83d\ude80 <strong data-start=\"2384\" data-end=\"2398\">Proactivos<\/strong>: innovamos resolviendo retos.<\/p>\n<\/li>\n<li data-start=\"2431\" data-end=\"2517\">\n<p data-start=\"2433\" data-end=\"2517\">\ud83d\udc99 <strong data-start=\"2436\" data-end=\"2447\">Humanos<\/strong>: apostamos por una cultura organizacional centrada en las personas.<\/p>\n<\/li>\n<\/ul>\n<p data-start=\"2519\" data-end=\"2656\">Creemos firmemente que atraer talento IT es fundamental, pero acompa\u00f1arlo y potenciarlo en su desarrollo profesional lo es todav\u00eda m\u00e1s.<\/p>\n<hr data-start=\"2658\" data-end=\"2661\">\n<h2 data-start=\"2663\" data-end=\"2678\">Conclusi\u00f3n<\/h2>\n<p data-start=\"2680\" data-end=\"2972\">El <strong data-start=\"2683\" data-end=\"2726\">D\u00eda Global de la Adquisici\u00f3n de Talento<\/strong> es una oportunidad para recordar que la tecnolog\u00eda necesita de las personas tanto como las personas de la tecnolog\u00eda. En un mundo digital en constante transformaci\u00f3n, el verdadero valor diferencial est\u00e1 en el talento que impulsa cada proyecto. <\/p>\n<p data-start=\"2974\" data-end=\"3152\">En METRICA trabajamos para identificar, desarrollar y acompa\u00f1ar a los profesionales que quieren crecer en el sector IT, aportando innovaci\u00f3n, compromiso y visi\u00f3n internacional.<\/p>\n<p data-start=\"3154\" data-end=\"3217\">\u2728 Porque el futuro de la tecnolog\u00eda se construye con talento.<\/p>\n","protected":false},"excerpt":{"rendered":"<p>Nuestros profesionales de reclutamiento y gesti\u00f3n de personas han compartido consejos para los futuros talentos STEM.<\/p>\n","protected":false},"author":2,"featured_media":13191,"comment_status":"open","ping_status":"open","sticky":false,"template":"","format":"standard","meta":{"content-type":"","footnotes":""},"categories":[1155],"tags":[],"class_list":["post-13198","post","type-post","status-publish","format-standard","has-post-thumbnail","hentry","category-actualidad-pe"],"yoast_head":"<!-- This site is optimized with the Yoast SEO plugin v25.9 - https:\/\/yoast.com\/wordpress\/plugins\/seo\/ -->\n<title>D\u00eda de la Adquisici\u00f3n de Talento: expertos en recruiting IT - METRICA<\/title>\n<meta name=\"robots\" content=\"index, follow, max-snippet:-1, max-image-preview:large, max-video-preview:-1\" \/>\n<link rel=\"canonical\" href=\"https:\/\/www.metrica-global.com\/pe\/dia-de-la-adquisicion-de-talento-expertos-en-recruiting-it\/\" \/>\n<meta property=\"og:locale\" content=\"es_ES\" \/>\n<meta property=\"og:type\" content=\"article\" \/>\n<meta property=\"og:title\" content=\"D\u00eda de la Adquisici\u00f3n de Talento: expertos en recruiting IT - METRICA\" \/>\n<meta property=\"og:description\" content=\"Nuestros profesionales de reclutamiento y gesti\u00f3n de personas han compartido consejos para los futuros talentos STEM.\" \/>\n<meta property=\"og:url\" content=\"https:\/\/www.metrica-global.com\/pe\/dia-de-la-adquisicion-de-talento-expertos-en-recruiting-it\/\" \/>\n<meta property=\"og:site_name\" content=\"METRICA\" \/>\n<meta property=\"article:published_time\" content=\"2025-09-03T14:52:34+00:00\" \/>\n<meta property=\"og:image\" content=\"https:\/\/www.metrica-global.com\/wp-content\/uploads\/2025\/09\/IMG_1566.jpg\" \/>\n\t<meta property=\"og:image:width\" content=\"2560\" \/>\n\t<meta property=\"og:image:height\" content=\"1707\" \/>\n\t<meta property=\"og:image:type\" content=\"image\/jpeg\" \/>\n<meta name=\"author\" content=\"metrica\" \/>\n<meta name=\"twitter:card\" content=\"summary_large_image\" \/>\n<meta name=\"twitter:creator\" content=\"@desarrollo\" \/>\n<meta name=\"twitter:label1\" content=\"Written by\" \/>\n\t<meta name=\"twitter:data1\" content=\"metrica\" \/>\n\t<meta name=\"twitter:label2\" content=\"Est. reading time\" \/>\n\t<meta name=\"twitter:data2\" content=\"2 minutes\" \/>\n<script type=\"application\/ld+json\" class=\"yoast-schema-graph\">{\"@context\":\"https:\/\/schema.org\",\"@graph\":[{\"@type\":\"Article\",\"@id\":\"https:\/\/www.metrica-global.com\/pe\/dia-de-la-adquisicion-de-talento-expertos-en-recruiting-it\/#article\",\"isPartOf\":{\"@id\":\"https:\/\/www.metrica-global.com\/pe\/dia-de-la-adquisicion-de-talento-expertos-en-recruiting-it\/\"},\"author\":{\"name\":\"metrica\",\"@id\":\"https:\/\/www.metrica-global.com\/#\/schema\/person\/2f4208bdc63892f387a04f4106dd0fcb\"},\"headline\":\"D\u00eda de la Adquisici\u00f3n de Talento: expertos en recruiting IT\",\"datePublished\":\"2025-09-03T14:52:34+00:00\",\"mainEntityOfPage\":{\"@id\":\"https:\/\/www.metrica-global.com\/pe\/dia-de-la-adquisicion-de-talento-expertos-en-recruiting-it\/\"},\"wordCount\":456,\"commentCount\":0,\"publisher\":{\"@id\":\"https:\/\/www.metrica-global.com\/#organization\"},\"image\":{\"@id\":\"https:\/\/www.metrica-global.com\/pe\/dia-de-la-adquisicion-de-talento-expertos-en-recruiting-it\/#primaryimage\"},\"thumbnailUrl\":\"https:\/\/www.metrica-global.com\/wp-content\/uploads\/2025\/09\/IMG_1566.jpg\",\"articleSection\":[\"Actualidad\"],\"inLanguage\":\"es-PE\",\"potentialAction\":[{\"@type\":\"CommentAction\",\"name\":\"Comment\",\"target\":[\"https:\/\/www.metrica-global.com\/pe\/dia-de-la-adquisicion-de-talento-expertos-en-recruiting-it\/#respond\"]}]},{\"@type\":\"WebPage\",\"@id\":\"https:\/\/www.metrica-global.com\/pe\/dia-de-la-adquisicion-de-talento-expertos-en-recruiting-it\/\",\"url\":\"https:\/\/www.metrica-global.com\/pe\/dia-de-la-adquisicion-de-talento-expertos-en-recruiting-it\/\",\"name\":\"D\u00eda de la Adquisici\u00f3n de Talento: expertos en recruiting IT - METRICA\",\"isPartOf\":{\"@id\":\"https:\/\/www.metrica-global.com\/#website\"},\"primaryImageOfPage\":{\"@id\":\"https:\/\/www.metrica-global.com\/pe\/dia-de-la-adquisicion-de-talento-expertos-en-recruiting-it\/#primaryimage\"},\"image\":{\"@id\":\"https:\/\/www.metrica-global.com\/pe\/dia-de-la-adquisicion-de-talento-expertos-en-recruiting-it\/#primaryimage\"},\"thumbnailUrl\":\"https:\/\/www.metrica-global.com\/wp-content\/uploads\/2025\/09\/IMG_1566.jpg\",\"datePublished\":\"2025-09-03T14:52:34+00:00\",\"breadcrumb\":{\"@id\":\"https:\/\/www.metrica-global.com\/pe\/dia-de-la-adquisicion-de-talento-expertos-en-recruiting-it\/#breadcrumb\"},\"inLanguage\":\"es-PE\",\"potentialAction\":[{\"@type\":\"ReadAction\",\"target\":[\"https:\/\/www.metrica-global.com\/pe\/dia-de-la-adquisicion-de-talento-expertos-en-recruiting-it\/\"]}]},{\"@type\":\"ImageObject\",\"inLanguage\":\"es-PE\",\"@id\":\"https:\/\/www.metrica-global.com\/pe\/dia-de-la-adquisicion-de-talento-expertos-en-recruiting-it\/#primaryimage\",\"url\":\"https:\/\/www.metrica-global.com\/wp-content\/uploads\/2025\/09\/IMG_1566.jpg\",\"contentUrl\":\"https:\/\/www.metrica-global.com\/wp-content\/uploads\/2025\/09\/IMG_1566.jpg\",\"width\":2560,\"height\":1707},{\"@type\":\"BreadcrumbList\",\"@id\":\"https:\/\/www.metrica-global.com\/pe\/dia-de-la-adquisicion-de-talento-expertos-en-recruiting-it\/#breadcrumb\",\"itemListElement\":[{\"@type\":\"ListItem\",\"position\":1,\"name\":\"Portada\",\"item\":\"https:\/\/www.metrica-global.com\/en\/\"},{\"@type\":\"ListItem\",\"position\":2,\"name\":\"D\u00eda de la Adquisici\u00f3n de Talento: expertos en recruiting IT\"}]},{\"@type\":\"WebSite\",\"@id\":\"https:\/\/www.metrica-global.com\/#website\",\"url\":\"https:\/\/www.metrica-global.com\/\",\"name\":\"METRICA\",\"description\":\"Servicios Globales IT\",\"publisher\":{\"@id\":\"https:\/\/www.metrica-global.com\/#organization\"},\"potentialAction\":[{\"@type\":\"SearchAction\",\"target\":{\"@type\":\"EntryPoint\",\"urlTemplate\":\"https:\/\/www.metrica-global.com\/?s={search_term_string}\"},\"query-input\":{\"@type\":\"PropertyValueSpecification\",\"valueRequired\":true,\"valueName\":\"search_term_string\"}}],\"inLanguage\":\"es-PE\"},{\"@type\":\"Organization\",\"@id\":\"https:\/\/www.metrica-global.com\/#organization\",\"name\":\"METRICA\",\"url\":\"https:\/\/www.metrica-global.com\/\",\"logo\":{\"@type\":\"ImageObject\",\"inLanguage\":\"es-PE\",\"@id\":\"https:\/\/www.metrica-global.com\/#\/schema\/logo\/image\/\",\"url\":\"https:\/\/www.metrica-global.com\/wp-content\/uploads\/2023\/12\/logo-metrica.png\",\"contentUrl\":\"https:\/\/www.metrica-global.com\/wp-content\/uploads\/2023\/12\/logo-metrica.png\",\"width\":332,\"height\":58,\"caption\":\"METRICA\"},\"image\":{\"@id\":\"https:\/\/www.metrica-global.com\/#\/schema\/logo\/image\/\"}},{\"@type\":\"Person\",\"@id\":\"https:\/\/www.metrica-global.com\/#\/schema\/person\/2f4208bdc63892f387a04f4106dd0fcb\",\"name\":\"metrica\",\"image\":{\"@type\":\"ImageObject\",\"inLanguage\":\"es-PE\",\"@id\":\"https:\/\/www.metrica-global.com\/#\/schema\/person\/image\/\",\"url\":\"https:\/\/secure.gravatar.com\/avatar\/735533d52394faf02a8736d8f477256b9fb421f39d81c48c55ea37c267061786?s=96&d=mm&r=g\",\"contentUrl\":\"https:\/\/secure.gravatar.com\/avatar\/735533d52394faf02a8736d8f477256b9fb421f39d81c48c55ea37c267061786?s=96&d=mm&r=g\",\"caption\":\"metrica\"},\"sameAs\":[\"https:\/\/x.com\/desarrollo\"],\"url\":\"https:\/\/www.metrica-global.com\/pe\/author\/metrica\/\"}]}<\/script>\n<!-- \/ Yoast SEO plugin. -->","yoast_head_json":{"title":"D\u00eda de la Adquisici\u00f3n de Talento: expertos en recruiting IT - METRICA","robots":{"index":"index","follow":"follow","max-snippet":"max-snippet:-1","max-image-preview":"max-image-preview:large","max-video-preview":"max-video-preview:-1"},"canonical":"https:\/\/www.metrica-global.com\/pe\/dia-de-la-adquisicion-de-talento-expertos-en-recruiting-it\/","og_locale":"es_ES","og_type":"article","og_title":"D\u00eda de la Adquisici\u00f3n de Talento: expertos en recruiting IT - METRICA","og_description":"Nuestros profesionales de reclutamiento y gesti\u00f3n de personas han compartido consejos para los futuros talentos STEM.","og_url":"https:\/\/www.metrica-global.com\/pe\/dia-de-la-adquisicion-de-talento-expertos-en-recruiting-it\/","og_site_name":"METRICA","article_published_time":"2025-09-03T14:52:34+00:00","og_image":[{"width":2560,"height":1707,"url":"https:\/\/www.metrica-global.com\/wp-content\/uploads\/2025\/09\/IMG_1566.jpg","type":"image\/jpeg"}],"author":"metrica","twitter_card":"summary_large_image","twitter_creator":"@desarrollo","twitter_misc":{"Written by":"metrica","Est. reading time":"2 minutes"},"schema":{"@context":"https:\/\/schema.org","@graph":[{"@type":"Article","@id":"https:\/\/www.metrica-global.com\/pe\/dia-de-la-adquisicion-de-talento-expertos-en-recruiting-it\/#article","isPartOf":{"@id":"https:\/\/www.metrica-global.com\/pe\/dia-de-la-adquisicion-de-talento-expertos-en-recruiting-it\/"},"author":{"name":"metrica","@id":"https:\/\/www.metrica-global.com\/#\/schema\/person\/2f4208bdc63892f387a04f4106dd0fcb"},"headline":"D\u00eda de la Adquisici\u00f3n de Talento: expertos en recruiting IT","datePublished":"2025-09-03T14:52:34+00:00","mainEntityOfPage":{"@id":"https:\/\/www.metrica-global.com\/pe\/dia-de-la-adquisicion-de-talento-expertos-en-recruiting-it\/"},"wordCount":456,"commentCount":0,"publisher":{"@id":"https:\/\/www.metrica-global.com\/#organization"},"image":{"@id":"https:\/\/www.metrica-global.com\/pe\/dia-de-la-adquisicion-de-talento-expertos-en-recruiting-it\/#primaryimage"},"thumbnailUrl":"https:\/\/www.metrica-global.com\/wp-content\/uploads\/2025\/09\/IMG_1566.jpg","articleSection":["Actualidad"],"inLanguage":"es-PE","potentialAction":[{"@type":"CommentAction","name":"Comment","target":["https:\/\/www.metrica-global.com\/pe\/dia-de-la-adquisicion-de-talento-expertos-en-recruiting-it\/#respond"]}]},{"@type":"WebPage","@id":"https:\/\/www.metrica-global.com\/pe\/dia-de-la-adquisicion-de-talento-expertos-en-recruiting-it\/","url":"https:\/\/www.metrica-global.com\/pe\/dia-de-la-adquisicion-de-talento-expertos-en-recruiting-it\/","name":"D\u00eda de la Adquisici\u00f3n de Talento: expertos en recruiting IT - METRICA","isPartOf":{"@id":"https:\/\/www.metrica-global.com\/#website"},"primaryImageOfPage":{"@id":"https:\/\/www.metrica-global.com\/pe\/dia-de-la-adquisicion-de-talento-expertos-en-recruiting-it\/#primaryimage"},"image":{"@id":"https:\/\/www.metrica-global.com\/pe\/dia-de-la-adquisicion-de-talento-expertos-en-recruiting-it\/#primaryimage"},"thumbnailUrl":"https:\/\/www.metrica-global.com\/wp-content\/uploads\/2025\/09\/IMG_1566.jpg","datePublished":"2025-09-03T14:52:34+00:00","breadcrumb":{"@id":"https:\/\/www.metrica-global.com\/pe\/dia-de-la-adquisicion-de-talento-expertos-en-recruiting-it\/#breadcrumb"},"inLanguage":"es-PE","potentialAction":[{"@type":"ReadAction","target":["https:\/\/www.metrica-global.com\/pe\/dia-de-la-adquisicion-de-talento-expertos-en-recruiting-it\/"]}]},{"@type":"ImageObject","inLanguage":"es-PE","@id":"https:\/\/www.metrica-global.com\/pe\/dia-de-la-adquisicion-de-talento-expertos-en-recruiting-it\/#primaryimage","url":"https:\/\/www.metrica-global.com\/wp-content\/uploads\/2025\/09\/IMG_1566.jpg","contentUrl":"https:\/\/www.metrica-global.com\/wp-content\/uploads\/2025\/09\/IMG_1566.jpg","width":2560,"height":1707},{"@type":"BreadcrumbList","@id":"https:\/\/www.metrica-global.com\/pe\/dia-de-la-adquisicion-de-talento-expertos-en-recruiting-it\/#breadcrumb","itemListElement":[{"@type":"ListItem","position":1,"name":"Portada","item":"https:\/\/www.metrica-global.com\/en\/"},{"@type":"ListItem","position":2,"name":"D\u00eda de la Adquisici\u00f3n de Talento: expertos en recruiting IT"}]},{"@type":"WebSite","@id":"https:\/\/www.metrica-global.com\/#website","url":"https:\/\/www.metrica-global.com\/","name":"METRICA","description":"Servicios Globales IT","publisher":{"@id":"https:\/\/www.metrica-global.com\/#organization"},"potentialAction":[{"@type":"SearchAction","target":{"@type":"EntryPoint","urlTemplate":"https:\/\/www.metrica-global.com\/?s={search_term_string}"},"query-input":{"@type":"PropertyValueSpecification","valueRequired":true,"valueName":"search_term_string"}}],"inLanguage":"es-PE"},{"@type":"Organization","@id":"https:\/\/www.metrica-global.com\/#organization","name":"METRICA","url":"https:\/\/www.metrica-global.com\/","logo":{"@type":"ImageObject","inLanguage":"es-PE","@id":"https:\/\/www.metrica-global.com\/#\/schema\/logo\/image\/","url":"https:\/\/www.metrica-global.com\/wp-content\/uploads\/2023\/12\/logo-metrica.png","contentUrl":"https:\/\/www.metrica-global.com\/wp-content\/uploads\/2023\/12\/logo-metrica.png","width":332,"height":58,"caption":"METRICA"},"image":{"@id":"https:\/\/www.metrica-global.com\/#\/schema\/logo\/image\/"}},{"@type":"Person","@id":"https:\/\/www.metrica-global.com\/#\/schema\/person\/2f4208bdc63892f387a04f4106dd0fcb","name":"metrica","image":{"@type":"ImageObject","inLanguage":"es-PE","@id":"https:\/\/www.metrica-global.com\/#\/schema\/person\/image\/","url":"https:\/\/secure.gravatar.com\/avatar\/735533d52394faf02a8736d8f477256b9fb421f39d81c48c55ea37c267061786?s=96&d=mm&r=g","contentUrl":"https:\/\/secure.gravatar.com\/avatar\/735533d52394faf02a8736d8f477256b9fb421f39d81c48c55ea37c267061786?s=96&d=mm&r=g","caption":"metrica"},"sameAs":["https:\/\/x.com\/desarrollo"],"url":"https:\/\/www.metrica-global.com\/pe\/author\/metrica\/"}]}},"_links":{"self":[{"href":"https:\/\/www.metrica-global.com\/pe\/wp-json\/wp\/v2\/posts\/13198","targetHints":{"allow":["GET"]}}],"collection":[{"href":"https:\/\/www.metrica-global.com\/pe\/wp-json\/wp\/v2\/posts"}],"about":[{"href":"https:\/\/www.metrica-global.com\/pe\/wp-json\/wp\/v2\/types\/post"}],"author":[{"embeddable":true,"href":"https:\/\/www.metrica-global.com\/pe\/wp-json\/wp\/v2\/users\/2"}],"replies":[{"embeddable":true,"href":"https:\/\/www.metrica-global.com\/pe\/wp-json\/wp\/v2\/comments?post=13198"}],"version-history":[{"count":0,"href":"https:\/\/www.metrica-global.com\/pe\/wp-json\/wp\/v2\/posts\/13198\/revisions"}],"wp:featuredmedia":[{"embeddable":true,"href":"https:\/\/www.metrica-global.com\/pe\/wp-json\/wp\/v2\/media\/13191"}],"wp:attachment":[{"href":"https:\/\/www.metrica-global.com\/pe\/wp-json\/wp\/v2\/media?parent=13198"}],"wp:term":[{"taxonomy":"category","embeddable":true,"href":"https:\/\/www.metrica-global.com\/pe\/wp-json\/wp\/v2\/categories?post=13198"},{"taxonomy":"post_tag","embeddable":true,"href":"https:\/\/www.metrica-global.com\/pe\/wp-json\/wp\/v2\/tags?post=13198"}],"curies":[{"name":"wp","href":"https:\/\/api.w.org\/{rel}","templated":true}]}}