{"id":13464,"date":"2025-09-12T14:15:25","date_gmt":"2025-09-12T12:15:25","guid":{"rendered":"https:\/\/www.metrica-global.com\/el-test-del-programador-que-perfil-eres-tu\/"},"modified":"2025-09-12T14:15:25","modified_gmt":"2025-09-12T12:15:25","slug":"el-test-del-programador-que-perfil-eres-tu","status":"publish","type":"post","link":"https:\/\/www.metrica-global.com\/pe\/el-test-del-programador-que-perfil-eres-tu\/","title":{"rendered":"El test del programador: \u00bfqu\u00e9 perfil eres t\u00fa?"},"content":{"rendered":"<p data-start=\"274\" data-end=\"603\">Cada 13 de septiembre celebramos el <strong data-start=\"310\" data-end=\"333\">D\u00eda del Programador<\/strong>, una fecha dedicada a reconocer a las personas que hacen posible el mundo digital en el que vivimos. En METRICA creemos que, m\u00e1s all\u00e1 del c\u00f3digo, los programadores aportan talento, ingenio y creatividad que transforman la forma en la que trabajamos y nos comunicamos. <\/p>\n<p data-start=\"605\" data-end=\"841\">Para conmemorar este d\u00eda hemos creado un test divertido que te ayudar\u00e1 a descubrir qu\u00e9 tipo de programador eres. Porque detr\u00e1s de cada l\u00ednea de c\u00f3digo siempre hay una personalidad \u00fanica y un estilo de trabajo que merece ser celebrado. <\/p>\n<h2 data-start=\"2020\" data-end=\"2068\">\u00bfPor qu\u00e9 celebramos el D\u00eda del Programador?<\/h2>\n<p data-start=\"2070\" data-end=\"2300\">La programaci\u00f3n es la base de la <strong data-start=\"2103\" data-end=\"2129\">transformaci\u00f3n digital<\/strong> que vivimos a nivel global. Gracias a los desarrolladores y programadores, las empresas pueden innovar, optimizar procesos y ofrecer soluciones m\u00e1s flexibles y seguras. <\/p>\n<p data-start=\"2302\" data-end=\"2580\">En METRICA trabajamos cada d\u00eda con equipos de programadores que aportan cercan\u00eda, flexibilidad y una gran capacidad de resolver desaf\u00edos complejos con creatividad y humanidad. Valores que forman parte de nuestro ADN y que marcan la diferencia en cada proyecto que emprendemos. <\/p>\n<h2 data-start=\"843\" data-end=\"871\">El test del programador<\/h2>\n<p data-start=\"873\" data-end=\"1151\">Nuestro test consta de 7 preguntas r\u00e1pidas y ligeras que ponen a prueba tu estilo frente a los retos m\u00e1s habituales de la programaci\u00f3n. Desde c\u00f3mo reaccionas ante un bug hasta qu\u00e9 objeto nunca falta en tu escritorio, cada respuesta suma puntos para uno de estos tres perfiles. <\/p>\n<h3 data-start=\"1153\" data-end=\"1183\">Haz la prueba aqu\u00ed mismo<\/h3>\n<ol data-start=\"1185\" data-end=\"2018\">\n<li data-start=\"1185\" data-end=\"1291\">\n<p data-start=\"1188\" data-end=\"1291\">Cuando ves un bug, t\u00fa\u2026<br data-start=\"1210\" data-end=\"1213\">a) Lo arreglas r\u00e1pido<br data-start=\"1234\" data-end=\"1237\">b) Le echas la culpa a otro<br data-start=\"1264\" data-end=\"1267\">c) Lo llamas <em data-start=\"1280\" data-end=\"1289\">feature<\/em><\/p>\n<\/li>\n<li data-start=\"1293\" data-end=\"1369\">\n<p data-start=\"1296\" data-end=\"1369\">Tu mejor aliado es\u2026<br data-start=\"1315\" data-end=\"1318\">a) El caf\u00e9<br data-start=\"1328\" data-end=\"1331\">b) Stack Overflow<br data-start=\"1348\" data-end=\"1351\">c) El \u201cCtrl + Z\u201d<\/p>\n<\/li>\n<li data-start=\"1371\" data-end=\"1492\">\n<p data-start=\"1374\" data-end=\"1492\">Un viernes a las 18h prefieres\u2026<br data-start=\"1405\" data-end=\"1408\">a) Deployar (\u00a1valiente!)<br data-start=\"1432\" data-end=\"1435\">b) Huir sin mirar atr\u00e1s<br data-start=\"1458\" data-end=\"1461\">c) Esconderte tras el monitor<\/p>\n<\/li>\n<li data-start=\"1494\" data-end=\"1626\">\n<p data-start=\"1497\" data-end=\"1626\">Tu editor de c\u00f3digo favorito es\u2026<br data-start=\"1529\" data-end=\"1532\">a) El m\u00e1s r\u00e1pido y estable<br data-start=\"1558\" data-end=\"1561\">b) El que tiene m\u00e1s plugins<br data-start=\"1588\" data-end=\"1591\">c) El que no me da errores (casi)<\/p>\n<\/li>\n<li data-start=\"1628\" data-end=\"1762\">\n<p data-start=\"1631\" data-end=\"1762\">En tu escritorio nunca falta\u2026<br data-start=\"1660\" data-end=\"1663\">a) Una libreta con soluciones<br data-start=\"1692\" data-end=\"1695\">b) Pegatinas y gadgets tech<br data-start=\"1722\" data-end=\"1725\">c) Restos de caf\u00e9 y post-its viejos<\/p>\n<\/li>\n<li data-start=\"1764\" data-end=\"1897\">\n<p data-start=\"1767\" data-end=\"1897\">Cuando alguien pide \u201cun peque\u00f1o cambio\u201d\u2026<br data-start=\"1807\" data-end=\"1810\">a) Lo implementas con m\u00e9todo<br data-start=\"1838\" data-end=\"1841\">b) Lo conviertes en algo mejor<br data-start=\"1871\" data-end=\"1874\">c) Te echas a temblar<\/p>\n<\/li>\n<li data-start=\"1899\" data-end=\"2018\">\n<p data-start=\"1902\" data-end=\"2018\">Tu frase m\u00e1s repetida es\u2026<br data-start=\"1927\" data-end=\"1930\">a) \u201cLo tengo controlado\u201d<br data-start=\"1954\" data-end=\"1957\">b) \u201cY si lo probamos as\u00ed\u2026\u201d<br data-start=\"1983\" data-end=\"1986\">c) \u201c\u00a1Pero si funcionaba ayer!\u201d<\/p>\n<\/li>\n<\/ol>\n<h2 data-start=\"2582\" data-end=\"2606\">Resultados del test<\/h2>\n<p data-start=\"2608\" data-end=\"2717\">Ahora que ya tienes tus respuestas, revisa qu\u00e9 letra has elegido con mayor frecuencia y descubre tu perfil:<\/p>\n<ul data-start=\"2719\" data-end=\"3251\">\n<li data-start=\"2719\" data-end=\"2890\">\n<p data-start=\"2721\" data-end=\"2890\">\u26a1 <strong data-start=\"2723\" data-end=\"2773\">Mayor\u00eda de respuestas A \u2192 El Solucionador Nato<\/strong><br data-start=\"2773\" data-end=\"2776\">Met\u00f3dico, preciso y siempre con un plan. Sabes c\u00f3mo mantener el control incluso en los escenarios m\u00e1s complejos. <\/p>\n<\/li>\n<li data-start=\"2892\" data-end=\"3065\">\n<p data-start=\"2894\" data-end=\"3065\">\u2728 <strong data-start=\"2896\" data-end=\"2949\">Mayor\u00eda de respuestas B \u2192 El Programador Creativo<\/strong><br data-start=\"2949\" data-end=\"2952\">Innovador, curioso y lleno de ideas nuevas. No temes experimentar y transformar un problema en una oportunidad. <\/p>\n<\/li>\n<li data-start=\"3067\" data-end=\"3251\">\n<p data-start=\"3069\" data-end=\"3251\">\ud83e\udde9 <strong data-start=\"3072\" data-end=\"3129\">Mayor\u00eda de respuestas C \u2192 El Superviviente del C\u00f3digo<\/strong><br data-start=\"3129\" data-end=\"3132\">Ingenioso, resistente y capaz de salir de cualquier bug. Lo importante es que funcione, y siempre encuentras el modo. <\/p>\n<\/li>\n<\/ul>\n<h2 data-start=\"3253\" data-end=\"3289\">Descubre tu perfil y comp\u00e1rtelo<\/h2>\n<p data-start=\"3291\" data-end=\"3491\">Ya sea que te sientas identificado con el Solucionador Nato, el Programador Creativo o el Superviviente del C\u00f3digo, lo importante es reconocer que cada estilo aporta valor y enriquece a los equipos.<\/p>\n<p data-start=\"3493\" data-end=\"3648\">\ud83d\udcac Te invitamos a hacer el test, descubrir tu perfil y compartir el resultado en redes sociales. Celebremos juntos el talento que mueve el mundo digital. <\/p>\n","protected":false},"excerpt":{"rendered":"<p>Para celebrar el D\u00eda del Programador, hemos creado un test divertido que te ayudar\u00e1 a saber qu\u00e9 tipo de perfil eres m\u00e1s all\u00e1 del c\u00f3digo. \u00a1Pru\u00e9balo! <\/p>\n","protected":false},"author":2,"featured_media":13259,"comment_status":"open","ping_status":"open","sticky":false,"template":"","format":"standard","meta":{"content-type":"","footnotes":""},"categories":[1155],"tags":[1213,1192,3387,1262,3385,1368,1162,1221,3386],"class_list":["post-13464","post","type-post","status-publish","format-standard","has-post-thumbnail","hentry","category-actualidad-pe","tag-ambito-tecnologico-pe","tag-metrica-2-pe","tag-profesional-tecnologico-pe","tag-programacion-pe","tag-programador-pe","tag-programadores-pe","tag-sector-it-pe","tag-tecnologia-pe","tag-test-pe"],"yoast_head":"<!-- This site is optimized with the Yoast SEO plugin v25.9 - https:\/\/yoast.com\/wordpress\/plugins\/seo\/ -->\n<title>El test del programador: \u00bfqu\u00e9 perfil eres t\u00fa? - METRICA<\/title>\n<meta name=\"robots\" content=\"index, follow, max-snippet:-1, max-image-preview:large, max-video-preview:-1\" \/>\n<link rel=\"canonical\" href=\"https:\/\/www.metrica-global.com\/pe\/el-test-del-programador-que-perfil-eres-tu\/\" \/>\n<meta property=\"og:locale\" content=\"es_ES\" \/>\n<meta property=\"og:type\" content=\"article\" \/>\n<meta property=\"og:title\" content=\"El test del programador: \u00bfqu\u00e9 perfil eres t\u00fa? - METRICA\" \/>\n<meta property=\"og:description\" content=\"Para celebrar el D\u00eda del Programador, hemos creado un test divertido que te ayudar\u00e1 a saber qu\u00e9 tipo de perfil eres m\u00e1s all\u00e1 del c\u00f3digo. \u00a1Pru\u00e9balo!\" \/>\n<meta property=\"og:url\" content=\"https:\/\/www.metrica-global.com\/pe\/el-test-del-programador-que-perfil-eres-tu\/\" \/>\n<meta property=\"og:site_name\" content=\"METRICA\" \/>\n<meta property=\"article:published_time\" content=\"2025-09-12T12:15:25+00:00\" \/>\n<meta property=\"og:image\" content=\"https:\/\/www.metrica-global.com\/wp-content\/uploads\/2025\/09\/BANNER-NOTICIAS-2.jpg\" \/>\n\t<meta property=\"og:image:width\" content=\"3456\" \/>\n\t<meta property=\"og:image:height\" content=\"1728\" \/>\n\t<meta property=\"og:image:type\" content=\"image\/jpeg\" \/>\n<meta name=\"author\" content=\"metrica\" \/>\n<meta name=\"twitter:card\" content=\"summary_large_image\" \/>\n<meta name=\"twitter:creator\" content=\"@desarrollo\" \/>\n<meta name=\"twitter:label1\" content=\"Written by\" \/>\n\t<meta name=\"twitter:data1\" content=\"metrica\" \/>\n\t<meta name=\"twitter:label2\" content=\"Est. reading time\" \/>\n\t<meta name=\"twitter:data2\" content=\"3 minutes\" \/>\n<script type=\"application\/ld+json\" class=\"yoast-schema-graph\">{\"@context\":\"https:\/\/schema.org\",\"@graph\":[{\"@type\":\"Article\",\"@id\":\"https:\/\/www.metrica-global.com\/pe\/el-test-del-programador-que-perfil-eres-tu\/#article\",\"isPartOf\":{\"@id\":\"https:\/\/www.metrica-global.com\/pe\/el-test-del-programador-que-perfil-eres-tu\/\"},\"author\":{\"name\":\"metrica\",\"@id\":\"https:\/\/www.metrica-global.com\/#\/schema\/person\/2f4208bdc63892f387a04f4106dd0fcb\"},\"headline\":\"El test del programador: \u00bfqu\u00e9 perfil eres t\u00fa?\",\"datePublished\":\"2025-09-12T12:15:25+00:00\",\"mainEntityOfPage\":{\"@id\":\"https:\/\/www.metrica-global.com\/pe\/el-test-del-programador-que-perfil-eres-tu\/\"},\"wordCount\":566,\"commentCount\":0,\"publisher\":{\"@id\":\"https:\/\/www.metrica-global.com\/#organization\"},\"image\":{\"@id\":\"https:\/\/www.metrica-global.com\/pe\/el-test-del-programador-que-perfil-eres-tu\/#primaryimage\"},\"thumbnailUrl\":\"https:\/\/www.metrica-global.com\/wp-content\/uploads\/2025\/09\/BANNER-NOTICIAS-2.jpg\",\"keywords\":[\"\u00c1mbito Tecnol\u00f3gico\",\"METRICA\",\"profesional tecnol\u00f3gico\",\"Programaci\u00f3n\",\"programador\",\"Programadores\",\"Sector IT\",\"Tecnolog\u00eda\",\"test\"],\"articleSection\":[\"Actualidad\"],\"inLanguage\":\"es-PE\",\"potentialAction\":[{\"@type\":\"CommentAction\",\"name\":\"Comment\",\"target\":[\"https:\/\/www.metrica-global.com\/pe\/el-test-del-programador-que-perfil-eres-tu\/#respond\"]}]},{\"@type\":\"WebPage\",\"@id\":\"https:\/\/www.metrica-global.com\/pe\/el-test-del-programador-que-perfil-eres-tu\/\",\"url\":\"https:\/\/www.metrica-global.com\/pe\/el-test-del-programador-que-perfil-eres-tu\/\",\"name\":\"El test del programador: \u00bfqu\u00e9 perfil eres t\u00fa? - METRICA\",\"isPartOf\":{\"@id\":\"https:\/\/www.metrica-global.com\/#website\"},\"primaryImageOfPage\":{\"@id\":\"https:\/\/www.metrica-global.com\/pe\/el-test-del-programador-que-perfil-eres-tu\/#primaryimage\"},\"image\":{\"@id\":\"https:\/\/www.metrica-global.com\/pe\/el-test-del-programador-que-perfil-eres-tu\/#primaryimage\"},\"thumbnailUrl\":\"https:\/\/www.metrica-global.com\/wp-content\/uploads\/2025\/09\/BANNER-NOTICIAS-2.jpg\",\"datePublished\":\"2025-09-12T12:15:25+00:00\",\"breadcrumb\":{\"@id\":\"https:\/\/www.metrica-global.com\/pe\/el-test-del-programador-que-perfil-eres-tu\/#breadcrumb\"},\"inLanguage\":\"es-PE\",\"potentialAction\":[{\"@type\":\"ReadAction\",\"target\":[\"https:\/\/www.metrica-global.com\/pe\/el-test-del-programador-que-perfil-eres-tu\/\"]}]},{\"@type\":\"ImageObject\",\"inLanguage\":\"es-PE\",\"@id\":\"https:\/\/www.metrica-global.com\/pe\/el-test-del-programador-que-perfil-eres-tu\/#primaryimage\",\"url\":\"https:\/\/www.metrica-global.com\/wp-content\/uploads\/2025\/09\/BANNER-NOTICIAS-2.jpg\",\"contentUrl\":\"https:\/\/www.metrica-global.com\/wp-content\/uploads\/2025\/09\/BANNER-NOTICIAS-2.jpg\",\"width\":3456,\"height\":1728},{\"@type\":\"BreadcrumbList\",\"@id\":\"https:\/\/www.metrica-global.com\/pe\/el-test-del-programador-que-perfil-eres-tu\/#breadcrumb\",\"itemListElement\":[{\"@type\":\"ListItem\",\"position\":1,\"name\":\"Portada\",\"item\":\"https:\/\/www.metrica-global.com\/en\/\"},{\"@type\":\"ListItem\",\"position\":2,\"name\":\"El test del programador: \u00bfqu\u00e9 perfil eres t\u00fa?\"}]},{\"@type\":\"WebSite\",\"@id\":\"https:\/\/www.metrica-global.com\/#website\",\"url\":\"https:\/\/www.metrica-global.com\/\",\"name\":\"METRICA\",\"description\":\"Servicios Globales IT\",\"publisher\":{\"@id\":\"https:\/\/www.metrica-global.com\/#organization\"},\"potentialAction\":[{\"@type\":\"SearchAction\",\"target\":{\"@type\":\"EntryPoint\",\"urlTemplate\":\"https:\/\/www.metrica-global.com\/?s={search_term_string}\"},\"query-input\":{\"@type\":\"PropertyValueSpecification\",\"valueRequired\":true,\"valueName\":\"search_term_string\"}}],\"inLanguage\":\"es-PE\"},{\"@type\":\"Organization\",\"@id\":\"https:\/\/www.metrica-global.com\/#organization\",\"name\":\"METRICA\",\"url\":\"https:\/\/www.metrica-global.com\/\",\"logo\":{\"@type\":\"ImageObject\",\"inLanguage\":\"es-PE\",\"@id\":\"https:\/\/www.metrica-global.com\/#\/schema\/logo\/image\/\",\"url\":\"https:\/\/www.metrica-global.com\/wp-content\/uploads\/2023\/12\/logo-metrica.png\",\"contentUrl\":\"https:\/\/www.metrica-global.com\/wp-content\/uploads\/2023\/12\/logo-metrica.png\",\"width\":332,\"height\":58,\"caption\":\"METRICA\"},\"image\":{\"@id\":\"https:\/\/www.metrica-global.com\/#\/schema\/logo\/image\/\"}},{\"@type\":\"Person\",\"@id\":\"https:\/\/www.metrica-global.com\/#\/schema\/person\/2f4208bdc63892f387a04f4106dd0fcb\",\"name\":\"metrica\",\"image\":{\"@type\":\"ImageObject\",\"inLanguage\":\"es-PE\",\"@id\":\"https:\/\/www.metrica-global.com\/#\/schema\/person\/image\/\",\"url\":\"https:\/\/secure.gravatar.com\/avatar\/735533d52394faf02a8736d8f477256b9fb421f39d81c48c55ea37c267061786?s=96&d=mm&r=g\",\"contentUrl\":\"https:\/\/secure.gravatar.com\/avatar\/735533d52394faf02a8736d8f477256b9fb421f39d81c48c55ea37c267061786?s=96&d=mm&r=g\",\"caption\":\"metrica\"},\"sameAs\":[\"https:\/\/x.com\/desarrollo\"],\"url\":\"https:\/\/www.metrica-global.com\/pe\/author\/metrica\/\"}]}<\/script>\n<!-- \/ Yoast SEO plugin. -->","yoast_head_json":{"title":"El test del programador: \u00bfqu\u00e9 perfil eres t\u00fa? - METRICA","robots":{"index":"index","follow":"follow","max-snippet":"max-snippet:-1","max-image-preview":"max-image-preview:large","max-video-preview":"max-video-preview:-1"},"canonical":"https:\/\/www.metrica-global.com\/pe\/el-test-del-programador-que-perfil-eres-tu\/","og_locale":"es_ES","og_type":"article","og_title":"El test del programador: \u00bfqu\u00e9 perfil eres t\u00fa? - METRICA","og_description":"Para celebrar el D\u00eda del Programador, hemos creado un test divertido que te ayudar\u00e1 a saber qu\u00e9 tipo de perfil eres m\u00e1s all\u00e1 del c\u00f3digo. \u00a1Pru\u00e9balo!","og_url":"https:\/\/www.metrica-global.com\/pe\/el-test-del-programador-que-perfil-eres-tu\/","og_site_name":"METRICA","article_published_time":"2025-09-12T12:15:25+00:00","og_image":[{"width":3456,"height":1728,"url":"https:\/\/www.metrica-global.com\/wp-content\/uploads\/2025\/09\/BANNER-NOTICIAS-2.jpg","type":"image\/jpeg"}],"author":"metrica","twitter_card":"summary_large_image","twitter_creator":"@desarrollo","twitter_misc":{"Written by":"metrica","Est. reading time":"3 minutes"},"schema":{"@context":"https:\/\/schema.org","@graph":[{"@type":"Article","@id":"https:\/\/www.metrica-global.com\/pe\/el-test-del-programador-que-perfil-eres-tu\/#article","isPartOf":{"@id":"https:\/\/www.metrica-global.com\/pe\/el-test-del-programador-que-perfil-eres-tu\/"},"author":{"name":"metrica","@id":"https:\/\/www.metrica-global.com\/#\/schema\/person\/2f4208bdc63892f387a04f4106dd0fcb"},"headline":"El test del programador: \u00bfqu\u00e9 perfil eres t\u00fa?","datePublished":"2025-09-12T12:15:25+00:00","mainEntityOfPage":{"@id":"https:\/\/www.metrica-global.com\/pe\/el-test-del-programador-que-perfil-eres-tu\/"},"wordCount":566,"commentCount":0,"publisher":{"@id":"https:\/\/www.metrica-global.com\/#organization"},"image":{"@id":"https:\/\/www.metrica-global.com\/pe\/el-test-del-programador-que-perfil-eres-tu\/#primaryimage"},"thumbnailUrl":"https:\/\/www.metrica-global.com\/wp-content\/uploads\/2025\/09\/BANNER-NOTICIAS-2.jpg","keywords":["\u00c1mbito Tecnol\u00f3gico","METRICA","profesional tecnol\u00f3gico","Programaci\u00f3n","programador","Programadores","Sector IT","Tecnolog\u00eda","test"],"articleSection":["Actualidad"],"inLanguage":"es-PE","potentialAction":[{"@type":"CommentAction","name":"Comment","target":["https:\/\/www.metrica-global.com\/pe\/el-test-del-programador-que-perfil-eres-tu\/#respond"]}]},{"@type":"WebPage","@id":"https:\/\/www.metrica-global.com\/pe\/el-test-del-programador-que-perfil-eres-tu\/","url":"https:\/\/www.metrica-global.com\/pe\/el-test-del-programador-que-perfil-eres-tu\/","name":"El test del programador: \u00bfqu\u00e9 perfil eres t\u00fa? - METRICA","isPartOf":{"@id":"https:\/\/www.metrica-global.com\/#website"},"primaryImageOfPage":{"@id":"https:\/\/www.metrica-global.com\/pe\/el-test-del-programador-que-perfil-eres-tu\/#primaryimage"},"image":{"@id":"https:\/\/www.metrica-global.com\/pe\/el-test-del-programador-que-perfil-eres-tu\/#primaryimage"},"thumbnailUrl":"https:\/\/www.metrica-global.com\/wp-content\/uploads\/2025\/09\/BANNER-NOTICIAS-2.jpg","datePublished":"2025-09-12T12:15:25+00:00","breadcrumb":{"@id":"https:\/\/www.metrica-global.com\/pe\/el-test-del-programador-que-perfil-eres-tu\/#breadcrumb"},"inLanguage":"es-PE","potentialAction":[{"@type":"ReadAction","target":["https:\/\/www.metrica-global.com\/pe\/el-test-del-programador-que-perfil-eres-tu\/"]}]},{"@type":"ImageObject","inLanguage":"es-PE","@id":"https:\/\/www.metrica-global.com\/pe\/el-test-del-programador-que-perfil-eres-tu\/#primaryimage","url":"https:\/\/www.metrica-global.com\/wp-content\/uploads\/2025\/09\/BANNER-NOTICIAS-2.jpg","contentUrl":"https:\/\/www.metrica-global.com\/wp-content\/uploads\/2025\/09\/BANNER-NOTICIAS-2.jpg","width":3456,"height":1728},{"@type":"BreadcrumbList","@id":"https:\/\/www.metrica-global.com\/pe\/el-test-del-programador-que-perfil-eres-tu\/#breadcrumb","itemListElement":[{"@type":"ListItem","position":1,"name":"Portada","item":"https:\/\/www.metrica-global.com\/en\/"},{"@type":"ListItem","position":2,"name":"El test del programador: \u00bfqu\u00e9 perfil eres t\u00fa?"}]},{"@type":"WebSite","@id":"https:\/\/www.metrica-global.com\/#website","url":"https:\/\/www.metrica-global.com\/","name":"METRICA","description":"Servicios Globales IT","publisher":{"@id":"https:\/\/www.metrica-global.com\/#organization"},"potentialAction":[{"@type":"SearchAction","target":{"@type":"EntryPoint","urlTemplate":"https:\/\/www.metrica-global.com\/?s={search_term_string}"},"query-input":{"@type":"PropertyValueSpecification","valueRequired":true,"valueName":"search_term_string"}}],"inLanguage":"es-PE"},{"@type":"Organization","@id":"https:\/\/www.metrica-global.com\/#organization","name":"METRICA","url":"https:\/\/www.metrica-global.com\/","logo":{"@type":"ImageObject","inLanguage":"es-PE","@id":"https:\/\/www.metrica-global.com\/#\/schema\/logo\/image\/","url":"https:\/\/www.metrica-global.com\/wp-content\/uploads\/2023\/12\/logo-metrica.png","contentUrl":"https:\/\/www.metrica-global.com\/wp-content\/uploads\/2023\/12\/logo-metrica.png","width":332,"height":58,"caption":"METRICA"},"image":{"@id":"https:\/\/www.metrica-global.com\/#\/schema\/logo\/image\/"}},{"@type":"Person","@id":"https:\/\/www.metrica-global.com\/#\/schema\/person\/2f4208bdc63892f387a04f4106dd0fcb","name":"metrica","image":{"@type":"ImageObject","inLanguage":"es-PE","@id":"https:\/\/www.metrica-global.com\/#\/schema\/person\/image\/","url":"https:\/\/secure.gravatar.com\/avatar\/735533d52394faf02a8736d8f477256b9fb421f39d81c48c55ea37c267061786?s=96&d=mm&r=g","contentUrl":"https:\/\/secure.gravatar.com\/avatar\/735533d52394faf02a8736d8f477256b9fb421f39d81c48c55ea37c267061786?s=96&d=mm&r=g","caption":"metrica"},"sameAs":["https:\/\/x.com\/desarrollo"],"url":"https:\/\/www.metrica-global.com\/pe\/author\/metrica\/"}]}},"_links":{"self":[{"href":"https:\/\/www.metrica-global.com\/pe\/wp-json\/wp\/v2\/posts\/13464","targetHints":{"allow":["GET"]}}],"collection":[{"href":"https:\/\/www.metrica-global.com\/pe\/wp-json\/wp\/v2\/posts"}],"about":[{"href":"https:\/\/www.metrica-global.com\/pe\/wp-json\/wp\/v2\/types\/post"}],"author":[{"embeddable":true,"href":"https:\/\/www.metrica-global.com\/pe\/wp-json\/wp\/v2\/users\/2"}],"replies":[{"embeddable":true,"href":"https:\/\/www.metrica-global.com\/pe\/wp-json\/wp\/v2\/comments?post=13464"}],"version-history":[{"count":0,"href":"https:\/\/www.metrica-global.com\/pe\/wp-json\/wp\/v2\/posts\/13464\/revisions"}],"wp:featuredmedia":[{"embeddable":true,"href":"https:\/\/www.metrica-global.com\/pe\/wp-json\/wp\/v2\/media\/13259"}],"wp:attachment":[{"href":"https:\/\/www.metrica-global.com\/pe\/wp-json\/wp\/v2\/media?parent=13464"}],"wp:term":[{"taxonomy":"category","embeddable":true,"href":"https:\/\/www.metrica-global.com\/pe\/wp-json\/wp\/v2\/categories?post=13464"},{"taxonomy":"post_tag","embeddable":true,"href":"https:\/\/www.metrica-global.com\/pe\/wp-json\/wp\/v2\/tags?post=13464"}],"curies":[{"name":"wp","href":"https:\/\/api.w.org\/{rel}","templated":true}]}}