{"id":7082,"date":"2025-03-31T16:10:22","date_gmt":"2025-03-31T14:10:22","guid":{"rendered":"https:\/\/www.metrica-global.com\/metrica-en-marcha-contra-el-cancer\/"},"modified":"2025-06-17T10:38:20","modified_gmt":"2025-06-17T10:38:20","slug":"metrica-en-marcha-contra-el-cancer","status":"publish","type":"post","link":"https:\/\/www.metrica-global.com\/pe\/metrica-en-marcha-contra-el-cancer\/","title":{"rendered":"METRICA en marcha contra el c\u00e1ncer"},"content":{"rendered":"\r\n<p>En METRICA, creemos que el compromiso con la salud y el bienestar debe formar parte de nuestra cultura empresarial. Por ello, el pasado domingo, un equipo formado por compa\u00f1eras y compa\u00f1eros, junto con familiares y amigos, particip\u00f3 en la <strong>XII Carrera Madrid en Marcha contra el C\u00e1ncer<\/strong>, un evento solidario organizado por la <strong>Asociaci\u00f3n Espa\u00f1ola Contra el C\u00e1ncer (AECC)<\/strong>.<\/p>\r\n\r\n\r\n\r\n<p>Esta carrera no solo es una de las citas deportivas m\u00e1s importantes del calendario solidario en Madrid, sino tambi\u00e9n una oportunidad para unirnos en la lucha contra una enfermedad que afecta a millones de personas en todo el mundo.<\/p>\r\n\r\n\r\n\r\n<h2 class=\"wp-block-heading\"><strong>Un recorrido por la solidaridad<\/strong><\/h2>\r\n\r\n\r\n\r\n<p>M\u00e1s de <strong>27.000 personas<\/strong> se dieron cita en el centro de Madrid para correr o caminar en favor de la investigaci\u00f3n y la prevenci\u00f3n del c\u00e1ncer. La jornada comenz\u00f3 y termin\u00f3 en la <strong>Plaza de Col\u00f3n<\/strong>, con dos recorridos dise\u00f1ados para adaptarse a distintos niveles: uno de <strong>4K<\/strong> y otro de <strong>10K<\/strong>, ambos atravesando el emblem\u00e1tico <strong>Paseo de la Castellana<\/strong>.<\/p>\r\n\r\n\r\n\r\n<p>Desde primera hora de la ma\u00f1ana, la ciudad se llen\u00f3 de una impresionante <em>marea verde<\/em>, con camisetas que representaban el apoyo a la causa. Entre ellas, las de METRICA, cuyos participantes demostraron una vez m\u00e1s que nuestra empresa es mucho m\u00e1s que tecnolog\u00eda: somos personas comprometidas con la sociedad.<\/p>\r\n\r\n\r\n\r\n<h2 class=\"wp-block-heading\"><strong>El compromiso de METRICA con la salud y el bienestar<\/strong><\/h2>\r\n\r\n\r\n\r\n<p>En METRICA, promovemos la importancia de llevar un estilo de vida saludable, tanto dentro como fuera del entorno laboral. Participar en este tipo de eventos forma parte de nuestra apuesta por la <strong>responsabilidad social corporativa (RSC)<\/strong> y el fomento del bienestar de nuestro equipo.<\/p>\r\n\r\n\r\n\r\n<p>M\u00e1s all\u00e1 de la competici\u00f3n, esta carrera fue una oportunidad para compartir una jornada de compa\u00f1erismo y esfuerzo conjunto, reflejando valores fundamentales como la superaci\u00f3n, la resiliencia y el trabajo en equipo.<\/p>\r\n\r\n\r\n\r\n<h2 class=\"wp-block-heading\"><strong>Revive los mejores momentos<\/strong><\/h2>\r\n\r\n\r\n\r\n<p>La energ\u00eda y emoci\u00f3n de la carrera quedaron reflejadas en nuestras redes sociales, donde compartimos im\u00e1genes y videos de la experiencia. La participaci\u00f3n de METRICA en la <strong>Madrid en Marcha contra el C\u00e1ncer<\/strong> es una muestra m\u00e1s de nuestro compromiso con las causas que realmente importan.<\/p>\r\n\r\n\r\n\r\n<p>Desde aqu\u00ed, queremos agradecer a todas las personas que se sumaron a esta iniciativa y a la <strong>Asociaci\u00f3n Espa\u00f1ola Contra el C\u00e1ncer<\/strong> por hacer posible un evento tan necesario. Seguiremos movi\u00e9ndonos juntos por la salud, la solidaridad y un futuro mejor.<\/p>\r\n\r\n\r\n\r\n<p>\ud83d\udccc <strong>Porque en METRICA no solo corremos, avanzamos hacia un mundo m\u00e1s comprometido.<\/strong><\/p>\r\n\r\n\r\n\r\n<figure class=\"wp-block-gallery has-nested-images columns-default is-cropped wp-block-gallery-1 is-layout-flex wp-block-gallery-is-layout-flex\">\r\n<figure class=\"wp-block-image size-large\"><img decoding=\"async\" data-id=\"1714\" class=\"wp-image-1714\" src=\"https:\/\/themetricachange.com\/wp-content\/uploads\/2025\/03\/09-768x1024.jpg\" alt=\"\" \/><\/figure>\r\n\r\n\r\n\r\n<figure class=\"wp-block-image size-large\"><img decoding=\"async\" data-id=\"1719\" class=\"wp-image-1719\" src=\"https:\/\/themetricachange.com\/wp-content\/uploads\/2025\/03\/03-768x1024.jpg\" alt=\"\" \/><\/figure>\r\n\r\n\r\n\r\n<figure class=\"wp-block-image size-large\"><img decoding=\"async\" data-id=\"1715\" class=\"wp-image-1715\" src=\"https:\/\/themetricachange.com\/wp-content\/uploads\/2025\/03\/07-768x1024.jpg\" alt=\"\" \/><\/figure>\r\n\r\n\r\n\r\n<figure class=\"wp-block-image size-large\"><img decoding=\"async\" data-id=\"1718\" class=\"wp-image-1718\" src=\"https:\/\/themetricachange.com\/wp-content\/uploads\/2025\/03\/05-768x1024.jpg\" alt=\"\" \/><\/figure>\r\n\r\n\r\n\r\n<figure class=\"wp-block-image size-large\"><img decoding=\"async\" data-id=\"1717\" class=\"wp-image-1717\" src=\"https:\/\/themetricachange.com\/wp-content\/uploads\/2025\/03\/10-1024x768.jpg\" alt=\"\" \/><\/figure>\r\n\r\n\r\n\r\n<figure class=\"wp-block-image size-large\"><img fetchpriority=\"high\" decoding=\"async\" width=\"1024\" height=\"768\" data-id=\"1712\" class=\"wp-image-1712\" src=\"https:\/\/themetricachange.com\/wp-content\/uploads\/2025\/03\/02-1024x768.jpg\" alt=\"\" srcset=\"https:\/\/www.metrica-global.com\/wp-content\/uploads\/2025\/03\/02-1024x768.jpg 1024w, https:\/\/www.metrica-global.com\/wp-content\/uploads\/2025\/03\/02-300x225.jpg 300w, https:\/\/www.metrica-global.com\/wp-content\/uploads\/2025\/03\/02-768x576.jpg 768w, https:\/\/www.metrica-global.com\/wp-content\/uploads\/2025\/03\/02-1536x1152.jpg 1536w, https:\/\/www.metrica-global.com\/wp-content\/uploads\/2025\/03\/02.jpg 1600w\" sizes=\"(max-width: 1024px) 100vw, 1024px\" \/><\/figure>\r\n\r\n\r\n\r\n<figure class=\"wp-block-image size-large\"><img decoding=\"async\" width=\"1024\" height=\"768\" data-id=\"1713\" class=\"wp-image-1713\" src=\"https:\/\/themetricachange.com\/wp-content\/uploads\/2025\/03\/04-1024x768.jpg\" alt=\"\" srcset=\"https:\/\/www.metrica-global.com\/wp-content\/uploads\/2025\/03\/04-1024x768.jpg 1024w, https:\/\/www.metrica-global.com\/wp-content\/uploads\/2025\/03\/04-300x225.jpg 300w, https:\/\/www.metrica-global.com\/wp-content\/uploads\/2025\/03\/04-768x576.jpg 768w, https:\/\/www.metrica-global.com\/wp-content\/uploads\/2025\/03\/04-1536x1152.jpg 1536w, https:\/\/www.metrica-global.com\/wp-content\/uploads\/2025\/03\/04.jpg 1600w\" sizes=\"(max-width: 1024px) 100vw, 1024px\" \/><\/figure>\r\n\r\n\r\n\r\n<figure class=\"wp-block-image size-large\"><img decoding=\"async\" width=\"1024\" height=\"768\" data-id=\"1711\" class=\"wp-image-1711\" src=\"https:\/\/themetricachange.com\/wp-content\/uploads\/2025\/03\/06-1024x768.jpg\" alt=\"\" srcset=\"https:\/\/www.metrica-global.com\/wp-content\/uploads\/2025\/03\/06-1024x768.jpg 1024w, https:\/\/www.metrica-global.com\/wp-content\/uploads\/2025\/03\/06-300x225.jpg 300w, https:\/\/www.metrica-global.com\/wp-content\/uploads\/2025\/03\/06-768x576.jpg 768w, https:\/\/www.metrica-global.com\/wp-content\/uploads\/2025\/03\/06-1536x1152.jpg 1536w, https:\/\/www.metrica-global.com\/wp-content\/uploads\/2025\/03\/06.jpg 1600w\" sizes=\"(max-width: 1024px) 100vw, 1024px\" \/><\/figure>\r\n\r\n\r\n\r\n<figure class=\"wp-block-image size-large\"><img decoding=\"async\" data-id=\"1716\" class=\"wp-image-1716\" src=\"https:\/\/themetricachange.com\/wp-content\/uploads\/2025\/03\/08-768x1024.jpg\" alt=\"\" \/><\/figure>\r\n<\/figure>\r\n","protected":false},"excerpt":{"rendered":"<p>En METRICA, creemos que el compromiso con la salud y el bienestar debe formar parte de nuestra cultura empresarial. Por ello, el pasado domingo, un equipo formado por compa\u00f1eras y compa\u00f1eros, junto con familiares y amigos, particip\u00f3 en la XII Carrera Madrid en Marcha contra el C\u00e1ncer, un evento solidario organizado por la Asociaci\u00f3n Espa\u00f1ola [&hellip;]<\/p>\n","protected":false},"author":1,"featured_media":7083,"comment_status":"open","ping_status":"open","sticky":false,"template":"","format":"standard","meta":{"content-type":"","footnotes":""},"categories":[1155],"tags":[1185,1186,1187,1188,1189,1190,1191,1419,1193],"class_list":["post-7082","post","type-post","status-publish","format-standard","has-post-thumbnail","hentry","category-actualidad-pe","tag-carrera-contra-el-cancer-pe","tag-carrera-solidaria-pe","tag-contra-el-cancer-pe","tag-empresa-responsable-pe","tag-espana-pe","tag-evento-benefico-pe","tag-madrid-pe","tag-metrica-pe","tag-responsabilidad-social-pe"],"yoast_head":"<!-- This site is optimized with the Yoast SEO plugin v25.9 - https:\/\/yoast.com\/wordpress\/plugins\/seo\/ -->\n<title>METRICA en marcha contra el c\u00e1ncer - METRICA<\/title>\n<meta name=\"robots\" content=\"index, follow, max-snippet:-1, max-image-preview:large, max-video-preview:-1\" \/>\n<link rel=\"canonical\" href=\"https:\/\/www.metrica-global.com\/pe\/metrica-en-marcha-contra-el-cancer\/\" \/>\n<meta property=\"og:locale\" content=\"es_ES\" \/>\n<meta property=\"og:type\" content=\"article\" \/>\n<meta property=\"og:title\" content=\"METRICA en marcha contra el c\u00e1ncer - METRICA\" \/>\n<meta property=\"og:description\" content=\"En METRICA, creemos que el compromiso con la salud y el bienestar debe formar parte de nuestra cultura empresarial. Por ello, el pasado domingo, un equipo formado por compa\u00f1eras y compa\u00f1eros, junto con familiares y amigos, particip\u00f3 en la XII Carrera Madrid en Marcha contra el C\u00e1ncer, un evento solidario organizado por la Asociaci\u00f3n Espa\u00f1ola [&hellip;]\" \/>\n<meta property=\"og:url\" content=\"https:\/\/www.metrica-global.com\/pe\/metrica-en-marcha-contra-el-cancer\/\" \/>\n<meta property=\"og:site_name\" content=\"METRICA\" \/>\n<meta property=\"article:published_time\" content=\"2025-03-31T14:10:22+00:00\" \/>\n<meta property=\"article:modified_time\" content=\"2025-06-17T10:38:20+00:00\" \/>\n<meta property=\"og:image\" content=\"https:\/\/www.metrica-global.com\/wp-content\/uploads\/2025\/03\/BANNER-CARRERA-MADRID-CANCER-scaled-1.jpg\" \/>\n\t<meta property=\"og:image:width\" content=\"2560\" \/>\n\t<meta property=\"og:image:height\" content=\"1074\" \/>\n\t<meta property=\"og:image:type\" content=\"image\/jpeg\" \/>\n<meta name=\"author\" content=\"desarrollo\" \/>\n<meta name=\"twitter:card\" content=\"summary_large_image\" \/>\n<meta name=\"twitter:label1\" content=\"Written by\" \/>\n\t<meta name=\"twitter:data1\" content=\"desarrollo\" \/>\n\t<meta name=\"twitter:label2\" content=\"Est. reading time\" \/>\n\t<meta name=\"twitter:data2\" content=\"4 minutes\" \/>\n<script type=\"application\/ld+json\" class=\"yoast-schema-graph\">{\"@context\":\"https:\/\/schema.org\",\"@graph\":[{\"@type\":\"Article\",\"@id\":\"https:\/\/www.metrica-global.com\/pe\/metrica-en-marcha-contra-el-cancer\/#article\",\"isPartOf\":{\"@id\":\"https:\/\/www.metrica-global.com\/pe\/metrica-en-marcha-contra-el-cancer\/\"},\"author\":{\"name\":\"desarrollo\",\"@id\":\"https:\/\/www.metrica-global.com\/#\/schema\/person\/78e8e629d9e5908167469b249f6f2cdc\"},\"headline\":\"METRICA en marcha contra el c\u00e1ncer\",\"datePublished\":\"2025-03-31T14:10:22+00:00\",\"dateModified\":\"2025-06-17T10:38:20+00:00\",\"mainEntityOfPage\":{\"@id\":\"https:\/\/www.metrica-global.com\/pe\/metrica-en-marcha-contra-el-cancer\/\"},\"wordCount\":441,\"commentCount\":0,\"publisher\":{\"@id\":\"https:\/\/www.metrica-global.com\/#organization\"},\"image\":{\"@id\":\"https:\/\/www.metrica-global.com\/pe\/metrica-en-marcha-contra-el-cancer\/#primaryimage\"},\"thumbnailUrl\":\"https:\/\/www.metrica-global.com\/wp-content\/uploads\/2025\/03\/BANNER-CARRERA-MADRID-CANCER-scaled-1.jpg\",\"keywords\":[\"Carrera Contra El Cancer\",\"Carrera Solidaria\",\"Contra El C\u00e1ncer\",\"Empresa responsable\",\"Espa\u00f1a\",\"Evento ben\u00e9fico\",\"Madrid\",\"M\u00e9trica\",\"Responsabilidad Social\"],\"articleSection\":[\"Actualidad\"],\"inLanguage\":\"es-PE\",\"potentialAction\":[{\"@type\":\"CommentAction\",\"name\":\"Comment\",\"target\":[\"https:\/\/www.metrica-global.com\/pe\/metrica-en-marcha-contra-el-cancer\/#respond\"]}]},{\"@type\":\"WebPage\",\"@id\":\"https:\/\/www.metrica-global.com\/pe\/metrica-en-marcha-contra-el-cancer\/\",\"url\":\"https:\/\/www.metrica-global.com\/pe\/metrica-en-marcha-contra-el-cancer\/\",\"name\":\"METRICA en marcha contra el c\u00e1ncer - METRICA\",\"isPartOf\":{\"@id\":\"https:\/\/www.metrica-global.com\/#website\"},\"primaryImageOfPage\":{\"@id\":\"https:\/\/www.metrica-global.com\/pe\/metrica-en-marcha-contra-el-cancer\/#primaryimage\"},\"image\":{\"@id\":\"https:\/\/www.metrica-global.com\/pe\/metrica-en-marcha-contra-el-cancer\/#primaryimage\"},\"thumbnailUrl\":\"https:\/\/www.metrica-global.com\/wp-content\/uploads\/2025\/03\/BANNER-CARRERA-MADRID-CANCER-scaled-1.jpg\",\"datePublished\":\"2025-03-31T14:10:22+00:00\",\"dateModified\":\"2025-06-17T10:38:20+00:00\",\"breadcrumb\":{\"@id\":\"https:\/\/www.metrica-global.com\/pe\/metrica-en-marcha-contra-el-cancer\/#breadcrumb\"},\"inLanguage\":\"es-PE\",\"potentialAction\":[{\"@type\":\"ReadAction\",\"target\":[\"https:\/\/www.metrica-global.com\/pe\/metrica-en-marcha-contra-el-cancer\/\"]}]},{\"@type\":\"ImageObject\",\"inLanguage\":\"es-PE\",\"@id\":\"https:\/\/www.metrica-global.com\/pe\/metrica-en-marcha-contra-el-cancer\/#primaryimage\",\"url\":\"https:\/\/www.metrica-global.com\/wp-content\/uploads\/2025\/03\/BANNER-CARRERA-MADRID-CANCER-scaled-1.jpg\",\"contentUrl\":\"https:\/\/www.metrica-global.com\/wp-content\/uploads\/2025\/03\/BANNER-CARRERA-MADRID-CANCER-scaled-1.jpg\",\"width\":2560,\"height\":1074,\"caption\":\"BANNER CARRERA MADRID CANCER scaled 1\"},{\"@type\":\"BreadcrumbList\",\"@id\":\"https:\/\/www.metrica-global.com\/pe\/metrica-en-marcha-contra-el-cancer\/#breadcrumb\",\"itemListElement\":[{\"@type\":\"ListItem\",\"position\":1,\"name\":\"Portada\",\"item\":\"https:\/\/www.metrica-global.com\/en\/\"},{\"@type\":\"ListItem\",\"position\":2,\"name\":\"METRICA en marcha contra el c\u00e1ncer\"}]},{\"@type\":\"WebSite\",\"@id\":\"https:\/\/www.metrica-global.com\/#website\",\"url\":\"https:\/\/www.metrica-global.com\/\",\"name\":\"METRICA\",\"description\":\"Servicios Globales IT\",\"publisher\":{\"@id\":\"https:\/\/www.metrica-global.com\/#organization\"},\"potentialAction\":[{\"@type\":\"SearchAction\",\"target\":{\"@type\":\"EntryPoint\",\"urlTemplate\":\"https:\/\/www.metrica-global.com\/?s={search_term_string}\"},\"query-input\":{\"@type\":\"PropertyValueSpecification\",\"valueRequired\":true,\"valueName\":\"search_term_string\"}}],\"inLanguage\":\"es-PE\"},{\"@type\":\"Organization\",\"@id\":\"https:\/\/www.metrica-global.com\/#organization\",\"name\":\"METRICA\",\"url\":\"https:\/\/www.metrica-global.com\/\",\"logo\":{\"@type\":\"ImageObject\",\"inLanguage\":\"es-PE\",\"@id\":\"https:\/\/www.metrica-global.com\/#\/schema\/logo\/image\/\",\"url\":\"https:\/\/www.metrica-global.com\/wp-content\/uploads\/2023\/12\/logo-metrica.png\",\"contentUrl\":\"https:\/\/www.metrica-global.com\/wp-content\/uploads\/2023\/12\/logo-metrica.png\",\"width\":332,\"height\":58,\"caption\":\"METRICA\"},\"image\":{\"@id\":\"https:\/\/www.metrica-global.com\/#\/schema\/logo\/image\/\"}},{\"@type\":\"Person\",\"@id\":\"https:\/\/www.metrica-global.com\/#\/schema\/person\/78e8e629d9e5908167469b249f6f2cdc\",\"name\":\"desarrollo\",\"image\":{\"@type\":\"ImageObject\",\"inLanguage\":\"es-PE\",\"@id\":\"https:\/\/www.metrica-global.com\/#\/schema\/person\/image\/\",\"url\":\"https:\/\/secure.gravatar.com\/avatar\/d2653fb8f170e1382a31acc69dcf92e99545e6329805eb11d8a34443b058f3de?s=96&d=mm&r=g\",\"contentUrl\":\"https:\/\/secure.gravatar.com\/avatar\/d2653fb8f170e1382a31acc69dcf92e99545e6329805eb11d8a34443b058f3de?s=96&d=mm&r=g\",\"caption\":\"desarrollo\"},\"url\":\"https:\/\/www.metrica-global.com\/pe\/author\/desarrollo\/\"}]}<\/script>\n<!-- \/ Yoast SEO plugin. -->","yoast_head_json":{"title":"METRICA en marcha contra el c\u00e1ncer - METRICA","robots":{"index":"index","follow":"follow","max-snippet":"max-snippet:-1","max-image-preview":"max-image-preview:large","max-video-preview":"max-video-preview:-1"},"canonical":"https:\/\/www.metrica-global.com\/pe\/metrica-en-marcha-contra-el-cancer\/","og_locale":"es_ES","og_type":"article","og_title":"METRICA en marcha contra el c\u00e1ncer - METRICA","og_description":"En METRICA, creemos que el compromiso con la salud y el bienestar debe formar parte de nuestra cultura empresarial. Por ello, el pasado domingo, un equipo formado por compa\u00f1eras y compa\u00f1eros, junto con familiares y amigos, particip\u00f3 en la XII Carrera Madrid en Marcha contra el C\u00e1ncer, un evento solidario organizado por la Asociaci\u00f3n Espa\u00f1ola [&hellip;]","og_url":"https:\/\/www.metrica-global.com\/pe\/metrica-en-marcha-contra-el-cancer\/","og_site_name":"METRICA","article_published_time":"2025-03-31T14:10:22+00:00","article_modified_time":"2025-06-17T10:38:20+00:00","og_image":[{"width":2560,"height":1074,"url":"https:\/\/www.metrica-global.com\/wp-content\/uploads\/2025\/03\/BANNER-CARRERA-MADRID-CANCER-scaled-1.jpg","type":"image\/jpeg"}],"author":"desarrollo","twitter_card":"summary_large_image","twitter_misc":{"Written by":"desarrollo","Est. reading time":"4 minutes"},"schema":{"@context":"https:\/\/schema.org","@graph":[{"@type":"Article","@id":"https:\/\/www.metrica-global.com\/pe\/metrica-en-marcha-contra-el-cancer\/#article","isPartOf":{"@id":"https:\/\/www.metrica-global.com\/pe\/metrica-en-marcha-contra-el-cancer\/"},"author":{"name":"desarrollo","@id":"https:\/\/www.metrica-global.com\/#\/schema\/person\/78e8e629d9e5908167469b249f6f2cdc"},"headline":"METRICA en marcha contra el c\u00e1ncer","datePublished":"2025-03-31T14:10:22+00:00","dateModified":"2025-06-17T10:38:20+00:00","mainEntityOfPage":{"@id":"https:\/\/www.metrica-global.com\/pe\/metrica-en-marcha-contra-el-cancer\/"},"wordCount":441,"commentCount":0,"publisher":{"@id":"https:\/\/www.metrica-global.com\/#organization"},"image":{"@id":"https:\/\/www.metrica-global.com\/pe\/metrica-en-marcha-contra-el-cancer\/#primaryimage"},"thumbnailUrl":"https:\/\/www.metrica-global.com\/wp-content\/uploads\/2025\/03\/BANNER-CARRERA-MADRID-CANCER-scaled-1.jpg","keywords":["Carrera Contra El Cancer","Carrera Solidaria","Contra El C\u00e1ncer","Empresa responsable","Espa\u00f1a","Evento ben\u00e9fico","Madrid","M\u00e9trica","Responsabilidad Social"],"articleSection":["Actualidad"],"inLanguage":"es-PE","potentialAction":[{"@type":"CommentAction","name":"Comment","target":["https:\/\/www.metrica-global.com\/pe\/metrica-en-marcha-contra-el-cancer\/#respond"]}]},{"@type":"WebPage","@id":"https:\/\/www.metrica-global.com\/pe\/metrica-en-marcha-contra-el-cancer\/","url":"https:\/\/www.metrica-global.com\/pe\/metrica-en-marcha-contra-el-cancer\/","name":"METRICA en marcha contra el c\u00e1ncer - METRICA","isPartOf":{"@id":"https:\/\/www.metrica-global.com\/#website"},"primaryImageOfPage":{"@id":"https:\/\/www.metrica-global.com\/pe\/metrica-en-marcha-contra-el-cancer\/#primaryimage"},"image":{"@id":"https:\/\/www.metrica-global.com\/pe\/metrica-en-marcha-contra-el-cancer\/#primaryimage"},"thumbnailUrl":"https:\/\/www.metrica-global.com\/wp-content\/uploads\/2025\/03\/BANNER-CARRERA-MADRID-CANCER-scaled-1.jpg","datePublished":"2025-03-31T14:10:22+00:00","dateModified":"2025-06-17T10:38:20+00:00","breadcrumb":{"@id":"https:\/\/www.metrica-global.com\/pe\/metrica-en-marcha-contra-el-cancer\/#breadcrumb"},"inLanguage":"es-PE","potentialAction":[{"@type":"ReadAction","target":["https:\/\/www.metrica-global.com\/pe\/metrica-en-marcha-contra-el-cancer\/"]}]},{"@type":"ImageObject","inLanguage":"es-PE","@id":"https:\/\/www.metrica-global.com\/pe\/metrica-en-marcha-contra-el-cancer\/#primaryimage","url":"https:\/\/www.metrica-global.com\/wp-content\/uploads\/2025\/03\/BANNER-CARRERA-MADRID-CANCER-scaled-1.jpg","contentUrl":"https:\/\/www.metrica-global.com\/wp-content\/uploads\/2025\/03\/BANNER-CARRERA-MADRID-CANCER-scaled-1.jpg","width":2560,"height":1074,"caption":"BANNER CARRERA MADRID CANCER scaled 1"},{"@type":"BreadcrumbList","@id":"https:\/\/www.metrica-global.com\/pe\/metrica-en-marcha-contra-el-cancer\/#breadcrumb","itemListElement":[{"@type":"ListItem","position":1,"name":"Portada","item":"https:\/\/www.metrica-global.com\/en\/"},{"@type":"ListItem","position":2,"name":"METRICA en marcha contra el c\u00e1ncer"}]},{"@type":"WebSite","@id":"https:\/\/www.metrica-global.com\/#website","url":"https:\/\/www.metrica-global.com\/","name":"METRICA","description":"Servicios Globales IT","publisher":{"@id":"https:\/\/www.metrica-global.com\/#organization"},"potentialAction":[{"@type":"SearchAction","target":{"@type":"EntryPoint","urlTemplate":"https:\/\/www.metrica-global.com\/?s={search_term_string}"},"query-input":{"@type":"PropertyValueSpecification","valueRequired":true,"valueName":"search_term_string"}}],"inLanguage":"es-PE"},{"@type":"Organization","@id":"https:\/\/www.metrica-global.com\/#organization","name":"METRICA","url":"https:\/\/www.metrica-global.com\/","logo":{"@type":"ImageObject","inLanguage":"es-PE","@id":"https:\/\/www.metrica-global.com\/#\/schema\/logo\/image\/","url":"https:\/\/www.metrica-global.com\/wp-content\/uploads\/2023\/12\/logo-metrica.png","contentUrl":"https:\/\/www.metrica-global.com\/wp-content\/uploads\/2023\/12\/logo-metrica.png","width":332,"height":58,"caption":"METRICA"},"image":{"@id":"https:\/\/www.metrica-global.com\/#\/schema\/logo\/image\/"}},{"@type":"Person","@id":"https:\/\/www.metrica-global.com\/#\/schema\/person\/78e8e629d9e5908167469b249f6f2cdc","name":"desarrollo","image":{"@type":"ImageObject","inLanguage":"es-PE","@id":"https:\/\/www.metrica-global.com\/#\/schema\/person\/image\/","url":"https:\/\/secure.gravatar.com\/avatar\/d2653fb8f170e1382a31acc69dcf92e99545e6329805eb11d8a34443b058f3de?s=96&d=mm&r=g","contentUrl":"https:\/\/secure.gravatar.com\/avatar\/d2653fb8f170e1382a31acc69dcf92e99545e6329805eb11d8a34443b058f3de?s=96&d=mm&r=g","caption":"desarrollo"},"url":"https:\/\/www.metrica-global.com\/pe\/author\/desarrollo\/"}]}},"_links":{"self":[{"href":"https:\/\/www.metrica-global.com\/pe\/wp-json\/wp\/v2\/posts\/7082","targetHints":{"allow":["GET"]}}],"collection":[{"href":"https:\/\/www.metrica-global.com\/pe\/wp-json\/wp\/v2\/posts"}],"about":[{"href":"https:\/\/www.metrica-global.com\/pe\/wp-json\/wp\/v2\/types\/post"}],"author":[{"embeddable":true,"href":"https:\/\/www.metrica-global.com\/pe\/wp-json\/wp\/v2\/users\/1"}],"replies":[{"embeddable":true,"href":"https:\/\/www.metrica-global.com\/pe\/wp-json\/wp\/v2\/comments?post=7082"}],"version-history":[{"count":1,"href":"https:\/\/www.metrica-global.com\/pe\/wp-json\/wp\/v2\/posts\/7082\/revisions"}],"predecessor-version":[{"id":7836,"href":"https:\/\/www.metrica-global.com\/pe\/wp-json\/wp\/v2\/posts\/7082\/revisions\/7836"}],"wp:featuredmedia":[{"embeddable":true,"href":"https:\/\/www.metrica-global.com\/pe\/wp-json\/wp\/v2\/media\/7083"}],"wp:attachment":[{"href":"https:\/\/www.metrica-global.com\/pe\/wp-json\/wp\/v2\/media?parent=7082"}],"wp:term":[{"taxonomy":"category","embeddable":true,"href":"https:\/\/www.metrica-global.com\/pe\/wp-json\/wp\/v2\/categories?post=7082"},{"taxonomy":"post_tag","embeddable":true,"href":"https:\/\/www.metrica-global.com\/pe\/wp-json\/wp\/v2\/tags?post=7082"}],"curies":[{"name":"wp","href":"https:\/\/api.w.org\/{rel}","templated":true}]}}