{"id":7118,"date":"2024-12-05T18:30:00","date_gmt":"2024-12-05T17:30:00","guid":{"rendered":"https:\/\/www.metrica-global.com\/care-month-el-mes-del-bienestar-y-la-solidaridad-en-metrica\/"},"modified":"2025-06-17T10:39:18","modified_gmt":"2025-06-17T10:39:18","slug":"care-month-el-mes-del-bienestar-y-la-solidaridad-en-metrica","status":"publish","type":"post","link":"https:\/\/www.metrica-global.com\/pe\/care-month-el-mes-del-bienestar-y-la-solidaridad-en-metrica\/","title":{"rendered":"CARE MONTH: El Mes del Bienestar y la Solidaridad en M\u00e9trica"},"content":{"rendered":"\r\n<p>En M\u00e9trica, sabemos que el \u00e9xito no solo se mide por los resultados empresariales, sino tambi\u00e9n por el bienestar de las personas que hacen posible cada logro. Por eso, este a\u00f1o hemos celebrado nuestro primer <em>CARE MONTH<\/em>, un mes dedicado a promover h\u00e1bitos saludables, la actividad f\u00edsica y el compromiso social entre todos los empleados y empleadas de nuestras sedes internacionales.<\/p>\r\n\r\n\r\n\r\n<p>Este evento no solo fue una gran oportunidad para fomentar un estilo de vida activo, sino que tambi\u00e9n nos permiti\u00f3 conectar, colaborar y contribuir a causas que nos importan. A continuaci\u00f3n, te contamos c\u00f3mo se vivi\u00f3 el <em>CARE MONTH<\/em> y los grandes logros que conseguimos juntos.<\/p>\r\n\r\n\r\n\r\n<h2 class=\"wp-block-heading\">Iniciativas destacadas del CARE MONTH<\/h2>\r\n\r\n\r\n\r\n<p>Durante el <em>CARE MONTH<\/em>, se llevaron a cabo diversas actividades en todas nuestras sedes alrededor del mundo. Estas son algunas de las m\u00e1s destacadas:<\/p>\r\n\r\n\r\n\r\n<h3 class=\"wp-block-heading\">1. <strong>Concurso Global de Acumulaci\u00f3n de Pasos<\/strong><\/h3>\r\n\r\n\r\n\r\n<p>El <em>CARE MONTH<\/em> arranc\u00f3 con un desaf\u00edo que puso a prueba nuestra motivaci\u00f3n y esp\u00edritu competitivo: un concurso global para acumular el mayor n\u00famero de pasos posible. Empleados de diferentes pa\u00edses participaron en esta divertida competici\u00f3n, que nos anim\u00f3 a movernos m\u00e1s y a mantenernos activos durante todo el mes.<\/p>\r\n\r\n\r\n\r\n<h3 class=\"wp-block-heading\">2. <strong>Eventos ben\u00e9ficos internacionales<\/strong><\/h3>\r\n\r\n\r\n\r\n<p>La solidaridad tambi\u00e9n form\u00f3 parte de nuestro <em>CARE MONTH<\/em>. Organizamos eventos en distintas sedes para combinar el ejercicio f\u00edsico con un impacto positivo en la sociedad:<\/p>\r\n\r\n\r\n\r\n<ul class=\"wp-block-list\">\r\n<li><strong>Carreras ben\u00e9ficas<\/strong> en Madrid, Barcelona, Santiago de Chile y Lima, en las que pudimos colaborar con causas locales mientras disfrut\u00e1bamos de una jornada saludable.<\/li>\r\n\r\n\r\n\r\n<li>Una <strong>Jornada de Reforestaci\u00f3n<\/strong> en Lisboa, donde contribuimos al cuidado del medioambiente plantando \u00e1rboles y compartiendo una experiencia \u00fanica al aire libre.<\/li>\r\n<\/ul>\r\n\r\n\r\n\r\n<h3 class=\"wp-block-heading\">3. <strong>Suscripci\u00f3n gratuita a Running.COACH<\/strong><\/h3>\r\n\r\n\r\n\r\n<p>Gracias a la colaboraci\u00f3n con Running.COACH, ofrecimos a todos los empleados 3 meses de acceso gratuito a esta innovadora aplicaci\u00f3n que utiliza inteligencia artificial para dise\u00f1ar planes de entrenamiento personalizados. Esto les permiti\u00f3 establecer y alcanzar sus objetivos deportivos de forma m\u00e1s eficiente y motivadora.<\/p>\r\n\r\n\r\n\r\n<h3 class=\"wp-block-heading\">4. <strong>CARE MONTH TOURNAMENT<\/strong><\/h3>\r\n\r\n\r\n\r\n<p>En nuestras oficinas centrales, organizamos el primer <em>CARE MONTH TOURNAMENT<\/em>, un torneo interno de p\u00e1del que reuni\u00f3 a equipos de todas las \u00e1reas de la empresa. Esta actividad no solo foment\u00f3 el esp\u00edritu de equipo, sino que tambi\u00e9n fue una excelente oportunidad para disfrutar de una jornada divertida y saludable entre compa\u00f1eros.<\/p>\r\n\r\n\r\n\r\n<h2 class=\"wp-block-heading\">Los resultados del CARE MONTH<\/h2>\r\n\r\n\r\n\r\n<p>El impacto de estas iniciativas se refleja en cifras impresionantes:<\/p>\r\n\r\n\r\n\r\n<ul class=\"wp-block-list\">\r\n<li><strong>M\u00e1s de 180 participantes<\/strong> en 5 pa\u00edses.<\/li>\r\n\r\n\r\n\r\n<li><strong>M\u00e1s de 1.200 kil\u00f3metros acumulados<\/strong> entre todos los participantes.<\/li>\r\n\r\n\r\n\r\n<li><strong>M\u00e1s de 600 horas de ejercicio<\/strong> realizadas durante el mes.<\/li>\r\n<\/ul>\r\n\r\n\r\n\r\n<p>Estos n\u00fameros reflejan el compromiso de todos los empleados y empleadas de M\u00e9trica por mantenerse activos y colaborar en equipo para hacer de este mes algo inolvidable.<\/p>\r\n\r\n\r\n\r\n<h2 class=\"wp-block-heading\">Compartimos nuestro \u00e9xito en redes sociales<\/h2>\r\n\r\n\r\n\r\n<p>El <em>CARE MONTH<\/em> tambi\u00e9n dej\u00f3 momentos para el recuerdo, que hemos compartido con orgullo en nuestras redes sociales. En nuestras publicaciones, encontrar\u00e1s im\u00e1genes y an\u00e9cdotas de cada evento, destacando la incre\u00edble participaci\u00f3n de nuestra gente y el impacto positivo que hemos logrado juntos.<\/p>\r\n\r\n\r\n\r\n<h2 class=\"wp-block-heading\">Mirando hacia el futuro<\/h2>\r\n\r\n\r\n\r\n<p>En M\u00e9trica, el bienestar y la solidaridad no son solo palabras, son valores que gu\u00edan nuestro d\u00eda a d\u00eda. El \u00e9xito del <em>CARE MONTH<\/em> nos motiva a seguir organizando iniciativas que promuevan un estilo de vida saludable y fortalezcan nuestro compromiso social.<\/p>\r\n\r\n\r\n\r\n<p>A todos los que participasteis, \u00a1gracias por vuestro esfuerzo, energ\u00eda y entusiasmo! Esto es solo el principio, y estamos deseando anunciar nuevos retos y actividades en el futuro.<\/p>\r\n\r\n\r\n\r\n<p><strong>\u00a1Sigamos avanzando juntos hacia un futuro m\u00e1s saludable y solidario!<\/strong><\/p>\r\n\r\n\r\n\r\n<figure class=\"wp-block-image size-large is-resized\"><img fetchpriority=\"high\" decoding=\"async\" width=\"1024\" height=\"214\" class=\"wp-image-1617\" style=\"width: 1167px; height: auto;\" src=\"https:\/\/themetricachange.com\/wp-content\/uploads\/2024\/12\/CARRUSEL-LINKEDIN-11-slides-2-1024x214.png\" alt=\"\" srcset=\"https:\/\/www.metrica-global.com\/wp-content\/uploads\/2024\/12\/CARRUSEL-LINKEDIN-11-slides-2-1024x214.png 1024w, https:\/\/www.metrica-global.com\/wp-content\/uploads\/2024\/12\/CARRUSEL-LINKEDIN-11-slides-2-300x63.png 300w, https:\/\/www.metrica-global.com\/wp-content\/uploads\/2024\/12\/CARRUSEL-LINKEDIN-11-slides-2-768x160.png 768w, https:\/\/www.metrica-global.com\/wp-content\/uploads\/2024\/12\/CARRUSEL-LINKEDIN-11-slides-2-1536x321.png 1536w, https:\/\/www.metrica-global.com\/wp-content\/uploads\/2024\/12\/CARRUSEL-LINKEDIN-11-slides-2-2048x427.png 2048w\" sizes=\"(max-width: 1024px) 100vw, 1024px\" \/><\/figure>\r\n","protected":false},"excerpt":{"rendered":"<p>Este a\u00f1o hemos celebrado nuestro primer CARE MONTH, un mes dedicado a promover h\u00e1bitos saludables, la actividad f\u00edsica y el compromiso social entre todos los empleados y empleadas de nuestras sedes internacionales.<\/p>\n","protected":false},"author":1,"featured_media":7119,"comment_status":"open","ping_status":"open","sticky":false,"template":"","format":"standard","meta":{"content-type":"","footnotes":""},"categories":[1155],"tags":[1307,1213,1308,1186,1309,1310,1162,1245,1311,1312],"class_list":["post-7118","post","type-post","status-publish","format-standard","has-post-thumbnail","hentry","category-actualidad-pe","tag-actividad-fisica-en-empresas-pe","tag-ambito-tecnologico-pe","tag-bienestar-pe","tag-carrera-solidaria-pe","tag-deporte-y-equipo-pe","tag-responsabilidad-corporativa-pe","tag-sector-it-pe","tag-sostenibilidad-pe","tag-team-building-pe","tag-vida-saludable-pe"],"yoast_head":"<!-- This site is optimized with the Yoast SEO plugin v25.9 - https:\/\/yoast.com\/wordpress\/plugins\/seo\/ -->\n<title>CARE MONTH: El Mes del Bienestar y la Solidaridad en M\u00e9trica - METRICA<\/title>\n<meta name=\"robots\" content=\"index, follow, max-snippet:-1, max-image-preview:large, max-video-preview:-1\" \/>\n<link rel=\"canonical\" href=\"https:\/\/www.metrica-global.com\/pe\/care-month-el-mes-del-bienestar-y-la-solidaridad-en-metrica\/\" \/>\n<meta property=\"og:locale\" content=\"es_ES\" \/>\n<meta property=\"og:type\" content=\"article\" \/>\n<meta property=\"og:title\" content=\"CARE MONTH: El Mes del Bienestar y la Solidaridad en M\u00e9trica - METRICA\" \/>\n<meta property=\"og:description\" content=\"Este a\u00f1o hemos celebrado nuestro primer CARE MONTH, un mes dedicado a promover h\u00e1bitos saludables, la actividad f\u00edsica y el compromiso social entre todos los empleados y empleadas de nuestras sedes internacionales.\" \/>\n<meta property=\"og:url\" content=\"https:\/\/www.metrica-global.com\/pe\/care-month-el-mes-del-bienestar-y-la-solidaridad-en-metrica\/\" \/>\n<meta property=\"og:site_name\" content=\"METRICA\" \/>\n<meta property=\"article:published_time\" content=\"2024-12-05T17:30:00+00:00\" \/>\n<meta property=\"article:modified_time\" content=\"2025-06-17T10:39:18+00:00\" \/>\n<meta property=\"og:image\" content=\"https:\/\/www.metrica-global.com\/wp-content\/uploads\/2024\/12\/banner-care-month-1-scaled-1.jpg\" \/>\n\t<meta property=\"og:image:width\" content=\"2560\" \/>\n\t<meta property=\"og:image:height\" content=\"1280\" \/>\n\t<meta property=\"og:image:type\" content=\"image\/jpeg\" \/>\n<meta name=\"author\" content=\"desarrollo\" \/>\n<meta name=\"twitter:card\" content=\"summary_large_image\" \/>\n<meta name=\"twitter:label1\" content=\"Written by\" \/>\n\t<meta name=\"twitter:data1\" content=\"desarrollo\" \/>\n\t<meta name=\"twitter:label2\" content=\"Est. reading time\" \/>\n\t<meta name=\"twitter:data2\" content=\"4 minutes\" \/>\n<script type=\"application\/ld+json\" class=\"yoast-schema-graph\">{\"@context\":\"https:\/\/schema.org\",\"@graph\":[{\"@type\":\"Article\",\"@id\":\"https:\/\/www.metrica-global.com\/pe\/care-month-el-mes-del-bienestar-y-la-solidaridad-en-metrica\/#article\",\"isPartOf\":{\"@id\":\"https:\/\/www.metrica-global.com\/pe\/care-month-el-mes-del-bienestar-y-la-solidaridad-en-metrica\/\"},\"author\":{\"name\":\"desarrollo\",\"@id\":\"https:\/\/www.metrica-global.com\/#\/schema\/person\/78e8e629d9e5908167469b249f6f2cdc\"},\"headline\":\"CARE MONTH: El Mes del Bienestar y la Solidaridad en M\u00e9trica\",\"datePublished\":\"2024-12-05T17:30:00+00:00\",\"dateModified\":\"2025-06-17T10:39:18+00:00\",\"mainEntityOfPage\":{\"@id\":\"https:\/\/www.metrica-global.com\/pe\/care-month-el-mes-del-bienestar-y-la-solidaridad-en-metrica\/\"},\"wordCount\":632,\"commentCount\":0,\"publisher\":{\"@id\":\"https:\/\/www.metrica-global.com\/#organization\"},\"image\":{\"@id\":\"https:\/\/www.metrica-global.com\/pe\/care-month-el-mes-del-bienestar-y-la-solidaridad-en-metrica\/#primaryimage\"},\"thumbnailUrl\":\"https:\/\/www.metrica-global.com\/wp-content\/uploads\/2024\/12\/banner-care-month-1-scaled-1.jpg\",\"keywords\":[\"Actividad f\u00edsica en empresas\",\"\u00c1mbito Tecnol\u00f3gico\",\"Bienestar\",\"Carrera Solidaria\",\"Deporte y equipo\",\"Responsabilidad corporativa\",\"Sector IT\",\"Sostenibilidad\",\"Team-building\",\"Vida saludable\"],\"articleSection\":[\"Actualidad\"],\"inLanguage\":\"es-PE\",\"potentialAction\":[{\"@type\":\"CommentAction\",\"name\":\"Comment\",\"target\":[\"https:\/\/www.metrica-global.com\/pe\/care-month-el-mes-del-bienestar-y-la-solidaridad-en-metrica\/#respond\"]}]},{\"@type\":\"WebPage\",\"@id\":\"https:\/\/www.metrica-global.com\/pe\/care-month-el-mes-del-bienestar-y-la-solidaridad-en-metrica\/\",\"url\":\"https:\/\/www.metrica-global.com\/pe\/care-month-el-mes-del-bienestar-y-la-solidaridad-en-metrica\/\",\"name\":\"CARE MONTH: El Mes del Bienestar y la Solidaridad en M\u00e9trica - METRICA\",\"isPartOf\":{\"@id\":\"https:\/\/www.metrica-global.com\/#website\"},\"primaryImageOfPage\":{\"@id\":\"https:\/\/www.metrica-global.com\/pe\/care-month-el-mes-del-bienestar-y-la-solidaridad-en-metrica\/#primaryimage\"},\"image\":{\"@id\":\"https:\/\/www.metrica-global.com\/pe\/care-month-el-mes-del-bienestar-y-la-solidaridad-en-metrica\/#primaryimage\"},\"thumbnailUrl\":\"https:\/\/www.metrica-global.com\/wp-content\/uploads\/2024\/12\/banner-care-month-1-scaled-1.jpg\",\"datePublished\":\"2024-12-05T17:30:00+00:00\",\"dateModified\":\"2025-06-17T10:39:18+00:00\",\"breadcrumb\":{\"@id\":\"https:\/\/www.metrica-global.com\/pe\/care-month-el-mes-del-bienestar-y-la-solidaridad-en-metrica\/#breadcrumb\"},\"inLanguage\":\"es-PE\",\"potentialAction\":[{\"@type\":\"ReadAction\",\"target\":[\"https:\/\/www.metrica-global.com\/pe\/care-month-el-mes-del-bienestar-y-la-solidaridad-en-metrica\/\"]}]},{\"@type\":\"ImageObject\",\"inLanguage\":\"es-PE\",\"@id\":\"https:\/\/www.metrica-global.com\/pe\/care-month-el-mes-del-bienestar-y-la-solidaridad-en-metrica\/#primaryimage\",\"url\":\"https:\/\/www.metrica-global.com\/wp-content\/uploads\/2024\/12\/banner-care-month-1-scaled-1.jpg\",\"contentUrl\":\"https:\/\/www.metrica-global.com\/wp-content\/uploads\/2024\/12\/banner-care-month-1-scaled-1.jpg\",\"width\":2560,\"height\":1280,\"caption\":\"banner care month 1 scaled 1\"},{\"@type\":\"BreadcrumbList\",\"@id\":\"https:\/\/www.metrica-global.com\/pe\/care-month-el-mes-del-bienestar-y-la-solidaridad-en-metrica\/#breadcrumb\",\"itemListElement\":[{\"@type\":\"ListItem\",\"position\":1,\"name\":\"Portada\",\"item\":\"https:\/\/www.metrica-global.com\/en\/\"},{\"@type\":\"ListItem\",\"position\":2,\"name\":\"CARE MONTH: El Mes del Bienestar y la Solidaridad en M\u00e9trica\"}]},{\"@type\":\"WebSite\",\"@id\":\"https:\/\/www.metrica-global.com\/#website\",\"url\":\"https:\/\/www.metrica-global.com\/\",\"name\":\"METRICA\",\"description\":\"Servicios Globales IT\",\"publisher\":{\"@id\":\"https:\/\/www.metrica-global.com\/#organization\"},\"potentialAction\":[{\"@type\":\"SearchAction\",\"target\":{\"@type\":\"EntryPoint\",\"urlTemplate\":\"https:\/\/www.metrica-global.com\/?s={search_term_string}\"},\"query-input\":{\"@type\":\"PropertyValueSpecification\",\"valueRequired\":true,\"valueName\":\"search_term_string\"}}],\"inLanguage\":\"es-PE\"},{\"@type\":\"Organization\",\"@id\":\"https:\/\/www.metrica-global.com\/#organization\",\"name\":\"METRICA\",\"url\":\"https:\/\/www.metrica-global.com\/\",\"logo\":{\"@type\":\"ImageObject\",\"inLanguage\":\"es-PE\",\"@id\":\"https:\/\/www.metrica-global.com\/#\/schema\/logo\/image\/\",\"url\":\"https:\/\/www.metrica-global.com\/wp-content\/uploads\/2023\/12\/logo-metrica.png\",\"contentUrl\":\"https:\/\/www.metrica-global.com\/wp-content\/uploads\/2023\/12\/logo-metrica.png\",\"width\":332,\"height\":58,\"caption\":\"METRICA\"},\"image\":{\"@id\":\"https:\/\/www.metrica-global.com\/#\/schema\/logo\/image\/\"}},{\"@type\":\"Person\",\"@id\":\"https:\/\/www.metrica-global.com\/#\/schema\/person\/78e8e629d9e5908167469b249f6f2cdc\",\"name\":\"desarrollo\",\"image\":{\"@type\":\"ImageObject\",\"inLanguage\":\"es-PE\",\"@id\":\"https:\/\/www.metrica-global.com\/#\/schema\/person\/image\/\",\"url\":\"https:\/\/secure.gravatar.com\/avatar\/d2653fb8f170e1382a31acc69dcf92e99545e6329805eb11d8a34443b058f3de?s=96&d=mm&r=g\",\"contentUrl\":\"https:\/\/secure.gravatar.com\/avatar\/d2653fb8f170e1382a31acc69dcf92e99545e6329805eb11d8a34443b058f3de?s=96&d=mm&r=g\",\"caption\":\"desarrollo\"},\"url\":\"https:\/\/www.metrica-global.com\/pe\/author\/desarrollo\/\"}]}<\/script>\n<!-- \/ Yoast SEO plugin. -->","yoast_head_json":{"title":"CARE MONTH: El Mes del Bienestar y la Solidaridad en M\u00e9trica - METRICA","robots":{"index":"index","follow":"follow","max-snippet":"max-snippet:-1","max-image-preview":"max-image-preview:large","max-video-preview":"max-video-preview:-1"},"canonical":"https:\/\/www.metrica-global.com\/pe\/care-month-el-mes-del-bienestar-y-la-solidaridad-en-metrica\/","og_locale":"es_ES","og_type":"article","og_title":"CARE MONTH: El Mes del Bienestar y la Solidaridad en M\u00e9trica - METRICA","og_description":"Este a\u00f1o hemos celebrado nuestro primer CARE MONTH, un mes dedicado a promover h\u00e1bitos saludables, la actividad f\u00edsica y el compromiso social entre todos los empleados y empleadas de nuestras sedes internacionales.","og_url":"https:\/\/www.metrica-global.com\/pe\/care-month-el-mes-del-bienestar-y-la-solidaridad-en-metrica\/","og_site_name":"METRICA","article_published_time":"2024-12-05T17:30:00+00:00","article_modified_time":"2025-06-17T10:39:18+00:00","og_image":[{"width":2560,"height":1280,"url":"https:\/\/www.metrica-global.com\/wp-content\/uploads\/2024\/12\/banner-care-month-1-scaled-1.jpg","type":"image\/jpeg"}],"author":"desarrollo","twitter_card":"summary_large_image","twitter_misc":{"Written by":"desarrollo","Est. reading time":"4 minutes"},"schema":{"@context":"https:\/\/schema.org","@graph":[{"@type":"Article","@id":"https:\/\/www.metrica-global.com\/pe\/care-month-el-mes-del-bienestar-y-la-solidaridad-en-metrica\/#article","isPartOf":{"@id":"https:\/\/www.metrica-global.com\/pe\/care-month-el-mes-del-bienestar-y-la-solidaridad-en-metrica\/"},"author":{"name":"desarrollo","@id":"https:\/\/www.metrica-global.com\/#\/schema\/person\/78e8e629d9e5908167469b249f6f2cdc"},"headline":"CARE MONTH: El Mes del Bienestar y la Solidaridad en M\u00e9trica","datePublished":"2024-12-05T17:30:00+00:00","dateModified":"2025-06-17T10:39:18+00:00","mainEntityOfPage":{"@id":"https:\/\/www.metrica-global.com\/pe\/care-month-el-mes-del-bienestar-y-la-solidaridad-en-metrica\/"},"wordCount":632,"commentCount":0,"publisher":{"@id":"https:\/\/www.metrica-global.com\/#organization"},"image":{"@id":"https:\/\/www.metrica-global.com\/pe\/care-month-el-mes-del-bienestar-y-la-solidaridad-en-metrica\/#primaryimage"},"thumbnailUrl":"https:\/\/www.metrica-global.com\/wp-content\/uploads\/2024\/12\/banner-care-month-1-scaled-1.jpg","keywords":["Actividad f\u00edsica en empresas","\u00c1mbito Tecnol\u00f3gico","Bienestar","Carrera Solidaria","Deporte y equipo","Responsabilidad corporativa","Sector IT","Sostenibilidad","Team-building","Vida saludable"],"articleSection":["Actualidad"],"inLanguage":"es-PE","potentialAction":[{"@type":"CommentAction","name":"Comment","target":["https:\/\/www.metrica-global.com\/pe\/care-month-el-mes-del-bienestar-y-la-solidaridad-en-metrica\/#respond"]}]},{"@type":"WebPage","@id":"https:\/\/www.metrica-global.com\/pe\/care-month-el-mes-del-bienestar-y-la-solidaridad-en-metrica\/","url":"https:\/\/www.metrica-global.com\/pe\/care-month-el-mes-del-bienestar-y-la-solidaridad-en-metrica\/","name":"CARE MONTH: El Mes del Bienestar y la Solidaridad en M\u00e9trica - METRICA","isPartOf":{"@id":"https:\/\/www.metrica-global.com\/#website"},"primaryImageOfPage":{"@id":"https:\/\/www.metrica-global.com\/pe\/care-month-el-mes-del-bienestar-y-la-solidaridad-en-metrica\/#primaryimage"},"image":{"@id":"https:\/\/www.metrica-global.com\/pe\/care-month-el-mes-del-bienestar-y-la-solidaridad-en-metrica\/#primaryimage"},"thumbnailUrl":"https:\/\/www.metrica-global.com\/wp-content\/uploads\/2024\/12\/banner-care-month-1-scaled-1.jpg","datePublished":"2024-12-05T17:30:00+00:00","dateModified":"2025-06-17T10:39:18+00:00","breadcrumb":{"@id":"https:\/\/www.metrica-global.com\/pe\/care-month-el-mes-del-bienestar-y-la-solidaridad-en-metrica\/#breadcrumb"},"inLanguage":"es-PE","potentialAction":[{"@type":"ReadAction","target":["https:\/\/www.metrica-global.com\/pe\/care-month-el-mes-del-bienestar-y-la-solidaridad-en-metrica\/"]}]},{"@type":"ImageObject","inLanguage":"es-PE","@id":"https:\/\/www.metrica-global.com\/pe\/care-month-el-mes-del-bienestar-y-la-solidaridad-en-metrica\/#primaryimage","url":"https:\/\/www.metrica-global.com\/wp-content\/uploads\/2024\/12\/banner-care-month-1-scaled-1.jpg","contentUrl":"https:\/\/www.metrica-global.com\/wp-content\/uploads\/2024\/12\/banner-care-month-1-scaled-1.jpg","width":2560,"height":1280,"caption":"banner care month 1 scaled 1"},{"@type":"BreadcrumbList","@id":"https:\/\/www.metrica-global.com\/pe\/care-month-el-mes-del-bienestar-y-la-solidaridad-en-metrica\/#breadcrumb","itemListElement":[{"@type":"ListItem","position":1,"name":"Portada","item":"https:\/\/www.metrica-global.com\/en\/"},{"@type":"ListItem","position":2,"name":"CARE MONTH: El Mes del Bienestar y la Solidaridad en M\u00e9trica"}]},{"@type":"WebSite","@id":"https:\/\/www.metrica-global.com\/#website","url":"https:\/\/www.metrica-global.com\/","name":"METRICA","description":"Servicios Globales IT","publisher":{"@id":"https:\/\/www.metrica-global.com\/#organization"},"potentialAction":[{"@type":"SearchAction","target":{"@type":"EntryPoint","urlTemplate":"https:\/\/www.metrica-global.com\/?s={search_term_string}"},"query-input":{"@type":"PropertyValueSpecification","valueRequired":true,"valueName":"search_term_string"}}],"inLanguage":"es-PE"},{"@type":"Organization","@id":"https:\/\/www.metrica-global.com\/#organization","name":"METRICA","url":"https:\/\/www.metrica-global.com\/","logo":{"@type":"ImageObject","inLanguage":"es-PE","@id":"https:\/\/www.metrica-global.com\/#\/schema\/logo\/image\/","url":"https:\/\/www.metrica-global.com\/wp-content\/uploads\/2023\/12\/logo-metrica.png","contentUrl":"https:\/\/www.metrica-global.com\/wp-content\/uploads\/2023\/12\/logo-metrica.png","width":332,"height":58,"caption":"METRICA"},"image":{"@id":"https:\/\/www.metrica-global.com\/#\/schema\/logo\/image\/"}},{"@type":"Person","@id":"https:\/\/www.metrica-global.com\/#\/schema\/person\/78e8e629d9e5908167469b249f6f2cdc","name":"desarrollo","image":{"@type":"ImageObject","inLanguage":"es-PE","@id":"https:\/\/www.metrica-global.com\/#\/schema\/person\/image\/","url":"https:\/\/secure.gravatar.com\/avatar\/d2653fb8f170e1382a31acc69dcf92e99545e6329805eb11d8a34443b058f3de?s=96&d=mm&r=g","contentUrl":"https:\/\/secure.gravatar.com\/avatar\/d2653fb8f170e1382a31acc69dcf92e99545e6329805eb11d8a34443b058f3de?s=96&d=mm&r=g","caption":"desarrollo"},"url":"https:\/\/www.metrica-global.com\/pe\/author\/desarrollo\/"}]}},"_links":{"self":[{"href":"https:\/\/www.metrica-global.com\/pe\/wp-json\/wp\/v2\/posts\/7118","targetHints":{"allow":["GET"]}}],"collection":[{"href":"https:\/\/www.metrica-global.com\/pe\/wp-json\/wp\/v2\/posts"}],"about":[{"href":"https:\/\/www.metrica-global.com\/pe\/wp-json\/wp\/v2\/types\/post"}],"author":[{"embeddable":true,"href":"https:\/\/www.metrica-global.com\/pe\/wp-json\/wp\/v2\/users\/1"}],"replies":[{"embeddable":true,"href":"https:\/\/www.metrica-global.com\/pe\/wp-json\/wp\/v2\/comments?post=7118"}],"version-history":[{"count":2,"href":"https:\/\/www.metrica-global.com\/pe\/wp-json\/wp\/v2\/posts\/7118\/revisions"}],"predecessor-version":[{"id":7854,"href":"https:\/\/www.metrica-global.com\/pe\/wp-json\/wp\/v2\/posts\/7118\/revisions\/7854"}],"wp:featuredmedia":[{"embeddable":true,"href":"https:\/\/www.metrica-global.com\/pe\/wp-json\/wp\/v2\/media\/7119"}],"wp:attachment":[{"href":"https:\/\/www.metrica-global.com\/pe\/wp-json\/wp\/v2\/media?parent=7118"}],"wp:term":[{"taxonomy":"category","embeddable":true,"href":"https:\/\/www.metrica-global.com\/pe\/wp-json\/wp\/v2\/categories?post=7118"},{"taxonomy":"post_tag","embeddable":true,"href":"https:\/\/www.metrica-global.com\/pe\/wp-json\/wp\/v2\/tags?post=7118"}],"curies":[{"name":"wp","href":"https:\/\/api.w.org\/{rel}","templated":true}]}}