{"id":7130,"date":"2024-12-03T12:00:00","date_gmt":"2024-12-03T11:00:00","guid":{"rendered":"https:\/\/www.metrica-global.com\/jornada-de-planeamiento-estrategico-en-peru\/"},"modified":"2025-06-17T10:39:20","modified_gmt":"2025-06-17T10:39:20","slug":"jornada-de-planeamiento-estrategico-en-peru","status":"publish","type":"post","link":"https:\/\/www.metrica-global.com\/pe\/jornada-de-planeamiento-estrategico-en-peru\/","title":{"rendered":"Jornada de Planeamiento Estrat\u00e9gico en Per\u00fa"},"content":{"rendered":"\r\n<p>En M\u00e9trica, entendemos que el \u00e9xito en el sector tecnol\u00f3gico no se alcanza de forma individual, sino a trav\u00e9s de la colaboraci\u00f3n. Por eso, nuestra reciente <strong>Reuni\u00f3n de Planeamiento Estrat\u00e9gico en Per\u00fa<\/strong> fue un momento clave para impulsar nuestro crecimiento como una empresa internacional en el din\u00e1mico sector IT.<\/p>\r\n\r\n\r\n\r\n<p>Durante esta jornada, equipos de <strong>Espa\u00f1a, Per\u00fa y Chile<\/strong> se unieron para reflexionar sobre los desaf\u00edos actuales, compartir ideas innovadoras y definir objetivos estrat\u00e9gicos. Este tipo de encuentros no solo fortalecen nuestra visi\u00f3n global, sino que tambi\u00e9n nos permiten identificar nuevas oportunidades y prepararnos para un mercado en constante transformaci\u00f3n.<\/p>\r\n\r\n\r\n\r\n<p>M\u00e1s all\u00e1 de los planes y estrategias, la reuni\u00f3n tambi\u00e9n reforz\u00f3 los lazos que nos unen como comunidad. Finalizamos el d\u00eda con una enriquecedora sesi\u00f3n de <em>after-work<\/em>, un espacio donde el compa\u00f1erismo y la cercan\u00eda brillaron, record\u00e1ndonos que M\u00e9trica no es solo un equipo, \u00a1es una verdadera familia global!<\/p>\r\n\r\n\r\n\r\n<h3 class=\"wp-block-heading\">Una visi\u00f3n clara hacia el futuro<\/h3>\r\n\r\n\r\n\r\n<p>Esta jornada de trabajo y conexi\u00f3n demuestra nuestro compromiso de seguir liderando en el <strong>sector IT<\/strong>, donde la innovaci\u00f3n y la cooperaci\u00f3n son esenciales. La colaboraci\u00f3n internacional entre nuestras sedes es clave para construir soluciones tecnol\u00f3gicas que marquen la diferencia en un mercado global.<\/p>\r\n\r\n\r\n\r\n<p>Te invitamos a conocer m\u00e1s sobre este evento visitando nuestras redes sociales. Descubre c\u00f3mo vivimos esta experiencia y \u00fanete a la conversaci\u00f3n. Gracias a todos los que hicieron posible este encuentro tan especial. \u00a1Sigamos trabajando juntos con pasi\u00f3n, uni\u00f3n y una visi\u00f3n clara hacia el futuro!<\/p>\r\n\r\n\r\n\r\n<figure class=\"wp-block-image size-large\"><img fetchpriority=\"high\" decoding=\"async\" width=\"1024\" height=\"576\" class=\"wp-image-1613\" src=\"https:\/\/themetricachange.com\/wp-content\/uploads\/2024\/12\/34-1024x576.png\" alt=\"\" srcset=\"https:\/\/www.metrica-global.com\/wp-content\/uploads\/2024\/12\/34-1024x576.png 1024w, https:\/\/www.metrica-global.com\/wp-content\/uploads\/2024\/12\/34-300x169.png 300w, https:\/\/www.metrica-global.com\/wp-content\/uploads\/2024\/12\/34-768x432.png 768w, https:\/\/www.metrica-global.com\/wp-content\/uploads\/2024\/12\/34-1536x864.png 1536w, https:\/\/www.metrica-global.com\/wp-content\/uploads\/2024\/12\/34.png 1920w\" sizes=\"(max-width: 1024px) 100vw, 1024px\" \/><\/figure>\r\n","protected":false},"excerpt":{"rendered":"<p>Durante esta jornada, equipos de M\u00e9trica Espa\u00f1a, M\u00e9trica Andina y M\u00e9trica Chile se unieron para reflexionar sobre los desaf\u00edos actuales, compartir ideas innovadoras y definir objetivos estrat\u00e9gicos.<\/p>\n","protected":false},"author":1,"featured_media":7131,"comment_status":"open","ping_status":"open","sticky":false,"template":"","format":"standard","meta":{"content-type":"","footnotes":""},"categories":[1155],"tags":[1213,1278,1321,1322,1162,1221],"class_list":["post-7130","post","type-post","status-publish","format-standard","has-post-thumbnail","hentry","category-actualidad-pe","tag-ambito-tecnologico-pe","tag-colaboracion-internacional-pe","tag-desarrollo-de-negocio-pe","tag-empresa-tecnologica-pe","tag-sector-it-pe","tag-tecnologia-pe"],"yoast_head":"<!-- This site is optimized with the Yoast SEO plugin v25.9 - https:\/\/yoast.com\/wordpress\/plugins\/seo\/ -->\n<title>Jornada de Planeamiento Estrat\u00e9gico en Per\u00fa - METRICA<\/title>\n<meta name=\"robots\" content=\"index, follow, max-snippet:-1, max-image-preview:large, max-video-preview:-1\" \/>\n<link rel=\"canonical\" href=\"https:\/\/www.metrica-global.com\/pe\/jornada-de-planeamiento-estrategico-en-peru\/\" \/>\n<meta property=\"og:locale\" content=\"es_ES\" \/>\n<meta property=\"og:type\" content=\"article\" \/>\n<meta property=\"og:title\" content=\"Jornada de Planeamiento Estrat\u00e9gico en Per\u00fa - METRICA\" \/>\n<meta property=\"og:description\" content=\"Durante esta jornada, equipos de M\u00e9trica Espa\u00f1a, M\u00e9trica Andina y M\u00e9trica Chile se unieron para reflexionar sobre los desaf\u00edos actuales, compartir ideas innovadoras y definir objetivos estrat\u00e9gicos.\" \/>\n<meta property=\"og:url\" content=\"https:\/\/www.metrica-global.com\/pe\/jornada-de-planeamiento-estrategico-en-peru\/\" \/>\n<meta property=\"og:site_name\" content=\"METRICA\" \/>\n<meta property=\"article:published_time\" content=\"2024-12-03T11:00:00+00:00\" \/>\n<meta property=\"article:modified_time\" content=\"2025-06-17T10:39:20+00:00\" \/>\n<meta property=\"og:image\" content=\"https:\/\/www.metrica-global.com\/wp-content\/uploads\/2024\/12\/33-1024x576.png\" \/>\n\t<meta property=\"og:image:width\" content=\"1024\" \/>\n\t<meta property=\"og:image:height\" content=\"576\" \/>\n\t<meta property=\"og:image:type\" content=\"image\/png\" \/>\n<meta name=\"author\" content=\"desarrollo\" \/>\n<meta name=\"twitter:card\" content=\"summary_large_image\" \/>\n<meta name=\"twitter:label1\" content=\"Written by\" \/>\n\t<meta name=\"twitter:data1\" content=\"desarrollo\" \/>\n\t<meta name=\"twitter:label2\" content=\"Est. reading time\" \/>\n\t<meta name=\"twitter:data2\" content=\"2 minutes\" \/>\n<script type=\"application\/ld+json\" class=\"yoast-schema-graph\">{\"@context\":\"https:\/\/schema.org\",\"@graph\":[{\"@type\":\"Article\",\"@id\":\"https:\/\/www.metrica-global.com\/pe\/jornada-de-planeamiento-estrategico-en-peru\/#article\",\"isPartOf\":{\"@id\":\"https:\/\/www.metrica-global.com\/pe\/jornada-de-planeamiento-estrategico-en-peru\/\"},\"author\":{\"name\":\"desarrollo\",\"@id\":\"https:\/\/www.metrica-global.com\/#\/schema\/person\/78e8e629d9e5908167469b249f6f2cdc\"},\"headline\":\"Jornada de Planeamiento Estrat\u00e9gico en Per\u00fa\",\"datePublished\":\"2024-12-03T11:00:00+00:00\",\"dateModified\":\"2025-06-17T10:39:20+00:00\",\"mainEntityOfPage\":{\"@id\":\"https:\/\/www.metrica-global.com\/pe\/jornada-de-planeamiento-estrategico-en-peru\/\"},\"wordCount\":285,\"commentCount\":0,\"publisher\":{\"@id\":\"https:\/\/www.metrica-global.com\/#organization\"},\"image\":{\"@id\":\"https:\/\/www.metrica-global.com\/pe\/jornada-de-planeamiento-estrategico-en-peru\/#primaryimage\"},\"thumbnailUrl\":\"https:\/\/www.metrica-global.com\/wp-content\/uploads\/2024\/12\/33.png\",\"keywords\":[\"\u00c1mbito Tecnol\u00f3gico\",\"Colaboraci\u00f3n internacional\",\"Desarrollo de negocio\",\"Empresa tecnol\u00f3gica\",\"Sector IT\",\"Tecnolog\u00eda\"],\"articleSection\":[\"Actualidad\"],\"inLanguage\":\"es-PE\",\"potentialAction\":[{\"@type\":\"CommentAction\",\"name\":\"Comment\",\"target\":[\"https:\/\/www.metrica-global.com\/pe\/jornada-de-planeamiento-estrategico-en-peru\/#respond\"]}]},{\"@type\":\"WebPage\",\"@id\":\"https:\/\/www.metrica-global.com\/pe\/jornada-de-planeamiento-estrategico-en-peru\/\",\"url\":\"https:\/\/www.metrica-global.com\/pe\/jornada-de-planeamiento-estrategico-en-peru\/\",\"name\":\"Jornada de Planeamiento Estrat\u00e9gico en Per\u00fa - METRICA\",\"isPartOf\":{\"@id\":\"https:\/\/www.metrica-global.com\/#website\"},\"primaryImageOfPage\":{\"@id\":\"https:\/\/www.metrica-global.com\/pe\/jornada-de-planeamiento-estrategico-en-peru\/#primaryimage\"},\"image\":{\"@id\":\"https:\/\/www.metrica-global.com\/pe\/jornada-de-planeamiento-estrategico-en-peru\/#primaryimage\"},\"thumbnailUrl\":\"https:\/\/www.metrica-global.com\/wp-content\/uploads\/2024\/12\/33.png\",\"datePublished\":\"2024-12-03T11:00:00+00:00\",\"dateModified\":\"2025-06-17T10:39:20+00:00\",\"breadcrumb\":{\"@id\":\"https:\/\/www.metrica-global.com\/pe\/jornada-de-planeamiento-estrategico-en-peru\/#breadcrumb\"},\"inLanguage\":\"es-PE\",\"potentialAction\":[{\"@type\":\"ReadAction\",\"target\":[\"https:\/\/www.metrica-global.com\/pe\/jornada-de-planeamiento-estrategico-en-peru\/\"]}]},{\"@type\":\"ImageObject\",\"inLanguage\":\"es-PE\",\"@id\":\"https:\/\/www.metrica-global.com\/pe\/jornada-de-planeamiento-estrategico-en-peru\/#primaryimage\",\"url\":\"https:\/\/www.metrica-global.com\/wp-content\/uploads\/2024\/12\/33.png\",\"contentUrl\":\"https:\/\/www.metrica-global.com\/wp-content\/uploads\/2024\/12\/33.png\",\"width\":1920,\"height\":1080,\"caption\":\"33\"},{\"@type\":\"BreadcrumbList\",\"@id\":\"https:\/\/www.metrica-global.com\/pe\/jornada-de-planeamiento-estrategico-en-peru\/#breadcrumb\",\"itemListElement\":[{\"@type\":\"ListItem\",\"position\":1,\"name\":\"Portada\",\"item\":\"https:\/\/www.metrica-global.com\/en\/\"},{\"@type\":\"ListItem\",\"position\":2,\"name\":\"Jornada de Planeamiento Estrat\u00e9gico en Per\u00fa\"}]},{\"@type\":\"WebSite\",\"@id\":\"https:\/\/www.metrica-global.com\/#website\",\"url\":\"https:\/\/www.metrica-global.com\/\",\"name\":\"METRICA\",\"description\":\"Servicios Globales IT\",\"publisher\":{\"@id\":\"https:\/\/www.metrica-global.com\/#organization\"},\"potentialAction\":[{\"@type\":\"SearchAction\",\"target\":{\"@type\":\"EntryPoint\",\"urlTemplate\":\"https:\/\/www.metrica-global.com\/?s={search_term_string}\"},\"query-input\":{\"@type\":\"PropertyValueSpecification\",\"valueRequired\":true,\"valueName\":\"search_term_string\"}}],\"inLanguage\":\"es-PE\"},{\"@type\":\"Organization\",\"@id\":\"https:\/\/www.metrica-global.com\/#organization\",\"name\":\"METRICA\",\"url\":\"https:\/\/www.metrica-global.com\/\",\"logo\":{\"@type\":\"ImageObject\",\"inLanguage\":\"es-PE\",\"@id\":\"https:\/\/www.metrica-global.com\/#\/schema\/logo\/image\/\",\"url\":\"https:\/\/www.metrica-global.com\/wp-content\/uploads\/2023\/12\/logo-metrica.png\",\"contentUrl\":\"https:\/\/www.metrica-global.com\/wp-content\/uploads\/2023\/12\/logo-metrica.png\",\"width\":332,\"height\":58,\"caption\":\"METRICA\"},\"image\":{\"@id\":\"https:\/\/www.metrica-global.com\/#\/schema\/logo\/image\/\"}},{\"@type\":\"Person\",\"@id\":\"https:\/\/www.metrica-global.com\/#\/schema\/person\/78e8e629d9e5908167469b249f6f2cdc\",\"name\":\"desarrollo\",\"image\":{\"@type\":\"ImageObject\",\"inLanguage\":\"es-PE\",\"@id\":\"https:\/\/www.metrica-global.com\/#\/schema\/person\/image\/\",\"url\":\"https:\/\/secure.gravatar.com\/avatar\/d2653fb8f170e1382a31acc69dcf92e99545e6329805eb11d8a34443b058f3de?s=96&d=mm&r=g\",\"contentUrl\":\"https:\/\/secure.gravatar.com\/avatar\/d2653fb8f170e1382a31acc69dcf92e99545e6329805eb11d8a34443b058f3de?s=96&d=mm&r=g\",\"caption\":\"desarrollo\"},\"url\":\"https:\/\/www.metrica-global.com\/pe\/author\/desarrollo\/\"}]}<\/script>\n<!-- \/ Yoast SEO plugin. -->","yoast_head_json":{"title":"Jornada de Planeamiento Estrat\u00e9gico en Per\u00fa - METRICA","robots":{"index":"index","follow":"follow","max-snippet":"max-snippet:-1","max-image-preview":"max-image-preview:large","max-video-preview":"max-video-preview:-1"},"canonical":"https:\/\/www.metrica-global.com\/pe\/jornada-de-planeamiento-estrategico-en-peru\/","og_locale":"es_ES","og_type":"article","og_title":"Jornada de Planeamiento Estrat\u00e9gico en Per\u00fa - METRICA","og_description":"Durante esta jornada, equipos de M\u00e9trica Espa\u00f1a, M\u00e9trica Andina y M\u00e9trica Chile se unieron para reflexionar sobre los desaf\u00edos actuales, compartir ideas innovadoras y definir objetivos estrat\u00e9gicos.","og_url":"https:\/\/www.metrica-global.com\/pe\/jornada-de-planeamiento-estrategico-en-peru\/","og_site_name":"METRICA","article_published_time":"2024-12-03T11:00:00+00:00","article_modified_time":"2025-06-17T10:39:20+00:00","og_image":[{"width":1024,"height":576,"url":"https:\/\/www.metrica-global.com\/wp-content\/uploads\/2024\/12\/33-1024x576.png","type":"image\/png"}],"author":"desarrollo","twitter_card":"summary_large_image","twitter_misc":{"Written by":"desarrollo","Est. reading time":"2 minutes"},"schema":{"@context":"https:\/\/schema.org","@graph":[{"@type":"Article","@id":"https:\/\/www.metrica-global.com\/pe\/jornada-de-planeamiento-estrategico-en-peru\/#article","isPartOf":{"@id":"https:\/\/www.metrica-global.com\/pe\/jornada-de-planeamiento-estrategico-en-peru\/"},"author":{"name":"desarrollo","@id":"https:\/\/www.metrica-global.com\/#\/schema\/person\/78e8e629d9e5908167469b249f6f2cdc"},"headline":"Jornada de Planeamiento Estrat\u00e9gico en Per\u00fa","datePublished":"2024-12-03T11:00:00+00:00","dateModified":"2025-06-17T10:39:20+00:00","mainEntityOfPage":{"@id":"https:\/\/www.metrica-global.com\/pe\/jornada-de-planeamiento-estrategico-en-peru\/"},"wordCount":285,"commentCount":0,"publisher":{"@id":"https:\/\/www.metrica-global.com\/#organization"},"image":{"@id":"https:\/\/www.metrica-global.com\/pe\/jornada-de-planeamiento-estrategico-en-peru\/#primaryimage"},"thumbnailUrl":"https:\/\/www.metrica-global.com\/wp-content\/uploads\/2024\/12\/33.png","keywords":["\u00c1mbito Tecnol\u00f3gico","Colaboraci\u00f3n internacional","Desarrollo de negocio","Empresa tecnol\u00f3gica","Sector IT","Tecnolog\u00eda"],"articleSection":["Actualidad"],"inLanguage":"es-PE","potentialAction":[{"@type":"CommentAction","name":"Comment","target":["https:\/\/www.metrica-global.com\/pe\/jornada-de-planeamiento-estrategico-en-peru\/#respond"]}]},{"@type":"WebPage","@id":"https:\/\/www.metrica-global.com\/pe\/jornada-de-planeamiento-estrategico-en-peru\/","url":"https:\/\/www.metrica-global.com\/pe\/jornada-de-planeamiento-estrategico-en-peru\/","name":"Jornada de Planeamiento Estrat\u00e9gico en Per\u00fa - METRICA","isPartOf":{"@id":"https:\/\/www.metrica-global.com\/#website"},"primaryImageOfPage":{"@id":"https:\/\/www.metrica-global.com\/pe\/jornada-de-planeamiento-estrategico-en-peru\/#primaryimage"},"image":{"@id":"https:\/\/www.metrica-global.com\/pe\/jornada-de-planeamiento-estrategico-en-peru\/#primaryimage"},"thumbnailUrl":"https:\/\/www.metrica-global.com\/wp-content\/uploads\/2024\/12\/33.png","datePublished":"2024-12-03T11:00:00+00:00","dateModified":"2025-06-17T10:39:20+00:00","breadcrumb":{"@id":"https:\/\/www.metrica-global.com\/pe\/jornada-de-planeamiento-estrategico-en-peru\/#breadcrumb"},"inLanguage":"es-PE","potentialAction":[{"@type":"ReadAction","target":["https:\/\/www.metrica-global.com\/pe\/jornada-de-planeamiento-estrategico-en-peru\/"]}]},{"@type":"ImageObject","inLanguage":"es-PE","@id":"https:\/\/www.metrica-global.com\/pe\/jornada-de-planeamiento-estrategico-en-peru\/#primaryimage","url":"https:\/\/www.metrica-global.com\/wp-content\/uploads\/2024\/12\/33.png","contentUrl":"https:\/\/www.metrica-global.com\/wp-content\/uploads\/2024\/12\/33.png","width":1920,"height":1080,"caption":"33"},{"@type":"BreadcrumbList","@id":"https:\/\/www.metrica-global.com\/pe\/jornada-de-planeamiento-estrategico-en-peru\/#breadcrumb","itemListElement":[{"@type":"ListItem","position":1,"name":"Portada","item":"https:\/\/www.metrica-global.com\/en\/"},{"@type":"ListItem","position":2,"name":"Jornada de Planeamiento Estrat\u00e9gico en Per\u00fa"}]},{"@type":"WebSite","@id":"https:\/\/www.metrica-global.com\/#website","url":"https:\/\/www.metrica-global.com\/","name":"METRICA","description":"Servicios Globales IT","publisher":{"@id":"https:\/\/www.metrica-global.com\/#organization"},"potentialAction":[{"@type":"SearchAction","target":{"@type":"EntryPoint","urlTemplate":"https:\/\/www.metrica-global.com\/?s={search_term_string}"},"query-input":{"@type":"PropertyValueSpecification","valueRequired":true,"valueName":"search_term_string"}}],"inLanguage":"es-PE"},{"@type":"Organization","@id":"https:\/\/www.metrica-global.com\/#organization","name":"METRICA","url":"https:\/\/www.metrica-global.com\/","logo":{"@type":"ImageObject","inLanguage":"es-PE","@id":"https:\/\/www.metrica-global.com\/#\/schema\/logo\/image\/","url":"https:\/\/www.metrica-global.com\/wp-content\/uploads\/2023\/12\/logo-metrica.png","contentUrl":"https:\/\/www.metrica-global.com\/wp-content\/uploads\/2023\/12\/logo-metrica.png","width":332,"height":58,"caption":"METRICA"},"image":{"@id":"https:\/\/www.metrica-global.com\/#\/schema\/logo\/image\/"}},{"@type":"Person","@id":"https:\/\/www.metrica-global.com\/#\/schema\/person\/78e8e629d9e5908167469b249f6f2cdc","name":"desarrollo","image":{"@type":"ImageObject","inLanguage":"es-PE","@id":"https:\/\/www.metrica-global.com\/#\/schema\/person\/image\/","url":"https:\/\/secure.gravatar.com\/avatar\/d2653fb8f170e1382a31acc69dcf92e99545e6329805eb11d8a34443b058f3de?s=96&d=mm&r=g","contentUrl":"https:\/\/secure.gravatar.com\/avatar\/d2653fb8f170e1382a31acc69dcf92e99545e6329805eb11d8a34443b058f3de?s=96&d=mm&r=g","caption":"desarrollo"},"url":"https:\/\/www.metrica-global.com\/pe\/author\/desarrollo\/"}]}},"_links":{"self":[{"href":"https:\/\/www.metrica-global.com\/pe\/wp-json\/wp\/v2\/posts\/7130","targetHints":{"allow":["GET"]}}],"collection":[{"href":"https:\/\/www.metrica-global.com\/pe\/wp-json\/wp\/v2\/posts"}],"about":[{"href":"https:\/\/www.metrica-global.com\/pe\/wp-json\/wp\/v2\/types\/post"}],"author":[{"embeddable":true,"href":"https:\/\/www.metrica-global.com\/pe\/wp-json\/wp\/v2\/users\/1"}],"replies":[{"embeddable":true,"href":"https:\/\/www.metrica-global.com\/pe\/wp-json\/wp\/v2\/comments?post=7130"}],"version-history":[{"count":2,"href":"https:\/\/www.metrica-global.com\/pe\/wp-json\/wp\/v2\/posts\/7130\/revisions"}],"predecessor-version":[{"id":7869,"href":"https:\/\/www.metrica-global.com\/pe\/wp-json\/wp\/v2\/posts\/7130\/revisions\/7869"}],"wp:featuredmedia":[{"embeddable":true,"href":"https:\/\/www.metrica-global.com\/pe\/wp-json\/wp\/v2\/media\/7131"}],"wp:attachment":[{"href":"https:\/\/www.metrica-global.com\/pe\/wp-json\/wp\/v2\/media?parent=7130"}],"wp:term":[{"taxonomy":"category","embeddable":true,"href":"https:\/\/www.metrica-global.com\/pe\/wp-json\/wp\/v2\/categories?post=7130"},{"taxonomy":"post_tag","embeddable":true,"href":"https:\/\/www.metrica-global.com\/pe\/wp-json\/wp\/v2\/tags?post=7130"}],"curies":[{"name":"wp","href":"https:\/\/api.w.org\/{rel}","templated":true}]}}