{"id":7137,"date":"2024-11-08T07:59:23","date_gmt":"2024-11-08T07:59:23","guid":{"rendered":"https:\/\/www.metrica-global.com\/mariana-lobo-y-el-departamento-de-rrhh-de-metrica-portugal\/"},"modified":"2025-06-17T10:39:22","modified_gmt":"2025-06-17T10:39:22","slug":"mariana-lobo-y-el-departamento-de-rrhh-de-metrica-portugal","status":"publish","type":"post","link":"https:\/\/www.metrica-global.com\/pe\/mariana-lobo-y-el-departamento-de-rrhh-de-metrica-portugal\/","title":{"rendered":"Mariana Lobo y el Departamento de RRHH de M\u00e9trica Portugal"},"content":{"rendered":"\r\n<p>En M\u00e9trica, creemos que el \u00e9xito y crecimiento de una empresa internacional depende, en gran medida, de la gesti\u00f3n de su talento. Conversamos con Mariana Lobo Basilio, integrante del Departamento de Recursos Humanos en M\u00e9trica Portugal, sobre c\u00f3mo su equipo contribuye al crecimiento de la empresa a trav\u00e9s de la atracci\u00f3n de talento en consultor\u00eda tecnol\u00f3gica y el apoyo continuo a sus profesionales en Portugal.<\/p>\r\n\r\n\r\n\r\n<h3 class=\"wp-block-heading\">El Papel de Recursos Humanos en M\u00e9trica Portugal<\/h3>\r\n\r\n\r\n\r\n<p>Mariana Lobo Basilio lleg\u00f3 a M\u00e9trica impulsada por su pasi\u00f3n por los Recursos Humanos y la gesti\u00f3n de personas. Su enfoque principal es la b\u00fasqueda y desarrollo de perfiles en consultor\u00eda tecnol\u00f3gica que puedan integrarse al equipo de M\u00e9trica y apoyar los diversos proyectos de la compa\u00f1\u00eda en Portugal. En palabras de Mariana, \u201cLo que estamos haciendo es contratar al personal directamente desde Metrica, convirti\u00e9ndoles en nuestros consultores, y luego hacemos un seguimiento de su recorrido\u201d, a lo que a\u00f1ade: &#8220;Tambi\u00e9n gestionamos a los clientes, hacemos de puente entre los clientes y los consultores, y eso es muy beneficioso para todos.<\/p>\r\n\r\n\r\n\r\n<h3 class=\"wp-block-heading\">El Impacto de las Sinergias Internacionales en el Crecimiento de M\u00e9trica Portugal<\/h3>\r\n\r\n\r\n\r\n<p>Uno de los puntos clave para el desarrollo de M\u00e9trica Portugal es la estrecha colaboraci\u00f3n con la sede central en Espa\u00f1a. Esta sinergia ha permitido ampliar los servicios y el equipo de la sede portuguesa, aprovechando recursos y estrategias comunes que contribuyen a una oferta de valor m\u00e1s s\u00f3lida para nuestros clientes locales e internacionales. Mariana destaca que la colaboraci\u00f3n entre oficinas no solo fortalece el rendimiento de cada sede, sino que tambi\u00e9n fomenta una cultura de aprendizaje compartido y mejora continua.<\/p>\r\n\r\n\r\n\r\n<h3 class=\"wp-block-heading\">Recursos Humanos como Impulsor de Expansi\u00f3n y Retenci\u00f3n de Talento<\/h3>\r\n\r\n\r\n\r\n<p>La gesti\u00f3n eficaz del talento en consultor\u00eda tecnol\u00f3gica es crucial para consolidar la presencia de M\u00e9trica en el mercado portugu\u00e9s y en el sector internacional. Desde el Departamento de Recursos Humanos en M\u00e9trica Portugal, el equipo trabaja activamente en programas que fomentan la cohesi\u00f3n y el compromiso del personal, contribuyendo al desarrollo de cada consultor y a su adaptaci\u00f3n en proyectos con clientes.<\/p>\r\n\r\n\r\n\r\n<h3 class=\"wp-block-heading\">Conclusi\u00f3n<\/h3>\r\n\r\n\r\n\r\n<p>Gracias a la labor de Recursos Humanos en M\u00e9trica Portugal y al trabajo en equipo con nuestra sede en Espa\u00f1a, estamos construyendo un entorno de trabajo que impulsa el crecimiento y la innovaci\u00f3n. La experiencia de Mariana y su equipo resalta la importancia de gestionar el talento con visi\u00f3n estrat\u00e9gica, contribuyendo as\u00ed al crecimiento de M\u00e9trica en el mercado global.<\/p>\r\n\r\n\r\n\r\n<p>En M\u00e9trica, estamos orgullosos de contar con profesionales comprometidos como Mariana Lobo Basilio, quienes impulsan nuestra cultura empresarial y colaboran para que cada miembro de la compa\u00f1\u00eda alcance su m\u00e1ximo potencial.<\/p>\r\n\r\n\r\n\r\n<figure class=\"wp-block-video\"><video src=\"https:\/\/themetricachange.com\/wp-content\/uploads\/2024\/11\/ENTREVISTA-MARIANA-ESPANA-1.mp4\" controls=\"controls\" width=\"300\" height=\"150\"><\/video><\/figure>\r\n","protected":false},"excerpt":{"rendered":"<p>Conversamos sobre c\u00f3mo su equipo contribuye al crecimiento de la empresa a trav\u00e9s de la atracci\u00f3n de talento en consultor\u00eda TI y el apoyo continuo a sus profesionales en Portugal.<\/p>\n","protected":false},"author":1,"featured_media":7139,"comment_status":"open","ping_status":"open","sticky":false,"template":"","format":"standard","meta":{"content-type":"","footnotes":""},"categories":[1155],"tags":[1213,1330,1331,1159,1219,1332,1333,1162,1334,1221],"class_list":["post-7137","post","type-post","status-publish","format-standard","has-post-thumbnail","hentry","category-actualidad-pe","tag-ambito-tecnologico-pe","tag-consultoria-tecnologica-pe","tag-crecimiento-internacional-pe","tag-entrevista-pe","tag-nuevos-talentos-it-pe","tag-recursos-humanos-pe","tag-rrhh-pe","tag-sector-it-pe","tag-sinergias-pe","tag-tecnologia-pe"],"yoast_head":"<!-- This site is optimized with the Yoast SEO plugin v25.9 - https:\/\/yoast.com\/wordpress\/plugins\/seo\/ -->\n<title>Mariana Lobo y el Departamento de RRHH de M\u00e9trica Portugal - METRICA<\/title>\n<meta name=\"robots\" content=\"index, follow, max-snippet:-1, max-image-preview:large, max-video-preview:-1\" \/>\n<link rel=\"canonical\" href=\"https:\/\/www.metrica-global.com\/pe\/mariana-lobo-y-el-departamento-de-rrhh-de-metrica-portugal\/\" \/>\n<meta property=\"og:locale\" content=\"es_ES\" \/>\n<meta property=\"og:type\" content=\"article\" \/>\n<meta property=\"og:title\" content=\"Mariana Lobo y el Departamento de RRHH de M\u00e9trica Portugal - METRICA\" \/>\n<meta property=\"og:description\" content=\"Conversamos sobre c\u00f3mo su equipo contribuye al crecimiento de la empresa a trav\u00e9s de la atracci\u00f3n de talento en consultor\u00eda TI y el apoyo continuo a sus profesionales en Portugal.\" \/>\n<meta property=\"og:url\" content=\"https:\/\/www.metrica-global.com\/pe\/mariana-lobo-y-el-departamento-de-rrhh-de-metrica-portugal\/\" \/>\n<meta property=\"og:site_name\" content=\"METRICA\" \/>\n<meta property=\"article:published_time\" content=\"2024-11-08T07:59:23+00:00\" \/>\n<meta property=\"article:modified_time\" content=\"2025-06-17T10:39:22+00:00\" \/>\n<meta property=\"og:image\" content=\"https:\/\/www.metrica-global.com\/wp-content\/uploads\/2024\/11\/MARIANA-LOBO-BANNER.jpg\" \/>\n\t<meta property=\"og:image:width\" content=\"960\" \/>\n\t<meta property=\"og:image:height\" content=\"540\" \/>\n\t<meta property=\"og:image:type\" content=\"image\/jpeg\" \/>\n<meta name=\"author\" content=\"desarrollo\" \/>\n<meta name=\"twitter:card\" content=\"summary_large_image\" \/>\n<meta name=\"twitter:label1\" content=\"Written by\" \/>\n\t<meta name=\"twitter:data1\" content=\"desarrollo\" \/>\n\t<meta name=\"twitter:label2\" content=\"Est. reading time\" \/>\n\t<meta name=\"twitter:data2\" content=\"3 minutes\" \/>\n<script type=\"application\/ld+json\" class=\"yoast-schema-graph\">{\"@context\":\"https:\/\/schema.org\",\"@graph\":[{\"@type\":\"Article\",\"@id\":\"https:\/\/www.metrica-global.com\/pe\/mariana-lobo-y-el-departamento-de-rrhh-de-metrica-portugal\/#article\",\"isPartOf\":{\"@id\":\"https:\/\/www.metrica-global.com\/pe\/mariana-lobo-y-el-departamento-de-rrhh-de-metrica-portugal\/\"},\"author\":{\"name\":\"desarrollo\",\"@id\":\"https:\/\/www.metrica-global.com\/#\/schema\/person\/78e8e629d9e5908167469b249f6f2cdc\"},\"headline\":\"Mariana Lobo y el Departamento de RRHH de M\u00e9trica Portugal\",\"datePublished\":\"2024-11-08T07:59:23+00:00\",\"dateModified\":\"2025-06-17T10:39:22+00:00\",\"mainEntityOfPage\":{\"@id\":\"https:\/\/www.metrica-global.com\/pe\/mariana-lobo-y-el-departamento-de-rrhh-de-metrica-portugal\/\"},\"wordCount\":492,\"commentCount\":0,\"publisher\":{\"@id\":\"https:\/\/www.metrica-global.com\/#organization\"},\"image\":{\"@id\":\"https:\/\/www.metrica-global.com\/pe\/mariana-lobo-y-el-departamento-de-rrhh-de-metrica-portugal\/#primaryimage\"},\"thumbnailUrl\":\"https:\/\/www.metrica-global.com\/wp-content\/uploads\/2024\/11\/MARIANA-LOBO-BANNER.jpg\",\"keywords\":[\"\u00c1mbito Tecnol\u00f3gico\",\"Consultor\u00eda tecnol\u00f3gica\",\"Crecimiento internacional\",\"Entrevista\",\"Nuevos Talentos IT\",\"Recursos Humanos\",\"RRHH\",\"Sector IT\",\"Sinergias\",\"Tecnolog\u00eda\"],\"articleSection\":[\"Actualidad\"],\"inLanguage\":\"es-PE\",\"potentialAction\":[{\"@type\":\"CommentAction\",\"name\":\"Comment\",\"target\":[\"https:\/\/www.metrica-global.com\/pe\/mariana-lobo-y-el-departamento-de-rrhh-de-metrica-portugal\/#respond\"]}]},{\"@type\":\"WebPage\",\"@id\":\"https:\/\/www.metrica-global.com\/pe\/mariana-lobo-y-el-departamento-de-rrhh-de-metrica-portugal\/\",\"url\":\"https:\/\/www.metrica-global.com\/pe\/mariana-lobo-y-el-departamento-de-rrhh-de-metrica-portugal\/\",\"name\":\"Mariana Lobo y el Departamento de RRHH de M\u00e9trica Portugal - METRICA\",\"isPartOf\":{\"@id\":\"https:\/\/www.metrica-global.com\/#website\"},\"primaryImageOfPage\":{\"@id\":\"https:\/\/www.metrica-global.com\/pe\/mariana-lobo-y-el-departamento-de-rrhh-de-metrica-portugal\/#primaryimage\"},\"image\":{\"@id\":\"https:\/\/www.metrica-global.com\/pe\/mariana-lobo-y-el-departamento-de-rrhh-de-metrica-portugal\/#primaryimage\"},\"thumbnailUrl\":\"https:\/\/www.metrica-global.com\/wp-content\/uploads\/2024\/11\/MARIANA-LOBO-BANNER.jpg\",\"datePublished\":\"2024-11-08T07:59:23+00:00\",\"dateModified\":\"2025-06-17T10:39:22+00:00\",\"breadcrumb\":{\"@id\":\"https:\/\/www.metrica-global.com\/pe\/mariana-lobo-y-el-departamento-de-rrhh-de-metrica-portugal\/#breadcrumb\"},\"inLanguage\":\"es-PE\",\"potentialAction\":[{\"@type\":\"ReadAction\",\"target\":[\"https:\/\/www.metrica-global.com\/pe\/mariana-lobo-y-el-departamento-de-rrhh-de-metrica-portugal\/\"]}]},{\"@type\":\"ImageObject\",\"inLanguage\":\"es-PE\",\"@id\":\"https:\/\/www.metrica-global.com\/pe\/mariana-lobo-y-el-departamento-de-rrhh-de-metrica-portugal\/#primaryimage\",\"url\":\"https:\/\/www.metrica-global.com\/wp-content\/uploads\/2024\/11\/MARIANA-LOBO-BANNER.jpg\",\"contentUrl\":\"https:\/\/www.metrica-global.com\/wp-content\/uploads\/2024\/11\/MARIANA-LOBO-BANNER.jpg\",\"width\":960,\"height\":540,\"caption\":\"MARIANA LOBO BANNER\"},{\"@type\":\"BreadcrumbList\",\"@id\":\"https:\/\/www.metrica-global.com\/pe\/mariana-lobo-y-el-departamento-de-rrhh-de-metrica-portugal\/#breadcrumb\",\"itemListElement\":[{\"@type\":\"ListItem\",\"position\":1,\"name\":\"Portada\",\"item\":\"https:\/\/www.metrica-global.com\/en\/\"},{\"@type\":\"ListItem\",\"position\":2,\"name\":\"Mariana Lobo y el Departamento de RRHH de M\u00e9trica Portugal\"}]},{\"@type\":\"WebSite\",\"@id\":\"https:\/\/www.metrica-global.com\/#website\",\"url\":\"https:\/\/www.metrica-global.com\/\",\"name\":\"METRICA\",\"description\":\"Servicios Globales IT\",\"publisher\":{\"@id\":\"https:\/\/www.metrica-global.com\/#organization\"},\"potentialAction\":[{\"@type\":\"SearchAction\",\"target\":{\"@type\":\"EntryPoint\",\"urlTemplate\":\"https:\/\/www.metrica-global.com\/?s={search_term_string}\"},\"query-input\":{\"@type\":\"PropertyValueSpecification\",\"valueRequired\":true,\"valueName\":\"search_term_string\"}}],\"inLanguage\":\"es-PE\"},{\"@type\":\"Organization\",\"@id\":\"https:\/\/www.metrica-global.com\/#organization\",\"name\":\"METRICA\",\"url\":\"https:\/\/www.metrica-global.com\/\",\"logo\":{\"@type\":\"ImageObject\",\"inLanguage\":\"es-PE\",\"@id\":\"https:\/\/www.metrica-global.com\/#\/schema\/logo\/image\/\",\"url\":\"https:\/\/www.metrica-global.com\/wp-content\/uploads\/2023\/12\/logo-metrica.png\",\"contentUrl\":\"https:\/\/www.metrica-global.com\/wp-content\/uploads\/2023\/12\/logo-metrica.png\",\"width\":332,\"height\":58,\"caption\":\"METRICA\"},\"image\":{\"@id\":\"https:\/\/www.metrica-global.com\/#\/schema\/logo\/image\/\"}},{\"@type\":\"Person\",\"@id\":\"https:\/\/www.metrica-global.com\/#\/schema\/person\/78e8e629d9e5908167469b249f6f2cdc\",\"name\":\"desarrollo\",\"image\":{\"@type\":\"ImageObject\",\"inLanguage\":\"es-PE\",\"@id\":\"https:\/\/www.metrica-global.com\/#\/schema\/person\/image\/\",\"url\":\"https:\/\/secure.gravatar.com\/avatar\/d2653fb8f170e1382a31acc69dcf92e99545e6329805eb11d8a34443b058f3de?s=96&d=mm&r=g\",\"contentUrl\":\"https:\/\/secure.gravatar.com\/avatar\/d2653fb8f170e1382a31acc69dcf92e99545e6329805eb11d8a34443b058f3de?s=96&d=mm&r=g\",\"caption\":\"desarrollo\"},\"url\":\"https:\/\/www.metrica-global.com\/pe\/author\/desarrollo\/\"}]}<\/script>\n<!-- \/ Yoast SEO plugin. -->","yoast_head_json":{"title":"Mariana Lobo y el Departamento de RRHH de M\u00e9trica Portugal - METRICA","robots":{"index":"index","follow":"follow","max-snippet":"max-snippet:-1","max-image-preview":"max-image-preview:large","max-video-preview":"max-video-preview:-1"},"canonical":"https:\/\/www.metrica-global.com\/pe\/mariana-lobo-y-el-departamento-de-rrhh-de-metrica-portugal\/","og_locale":"es_ES","og_type":"article","og_title":"Mariana Lobo y el Departamento de RRHH de M\u00e9trica Portugal - METRICA","og_description":"Conversamos sobre c\u00f3mo su equipo contribuye al crecimiento de la empresa a trav\u00e9s de la atracci\u00f3n de talento en consultor\u00eda TI y el apoyo continuo a sus profesionales en Portugal.","og_url":"https:\/\/www.metrica-global.com\/pe\/mariana-lobo-y-el-departamento-de-rrhh-de-metrica-portugal\/","og_site_name":"METRICA","article_published_time":"2024-11-08T07:59:23+00:00","article_modified_time":"2025-06-17T10:39:22+00:00","og_image":[{"width":960,"height":540,"url":"https:\/\/www.metrica-global.com\/wp-content\/uploads\/2024\/11\/MARIANA-LOBO-BANNER.jpg","type":"image\/jpeg"}],"author":"desarrollo","twitter_card":"summary_large_image","twitter_misc":{"Written by":"desarrollo","Est. reading time":"3 minutes"},"schema":{"@context":"https:\/\/schema.org","@graph":[{"@type":"Article","@id":"https:\/\/www.metrica-global.com\/pe\/mariana-lobo-y-el-departamento-de-rrhh-de-metrica-portugal\/#article","isPartOf":{"@id":"https:\/\/www.metrica-global.com\/pe\/mariana-lobo-y-el-departamento-de-rrhh-de-metrica-portugal\/"},"author":{"name":"desarrollo","@id":"https:\/\/www.metrica-global.com\/#\/schema\/person\/78e8e629d9e5908167469b249f6f2cdc"},"headline":"Mariana Lobo y el Departamento de RRHH de M\u00e9trica Portugal","datePublished":"2024-11-08T07:59:23+00:00","dateModified":"2025-06-17T10:39:22+00:00","mainEntityOfPage":{"@id":"https:\/\/www.metrica-global.com\/pe\/mariana-lobo-y-el-departamento-de-rrhh-de-metrica-portugal\/"},"wordCount":492,"commentCount":0,"publisher":{"@id":"https:\/\/www.metrica-global.com\/#organization"},"image":{"@id":"https:\/\/www.metrica-global.com\/pe\/mariana-lobo-y-el-departamento-de-rrhh-de-metrica-portugal\/#primaryimage"},"thumbnailUrl":"https:\/\/www.metrica-global.com\/wp-content\/uploads\/2024\/11\/MARIANA-LOBO-BANNER.jpg","keywords":["\u00c1mbito Tecnol\u00f3gico","Consultor\u00eda tecnol\u00f3gica","Crecimiento internacional","Entrevista","Nuevos Talentos IT","Recursos Humanos","RRHH","Sector IT","Sinergias","Tecnolog\u00eda"],"articleSection":["Actualidad"],"inLanguage":"es-PE","potentialAction":[{"@type":"CommentAction","name":"Comment","target":["https:\/\/www.metrica-global.com\/pe\/mariana-lobo-y-el-departamento-de-rrhh-de-metrica-portugal\/#respond"]}]},{"@type":"WebPage","@id":"https:\/\/www.metrica-global.com\/pe\/mariana-lobo-y-el-departamento-de-rrhh-de-metrica-portugal\/","url":"https:\/\/www.metrica-global.com\/pe\/mariana-lobo-y-el-departamento-de-rrhh-de-metrica-portugal\/","name":"Mariana Lobo y el Departamento de RRHH de M\u00e9trica Portugal - METRICA","isPartOf":{"@id":"https:\/\/www.metrica-global.com\/#website"},"primaryImageOfPage":{"@id":"https:\/\/www.metrica-global.com\/pe\/mariana-lobo-y-el-departamento-de-rrhh-de-metrica-portugal\/#primaryimage"},"image":{"@id":"https:\/\/www.metrica-global.com\/pe\/mariana-lobo-y-el-departamento-de-rrhh-de-metrica-portugal\/#primaryimage"},"thumbnailUrl":"https:\/\/www.metrica-global.com\/wp-content\/uploads\/2024\/11\/MARIANA-LOBO-BANNER.jpg","datePublished":"2024-11-08T07:59:23+00:00","dateModified":"2025-06-17T10:39:22+00:00","breadcrumb":{"@id":"https:\/\/www.metrica-global.com\/pe\/mariana-lobo-y-el-departamento-de-rrhh-de-metrica-portugal\/#breadcrumb"},"inLanguage":"es-PE","potentialAction":[{"@type":"ReadAction","target":["https:\/\/www.metrica-global.com\/pe\/mariana-lobo-y-el-departamento-de-rrhh-de-metrica-portugal\/"]}]},{"@type":"ImageObject","inLanguage":"es-PE","@id":"https:\/\/www.metrica-global.com\/pe\/mariana-lobo-y-el-departamento-de-rrhh-de-metrica-portugal\/#primaryimage","url":"https:\/\/www.metrica-global.com\/wp-content\/uploads\/2024\/11\/MARIANA-LOBO-BANNER.jpg","contentUrl":"https:\/\/www.metrica-global.com\/wp-content\/uploads\/2024\/11\/MARIANA-LOBO-BANNER.jpg","width":960,"height":540,"caption":"MARIANA LOBO BANNER"},{"@type":"BreadcrumbList","@id":"https:\/\/www.metrica-global.com\/pe\/mariana-lobo-y-el-departamento-de-rrhh-de-metrica-portugal\/#breadcrumb","itemListElement":[{"@type":"ListItem","position":1,"name":"Portada","item":"https:\/\/www.metrica-global.com\/en\/"},{"@type":"ListItem","position":2,"name":"Mariana Lobo y el Departamento de RRHH de M\u00e9trica Portugal"}]},{"@type":"WebSite","@id":"https:\/\/www.metrica-global.com\/#website","url":"https:\/\/www.metrica-global.com\/","name":"METRICA","description":"Servicios Globales IT","publisher":{"@id":"https:\/\/www.metrica-global.com\/#organization"},"potentialAction":[{"@type":"SearchAction","target":{"@type":"EntryPoint","urlTemplate":"https:\/\/www.metrica-global.com\/?s={search_term_string}"},"query-input":{"@type":"PropertyValueSpecification","valueRequired":true,"valueName":"search_term_string"}}],"inLanguage":"es-PE"},{"@type":"Organization","@id":"https:\/\/www.metrica-global.com\/#organization","name":"METRICA","url":"https:\/\/www.metrica-global.com\/","logo":{"@type":"ImageObject","inLanguage":"es-PE","@id":"https:\/\/www.metrica-global.com\/#\/schema\/logo\/image\/","url":"https:\/\/www.metrica-global.com\/wp-content\/uploads\/2023\/12\/logo-metrica.png","contentUrl":"https:\/\/www.metrica-global.com\/wp-content\/uploads\/2023\/12\/logo-metrica.png","width":332,"height":58,"caption":"METRICA"},"image":{"@id":"https:\/\/www.metrica-global.com\/#\/schema\/logo\/image\/"}},{"@type":"Person","@id":"https:\/\/www.metrica-global.com\/#\/schema\/person\/78e8e629d9e5908167469b249f6f2cdc","name":"desarrollo","image":{"@type":"ImageObject","inLanguage":"es-PE","@id":"https:\/\/www.metrica-global.com\/#\/schema\/person\/image\/","url":"https:\/\/secure.gravatar.com\/avatar\/d2653fb8f170e1382a31acc69dcf92e99545e6329805eb11d8a34443b058f3de?s=96&d=mm&r=g","contentUrl":"https:\/\/secure.gravatar.com\/avatar\/d2653fb8f170e1382a31acc69dcf92e99545e6329805eb11d8a34443b058f3de?s=96&d=mm&r=g","caption":"desarrollo"},"url":"https:\/\/www.metrica-global.com\/pe\/author\/desarrollo\/"}]}},"_links":{"self":[{"href":"https:\/\/www.metrica-global.com\/pe\/wp-json\/wp\/v2\/posts\/7137","targetHints":{"allow":["GET"]}}],"collection":[{"href":"https:\/\/www.metrica-global.com\/pe\/wp-json\/wp\/v2\/posts"}],"about":[{"href":"https:\/\/www.metrica-global.com\/pe\/wp-json\/wp\/v2\/types\/post"}],"author":[{"embeddable":true,"href":"https:\/\/www.metrica-global.com\/pe\/wp-json\/wp\/v2\/users\/1"}],"replies":[{"embeddable":true,"href":"https:\/\/www.metrica-global.com\/pe\/wp-json\/wp\/v2\/comments?post=7137"}],"version-history":[{"count":2,"href":"https:\/\/www.metrica-global.com\/pe\/wp-json\/wp\/v2\/posts\/7137\/revisions"}],"predecessor-version":[{"id":7868,"href":"https:\/\/www.metrica-global.com\/pe\/wp-json\/wp\/v2\/posts\/7137\/revisions\/7868"}],"wp:featuredmedia":[{"embeddable":true,"href":"https:\/\/www.metrica-global.com\/pe\/wp-json\/wp\/v2\/media\/7139"}],"wp:attachment":[{"href":"https:\/\/www.metrica-global.com\/pe\/wp-json\/wp\/v2\/media?parent=7137"}],"wp:term":[{"taxonomy":"category","embeddable":true,"href":"https:\/\/www.metrica-global.com\/pe\/wp-json\/wp\/v2\/categories?post=7137"},{"taxonomy":"post_tag","embeddable":true,"href":"https:\/\/www.metrica-global.com\/pe\/wp-json\/wp\/v2\/tags?post=7137"}],"curies":[{"name":"wp","href":"https:\/\/api.w.org\/{rel}","templated":true}]}}