{"id":7326,"date":"2024-08-06T00:00:00","date_gmt":"2024-08-06T00:00:00","guid":{"rendered":"https:\/\/www.metrica-global.com\/concienciacion-sobre-la-dark-web-y-la-proteccion-de-datos-personales\/"},"modified":"2025-06-17T11:11:46","modified_gmt":"2025-06-17T11:11:46","slug":"concienciacion-sobre-la-dark-web-y-la-proteccion-de-datos-personales","status":"publish","type":"post","link":"https:\/\/www.metrica-global.com\/pe\/concienciacion-sobre-la-dark-web-y-la-proteccion-de-datos-personales\/","title":{"rendered":"La Dark Web y la protecci\u00f3n de datos personales"},"content":{"rendered":"\r\n<p>En M\u00e9trica, la ciberseguridad es una prioridad. Queremos alertarte sobre los peligros de la Dark Web y proporcionar algunos consejos esenciales para proteger tu informaci\u00f3n personal.<\/p>\r\n\r\n\r\n\r\n<p><strong>\u00bfQu\u00e9 es la Dark Web?<\/strong><\/p>\r\n\r\n\r\n\r\n<p>La Dark Web es una parte oculta de Internet donde la informaci\u00f3n personal se compra y vende como si fuese una mercanc\u00eda m\u00e1s. Este entorno sombr\u00edo es un refugio para los ciberdelincuentes que utilizan datos sensibles para llevar a cabo actividades ilegales, como fraudes o suplantaci\u00f3n de identidad. A diferencia de la web superficial, accesible a trav\u00e9s de navegadores comunes, la Dark Web requiere software especializado para ser navegada y se caracteriza por su anonimato.<\/p>\r\n\r\n\r\n\r\n<p><strong>Herramienta de Google para detectar datos en la Dark Web<\/strong><\/p>\r\n\r\n\r\n\r\n<div class=\"wp-block-media-text has-media-on-the-right is-stacked-on-mobile\" style=\"grid-template-columns: auto 23%;\">\r\n<div class=\"wp-block-media-text__content\">\r\n<p>Afortunadamente, Google ha introducido una herramienta que permite a los usuarios conocer si sus datos est\u00e1n siendo comercializados en la Dark Web. Esta herramienta est\u00e1 disponible a trav\u00e9s de la aplicaci\u00f3n de Google One y ha sido recientemente extendida a todos los dispositivos Android. La funci\u00f3n realiza un escaneo profundo en la web oscura para detectar si tu nombre, direcci\u00f3n, n\u00famero de tel\u00e9fono, n\u00famero de seguridad social, nombres de usuario y contrase\u00f1as est\u00e1n comprometidos.<\/p>\r\n\r\n\r\n\r\n<p><strong>Consejos para evitar que tus datos acaben en la Dark Web<\/strong><\/p>\r\n\r\n\r\n\r\n<p>Proteger tu informaci\u00f3n personal es crucial para evitar que caiga en manos de delincuentes. Aqu\u00ed tienes algunos consejos pr\u00e1cticos:<\/p>\r\n\r\n\r\n\r\n<p><strong>1. Evita compartir tus datos en p\u00e1ginas web no seguras:<\/strong> Aseg\u00farate de que las p\u00e1ginas web que visitas sean confiables y utilicen protocolos de seguridad adecuados, como HTTPS. Antes de introducir cualquier informaci\u00f3n personal, verifica que el sitio sea leg\u00edtimo y tenga buenas referencias.<\/p>\r\n\r\n\r\n\r\n<p><strong>2. Utiliza contrase\u00f1as seguras y diferentes para todas tus cuentas:<\/strong> Las contrase\u00f1as robustas y \u00fanicas para cada cuenta son una barrera eficaz contra los intentos de acceso no autorizado. Utiliza una combinaci\u00f3n de letras, n\u00fameros y caracteres especiales. Considera el uso de un gestor de contrase\u00f1as para ayudarte a mantener la seguridad sin complicaciones.<\/p>\r\n<\/div>\r\n<figure class=\"wp-block-media-text__media\"><img fetchpriority=\"high\" decoding=\"async\" width=\"590\" height=\"1024\" class=\"wp-image-1527 size-full\" src=\"https:\/\/themetricachange.com\/wp-content\/uploads\/2024\/08\/image-590x1024.png\" alt=\"\" srcset=\"https:\/\/www.metrica-global.com\/wp-content\/uploads\/2024\/08\/image-590x1024.png 590w, https:\/\/www.metrica-global.com\/wp-content\/uploads\/2024\/08\/image-173x300.png 173w, https:\/\/www.metrica-global.com\/wp-content\/uploads\/2024\/08\/image-768x1332.png 768w, https:\/\/www.metrica-global.com\/wp-content\/uploads\/2024\/08\/image.png 828w\" sizes=\"(max-width: 590px) 100vw, 590px\" \/><\/figure>\r\n<\/div>\r\n\r\n\r\n\r\n<p><strong>Compromiso de M\u00e9trica con la ciberseguridad<\/strong><\/p>\r\n\r\n\r\n\r\n<p>En M\u00e9trica, estamos comprometidos con la ciberseguridad y trabajamos continuamente para proteger tanto nuestros datos como los de nuestros clientes. La concienciaci\u00f3n y la adopci\u00f3n de buenas pr\u00e1cticas son esenciales para mantenernos seguros en el entorno digital. Para obtener m\u00e1s informaci\u00f3n sobre c\u00f3mo proteger tu informaci\u00f3n personal y la importancia de la ciberseguridad, te invitamos a ver el v\u00eddeo que hemos subido a nuestras redes sociales.<\/p>\r\n\r\n\r\n\r\n<p><strong>\u00a1Mant\u00e9n tu informaci\u00f3n personal a salvo!<\/strong><\/p>\r\n","protected":false},"excerpt":{"rendered":"<p>En M\u00e9trica, la ciberseguridad es una prioridad. Queremos alertarte sobre los peligros de la Dark Web y proporcionar algunos consejos esenciales para proteger tu informaci\u00f3n personal.<\/p>\n","protected":false},"author":1,"featured_media":7328,"comment_status":"open","ping_status":"open","sticky":false,"template":"","format":"standard","meta":{"content-type":"","footnotes":""},"categories":[1463],"tags":[1213,1465,1466,1345,1467,1681,1682,1470,1162,1221],"class_list":["post-7326","post","type-post","status-publish","format-standard","has-post-thumbnail","hentry","category-calidad-pe","tag-ambito-tecnologico-pe","tag-ciberataque-pe","tag-ciberestafa-pe","tag-ciberseguridad-pe","tag-consejos-de-seguridad-pe","tag-dark-web-pe","tag-google-pe","tag-proteccion-de-datos-pe","tag-sector-it-pe","tag-tecnologia-pe"],"yoast_head":"<!-- This site is optimized with the Yoast SEO plugin v25.9 - https:\/\/yoast.com\/wordpress\/plugins\/seo\/ -->\n<title>La Dark Web y la protecci\u00f3n de datos personales - METRICA<\/title>\n<meta name=\"robots\" content=\"index, follow, max-snippet:-1, max-image-preview:large, max-video-preview:-1\" \/>\n<link rel=\"canonical\" href=\"https:\/\/www.metrica-global.com\/pe\/concienciacion-sobre-la-dark-web-y-la-proteccion-de-datos-personales\/\" \/>\n<meta property=\"og:locale\" content=\"es_ES\" \/>\n<meta property=\"og:type\" content=\"article\" \/>\n<meta property=\"og:title\" content=\"La Dark Web y la protecci\u00f3n de datos personales - METRICA\" \/>\n<meta property=\"og:description\" content=\"En M\u00e9trica, la ciberseguridad es una prioridad. Queremos alertarte sobre los peligros de la Dark Web y proporcionar algunos consejos esenciales para proteger tu informaci\u00f3n personal.\" \/>\n<meta property=\"og:url\" content=\"https:\/\/www.metrica-global.com\/pe\/concienciacion-sobre-la-dark-web-y-la-proteccion-de-datos-personales\/\" \/>\n<meta property=\"og:site_name\" content=\"METRICA\" \/>\n<meta property=\"article:published_time\" content=\"2024-08-06T00:00:00+00:00\" \/>\n<meta property=\"article:modified_time\" content=\"2025-06-17T11:11:46+00:00\" \/>\n<meta property=\"og:image\" content=\"https:\/\/www.metrica-global.com\/wp-content\/uploads\/2024\/08\/BANNER-DARK-WEB-scaled-1.jpg\" \/>\n\t<meta property=\"og:image:width\" content=\"2560\" \/>\n\t<meta property=\"og:image:height\" content=\"990\" \/>\n\t<meta property=\"og:image:type\" content=\"image\/jpeg\" \/>\n<meta name=\"author\" content=\"desarrollo\" \/>\n<meta name=\"twitter:card\" content=\"summary_large_image\" \/>\n<meta name=\"twitter:label1\" content=\"Written by\" \/>\n\t<meta name=\"twitter:data1\" content=\"desarrollo\" \/>\n\t<meta name=\"twitter:label2\" content=\"Est. reading time\" \/>\n\t<meta name=\"twitter:data2\" content=\"3 minutes\" \/>\n<script type=\"application\/ld+json\" class=\"yoast-schema-graph\">{\"@context\":\"https:\/\/schema.org\",\"@graph\":[{\"@type\":\"Article\",\"@id\":\"https:\/\/www.metrica-global.com\/pe\/concienciacion-sobre-la-dark-web-y-la-proteccion-de-datos-personales\/#article\",\"isPartOf\":{\"@id\":\"https:\/\/www.metrica-global.com\/pe\/concienciacion-sobre-la-dark-web-y-la-proteccion-de-datos-personales\/\"},\"author\":{\"name\":\"desarrollo\",\"@id\":\"https:\/\/www.metrica-global.com\/#\/schema\/person\/78e8e629d9e5908167469b249f6f2cdc\"},\"headline\":\"La Dark Web y la protecci\u00f3n de datos personales\",\"datePublished\":\"2024-08-06T00:00:00+00:00\",\"dateModified\":\"2025-06-17T11:11:46+00:00\",\"mainEntityOfPage\":{\"@id\":\"https:\/\/www.metrica-global.com\/pe\/concienciacion-sobre-la-dark-web-y-la-proteccion-de-datos-personales\/\"},\"wordCount\":446,\"commentCount\":0,\"publisher\":{\"@id\":\"https:\/\/www.metrica-global.com\/#organization\"},\"image\":{\"@id\":\"https:\/\/www.metrica-global.com\/pe\/concienciacion-sobre-la-dark-web-y-la-proteccion-de-datos-personales\/#primaryimage\"},\"thumbnailUrl\":\"https:\/\/www.metrica-global.com\/wp-content\/uploads\/2024\/08\/BANNER-DARK-WEB-scaled-1.jpg\",\"keywords\":[\"\u00c1mbito Tecnol\u00f3gico\",\"Ciberataque\",\"Ciberestafa\",\"Ciberseguridad\",\"Consejos De Seguridad\",\"Dark Web\",\"Google\",\"Protecci\u00f3n de Datos\",\"Sector IT\",\"Tecnolog\u00eda\"],\"articleSection\":[\"Calidad\"],\"inLanguage\":\"es-PE\",\"potentialAction\":[{\"@type\":\"CommentAction\",\"name\":\"Comment\",\"target\":[\"https:\/\/www.metrica-global.com\/pe\/concienciacion-sobre-la-dark-web-y-la-proteccion-de-datos-personales\/#respond\"]}]},{\"@type\":\"WebPage\",\"@id\":\"https:\/\/www.metrica-global.com\/pe\/concienciacion-sobre-la-dark-web-y-la-proteccion-de-datos-personales\/\",\"url\":\"https:\/\/www.metrica-global.com\/pe\/concienciacion-sobre-la-dark-web-y-la-proteccion-de-datos-personales\/\",\"name\":\"La Dark Web y la protecci\u00f3n de datos personales - METRICA\",\"isPartOf\":{\"@id\":\"https:\/\/www.metrica-global.com\/#website\"},\"primaryImageOfPage\":{\"@id\":\"https:\/\/www.metrica-global.com\/pe\/concienciacion-sobre-la-dark-web-y-la-proteccion-de-datos-personales\/#primaryimage\"},\"image\":{\"@id\":\"https:\/\/www.metrica-global.com\/pe\/concienciacion-sobre-la-dark-web-y-la-proteccion-de-datos-personales\/#primaryimage\"},\"thumbnailUrl\":\"https:\/\/www.metrica-global.com\/wp-content\/uploads\/2024\/08\/BANNER-DARK-WEB-scaled-1.jpg\",\"datePublished\":\"2024-08-06T00:00:00+00:00\",\"dateModified\":\"2025-06-17T11:11:46+00:00\",\"breadcrumb\":{\"@id\":\"https:\/\/www.metrica-global.com\/pe\/concienciacion-sobre-la-dark-web-y-la-proteccion-de-datos-personales\/#breadcrumb\"},\"inLanguage\":\"es-PE\",\"potentialAction\":[{\"@type\":\"ReadAction\",\"target\":[\"https:\/\/www.metrica-global.com\/pe\/concienciacion-sobre-la-dark-web-y-la-proteccion-de-datos-personales\/\"]}]},{\"@type\":\"ImageObject\",\"inLanguage\":\"es-PE\",\"@id\":\"https:\/\/www.metrica-global.com\/pe\/concienciacion-sobre-la-dark-web-y-la-proteccion-de-datos-personales\/#primaryimage\",\"url\":\"https:\/\/www.metrica-global.com\/wp-content\/uploads\/2024\/08\/BANNER-DARK-WEB-scaled-1.jpg\",\"contentUrl\":\"https:\/\/www.metrica-global.com\/wp-content\/uploads\/2024\/08\/BANNER-DARK-WEB-scaled-1.jpg\",\"width\":2560,\"height\":990,\"caption\":\"BANNER DARK WEB scaled 1\"},{\"@type\":\"BreadcrumbList\",\"@id\":\"https:\/\/www.metrica-global.com\/pe\/concienciacion-sobre-la-dark-web-y-la-proteccion-de-datos-personales\/#breadcrumb\",\"itemListElement\":[{\"@type\":\"ListItem\",\"position\":1,\"name\":\"Portada\",\"item\":\"https:\/\/www.metrica-global.com\/en\/\"},{\"@type\":\"ListItem\",\"position\":2,\"name\":\"La Dark Web y la protecci\u00f3n de datos personales\"}]},{\"@type\":\"WebSite\",\"@id\":\"https:\/\/www.metrica-global.com\/#website\",\"url\":\"https:\/\/www.metrica-global.com\/\",\"name\":\"METRICA\",\"description\":\"Servicios Globales IT\",\"publisher\":{\"@id\":\"https:\/\/www.metrica-global.com\/#organization\"},\"potentialAction\":[{\"@type\":\"SearchAction\",\"target\":{\"@type\":\"EntryPoint\",\"urlTemplate\":\"https:\/\/www.metrica-global.com\/?s={search_term_string}\"},\"query-input\":{\"@type\":\"PropertyValueSpecification\",\"valueRequired\":true,\"valueName\":\"search_term_string\"}}],\"inLanguage\":\"es-PE\"},{\"@type\":\"Organization\",\"@id\":\"https:\/\/www.metrica-global.com\/#organization\",\"name\":\"METRICA\",\"url\":\"https:\/\/www.metrica-global.com\/\",\"logo\":{\"@type\":\"ImageObject\",\"inLanguage\":\"es-PE\",\"@id\":\"https:\/\/www.metrica-global.com\/#\/schema\/logo\/image\/\",\"url\":\"https:\/\/www.metrica-global.com\/wp-content\/uploads\/2023\/12\/logo-metrica.png\",\"contentUrl\":\"https:\/\/www.metrica-global.com\/wp-content\/uploads\/2023\/12\/logo-metrica.png\",\"width\":332,\"height\":58,\"caption\":\"METRICA\"},\"image\":{\"@id\":\"https:\/\/www.metrica-global.com\/#\/schema\/logo\/image\/\"}},{\"@type\":\"Person\",\"@id\":\"https:\/\/www.metrica-global.com\/#\/schema\/person\/78e8e629d9e5908167469b249f6f2cdc\",\"name\":\"desarrollo\",\"image\":{\"@type\":\"ImageObject\",\"inLanguage\":\"es-PE\",\"@id\":\"https:\/\/www.metrica-global.com\/#\/schema\/person\/image\/\",\"url\":\"https:\/\/secure.gravatar.com\/avatar\/d2653fb8f170e1382a31acc69dcf92e99545e6329805eb11d8a34443b058f3de?s=96&d=mm&r=g\",\"contentUrl\":\"https:\/\/secure.gravatar.com\/avatar\/d2653fb8f170e1382a31acc69dcf92e99545e6329805eb11d8a34443b058f3de?s=96&d=mm&r=g\",\"caption\":\"desarrollo\"},\"url\":\"https:\/\/www.metrica-global.com\/pe\/author\/desarrollo\/\"}]}<\/script>\n<!-- \/ Yoast SEO plugin. -->","yoast_head_json":{"title":"La Dark Web y la protecci\u00f3n de datos personales - METRICA","robots":{"index":"index","follow":"follow","max-snippet":"max-snippet:-1","max-image-preview":"max-image-preview:large","max-video-preview":"max-video-preview:-1"},"canonical":"https:\/\/www.metrica-global.com\/pe\/concienciacion-sobre-la-dark-web-y-la-proteccion-de-datos-personales\/","og_locale":"es_ES","og_type":"article","og_title":"La Dark Web y la protecci\u00f3n de datos personales - METRICA","og_description":"En M\u00e9trica, la ciberseguridad es una prioridad. Queremos alertarte sobre los peligros de la Dark Web y proporcionar algunos consejos esenciales para proteger tu informaci\u00f3n personal.","og_url":"https:\/\/www.metrica-global.com\/pe\/concienciacion-sobre-la-dark-web-y-la-proteccion-de-datos-personales\/","og_site_name":"METRICA","article_published_time":"2024-08-06T00:00:00+00:00","article_modified_time":"2025-06-17T11:11:46+00:00","og_image":[{"width":2560,"height":990,"url":"https:\/\/www.metrica-global.com\/wp-content\/uploads\/2024\/08\/BANNER-DARK-WEB-scaled-1.jpg","type":"image\/jpeg"}],"author":"desarrollo","twitter_card":"summary_large_image","twitter_misc":{"Written by":"desarrollo","Est. reading time":"3 minutes"},"schema":{"@context":"https:\/\/schema.org","@graph":[{"@type":"Article","@id":"https:\/\/www.metrica-global.com\/pe\/concienciacion-sobre-la-dark-web-y-la-proteccion-de-datos-personales\/#article","isPartOf":{"@id":"https:\/\/www.metrica-global.com\/pe\/concienciacion-sobre-la-dark-web-y-la-proteccion-de-datos-personales\/"},"author":{"name":"desarrollo","@id":"https:\/\/www.metrica-global.com\/#\/schema\/person\/78e8e629d9e5908167469b249f6f2cdc"},"headline":"La Dark Web y la protecci\u00f3n de datos personales","datePublished":"2024-08-06T00:00:00+00:00","dateModified":"2025-06-17T11:11:46+00:00","mainEntityOfPage":{"@id":"https:\/\/www.metrica-global.com\/pe\/concienciacion-sobre-la-dark-web-y-la-proteccion-de-datos-personales\/"},"wordCount":446,"commentCount":0,"publisher":{"@id":"https:\/\/www.metrica-global.com\/#organization"},"image":{"@id":"https:\/\/www.metrica-global.com\/pe\/concienciacion-sobre-la-dark-web-y-la-proteccion-de-datos-personales\/#primaryimage"},"thumbnailUrl":"https:\/\/www.metrica-global.com\/wp-content\/uploads\/2024\/08\/BANNER-DARK-WEB-scaled-1.jpg","keywords":["\u00c1mbito Tecnol\u00f3gico","Ciberataque","Ciberestafa","Ciberseguridad","Consejos De Seguridad","Dark Web","Google","Protecci\u00f3n de Datos","Sector IT","Tecnolog\u00eda"],"articleSection":["Calidad"],"inLanguage":"es-PE","potentialAction":[{"@type":"CommentAction","name":"Comment","target":["https:\/\/www.metrica-global.com\/pe\/concienciacion-sobre-la-dark-web-y-la-proteccion-de-datos-personales\/#respond"]}]},{"@type":"WebPage","@id":"https:\/\/www.metrica-global.com\/pe\/concienciacion-sobre-la-dark-web-y-la-proteccion-de-datos-personales\/","url":"https:\/\/www.metrica-global.com\/pe\/concienciacion-sobre-la-dark-web-y-la-proteccion-de-datos-personales\/","name":"La Dark Web y la protecci\u00f3n de datos personales - METRICA","isPartOf":{"@id":"https:\/\/www.metrica-global.com\/#website"},"primaryImageOfPage":{"@id":"https:\/\/www.metrica-global.com\/pe\/concienciacion-sobre-la-dark-web-y-la-proteccion-de-datos-personales\/#primaryimage"},"image":{"@id":"https:\/\/www.metrica-global.com\/pe\/concienciacion-sobre-la-dark-web-y-la-proteccion-de-datos-personales\/#primaryimage"},"thumbnailUrl":"https:\/\/www.metrica-global.com\/wp-content\/uploads\/2024\/08\/BANNER-DARK-WEB-scaled-1.jpg","datePublished":"2024-08-06T00:00:00+00:00","dateModified":"2025-06-17T11:11:46+00:00","breadcrumb":{"@id":"https:\/\/www.metrica-global.com\/pe\/concienciacion-sobre-la-dark-web-y-la-proteccion-de-datos-personales\/#breadcrumb"},"inLanguage":"es-PE","potentialAction":[{"@type":"ReadAction","target":["https:\/\/www.metrica-global.com\/pe\/concienciacion-sobre-la-dark-web-y-la-proteccion-de-datos-personales\/"]}]},{"@type":"ImageObject","inLanguage":"es-PE","@id":"https:\/\/www.metrica-global.com\/pe\/concienciacion-sobre-la-dark-web-y-la-proteccion-de-datos-personales\/#primaryimage","url":"https:\/\/www.metrica-global.com\/wp-content\/uploads\/2024\/08\/BANNER-DARK-WEB-scaled-1.jpg","contentUrl":"https:\/\/www.metrica-global.com\/wp-content\/uploads\/2024\/08\/BANNER-DARK-WEB-scaled-1.jpg","width":2560,"height":990,"caption":"BANNER DARK WEB scaled 1"},{"@type":"BreadcrumbList","@id":"https:\/\/www.metrica-global.com\/pe\/concienciacion-sobre-la-dark-web-y-la-proteccion-de-datos-personales\/#breadcrumb","itemListElement":[{"@type":"ListItem","position":1,"name":"Portada","item":"https:\/\/www.metrica-global.com\/en\/"},{"@type":"ListItem","position":2,"name":"La Dark Web y la protecci\u00f3n de datos personales"}]},{"@type":"WebSite","@id":"https:\/\/www.metrica-global.com\/#website","url":"https:\/\/www.metrica-global.com\/","name":"METRICA","description":"Servicios Globales IT","publisher":{"@id":"https:\/\/www.metrica-global.com\/#organization"},"potentialAction":[{"@type":"SearchAction","target":{"@type":"EntryPoint","urlTemplate":"https:\/\/www.metrica-global.com\/?s={search_term_string}"},"query-input":{"@type":"PropertyValueSpecification","valueRequired":true,"valueName":"search_term_string"}}],"inLanguage":"es-PE"},{"@type":"Organization","@id":"https:\/\/www.metrica-global.com\/#organization","name":"METRICA","url":"https:\/\/www.metrica-global.com\/","logo":{"@type":"ImageObject","inLanguage":"es-PE","@id":"https:\/\/www.metrica-global.com\/#\/schema\/logo\/image\/","url":"https:\/\/www.metrica-global.com\/wp-content\/uploads\/2023\/12\/logo-metrica.png","contentUrl":"https:\/\/www.metrica-global.com\/wp-content\/uploads\/2023\/12\/logo-metrica.png","width":332,"height":58,"caption":"METRICA"},"image":{"@id":"https:\/\/www.metrica-global.com\/#\/schema\/logo\/image\/"}},{"@type":"Person","@id":"https:\/\/www.metrica-global.com\/#\/schema\/person\/78e8e629d9e5908167469b249f6f2cdc","name":"desarrollo","image":{"@type":"ImageObject","inLanguage":"es-PE","@id":"https:\/\/www.metrica-global.com\/#\/schema\/person\/image\/","url":"https:\/\/secure.gravatar.com\/avatar\/d2653fb8f170e1382a31acc69dcf92e99545e6329805eb11d8a34443b058f3de?s=96&d=mm&r=g","contentUrl":"https:\/\/secure.gravatar.com\/avatar\/d2653fb8f170e1382a31acc69dcf92e99545e6329805eb11d8a34443b058f3de?s=96&d=mm&r=g","caption":"desarrollo"},"url":"https:\/\/www.metrica-global.com\/pe\/author\/desarrollo\/"}]}},"_links":{"self":[{"href":"https:\/\/www.metrica-global.com\/pe\/wp-json\/wp\/v2\/posts\/7326","targetHints":{"allow":["GET"]}}],"collection":[{"href":"https:\/\/www.metrica-global.com\/pe\/wp-json\/wp\/v2\/posts"}],"about":[{"href":"https:\/\/www.metrica-global.com\/pe\/wp-json\/wp\/v2\/types\/post"}],"author":[{"embeddable":true,"href":"https:\/\/www.metrica-global.com\/pe\/wp-json\/wp\/v2\/users\/1"}],"replies":[{"embeddable":true,"href":"https:\/\/www.metrica-global.com\/pe\/wp-json\/wp\/v2\/comments?post=7326"}],"version-history":[{"count":1,"href":"https:\/\/www.metrica-global.com\/pe\/wp-json\/wp\/v2\/posts\/7326\/revisions"}],"predecessor-version":[{"id":7983,"href":"https:\/\/www.metrica-global.com\/pe\/wp-json\/wp\/v2\/posts\/7326\/revisions\/7983"}],"wp:featuredmedia":[{"embeddable":true,"href":"https:\/\/www.metrica-global.com\/pe\/wp-json\/wp\/v2\/media\/7328"}],"wp:attachment":[{"href":"https:\/\/www.metrica-global.com\/pe\/wp-json\/wp\/v2\/media?parent=7326"}],"wp:term":[{"taxonomy":"category","embeddable":true,"href":"https:\/\/www.metrica-global.com\/pe\/wp-json\/wp\/v2\/categories?post=7326"},{"taxonomy":"post_tag","embeddable":true,"href":"https:\/\/www.metrica-global.com\/pe\/wp-json\/wp\/v2\/tags?post=7326"}],"curies":[{"name":"wp","href":"https:\/\/api.w.org\/{rel}","templated":true}]}}