{"id":7429,"date":"2023-11-10T09:59:51","date_gmt":"2023-11-10T09:59:51","guid":{"rendered":"https:\/\/www.metrica-global.com\/verificacion-del-calculo-de-nuestra-huella-de-carbono\/"},"modified":"2025-06-17T11:12:11","modified_gmt":"2025-06-17T11:12:11","slug":"verificacion-del-calculo-de-nuestra-huella-de-carbono","status":"publish","type":"post","link":"https:\/\/www.metrica-global.com\/pe\/verificacion-del-calculo-de-nuestra-huella-de-carbono\/","title":{"rendered":"Verificaci\u00f3n del c\u00e1lculo de nuestra Huella de Carbono"},"content":{"rendered":"\t\t<div data-elementor-type=\"wp-post\" data-elementor-id=\"7429\" class=\"elementor elementor-7429 elementor-716\" data-elementor-post-type=\"post\">\n\t\t\t\t<div class=\"elementor-element elementor-element-e20dbc8 e-flex e-con-boxed e-con e-parent\" data-id=\"e20dbc8\" data-element_type=\"container\">\n\t\t\t\t\t<div class=\"e-con-inner\">\n\t\t\t\t<div class=\"elementor-element elementor-element-1dbfe4d elementor-widget elementor-widget-text-editor\" data-id=\"1dbfe4d\" data-element_type=\"widget\" data-widget_type=\"text-editor.default\">\n\t\t\t\t<div class=\"elementor-widget-container\">\n\t\t\t\t\t\t\t\t\t<p>Desde M\u00e9trica Consulting estamos encantados\/as de poder compartir con todos\/as vosotros\/as que hemos conseguido oficialmente la verificaci\u00f3n del c\u00e1lculo de nuestra Huella de Carbono.<\/p><p>Pero, \u00bfpara qu\u00e9 sirve el c\u00e1lculo de nuestra Huella de Carbono? \u00a1Os lo explicamos!\u00a0<\/p>\t\t\t\t\t\t\t\t<\/div>\n\t\t\t\t<\/div>\n\t\t\t\t\t<\/div>\n\t\t\t\t<\/div>\n\t\t<div class=\"elementor-element elementor-element-9df86c2 e-flex e-con-boxed e-con e-parent\" data-id=\"9df86c2\" data-element_type=\"container\">\n\t\t\t\t\t<div class=\"e-con-inner\">\n\t\t\t\t<div class=\"elementor-element elementor-element-9e7e21f elementor-widget elementor-widget-image\" data-id=\"9e7e21f\" data-element_type=\"widget\" data-widget_type=\"image.default\">\n\t\t\t\t<div class=\"elementor-widget-container\">\n\t\t\t\t\t\t\t\t\t\t\t\t\t\t\t<img fetchpriority=\"high\" decoding=\"async\" width=\"800\" height=\"566\" src=\"https:\/\/www.metrica-global.com\/wp-content\/uploads\/2023\/11\/Infografia-GHG-Protocol-4-1024x724.png\" class=\"attachment-large size-large wp-image-11366\" alt=\"Infografia GHG Protocol 4\" srcset=\"https:\/\/www.metrica-global.com\/wp-content\/uploads\/2023\/11\/Infografia-GHG-Protocol-4-1024x724.png 1024w, https:\/\/www.metrica-global.com\/wp-content\/uploads\/2023\/11\/Infografia-GHG-Protocol-4-300x212.png 300w, https:\/\/www.metrica-global.com\/wp-content\/uploads\/2023\/11\/Infografia-GHG-Protocol-4-768x543.png 768w, https:\/\/www.metrica-global.com\/wp-content\/uploads\/2023\/11\/Infografia-GHG-Protocol-4-1536x1086.png 1536w, https:\/\/www.metrica-global.com\/wp-content\/uploads\/2023\/11\/Infografia-GHG-Protocol-4.png 2000w\" sizes=\"(max-width: 800px) 100vw, 800px\" \/>\t\t\t\t\t\t\t\t\t\t\t\t\t\t\t<\/div>\n\t\t\t\t<\/div>\n\t\t\t\t\t<\/div>\n\t\t\t\t<\/div>\n\t\t<div class=\"elementor-element elementor-element-2ecf21f e-flex e-con-boxed e-con e-parent\" data-id=\"2ecf21f\" data-element_type=\"container\">\n\t\t\t\t\t<div class=\"e-con-inner\">\n\t\t\t\t<div class=\"elementor-element elementor-element-2c4f091 elementor-widget elementor-widget-spacer\" data-id=\"2c4f091\" data-element_type=\"widget\" data-widget_type=\"spacer.default\">\n\t\t\t\t<div class=\"elementor-widget-container\">\n\t\t\t\t\t\t\t<div class=\"elementor-spacer\">\n\t\t\t<div class=\"elementor-spacer-inner\"><\/div>\n\t\t<\/div>\n\t\t\t\t\t\t<\/div>\n\t\t\t\t<\/div>\n\t\t\t\t\t<\/div>\n\t\t\t\t<\/div>\n\t\t<div class=\"elementor-element elementor-element-6ceda0b e-flex e-con-boxed e-con e-parent\" data-id=\"6ceda0b\" data-element_type=\"container\">\n\t\t\t\t\t<div class=\"e-con-inner\">\n\t\t\t\t<div class=\"elementor-element elementor-element-438146c elementor-widget elementor-widget-text-editor\" data-id=\"438146c\" data-element_type=\"widget\" data-widget_type=\"text-editor.default\">\n\t\t\t\t<div class=\"elementor-widget-container\">\n\t\t\t\t\t\t\t\t\t<p>Para reducir nuestro consumo de energ\u00eda y las emisiones de GEI, se ha opt\u00f3 por realizar su c\u00e1lculo mediante el GHG Protocol. Para de esta manera, saber en qu\u00e9 punto estamos y proponernos mejoras personalizadas seg\u00fan nuestros h\u00e1bitos y consumos como empresa.\u00a0<br \/>\u00a0<br \/>GHG Protocol es un est\u00e1ndar para el c\u00e1lculo de la Huella de Carbono. Permite contabilizar los 6 tipos de gases GEI (CO2, CH4, N2O, HFC, PFC y SF6) enfoc\u00e1ndose \u00fanicamente en la contabilidad y reporte de las emisiones. Adem\u00e1s, tambi\u00e9n permite la verificaci\u00f3n externa del c\u00e1lculo de la huella de carbono de la organizaci\u00f3n y del informe de emisiones GEI.\u00a0<br \/>\u00a0<br \/>Est\u00e1 regido por unos principios y unos objetivos para ofrecer todo tipo de facilidades a las compa\u00f1\u00edas que quieran llevar a cabo este proceso.\u00a0\u00a0<br \/>\u00a0<\/p><p>En la ecuaci\u00f3n de este c\u00e1lculo se tienen en cuenta 3 alcances:\u00a0\u00a0<br \/>\u00a0<br \/>&#8211; Alcance 1: Emisiones directas de GEI\u00a0<br \/>&#8211; Alcance 2: Emisiones indirectas de GEI asociadas a la electricidad.\u00a0<br \/>&#8211; Alcance 3: Otras emisiones indirectas.\u00a0<br \/>\u00a0<br \/>En M\u00e9trica Consulting SL tenemos calculado hasta el alcance 2, el cu\u00e1l est\u00e1 formado tanto por las emisiones directas que son de nuestra propiedad o est\u00e1n controladas por nosotros, as\u00ed como las emisiones de la generaci\u00f3n de electricidad adquirida y consumida en todos nuestros servicios.\u00a0\u00a0<br \/>\u00a0<br \/>Las ventajas que nos ofrece este c\u00e1lculo son m\u00faltiples:\u00a0<\/p><p><br \/>-Nos ayuda a mejorar la reputaci\u00f3n corporativa y nuestro posicionamiento como consultor\u00eda TI.\u00a0<br \/>-Gracias a los resultados obtenidos, podemos identificar nuevas oportunidades para la reducci\u00f3n de nuestras emisiones de GEI, adem\u00e1s de nuevas oportunidades de negocio.\u00a0<br \/>-Avanzamos hac\u00eda la adaptaci\u00f3n de nuestra compa\u00f1\u00eda a futuras normativas sostenibles.\u00a0<br \/>-Nos permite formar parte de esquemas voluntarios nacionales.\u00a0<br \/>\u00a0<br \/>Es un avance en nuestro camino hacia la mejora continua y la sostenibilidad, y agradecemos a todas las partes interesadas que conf\u00edan en nosotros y nos acompa\u00f1an en esta trayectoria.\u00a0\u00a0<br \/>\u00a0<br \/>Porque como dice nuestra filosof\u00eda, estamos comprometidos con la excelencia en cada aspecto de nuestro trabajo y buscamos ser un socio confiable y valioso para nuestros clientes.<\/p>\t\t\t\t\t\t\t\t<\/div>\n\t\t\t\t<\/div>\n\t\t\t\t\t<\/div>\n\t\t\t\t<\/div>\n\t\t\t\t<\/div>\n\t\t","protected":false},"excerpt":{"rendered":"<p>Desde M\u00e9trica Consulting estamos encantados\/as de poder compartir que hemos conseguido oficialmente la verificaci\u00f3n del c\u00e1lculo de nuestra Huella de Carbono.<\/p>\n","protected":false},"author":1,"featured_media":7430,"comment_status":"open","ping_status":"open","sticky":false,"template":"","format":"standard","meta":{"content-type":"","footnotes":""},"categories":[1463],"tags":[],"class_list":["post-7429","post","type-post","status-publish","format-standard","has-post-thumbnail","hentry","category-calidad-pe"],"yoast_head":"<!-- This site is optimized with the Yoast SEO plugin v25.9 - https:\/\/yoast.com\/wordpress\/plugins\/seo\/ -->\n<title>Verificaci\u00f3n del c\u00e1lculo de nuestra Huella de Carbono - METRICA<\/title>\n<meta name=\"robots\" content=\"index, follow, max-snippet:-1, max-image-preview:large, max-video-preview:-1\" \/>\n<link rel=\"canonical\" href=\"https:\/\/www.metrica-global.com\/pe\/verificacion-del-calculo-de-nuestra-huella-de-carbono\/\" \/>\n<meta property=\"og:locale\" content=\"es_ES\" \/>\n<meta property=\"og:type\" content=\"article\" \/>\n<meta property=\"og:title\" content=\"Verificaci\u00f3n del c\u00e1lculo de nuestra Huella de Carbono - METRICA\" \/>\n<meta property=\"og:description\" content=\"Desde M\u00e9trica Consulting estamos encantados\/as de poder compartir que hemos conseguido oficialmente la verificaci\u00f3n del c\u00e1lculo de nuestra Huella de Carbono.\" \/>\n<meta property=\"og:url\" content=\"https:\/\/www.metrica-global.com\/pe\/verificacion-del-calculo-de-nuestra-huella-de-carbono\/\" \/>\n<meta property=\"og:site_name\" content=\"METRICA\" \/>\n<meta property=\"article:published_time\" content=\"2023-11-10T09:59:51+00:00\" \/>\n<meta property=\"article:modified_time\" content=\"2025-06-17T11:12:11+00:00\" \/>\n<meta property=\"og:image\" content=\"https:\/\/www.metrica-global.com\/wp-content\/uploads\/2023\/11\/1699605223797.jpg\" \/>\n\t<meta property=\"og:image:width\" content=\"1878\" \/>\n\t<meta property=\"og:image:height\" content=\"917\" \/>\n\t<meta property=\"og:image:type\" content=\"image\/jpeg\" \/>\n<meta name=\"author\" content=\"desarrollo\" \/>\n<meta name=\"twitter:card\" content=\"summary_large_image\" \/>\n<meta name=\"twitter:label1\" content=\"Written by\" \/>\n\t<meta name=\"twitter:data1\" content=\"desarrollo\" \/>\n\t<meta name=\"twitter:label2\" content=\"Est. reading time\" \/>\n\t<meta name=\"twitter:data2\" content=\"3 minutes\" \/>\n<script type=\"application\/ld+json\" class=\"yoast-schema-graph\">{\"@context\":\"https:\/\/schema.org\",\"@graph\":[{\"@type\":\"Article\",\"@id\":\"https:\/\/www.metrica-global.com\/pe\/verificacion-del-calculo-de-nuestra-huella-de-carbono\/#article\",\"isPartOf\":{\"@id\":\"https:\/\/www.metrica-global.com\/pe\/verificacion-del-calculo-de-nuestra-huella-de-carbono\/\"},\"author\":{\"name\":\"desarrollo\",\"@id\":\"https:\/\/www.metrica-global.com\/#\/schema\/person\/78e8e629d9e5908167469b249f6f2cdc\"},\"headline\":\"Verificaci\u00f3n del c\u00e1lculo de nuestra Huella de Carbono\",\"datePublished\":\"2023-11-10T09:59:51+00:00\",\"dateModified\":\"2025-06-17T11:12:11+00:00\",\"mainEntityOfPage\":{\"@id\":\"https:\/\/www.metrica-global.com\/pe\/verificacion-del-calculo-de-nuestra-huella-de-carbono\/\"},\"wordCount\":409,\"commentCount\":0,\"publisher\":{\"@id\":\"https:\/\/www.metrica-global.com\/#organization\"},\"image\":{\"@id\":\"https:\/\/www.metrica-global.com\/pe\/verificacion-del-calculo-de-nuestra-huella-de-carbono\/#primaryimage\"},\"thumbnailUrl\":\"https:\/\/www.metrica-global.com\/wp-content\/uploads\/2023\/11\/1699605223797.jpg\",\"articleSection\":[\"Calidad\"],\"inLanguage\":\"es-PE\",\"potentialAction\":[{\"@type\":\"CommentAction\",\"name\":\"Comment\",\"target\":[\"https:\/\/www.metrica-global.com\/pe\/verificacion-del-calculo-de-nuestra-huella-de-carbono\/#respond\"]}]},{\"@type\":\"WebPage\",\"@id\":\"https:\/\/www.metrica-global.com\/pe\/verificacion-del-calculo-de-nuestra-huella-de-carbono\/\",\"url\":\"https:\/\/www.metrica-global.com\/pe\/verificacion-del-calculo-de-nuestra-huella-de-carbono\/\",\"name\":\"Verificaci\u00f3n del c\u00e1lculo de nuestra Huella de Carbono - METRICA\",\"isPartOf\":{\"@id\":\"https:\/\/www.metrica-global.com\/#website\"},\"primaryImageOfPage\":{\"@id\":\"https:\/\/www.metrica-global.com\/pe\/verificacion-del-calculo-de-nuestra-huella-de-carbono\/#primaryimage\"},\"image\":{\"@id\":\"https:\/\/www.metrica-global.com\/pe\/verificacion-del-calculo-de-nuestra-huella-de-carbono\/#primaryimage\"},\"thumbnailUrl\":\"https:\/\/www.metrica-global.com\/wp-content\/uploads\/2023\/11\/1699605223797.jpg\",\"datePublished\":\"2023-11-10T09:59:51+00:00\",\"dateModified\":\"2025-06-17T11:12:11+00:00\",\"breadcrumb\":{\"@id\":\"https:\/\/www.metrica-global.com\/pe\/verificacion-del-calculo-de-nuestra-huella-de-carbono\/#breadcrumb\"},\"inLanguage\":\"es-PE\",\"potentialAction\":[{\"@type\":\"ReadAction\",\"target\":[\"https:\/\/www.metrica-global.com\/pe\/verificacion-del-calculo-de-nuestra-huella-de-carbono\/\"]}]},{\"@type\":\"ImageObject\",\"inLanguage\":\"es-PE\",\"@id\":\"https:\/\/www.metrica-global.com\/pe\/verificacion-del-calculo-de-nuestra-huella-de-carbono\/#primaryimage\",\"url\":\"https:\/\/www.metrica-global.com\/wp-content\/uploads\/2023\/11\/1699605223797.jpg\",\"contentUrl\":\"https:\/\/www.metrica-global.com\/wp-content\/uploads\/2023\/11\/1699605223797.jpg\",\"width\":1878,\"height\":917,\"caption\":\"1699605223797\"},{\"@type\":\"BreadcrumbList\",\"@id\":\"https:\/\/www.metrica-global.com\/pe\/verificacion-del-calculo-de-nuestra-huella-de-carbono\/#breadcrumb\",\"itemListElement\":[{\"@type\":\"ListItem\",\"position\":1,\"name\":\"Portada\",\"item\":\"https:\/\/www.metrica-global.com\/en\/\"},{\"@type\":\"ListItem\",\"position\":2,\"name\":\"Verificaci\u00f3n del c\u00e1lculo de nuestra Huella de Carbono\"}]},{\"@type\":\"WebSite\",\"@id\":\"https:\/\/www.metrica-global.com\/#website\",\"url\":\"https:\/\/www.metrica-global.com\/\",\"name\":\"METRICA\",\"description\":\"Servicios Globales IT\",\"publisher\":{\"@id\":\"https:\/\/www.metrica-global.com\/#organization\"},\"potentialAction\":[{\"@type\":\"SearchAction\",\"target\":{\"@type\":\"EntryPoint\",\"urlTemplate\":\"https:\/\/www.metrica-global.com\/?s={search_term_string}\"},\"query-input\":{\"@type\":\"PropertyValueSpecification\",\"valueRequired\":true,\"valueName\":\"search_term_string\"}}],\"inLanguage\":\"es-PE\"},{\"@type\":\"Organization\",\"@id\":\"https:\/\/www.metrica-global.com\/#organization\",\"name\":\"METRICA\",\"url\":\"https:\/\/www.metrica-global.com\/\",\"logo\":{\"@type\":\"ImageObject\",\"inLanguage\":\"es-PE\",\"@id\":\"https:\/\/www.metrica-global.com\/#\/schema\/logo\/image\/\",\"url\":\"https:\/\/www.metrica-global.com\/wp-content\/uploads\/2023\/12\/logo-metrica.png\",\"contentUrl\":\"https:\/\/www.metrica-global.com\/wp-content\/uploads\/2023\/12\/logo-metrica.png\",\"width\":332,\"height\":58,\"caption\":\"METRICA\"},\"image\":{\"@id\":\"https:\/\/www.metrica-global.com\/#\/schema\/logo\/image\/\"}},{\"@type\":\"Person\",\"@id\":\"https:\/\/www.metrica-global.com\/#\/schema\/person\/78e8e629d9e5908167469b249f6f2cdc\",\"name\":\"desarrollo\",\"image\":{\"@type\":\"ImageObject\",\"inLanguage\":\"es-PE\",\"@id\":\"https:\/\/www.metrica-global.com\/#\/schema\/person\/image\/\",\"url\":\"https:\/\/secure.gravatar.com\/avatar\/d2653fb8f170e1382a31acc69dcf92e99545e6329805eb11d8a34443b058f3de?s=96&d=mm&r=g\",\"contentUrl\":\"https:\/\/secure.gravatar.com\/avatar\/d2653fb8f170e1382a31acc69dcf92e99545e6329805eb11d8a34443b058f3de?s=96&d=mm&r=g\",\"caption\":\"desarrollo\"},\"url\":\"https:\/\/www.metrica-global.com\/pe\/author\/desarrollo\/\"}]}<\/script>\n<!-- \/ Yoast SEO plugin. -->","yoast_head_json":{"title":"Verificaci\u00f3n del c\u00e1lculo de nuestra Huella de Carbono - METRICA","robots":{"index":"index","follow":"follow","max-snippet":"max-snippet:-1","max-image-preview":"max-image-preview:large","max-video-preview":"max-video-preview:-1"},"canonical":"https:\/\/www.metrica-global.com\/pe\/verificacion-del-calculo-de-nuestra-huella-de-carbono\/","og_locale":"es_ES","og_type":"article","og_title":"Verificaci\u00f3n del c\u00e1lculo de nuestra Huella de Carbono - METRICA","og_description":"Desde M\u00e9trica Consulting estamos encantados\/as de poder compartir que hemos conseguido oficialmente la verificaci\u00f3n del c\u00e1lculo de nuestra Huella de Carbono.","og_url":"https:\/\/www.metrica-global.com\/pe\/verificacion-del-calculo-de-nuestra-huella-de-carbono\/","og_site_name":"METRICA","article_published_time":"2023-11-10T09:59:51+00:00","article_modified_time":"2025-06-17T11:12:11+00:00","og_image":[{"width":1878,"height":917,"url":"https:\/\/www.metrica-global.com\/wp-content\/uploads\/2023\/11\/1699605223797.jpg","type":"image\/jpeg"}],"author":"desarrollo","twitter_card":"summary_large_image","twitter_misc":{"Written by":"desarrollo","Est. reading time":"3 minutes"},"schema":{"@context":"https:\/\/schema.org","@graph":[{"@type":"Article","@id":"https:\/\/www.metrica-global.com\/pe\/verificacion-del-calculo-de-nuestra-huella-de-carbono\/#article","isPartOf":{"@id":"https:\/\/www.metrica-global.com\/pe\/verificacion-del-calculo-de-nuestra-huella-de-carbono\/"},"author":{"name":"desarrollo","@id":"https:\/\/www.metrica-global.com\/#\/schema\/person\/78e8e629d9e5908167469b249f6f2cdc"},"headline":"Verificaci\u00f3n del c\u00e1lculo de nuestra Huella de Carbono","datePublished":"2023-11-10T09:59:51+00:00","dateModified":"2025-06-17T11:12:11+00:00","mainEntityOfPage":{"@id":"https:\/\/www.metrica-global.com\/pe\/verificacion-del-calculo-de-nuestra-huella-de-carbono\/"},"wordCount":409,"commentCount":0,"publisher":{"@id":"https:\/\/www.metrica-global.com\/#organization"},"image":{"@id":"https:\/\/www.metrica-global.com\/pe\/verificacion-del-calculo-de-nuestra-huella-de-carbono\/#primaryimage"},"thumbnailUrl":"https:\/\/www.metrica-global.com\/wp-content\/uploads\/2023\/11\/1699605223797.jpg","articleSection":["Calidad"],"inLanguage":"es-PE","potentialAction":[{"@type":"CommentAction","name":"Comment","target":["https:\/\/www.metrica-global.com\/pe\/verificacion-del-calculo-de-nuestra-huella-de-carbono\/#respond"]}]},{"@type":"WebPage","@id":"https:\/\/www.metrica-global.com\/pe\/verificacion-del-calculo-de-nuestra-huella-de-carbono\/","url":"https:\/\/www.metrica-global.com\/pe\/verificacion-del-calculo-de-nuestra-huella-de-carbono\/","name":"Verificaci\u00f3n del c\u00e1lculo de nuestra Huella de Carbono - METRICA","isPartOf":{"@id":"https:\/\/www.metrica-global.com\/#website"},"primaryImageOfPage":{"@id":"https:\/\/www.metrica-global.com\/pe\/verificacion-del-calculo-de-nuestra-huella-de-carbono\/#primaryimage"},"image":{"@id":"https:\/\/www.metrica-global.com\/pe\/verificacion-del-calculo-de-nuestra-huella-de-carbono\/#primaryimage"},"thumbnailUrl":"https:\/\/www.metrica-global.com\/wp-content\/uploads\/2023\/11\/1699605223797.jpg","datePublished":"2023-11-10T09:59:51+00:00","dateModified":"2025-06-17T11:12:11+00:00","breadcrumb":{"@id":"https:\/\/www.metrica-global.com\/pe\/verificacion-del-calculo-de-nuestra-huella-de-carbono\/#breadcrumb"},"inLanguage":"es-PE","potentialAction":[{"@type":"ReadAction","target":["https:\/\/www.metrica-global.com\/pe\/verificacion-del-calculo-de-nuestra-huella-de-carbono\/"]}]},{"@type":"ImageObject","inLanguage":"es-PE","@id":"https:\/\/www.metrica-global.com\/pe\/verificacion-del-calculo-de-nuestra-huella-de-carbono\/#primaryimage","url":"https:\/\/www.metrica-global.com\/wp-content\/uploads\/2023\/11\/1699605223797.jpg","contentUrl":"https:\/\/www.metrica-global.com\/wp-content\/uploads\/2023\/11\/1699605223797.jpg","width":1878,"height":917,"caption":"1699605223797"},{"@type":"BreadcrumbList","@id":"https:\/\/www.metrica-global.com\/pe\/verificacion-del-calculo-de-nuestra-huella-de-carbono\/#breadcrumb","itemListElement":[{"@type":"ListItem","position":1,"name":"Portada","item":"https:\/\/www.metrica-global.com\/en\/"},{"@type":"ListItem","position":2,"name":"Verificaci\u00f3n del c\u00e1lculo de nuestra Huella de Carbono"}]},{"@type":"WebSite","@id":"https:\/\/www.metrica-global.com\/#website","url":"https:\/\/www.metrica-global.com\/","name":"METRICA","description":"Servicios Globales IT","publisher":{"@id":"https:\/\/www.metrica-global.com\/#organization"},"potentialAction":[{"@type":"SearchAction","target":{"@type":"EntryPoint","urlTemplate":"https:\/\/www.metrica-global.com\/?s={search_term_string}"},"query-input":{"@type":"PropertyValueSpecification","valueRequired":true,"valueName":"search_term_string"}}],"inLanguage":"es-PE"},{"@type":"Organization","@id":"https:\/\/www.metrica-global.com\/#organization","name":"METRICA","url":"https:\/\/www.metrica-global.com\/","logo":{"@type":"ImageObject","inLanguage":"es-PE","@id":"https:\/\/www.metrica-global.com\/#\/schema\/logo\/image\/","url":"https:\/\/www.metrica-global.com\/wp-content\/uploads\/2023\/12\/logo-metrica.png","contentUrl":"https:\/\/www.metrica-global.com\/wp-content\/uploads\/2023\/12\/logo-metrica.png","width":332,"height":58,"caption":"METRICA"},"image":{"@id":"https:\/\/www.metrica-global.com\/#\/schema\/logo\/image\/"}},{"@type":"Person","@id":"https:\/\/www.metrica-global.com\/#\/schema\/person\/78e8e629d9e5908167469b249f6f2cdc","name":"desarrollo","image":{"@type":"ImageObject","inLanguage":"es-PE","@id":"https:\/\/www.metrica-global.com\/#\/schema\/person\/image\/","url":"https:\/\/secure.gravatar.com\/avatar\/d2653fb8f170e1382a31acc69dcf92e99545e6329805eb11d8a34443b058f3de?s=96&d=mm&r=g","contentUrl":"https:\/\/secure.gravatar.com\/avatar\/d2653fb8f170e1382a31acc69dcf92e99545e6329805eb11d8a34443b058f3de?s=96&d=mm&r=g","caption":"desarrollo"},"url":"https:\/\/www.metrica-global.com\/pe\/author\/desarrollo\/"}]}},"_links":{"self":[{"href":"https:\/\/www.metrica-global.com\/pe\/wp-json\/wp\/v2\/posts\/7429","targetHints":{"allow":["GET"]}}],"collection":[{"href":"https:\/\/www.metrica-global.com\/pe\/wp-json\/wp\/v2\/posts"}],"about":[{"href":"https:\/\/www.metrica-global.com\/pe\/wp-json\/wp\/v2\/types\/post"}],"author":[{"embeddable":true,"href":"https:\/\/www.metrica-global.com\/pe\/wp-json\/wp\/v2\/users\/1"}],"replies":[{"embeddable":true,"href":"https:\/\/www.metrica-global.com\/pe\/wp-json\/wp\/v2\/comments?post=7429"}],"version-history":[{"count":1,"href":"https:\/\/www.metrica-global.com\/pe\/wp-json\/wp\/v2\/posts\/7429\/revisions"}],"predecessor-version":[{"id":8001,"href":"https:\/\/www.metrica-global.com\/pe\/wp-json\/wp\/v2\/posts\/7429\/revisions\/8001"}],"wp:featuredmedia":[{"embeddable":true,"href":"https:\/\/www.metrica-global.com\/pe\/wp-json\/wp\/v2\/media\/7430"}],"wp:attachment":[{"href":"https:\/\/www.metrica-global.com\/pe\/wp-json\/wp\/v2\/media?parent=7429"}],"wp:term":[{"taxonomy":"category","embeddable":true,"href":"https:\/\/www.metrica-global.com\/pe\/wp-json\/wp\/v2\/categories?post=7429"},{"taxonomy":"post_tag","embeddable":true,"href":"https:\/\/www.metrica-global.com\/pe\/wp-json\/wp\/v2\/tags?post=7429"}],"curies":[{"name":"wp","href":"https:\/\/api.w.org\/{rel}","templated":true}]}}