{"id":7483,"date":"2025-02-13T16:37:45","date_gmt":"2025-02-13T15:37:45","guid":{"rendered":"https:\/\/www.metrica-global.com\/impulsando-el-talento-tecnologico-con-metricalab\/"},"modified":"2025-06-17T11:14:59","modified_gmt":"2025-06-17T11:14:59","slug":"impulsando-el-talento-tecnologico-con-metricalab","status":"publish","type":"post","link":"https:\/\/www.metrica-global.com\/pe\/impulsando-el-talento-tecnologico-con-metricalab\/","title":{"rendered":"Impulsando el talento tecnol\u00f3gico con METRICALab"},"content":{"rendered":"\r\n<p>En un mercado tecnol\u00f3gico altamente competitivo, contar con formaci\u00f3n pr\u00e1ctica y experiencia real marca la diferencia. <strong>METRICALab<\/strong>, el programa de pr\u00e1cticas de METRICA, ha sido dise\u00f1ado para <strong>formar a reci\u00e9n graduados en programaci\u00f3n, ingenier\u00eda inform\u00e1tica y otras \u00e1reas tecnol\u00f3gicas<\/strong>, brind\u00e1ndoles las herramientas necesarias para integrarse en el mundo laboral con \u00e9xito.<\/p>\r\n\r\n\r\n\r\n<h2 class=\"wp-block-heading\"><strong>\u00bfQu\u00e9 ofrece METRICALab?<\/strong><\/h2>\r\n\r\n\r\n\r\n<p>Este programa va m\u00e1s all\u00e1 de la teor\u00eda y sumerge a los participantes en un <strong>entorno real de desarrollo tecnol\u00f3gico<\/strong>. A lo largo de su formaci\u00f3n, los alumnos trabajan con tecnolog\u00edas clave como:<\/p>\r\n\r\n\r\n\r\n<p>\u2705 <strong>Java y Spring Boot<\/strong>: desarrollo backend con frameworks altamente demandados.<br \/>\u2705 <strong>Programaci\u00f3n funcional y patrones de dise\u00f1o<\/strong>: claves para escribir c\u00f3digo eficiente y escalable.<br \/>\u2705 <strong>Casos y problemas reales<\/strong>: entrenamiento en situaciones laborales aut\u00e9nticas para una mejor adaptaci\u00f3n.<\/p>\r\n\r\n\r\n\r\n<p>Gracias a este enfoque pr\u00e1ctico, <strong>los participantes de METRICALab no solo adquieren habilidades t\u00e9cnicas de alto nivel, sino que tambi\u00e9n desarrollan competencias profesionales esenciales<\/strong>, como la capacidad de trabajo en equipo y la resoluci\u00f3n de problemas en entornos din\u00e1micos.<\/p>\r\n\r\n\r\n\r\n<h2 class=\"wp-block-heading\"><strong>Historias de \u00e9xito en METRICA<\/strong><\/h2>\r\n\r\n\r\n\r\n<div class=\"wp-block-media-text has-media-on-the-right is-stacked-on-mobile\" style=\"grid-template-columns: auto 32%;\">\r\n<div class=\"wp-block-media-text__content\">\r\n<p>Muchos de los alumnos que han pasado por METRICALab hoy forman parte de proyectos clave dentro de METRICA. Algunos de ellos han compartido su experiencia recientemente en nuestras redes sociales:<\/p>\r\n\r\n\r\n\r\n<p>\ud83d\udd39 <strong>Miguel Rodr\u00edguez<\/strong>: \u201cEn METRICALab afianc\u00e9 mis conocimientos en Java, Spring Boot, programaci\u00f3n funcional y patrones de dise\u00f1o, facilitando mi integraci\u00f3n al proyecto.\u201d<br \/>\ud83d\udd39 <strong>Wu Xiaojian<\/strong>: \u201cM\u00e1s all\u00e1 de lo t\u00e9cnico, enfrentar situaciones reales me permiti\u00f3 crecer tanto profesional como personalmente.\u201d<br \/>\ud83d\udd39 <strong>Marino Burillo<\/strong>: \u201cAdquir\u00ed un conocimiento mucho m\u00e1s profundo tanto de Java como de Spring Boot, aprendiendo a generar c\u00f3digo limpio y de alta escalabilidad.\u201d<\/p>\r\n\r\n\r\n\r\n<h2 class=\"wp-block-heading\"><strong>\u00bfQuieres impulsar tu carrera en tecnolog\u00eda?<\/strong><\/h2>\r\n\r\n\r\n\r\n<p>Si eres reci\u00e9n graduado y buscas una oportunidad para <strong>formarte en las tecnolog\u00edas m\u00e1s demandadas<\/strong> y acceder a un puesto de trabajo en el sector, <strong>METRICALab es para ti<\/strong>.<\/p>\r\n\r\n\r\n\r\n<p>\ud83d\udd17 <strong>Sigue nuestras redes sociales<\/strong> para conocer m\u00e1s historias de \u00e9xito y estar al tanto de nuestras pr\u00f3ximas convocatorias. \u00a1Tu futuro en tecnolog\u00eda comienza aqu\u00ed!<\/p>\r\n<\/div>\r\n<figure class=\"wp-block-media-text__media\"><img fetchpriority=\"high\" decoding=\"async\" width=\"750\" height=\"938\" class=\"wp-image-1655 size-full\" src=\"https:\/\/www.metrica-global.com\/wp-content\/uploads\/2025\/02\/CARRUSEL-EXALUMNOS-1.jpg\" alt=\"\" srcset=\"https:\/\/www.metrica-global.com\/wp-content\/uploads\/2025\/02\/CARRUSEL-EXALUMNOS-1.jpg 750w, https:\/\/www.metrica-global.com\/wp-content\/uploads\/2025\/02\/CARRUSEL-EXALUMNOS-1-240x300.jpg 240w\" sizes=\"(max-width: 750px) 100vw, 750px\" \/><\/figure>\r\n<\/div>\r\n\r\n\r\n\r\n<p>&nbsp;<\/p>\r\n","protected":false},"excerpt":{"rendered":"<p>METRICALab ha sido dise\u00f1ado para formar a reci\u00e9n graduados, brind\u00e1ndoles las herramientas necesarias para integrarse en el mundo laboral con \u00e9xito.<\/p>\n","protected":false},"author":1,"featured_media":7485,"comment_status":"open","ping_status":"open","sticky":false,"template":"","format":"standard","meta":{"content-type":"","footnotes":""},"categories":[1794],"tags":[1213,1795,1215,1796,1219,1797,1798,1262,1162,1799,1221],"class_list":["post-7483","post","type-post","status-publish","format-standard","has-post-thumbnail","hentry","category-metricalab-pe","tag-ambito-tecnologico-pe","tag-casos-de-exito-pe","tag-formacion-pe","tag-java-pe","tag-nuevos-talentos-it-pe","tag-practicas-it-pe","tag-practicas-profesionales-pe","tag-programacion-pe","tag-sector-it-pe","tag-springboot-pe","tag-tecnologia-pe"],"yoast_head":"<!-- This site is optimized with the Yoast SEO plugin v25.9 - https:\/\/yoast.com\/wordpress\/plugins\/seo\/ -->\n<title>Impulsando el talento tecnol\u00f3gico con METRICALab - METRICA<\/title>\n<meta name=\"robots\" content=\"index, follow, max-snippet:-1, max-image-preview:large, max-video-preview:-1\" \/>\n<link rel=\"canonical\" href=\"https:\/\/www.metrica-global.com\/pe\/impulsando-el-talento-tecnologico-con-metricalab\/\" \/>\n<meta property=\"og:locale\" content=\"es_ES\" \/>\n<meta property=\"og:type\" content=\"article\" \/>\n<meta property=\"og:title\" content=\"Impulsando el talento tecnol\u00f3gico con METRICALab - METRICA\" \/>\n<meta property=\"og:description\" content=\"METRICALab ha sido dise\u00f1ado para formar a reci\u00e9n graduados, brind\u00e1ndoles las herramientas necesarias para integrarse en el mundo laboral con \u00e9xito.\" \/>\n<meta property=\"og:url\" content=\"https:\/\/www.metrica-global.com\/pe\/impulsando-el-talento-tecnologico-con-metricalab\/\" \/>\n<meta property=\"og:site_name\" content=\"METRICA\" \/>\n<meta property=\"article:published_time\" content=\"2025-02-13T15:37:45+00:00\" \/>\n<meta property=\"article:modified_time\" content=\"2025-06-17T11:14:59+00:00\" \/>\n<meta property=\"og:image\" content=\"https:\/\/www.metrica-global.com\/wp-content\/uploads\/2025\/02\/banner-exalumnos-scaled-1.jpg\" \/>\n\t<meta property=\"og:image:width\" content=\"2560\" \/>\n\t<meta property=\"og:image:height\" content=\"1280\" \/>\n\t<meta property=\"og:image:type\" content=\"image\/jpeg\" \/>\n<meta name=\"author\" content=\"desarrollo\" \/>\n<meta name=\"twitter:card\" content=\"summary_large_image\" \/>\n<meta name=\"twitter:label1\" content=\"Written by\" \/>\n\t<meta name=\"twitter:data1\" content=\"desarrollo\" \/>\n\t<meta name=\"twitter:label2\" content=\"Est. reading time\" \/>\n\t<meta name=\"twitter:data2\" content=\"2 minutes\" \/>\n<script type=\"application\/ld+json\" class=\"yoast-schema-graph\">{\"@context\":\"https:\/\/schema.org\",\"@graph\":[{\"@type\":\"Article\",\"@id\":\"https:\/\/www.metrica-global.com\/pe\/impulsando-el-talento-tecnologico-con-metricalab\/#article\",\"isPartOf\":{\"@id\":\"https:\/\/www.metrica-global.com\/pe\/impulsando-el-talento-tecnologico-con-metricalab\/\"},\"author\":{\"name\":\"desarrollo\",\"@id\":\"https:\/\/www.metrica-global.com\/#\/schema\/person\/78e8e629d9e5908167469b249f6f2cdc\"},\"headline\":\"Impulsando el talento tecnol\u00f3gico con METRICALab\",\"datePublished\":\"2025-02-13T15:37:45+00:00\",\"dateModified\":\"2025-06-17T11:14:59+00:00\",\"mainEntityOfPage\":{\"@id\":\"https:\/\/www.metrica-global.com\/pe\/impulsando-el-talento-tecnologico-con-metricalab\/\"},\"wordCount\":368,\"commentCount\":0,\"publisher\":{\"@id\":\"https:\/\/www.metrica-global.com\/#organization\"},\"image\":{\"@id\":\"https:\/\/www.metrica-global.com\/pe\/impulsando-el-talento-tecnologico-con-metricalab\/#primaryimage\"},\"thumbnailUrl\":\"https:\/\/www.metrica-global.com\/wp-content\/uploads\/2025\/02\/banner-exalumnos-scaled-1.jpg\",\"keywords\":[\"\u00c1mbito Tecnol\u00f3gico\",\"Casos de \u00e9xito\",\"Formaci\u00f3n\",\"JAVA\",\"Nuevos Talentos IT\",\"Pr\u00e1cticas IT\",\"Pr\u00e1cticas Profesionales\",\"Programaci\u00f3n\",\"Sector IT\",\"SpringBoot\",\"Tecnolog\u00eda\"],\"articleSection\":[\"MetricaLab\"],\"inLanguage\":\"es-PE\",\"potentialAction\":[{\"@type\":\"CommentAction\",\"name\":\"Comment\",\"target\":[\"https:\/\/www.metrica-global.com\/pe\/impulsando-el-talento-tecnologico-con-metricalab\/#respond\"]}]},{\"@type\":\"WebPage\",\"@id\":\"https:\/\/www.metrica-global.com\/pe\/impulsando-el-talento-tecnologico-con-metricalab\/\",\"url\":\"https:\/\/www.metrica-global.com\/pe\/impulsando-el-talento-tecnologico-con-metricalab\/\",\"name\":\"Impulsando el talento tecnol\u00f3gico con METRICALab - METRICA\",\"isPartOf\":{\"@id\":\"https:\/\/www.metrica-global.com\/#website\"},\"primaryImageOfPage\":{\"@id\":\"https:\/\/www.metrica-global.com\/pe\/impulsando-el-talento-tecnologico-con-metricalab\/#primaryimage\"},\"image\":{\"@id\":\"https:\/\/www.metrica-global.com\/pe\/impulsando-el-talento-tecnologico-con-metricalab\/#primaryimage\"},\"thumbnailUrl\":\"https:\/\/www.metrica-global.com\/wp-content\/uploads\/2025\/02\/banner-exalumnos-scaled-1.jpg\",\"datePublished\":\"2025-02-13T15:37:45+00:00\",\"dateModified\":\"2025-06-17T11:14:59+00:00\",\"breadcrumb\":{\"@id\":\"https:\/\/www.metrica-global.com\/pe\/impulsando-el-talento-tecnologico-con-metricalab\/#breadcrumb\"},\"inLanguage\":\"es-PE\",\"potentialAction\":[{\"@type\":\"ReadAction\",\"target\":[\"https:\/\/www.metrica-global.com\/pe\/impulsando-el-talento-tecnologico-con-metricalab\/\"]}]},{\"@type\":\"ImageObject\",\"inLanguage\":\"es-PE\",\"@id\":\"https:\/\/www.metrica-global.com\/pe\/impulsando-el-talento-tecnologico-con-metricalab\/#primaryimage\",\"url\":\"https:\/\/www.metrica-global.com\/wp-content\/uploads\/2025\/02\/banner-exalumnos-scaled-1.jpg\",\"contentUrl\":\"https:\/\/www.metrica-global.com\/wp-content\/uploads\/2025\/02\/banner-exalumnos-scaled-1.jpg\",\"width\":2560,\"height\":1280,\"caption\":\"banner exalumnos scaled 1\"},{\"@type\":\"BreadcrumbList\",\"@id\":\"https:\/\/www.metrica-global.com\/pe\/impulsando-el-talento-tecnologico-con-metricalab\/#breadcrumb\",\"itemListElement\":[{\"@type\":\"ListItem\",\"position\":1,\"name\":\"Portada\",\"item\":\"https:\/\/www.metrica-global.com\/en\/\"},{\"@type\":\"ListItem\",\"position\":2,\"name\":\"Impulsando el talento tecnol\u00f3gico con METRICALab\"}]},{\"@type\":\"WebSite\",\"@id\":\"https:\/\/www.metrica-global.com\/#website\",\"url\":\"https:\/\/www.metrica-global.com\/\",\"name\":\"METRICA\",\"description\":\"Servicios Globales IT\",\"publisher\":{\"@id\":\"https:\/\/www.metrica-global.com\/#organization\"},\"potentialAction\":[{\"@type\":\"SearchAction\",\"target\":{\"@type\":\"EntryPoint\",\"urlTemplate\":\"https:\/\/www.metrica-global.com\/?s={search_term_string}\"},\"query-input\":{\"@type\":\"PropertyValueSpecification\",\"valueRequired\":true,\"valueName\":\"search_term_string\"}}],\"inLanguage\":\"es-PE\"},{\"@type\":\"Organization\",\"@id\":\"https:\/\/www.metrica-global.com\/#organization\",\"name\":\"METRICA\",\"url\":\"https:\/\/www.metrica-global.com\/\",\"logo\":{\"@type\":\"ImageObject\",\"inLanguage\":\"es-PE\",\"@id\":\"https:\/\/www.metrica-global.com\/#\/schema\/logo\/image\/\",\"url\":\"https:\/\/www.metrica-global.com\/wp-content\/uploads\/2023\/12\/logo-metrica.png\",\"contentUrl\":\"https:\/\/www.metrica-global.com\/wp-content\/uploads\/2023\/12\/logo-metrica.png\",\"width\":332,\"height\":58,\"caption\":\"METRICA\"},\"image\":{\"@id\":\"https:\/\/www.metrica-global.com\/#\/schema\/logo\/image\/\"}},{\"@type\":\"Person\",\"@id\":\"https:\/\/www.metrica-global.com\/#\/schema\/person\/78e8e629d9e5908167469b249f6f2cdc\",\"name\":\"desarrollo\",\"image\":{\"@type\":\"ImageObject\",\"inLanguage\":\"es-PE\",\"@id\":\"https:\/\/www.metrica-global.com\/#\/schema\/person\/image\/\",\"url\":\"https:\/\/secure.gravatar.com\/avatar\/d2653fb8f170e1382a31acc69dcf92e99545e6329805eb11d8a34443b058f3de?s=96&d=mm&r=g\",\"contentUrl\":\"https:\/\/secure.gravatar.com\/avatar\/d2653fb8f170e1382a31acc69dcf92e99545e6329805eb11d8a34443b058f3de?s=96&d=mm&r=g\",\"caption\":\"desarrollo\"},\"url\":\"https:\/\/www.metrica-global.com\/pe\/author\/desarrollo\/\"}]}<\/script>\n<!-- \/ Yoast SEO plugin. -->","yoast_head_json":{"title":"Impulsando el talento tecnol\u00f3gico con METRICALab - METRICA","robots":{"index":"index","follow":"follow","max-snippet":"max-snippet:-1","max-image-preview":"max-image-preview:large","max-video-preview":"max-video-preview:-1"},"canonical":"https:\/\/www.metrica-global.com\/pe\/impulsando-el-talento-tecnologico-con-metricalab\/","og_locale":"es_ES","og_type":"article","og_title":"Impulsando el talento tecnol\u00f3gico con METRICALab - METRICA","og_description":"METRICALab ha sido dise\u00f1ado para formar a reci\u00e9n graduados, brind\u00e1ndoles las herramientas necesarias para integrarse en el mundo laboral con \u00e9xito.","og_url":"https:\/\/www.metrica-global.com\/pe\/impulsando-el-talento-tecnologico-con-metricalab\/","og_site_name":"METRICA","article_published_time":"2025-02-13T15:37:45+00:00","article_modified_time":"2025-06-17T11:14:59+00:00","og_image":[{"width":2560,"height":1280,"url":"https:\/\/www.metrica-global.com\/wp-content\/uploads\/2025\/02\/banner-exalumnos-scaled-1.jpg","type":"image\/jpeg"}],"author":"desarrollo","twitter_card":"summary_large_image","twitter_misc":{"Written by":"desarrollo","Est. reading time":"2 minutes"},"schema":{"@context":"https:\/\/schema.org","@graph":[{"@type":"Article","@id":"https:\/\/www.metrica-global.com\/pe\/impulsando-el-talento-tecnologico-con-metricalab\/#article","isPartOf":{"@id":"https:\/\/www.metrica-global.com\/pe\/impulsando-el-talento-tecnologico-con-metricalab\/"},"author":{"name":"desarrollo","@id":"https:\/\/www.metrica-global.com\/#\/schema\/person\/78e8e629d9e5908167469b249f6f2cdc"},"headline":"Impulsando el talento tecnol\u00f3gico con METRICALab","datePublished":"2025-02-13T15:37:45+00:00","dateModified":"2025-06-17T11:14:59+00:00","mainEntityOfPage":{"@id":"https:\/\/www.metrica-global.com\/pe\/impulsando-el-talento-tecnologico-con-metricalab\/"},"wordCount":368,"commentCount":0,"publisher":{"@id":"https:\/\/www.metrica-global.com\/#organization"},"image":{"@id":"https:\/\/www.metrica-global.com\/pe\/impulsando-el-talento-tecnologico-con-metricalab\/#primaryimage"},"thumbnailUrl":"https:\/\/www.metrica-global.com\/wp-content\/uploads\/2025\/02\/banner-exalumnos-scaled-1.jpg","keywords":["\u00c1mbito Tecnol\u00f3gico","Casos de \u00e9xito","Formaci\u00f3n","JAVA","Nuevos Talentos IT","Pr\u00e1cticas IT","Pr\u00e1cticas Profesionales","Programaci\u00f3n","Sector IT","SpringBoot","Tecnolog\u00eda"],"articleSection":["MetricaLab"],"inLanguage":"es-PE","potentialAction":[{"@type":"CommentAction","name":"Comment","target":["https:\/\/www.metrica-global.com\/pe\/impulsando-el-talento-tecnologico-con-metricalab\/#respond"]}]},{"@type":"WebPage","@id":"https:\/\/www.metrica-global.com\/pe\/impulsando-el-talento-tecnologico-con-metricalab\/","url":"https:\/\/www.metrica-global.com\/pe\/impulsando-el-talento-tecnologico-con-metricalab\/","name":"Impulsando el talento tecnol\u00f3gico con METRICALab - METRICA","isPartOf":{"@id":"https:\/\/www.metrica-global.com\/#website"},"primaryImageOfPage":{"@id":"https:\/\/www.metrica-global.com\/pe\/impulsando-el-talento-tecnologico-con-metricalab\/#primaryimage"},"image":{"@id":"https:\/\/www.metrica-global.com\/pe\/impulsando-el-talento-tecnologico-con-metricalab\/#primaryimage"},"thumbnailUrl":"https:\/\/www.metrica-global.com\/wp-content\/uploads\/2025\/02\/banner-exalumnos-scaled-1.jpg","datePublished":"2025-02-13T15:37:45+00:00","dateModified":"2025-06-17T11:14:59+00:00","breadcrumb":{"@id":"https:\/\/www.metrica-global.com\/pe\/impulsando-el-talento-tecnologico-con-metricalab\/#breadcrumb"},"inLanguage":"es-PE","potentialAction":[{"@type":"ReadAction","target":["https:\/\/www.metrica-global.com\/pe\/impulsando-el-talento-tecnologico-con-metricalab\/"]}]},{"@type":"ImageObject","inLanguage":"es-PE","@id":"https:\/\/www.metrica-global.com\/pe\/impulsando-el-talento-tecnologico-con-metricalab\/#primaryimage","url":"https:\/\/www.metrica-global.com\/wp-content\/uploads\/2025\/02\/banner-exalumnos-scaled-1.jpg","contentUrl":"https:\/\/www.metrica-global.com\/wp-content\/uploads\/2025\/02\/banner-exalumnos-scaled-1.jpg","width":2560,"height":1280,"caption":"banner exalumnos scaled 1"},{"@type":"BreadcrumbList","@id":"https:\/\/www.metrica-global.com\/pe\/impulsando-el-talento-tecnologico-con-metricalab\/#breadcrumb","itemListElement":[{"@type":"ListItem","position":1,"name":"Portada","item":"https:\/\/www.metrica-global.com\/en\/"},{"@type":"ListItem","position":2,"name":"Impulsando el talento tecnol\u00f3gico con METRICALab"}]},{"@type":"WebSite","@id":"https:\/\/www.metrica-global.com\/#website","url":"https:\/\/www.metrica-global.com\/","name":"METRICA","description":"Servicios Globales IT","publisher":{"@id":"https:\/\/www.metrica-global.com\/#organization"},"potentialAction":[{"@type":"SearchAction","target":{"@type":"EntryPoint","urlTemplate":"https:\/\/www.metrica-global.com\/?s={search_term_string}"},"query-input":{"@type":"PropertyValueSpecification","valueRequired":true,"valueName":"search_term_string"}}],"inLanguage":"es-PE"},{"@type":"Organization","@id":"https:\/\/www.metrica-global.com\/#organization","name":"METRICA","url":"https:\/\/www.metrica-global.com\/","logo":{"@type":"ImageObject","inLanguage":"es-PE","@id":"https:\/\/www.metrica-global.com\/#\/schema\/logo\/image\/","url":"https:\/\/www.metrica-global.com\/wp-content\/uploads\/2023\/12\/logo-metrica.png","contentUrl":"https:\/\/www.metrica-global.com\/wp-content\/uploads\/2023\/12\/logo-metrica.png","width":332,"height":58,"caption":"METRICA"},"image":{"@id":"https:\/\/www.metrica-global.com\/#\/schema\/logo\/image\/"}},{"@type":"Person","@id":"https:\/\/www.metrica-global.com\/#\/schema\/person\/78e8e629d9e5908167469b249f6f2cdc","name":"desarrollo","image":{"@type":"ImageObject","inLanguage":"es-PE","@id":"https:\/\/www.metrica-global.com\/#\/schema\/person\/image\/","url":"https:\/\/secure.gravatar.com\/avatar\/d2653fb8f170e1382a31acc69dcf92e99545e6329805eb11d8a34443b058f3de?s=96&d=mm&r=g","contentUrl":"https:\/\/secure.gravatar.com\/avatar\/d2653fb8f170e1382a31acc69dcf92e99545e6329805eb11d8a34443b058f3de?s=96&d=mm&r=g","caption":"desarrollo"},"url":"https:\/\/www.metrica-global.com\/pe\/author\/desarrollo\/"}]}},"_links":{"self":[{"href":"https:\/\/www.metrica-global.com\/pe\/wp-json\/wp\/v2\/posts\/7483","targetHints":{"allow":["GET"]}}],"collection":[{"href":"https:\/\/www.metrica-global.com\/pe\/wp-json\/wp\/v2\/posts"}],"about":[{"href":"https:\/\/www.metrica-global.com\/pe\/wp-json\/wp\/v2\/types\/post"}],"author":[{"embeddable":true,"href":"https:\/\/www.metrica-global.com\/pe\/wp-json\/wp\/v2\/users\/1"}],"replies":[{"embeddable":true,"href":"https:\/\/www.metrica-global.com\/pe\/wp-json\/wp\/v2\/comments?post=7483"}],"version-history":[{"count":1,"href":"https:\/\/www.metrica-global.com\/pe\/wp-json\/wp\/v2\/posts\/7483\/revisions"}],"predecessor-version":[{"id":8005,"href":"https:\/\/www.metrica-global.com\/pe\/wp-json\/wp\/v2\/posts\/7483\/revisions\/8005"}],"wp:featuredmedia":[{"embeddable":true,"href":"https:\/\/www.metrica-global.com\/pe\/wp-json\/wp\/v2\/media\/7485"}],"wp:attachment":[{"href":"https:\/\/www.metrica-global.com\/pe\/wp-json\/wp\/v2\/media?parent=7483"}],"wp:term":[{"taxonomy":"category","embeddable":true,"href":"https:\/\/www.metrica-global.com\/pe\/wp-json\/wp\/v2\/categories?post=7483"},{"taxonomy":"post_tag","embeddable":true,"href":"https:\/\/www.metrica-global.com\/pe\/wp-json\/wp\/v2\/tags?post=7483"}],"curies":[{"name":"wp","href":"https:\/\/api.w.org\/{rel}","templated":true}]}}