{"id":7500,"date":"2024-06-13T13:33:04","date_gmt":"2024-06-13T11:33:04","guid":{"rendered":"https:\/\/www.metrica-global.com\/metricalab-culmina-un-ciclo-de-practicas-exitoso\/"},"modified":"2025-06-17T11:15:04","modified_gmt":"2025-06-17T11:15:04","slug":"metricalab-culmina-un-ciclo-de-practicas-exitoso","status":"publish","type":"post","link":"https:\/\/www.metrica-global.com\/pe\/metricalab-culmina-un-ciclo-de-practicas-exitoso\/","title":{"rendered":"MetricaLab: Culmina un Ciclo de Pr\u00e1cticas Exitoso"},"content":{"rendered":"\r\n<p>En MetricaLab, celebramos el cierre de un ciclo de pr\u00e1cticas que ha marcado un hito en la formaci\u00f3n y desarrollo de futuros profesionales. Despu\u00e9s de tres meses de intenso trabajo, nos despedimos de un grupo excepcional de practicantes que han demostrado un alto compromiso y un excelente nivel desde el principio hasta el final.<\/p>\r\n\r\n\r\n\r\n<h3 class=\"wp-block-heading\">Desarrollo y Perfeccionamiento de Habilidades<\/h3>\r\n\r\n\r\n\r\n<div class=\"wp-block-media-text has-media-on-the-right is-stacked-on-mobile\" style=\"grid-template-columns: auto 36%;\">\r\n<div class=\"wp-block-media-text__content\">\r\n<p>Durante esta etapa, nuestros practicantes han tenido la oportunidad de perfeccionar sus conocimientos en programaci\u00f3n, enfrent\u00e1ndose a desaf\u00edos de car\u00e1cter totalmente pr\u00e1ctico. Han trabajado con metodolog\u00edas reales, lo que les ha permitido obtener una experiencia valiosa y aplicable en el mundo laboral. Este enfoque pr\u00e1ctico no solo ha fortalecido sus habilidades t\u00e9cnicas, sino que tambi\u00e9n ha potenciado su capacidad para resolver problemas y adaptarse a entornos din\u00e1micos.<\/p>\r\n\r\n\r\n\r\n<h3 class=\"wp-block-heading\">Claves del \u00c9xito: Aptitudes y Tutela<\/h3>\r\n\r\n\r\n\r\n<p>El \u00e9xito de este ciclo de pr\u00e1cticas no habr\u00eda sido posible sin las grandes aptitudes de nuestros practicantes y la tutela experta de nuestro formador IT. La combinaci\u00f3n de talento y orientaci\u00f3n ha sido crucial para que estos j\u00f3venes profesionales superen los retos propuestos y, en algunos casos, se integren a nuestro propio equipo. Esta transici\u00f3n fluida de la pr\u00e1ctica a la profesionalizaci\u00f3n destaca la calidad y eficacia de nuestro programa de formaci\u00f3n.<\/p>\r\n<\/div>\r\n<figure class=\"wp-block-media-text__media\"><img fetchpriority=\"high\" decoding=\"async\" width=\"1024\" height=\"768\" class=\"wp-image-1488 size-full\" src=\"https:\/\/themetricachange.com\/wp-content\/uploads\/2024\/07\/IMG-20240612-WA0015-1024x768.jpg\" alt=\"\" srcset=\"https:\/\/www.metrica-global.com\/wp-content\/uploads\/2024\/07\/IMG-20240612-WA0015-1024x768.jpg 1024w, https:\/\/www.metrica-global.com\/wp-content\/uploads\/2024\/07\/IMG-20240612-WA0015-300x225.jpg 300w, https:\/\/www.metrica-global.com\/wp-content\/uploads\/2024\/07\/IMG-20240612-WA0015-768x576.jpg 768w, https:\/\/www.metrica-global.com\/wp-content\/uploads\/2024\/07\/IMG-20240612-WA0015-1536x1152.jpg 1536w, https:\/\/www.metrica-global.com\/wp-content\/uploads\/2024\/07\/IMG-20240612-WA0015.jpg 2048w\" sizes=\"(max-width: 1024px) 100vw, 1024px\" \/><\/figure>\r\n<\/div>\r\n\r\n\r\n\r\n<h3 class=\"wp-block-heading\">Compromiso con el Futuro<\/h3>\r\n\r\n\r\n\r\n<p>Queremos agradecer y felicitar a todos nuestros practicantes por su dedicaci\u00f3n y esfuerzo. Su contribuci\u00f3n ha sido invaluable y estamos seguros de que llevar\u00e1n consigo los aprendizajes y experiencias adquiridos en MetricaLab a lo largo de sus futuras carreras. Enhorabuena a todas y todos por este logro significativo.<\/p>\r\n\r\n\r\n\r\n<p>En MetricaLab, seguimos comprometidos con la formaci\u00f3n de nuevos talentos y la creaci\u00f3n de oportunidades que fomenten el crecimiento profesional y personal. Esperamos continuar ofreciendo programas de pr\u00e1cticas que sean tan exitosos y enriquecedores como este.<\/p>\r\n\r\n\r\n","protected":false},"excerpt":{"rendered":"<p>En MetricaLab, celebramos el cierre de un ciclo de pr\u00e1cticas que ha marcado un hito en la formaci\u00f3n y desarrollo de futuros profesionales. <\/p>\n","protected":false},"author":1,"featured_media":7501,"comment_status":"open","ping_status":"open","sticky":false,"template":"","format":"standard","meta":{"content-type":"","footnotes":""},"categories":[1794],"tags":[1213,1816,1809,1215,1797,1798,1162,1221],"class_list":["post-7500","post","type-post","status-publish","format-standard","has-post-thumbnail","hentry","category-metricalab-pe","tag-ambito-tecnologico-pe","tag-crecimiento-profesional-pe","tag-desarrollo-profesional-pe","tag-formacion-pe","tag-practicas-it-pe","tag-practicas-profesionales-pe","tag-sector-it-pe","tag-tecnologia-pe"],"yoast_head":"<!-- This site is optimized with the Yoast SEO plugin v25.9 - https:\/\/yoast.com\/wordpress\/plugins\/seo\/ -->\n<title>MetricaLab: Culmina un Ciclo de Pr\u00e1cticas Exitoso - METRICA<\/title>\n<meta name=\"robots\" content=\"index, follow, max-snippet:-1, max-image-preview:large, max-video-preview:-1\" \/>\n<link rel=\"canonical\" href=\"https:\/\/www.metrica-global.com\/pe\/metricalab-culmina-un-ciclo-de-practicas-exitoso\/\" \/>\n<meta property=\"og:locale\" content=\"es_ES\" \/>\n<meta property=\"og:type\" content=\"article\" \/>\n<meta property=\"og:title\" content=\"MetricaLab: Culmina un Ciclo de Pr\u00e1cticas Exitoso - METRICA\" \/>\n<meta property=\"og:description\" content=\"En MetricaLab, celebramos el cierre de un ciclo de pr\u00e1cticas que ha marcado un hito en la formaci\u00f3n y desarrollo de futuros profesionales.\" \/>\n<meta property=\"og:url\" content=\"https:\/\/www.metrica-global.com\/pe\/metricalab-culmina-un-ciclo-de-practicas-exitoso\/\" \/>\n<meta property=\"og:site_name\" content=\"METRICA\" \/>\n<meta property=\"article:published_time\" content=\"2024-06-13T11:33:04+00:00\" \/>\n<meta property=\"article:modified_time\" content=\"2025-06-17T11:15:04+00:00\" \/>\n<meta property=\"og:image\" content=\"https:\/\/www.metrica-global.com\/wp-content\/uploads\/2024\/07\/BANNER-METRICALAB-2024-scaled-1.jpg\" \/>\n\t<meta property=\"og:image:width\" content=\"2560\" \/>\n\t<meta property=\"og:image:height\" content=\"1002\" \/>\n\t<meta property=\"og:image:type\" content=\"image\/jpeg\" \/>\n<meta name=\"author\" content=\"desarrollo\" \/>\n<meta name=\"twitter:card\" content=\"summary_large_image\" \/>\n<meta name=\"twitter:label1\" content=\"Written by\" \/>\n\t<meta name=\"twitter:data1\" content=\"desarrollo\" \/>\n\t<meta name=\"twitter:label2\" content=\"Est. reading time\" \/>\n\t<meta name=\"twitter:data2\" content=\"2 minutes\" \/>\n<script type=\"application\/ld+json\" class=\"yoast-schema-graph\">{\"@context\":\"https:\/\/schema.org\",\"@graph\":[{\"@type\":\"Article\",\"@id\":\"https:\/\/www.metrica-global.com\/pe\/metricalab-culmina-un-ciclo-de-practicas-exitoso\/#article\",\"isPartOf\":{\"@id\":\"https:\/\/www.metrica-global.com\/pe\/metricalab-culmina-un-ciclo-de-practicas-exitoso\/\"},\"author\":{\"name\":\"desarrollo\",\"@id\":\"https:\/\/www.metrica-global.com\/#\/schema\/person\/78e8e629d9e5908167469b249f6f2cdc\"},\"headline\":\"MetricaLab: Culmina un Ciclo de Pr\u00e1cticas Exitoso\",\"datePublished\":\"2024-06-13T11:33:04+00:00\",\"dateModified\":\"2025-06-17T11:15:04+00:00\",\"mainEntityOfPage\":{\"@id\":\"https:\/\/www.metrica-global.com\/pe\/metricalab-culmina-un-ciclo-de-practicas-exitoso\/\"},\"wordCount\":329,\"commentCount\":0,\"publisher\":{\"@id\":\"https:\/\/www.metrica-global.com\/#organization\"},\"image\":{\"@id\":\"https:\/\/www.metrica-global.com\/pe\/metricalab-culmina-un-ciclo-de-practicas-exitoso\/#primaryimage\"},\"thumbnailUrl\":\"https:\/\/www.metrica-global.com\/wp-content\/uploads\/2024\/07\/BANNER-METRICALAB-2024-scaled-1.jpg\",\"keywords\":[\"\u00c1mbito Tecnol\u00f3gico\",\"Crecimiento Profesional\",\"Desarrollo Profesional\",\"Formaci\u00f3n\",\"Pr\u00e1cticas IT\",\"Pr\u00e1cticas Profesionales\",\"Sector IT\",\"Tecnolog\u00eda\"],\"articleSection\":[\"MetricaLab\"],\"inLanguage\":\"es-PE\",\"potentialAction\":[{\"@type\":\"CommentAction\",\"name\":\"Comment\",\"target\":[\"https:\/\/www.metrica-global.com\/pe\/metricalab-culmina-un-ciclo-de-practicas-exitoso\/#respond\"]}]},{\"@type\":\"WebPage\",\"@id\":\"https:\/\/www.metrica-global.com\/pe\/metricalab-culmina-un-ciclo-de-practicas-exitoso\/\",\"url\":\"https:\/\/www.metrica-global.com\/pe\/metricalab-culmina-un-ciclo-de-practicas-exitoso\/\",\"name\":\"MetricaLab: Culmina un Ciclo de Pr\u00e1cticas Exitoso - METRICA\",\"isPartOf\":{\"@id\":\"https:\/\/www.metrica-global.com\/#website\"},\"primaryImageOfPage\":{\"@id\":\"https:\/\/www.metrica-global.com\/pe\/metricalab-culmina-un-ciclo-de-practicas-exitoso\/#primaryimage\"},\"image\":{\"@id\":\"https:\/\/www.metrica-global.com\/pe\/metricalab-culmina-un-ciclo-de-practicas-exitoso\/#primaryimage\"},\"thumbnailUrl\":\"https:\/\/www.metrica-global.com\/wp-content\/uploads\/2024\/07\/BANNER-METRICALAB-2024-scaled-1.jpg\",\"datePublished\":\"2024-06-13T11:33:04+00:00\",\"dateModified\":\"2025-06-17T11:15:04+00:00\",\"breadcrumb\":{\"@id\":\"https:\/\/www.metrica-global.com\/pe\/metricalab-culmina-un-ciclo-de-practicas-exitoso\/#breadcrumb\"},\"inLanguage\":\"es-PE\",\"potentialAction\":[{\"@type\":\"ReadAction\",\"target\":[\"https:\/\/www.metrica-global.com\/pe\/metricalab-culmina-un-ciclo-de-practicas-exitoso\/\"]}]},{\"@type\":\"ImageObject\",\"inLanguage\":\"es-PE\",\"@id\":\"https:\/\/www.metrica-global.com\/pe\/metricalab-culmina-un-ciclo-de-practicas-exitoso\/#primaryimage\",\"url\":\"https:\/\/www.metrica-global.com\/wp-content\/uploads\/2024\/07\/BANNER-METRICALAB-2024-scaled-1.jpg\",\"contentUrl\":\"https:\/\/www.metrica-global.com\/wp-content\/uploads\/2024\/07\/BANNER-METRICALAB-2024-scaled-1.jpg\",\"width\":2560,\"height\":1002,\"caption\":\"BANNER METRICALAB 2024 scaled 1\"},{\"@type\":\"BreadcrumbList\",\"@id\":\"https:\/\/www.metrica-global.com\/pe\/metricalab-culmina-un-ciclo-de-practicas-exitoso\/#breadcrumb\",\"itemListElement\":[{\"@type\":\"ListItem\",\"position\":1,\"name\":\"Portada\",\"item\":\"https:\/\/www.metrica-global.com\/en\/\"},{\"@type\":\"ListItem\",\"position\":2,\"name\":\"MetricaLab: Culmina un Ciclo de Pr\u00e1cticas Exitoso\"}]},{\"@type\":\"WebSite\",\"@id\":\"https:\/\/www.metrica-global.com\/#website\",\"url\":\"https:\/\/www.metrica-global.com\/\",\"name\":\"METRICA\",\"description\":\"Servicios Globales IT\",\"publisher\":{\"@id\":\"https:\/\/www.metrica-global.com\/#organization\"},\"potentialAction\":[{\"@type\":\"SearchAction\",\"target\":{\"@type\":\"EntryPoint\",\"urlTemplate\":\"https:\/\/www.metrica-global.com\/?s={search_term_string}\"},\"query-input\":{\"@type\":\"PropertyValueSpecification\",\"valueRequired\":true,\"valueName\":\"search_term_string\"}}],\"inLanguage\":\"es-PE\"},{\"@type\":\"Organization\",\"@id\":\"https:\/\/www.metrica-global.com\/#organization\",\"name\":\"METRICA\",\"url\":\"https:\/\/www.metrica-global.com\/\",\"logo\":{\"@type\":\"ImageObject\",\"inLanguage\":\"es-PE\",\"@id\":\"https:\/\/www.metrica-global.com\/#\/schema\/logo\/image\/\",\"url\":\"https:\/\/www.metrica-global.com\/wp-content\/uploads\/2023\/12\/logo-metrica.png\",\"contentUrl\":\"https:\/\/www.metrica-global.com\/wp-content\/uploads\/2023\/12\/logo-metrica.png\",\"width\":332,\"height\":58,\"caption\":\"METRICA\"},\"image\":{\"@id\":\"https:\/\/www.metrica-global.com\/#\/schema\/logo\/image\/\"}},{\"@type\":\"Person\",\"@id\":\"https:\/\/www.metrica-global.com\/#\/schema\/person\/78e8e629d9e5908167469b249f6f2cdc\",\"name\":\"desarrollo\",\"image\":{\"@type\":\"ImageObject\",\"inLanguage\":\"es-PE\",\"@id\":\"https:\/\/www.metrica-global.com\/#\/schema\/person\/image\/\",\"url\":\"https:\/\/secure.gravatar.com\/avatar\/d2653fb8f170e1382a31acc69dcf92e99545e6329805eb11d8a34443b058f3de?s=96&d=mm&r=g\",\"contentUrl\":\"https:\/\/secure.gravatar.com\/avatar\/d2653fb8f170e1382a31acc69dcf92e99545e6329805eb11d8a34443b058f3de?s=96&d=mm&r=g\",\"caption\":\"desarrollo\"},\"url\":\"https:\/\/www.metrica-global.com\/pe\/author\/desarrollo\/\"}]}<\/script>\n<!-- \/ Yoast SEO plugin. -->","yoast_head_json":{"title":"MetricaLab: Culmina un Ciclo de Pr\u00e1cticas Exitoso - METRICA","robots":{"index":"index","follow":"follow","max-snippet":"max-snippet:-1","max-image-preview":"max-image-preview:large","max-video-preview":"max-video-preview:-1"},"canonical":"https:\/\/www.metrica-global.com\/pe\/metricalab-culmina-un-ciclo-de-practicas-exitoso\/","og_locale":"es_ES","og_type":"article","og_title":"MetricaLab: Culmina un Ciclo de Pr\u00e1cticas Exitoso - METRICA","og_description":"En MetricaLab, celebramos el cierre de un ciclo de pr\u00e1cticas que ha marcado un hito en la formaci\u00f3n y desarrollo de futuros profesionales.","og_url":"https:\/\/www.metrica-global.com\/pe\/metricalab-culmina-un-ciclo-de-practicas-exitoso\/","og_site_name":"METRICA","article_published_time":"2024-06-13T11:33:04+00:00","article_modified_time":"2025-06-17T11:15:04+00:00","og_image":[{"width":2560,"height":1002,"url":"https:\/\/www.metrica-global.com\/wp-content\/uploads\/2024\/07\/BANNER-METRICALAB-2024-scaled-1.jpg","type":"image\/jpeg"}],"author":"desarrollo","twitter_card":"summary_large_image","twitter_misc":{"Written by":"desarrollo","Est. reading time":"2 minutes"},"schema":{"@context":"https:\/\/schema.org","@graph":[{"@type":"Article","@id":"https:\/\/www.metrica-global.com\/pe\/metricalab-culmina-un-ciclo-de-practicas-exitoso\/#article","isPartOf":{"@id":"https:\/\/www.metrica-global.com\/pe\/metricalab-culmina-un-ciclo-de-practicas-exitoso\/"},"author":{"name":"desarrollo","@id":"https:\/\/www.metrica-global.com\/#\/schema\/person\/78e8e629d9e5908167469b249f6f2cdc"},"headline":"MetricaLab: Culmina un Ciclo de Pr\u00e1cticas Exitoso","datePublished":"2024-06-13T11:33:04+00:00","dateModified":"2025-06-17T11:15:04+00:00","mainEntityOfPage":{"@id":"https:\/\/www.metrica-global.com\/pe\/metricalab-culmina-un-ciclo-de-practicas-exitoso\/"},"wordCount":329,"commentCount":0,"publisher":{"@id":"https:\/\/www.metrica-global.com\/#organization"},"image":{"@id":"https:\/\/www.metrica-global.com\/pe\/metricalab-culmina-un-ciclo-de-practicas-exitoso\/#primaryimage"},"thumbnailUrl":"https:\/\/www.metrica-global.com\/wp-content\/uploads\/2024\/07\/BANNER-METRICALAB-2024-scaled-1.jpg","keywords":["\u00c1mbito Tecnol\u00f3gico","Crecimiento Profesional","Desarrollo Profesional","Formaci\u00f3n","Pr\u00e1cticas IT","Pr\u00e1cticas Profesionales","Sector IT","Tecnolog\u00eda"],"articleSection":["MetricaLab"],"inLanguage":"es-PE","potentialAction":[{"@type":"CommentAction","name":"Comment","target":["https:\/\/www.metrica-global.com\/pe\/metricalab-culmina-un-ciclo-de-practicas-exitoso\/#respond"]}]},{"@type":"WebPage","@id":"https:\/\/www.metrica-global.com\/pe\/metricalab-culmina-un-ciclo-de-practicas-exitoso\/","url":"https:\/\/www.metrica-global.com\/pe\/metricalab-culmina-un-ciclo-de-practicas-exitoso\/","name":"MetricaLab: Culmina un Ciclo de Pr\u00e1cticas Exitoso - METRICA","isPartOf":{"@id":"https:\/\/www.metrica-global.com\/#website"},"primaryImageOfPage":{"@id":"https:\/\/www.metrica-global.com\/pe\/metricalab-culmina-un-ciclo-de-practicas-exitoso\/#primaryimage"},"image":{"@id":"https:\/\/www.metrica-global.com\/pe\/metricalab-culmina-un-ciclo-de-practicas-exitoso\/#primaryimage"},"thumbnailUrl":"https:\/\/www.metrica-global.com\/wp-content\/uploads\/2024\/07\/BANNER-METRICALAB-2024-scaled-1.jpg","datePublished":"2024-06-13T11:33:04+00:00","dateModified":"2025-06-17T11:15:04+00:00","breadcrumb":{"@id":"https:\/\/www.metrica-global.com\/pe\/metricalab-culmina-un-ciclo-de-practicas-exitoso\/#breadcrumb"},"inLanguage":"es-PE","potentialAction":[{"@type":"ReadAction","target":["https:\/\/www.metrica-global.com\/pe\/metricalab-culmina-un-ciclo-de-practicas-exitoso\/"]}]},{"@type":"ImageObject","inLanguage":"es-PE","@id":"https:\/\/www.metrica-global.com\/pe\/metricalab-culmina-un-ciclo-de-practicas-exitoso\/#primaryimage","url":"https:\/\/www.metrica-global.com\/wp-content\/uploads\/2024\/07\/BANNER-METRICALAB-2024-scaled-1.jpg","contentUrl":"https:\/\/www.metrica-global.com\/wp-content\/uploads\/2024\/07\/BANNER-METRICALAB-2024-scaled-1.jpg","width":2560,"height":1002,"caption":"BANNER METRICALAB 2024 scaled 1"},{"@type":"BreadcrumbList","@id":"https:\/\/www.metrica-global.com\/pe\/metricalab-culmina-un-ciclo-de-practicas-exitoso\/#breadcrumb","itemListElement":[{"@type":"ListItem","position":1,"name":"Portada","item":"https:\/\/www.metrica-global.com\/en\/"},{"@type":"ListItem","position":2,"name":"MetricaLab: Culmina un Ciclo de Pr\u00e1cticas Exitoso"}]},{"@type":"WebSite","@id":"https:\/\/www.metrica-global.com\/#website","url":"https:\/\/www.metrica-global.com\/","name":"METRICA","description":"Servicios Globales IT","publisher":{"@id":"https:\/\/www.metrica-global.com\/#organization"},"potentialAction":[{"@type":"SearchAction","target":{"@type":"EntryPoint","urlTemplate":"https:\/\/www.metrica-global.com\/?s={search_term_string}"},"query-input":{"@type":"PropertyValueSpecification","valueRequired":true,"valueName":"search_term_string"}}],"inLanguage":"es-PE"},{"@type":"Organization","@id":"https:\/\/www.metrica-global.com\/#organization","name":"METRICA","url":"https:\/\/www.metrica-global.com\/","logo":{"@type":"ImageObject","inLanguage":"es-PE","@id":"https:\/\/www.metrica-global.com\/#\/schema\/logo\/image\/","url":"https:\/\/www.metrica-global.com\/wp-content\/uploads\/2023\/12\/logo-metrica.png","contentUrl":"https:\/\/www.metrica-global.com\/wp-content\/uploads\/2023\/12\/logo-metrica.png","width":332,"height":58,"caption":"METRICA"},"image":{"@id":"https:\/\/www.metrica-global.com\/#\/schema\/logo\/image\/"}},{"@type":"Person","@id":"https:\/\/www.metrica-global.com\/#\/schema\/person\/78e8e629d9e5908167469b249f6f2cdc","name":"desarrollo","image":{"@type":"ImageObject","inLanguage":"es-PE","@id":"https:\/\/www.metrica-global.com\/#\/schema\/person\/image\/","url":"https:\/\/secure.gravatar.com\/avatar\/d2653fb8f170e1382a31acc69dcf92e99545e6329805eb11d8a34443b058f3de?s=96&d=mm&r=g","contentUrl":"https:\/\/secure.gravatar.com\/avatar\/d2653fb8f170e1382a31acc69dcf92e99545e6329805eb11d8a34443b058f3de?s=96&d=mm&r=g","caption":"desarrollo"},"url":"https:\/\/www.metrica-global.com\/pe\/author\/desarrollo\/"}]}},"_links":{"self":[{"href":"https:\/\/www.metrica-global.com\/pe\/wp-json\/wp\/v2\/posts\/7500","targetHints":{"allow":["GET"]}}],"collection":[{"href":"https:\/\/www.metrica-global.com\/pe\/wp-json\/wp\/v2\/posts"}],"about":[{"href":"https:\/\/www.metrica-global.com\/pe\/wp-json\/wp\/v2\/types\/post"}],"author":[{"embeddable":true,"href":"https:\/\/www.metrica-global.com\/pe\/wp-json\/wp\/v2\/users\/1"}],"replies":[{"embeddable":true,"href":"https:\/\/www.metrica-global.com\/pe\/wp-json\/wp\/v2\/comments?post=7500"}],"version-history":[{"count":1,"href":"https:\/\/www.metrica-global.com\/pe\/wp-json\/wp\/v2\/posts\/7500\/revisions"}],"predecessor-version":[{"id":8008,"href":"https:\/\/www.metrica-global.com\/pe\/wp-json\/wp\/v2\/posts\/7500\/revisions\/8008"}],"wp:featuredmedia":[{"embeddable":true,"href":"https:\/\/www.metrica-global.com\/pe\/wp-json\/wp\/v2\/media\/7501"}],"wp:attachment":[{"href":"https:\/\/www.metrica-global.com\/pe\/wp-json\/wp\/v2\/media?parent=7500"}],"wp:term":[{"taxonomy":"category","embeddable":true,"href":"https:\/\/www.metrica-global.com\/pe\/wp-json\/wp\/v2\/categories?post=7500"},{"taxonomy":"post_tag","embeddable":true,"href":"https:\/\/www.metrica-global.com\/pe\/wp-json\/wp\/v2\/tags?post=7500"}],"curies":[{"name":"wp","href":"https:\/\/api.w.org\/{rel}","templated":true}]}}