{"id":7543,"date":"2025-02-25T17:30:00","date_gmt":"2025-02-25T16:30:00","guid":{"rendered":"https:\/\/www.metrica-global.com\/reforzamos-nuestro-compromiso-con-la-etica-y-la-sostenibilidad\/"},"modified":"2025-06-17T11:25:49","modified_gmt":"2025-06-17T11:25:49","slug":"reforzamos-nuestro-compromiso-con-la-etica-y-la-sostenibilidad","status":"publish","type":"post","link":"https:\/\/www.metrica-global.com\/pe\/reforzamos-nuestro-compromiso-con-la-etica-y-la-sostenibilidad\/","title":{"rendered":"Reforzamos nuestro compromiso con la \u00e9tica y la sostenibilidad"},"content":{"rendered":"\r\n<p>En METRICA, entendemos que la sostenibilidad empresarial es clave para un futuro responsable. Por ello, nos complace anunciar que hemos renovado nuestro sello EcoVadis nivel Bronce, logrando una mejora significativa respecto al a\u00f1o pasado y situ\u00e1ndonos en el <strong>TOP 35% de empresas evaluadas a nivel global<\/strong>.<\/p>\r\n\r\n\r\n\r\n<h2 class=\"wp-block-heading\">\u00bfQu\u00e9 es EcoVadis y por qu\u00e9 es importante?<\/h2>\r\n\r\n\r\n\r\n<p>EcoVadis es una plataforma global de calificaci\u00f3n en sostenibilidad empresarial que eval\u00faa a empresas en funci\u00f3n de su desempe\u00f1o en <strong>pr\u00e1cticas ambientales, sociales y de gobernanza (ESG)<\/strong>. Obtener una puntuaci\u00f3n destacada en EcoVadis refleja nuestro esfuerzo continuo por mejorar nuestros est\u00e1ndares de \u00e9tica, transparencia y compromiso ambiental.<\/p>\r\n\r\n\r\n\r\n<h2 class=\"wp-block-heading\">Logros Clave en la Evaluaci\u00f3n EcoVadis<\/h2>\r\n\r\n\r\n\r\n<p>Nuestra mejora en la puntuaci\u00f3n EcoVadis es resultado de m\u00faltiples iniciativas y avances en sostenibilidad, entre los cuales destacan:<\/p>\r\n\r\n\r\n\r\n<ul class=\"wp-block-list\">\r\n<li><strong>Aumento de nuestra puntuaci\u00f3n total<\/strong>, alcanzando <strong>63 puntos<\/strong>, superando la media del sector (57).<\/li>\r\n\r\n\r\n\r\n<li><strong>\u00c9tica empresarial por encima del promedio<\/strong>, con avances en transparencia y buen gobierno corporativo.<\/li>\r\n\r\n\r\n\r\n<li><strong>Gesti\u00f3n medioambiental avanzada<\/strong>, consolidando nuestro compromiso con el medioambiente.<\/li>\r\n\r\n\r\n\r\n<li><strong>Mayor transparencia y responsabilidad<\/strong>, con la publicaci\u00f3n de informes de sostenibilidad adicionales.<\/li>\r\n\r\n\r\n\r\n<li><strong>Cumplimiento normativo impecable<\/strong>, sin registros en bases de datos externas de cumplimiento y riesgos.<\/li>\r\n\r\n\r\n\r\n<li><strong>Progreso en derechos laborales y humanos<\/strong>, mediante nuevas medidas para mejorar el bienestar de nuestro equipo.<\/li>\r\n<\/ul>\r\n\r\n\r\n\r\n<h2 class=\"wp-block-heading\">\u00c1reas de Mejora y Objetivos Futuros<\/h2>\r\n\r\n\r\n\r\n<p>Aunque este reconocimiento refleja un progreso notable, seguimos enfocados en mejorar a\u00fan m\u00e1s. Dos \u00e1reas clave en las que continuamos fortaleciendo nuestras pol\u00edticas son:<\/p>\r\n\r\n\r\n\r\n<ul class=\"wp-block-list\">\r\n<li><strong>Relaciones laborales y derechos humanos<\/strong>, promoviendo condiciones laborales equitativas y un ambiente de trabajo inclusivo.<\/li>\r\n\r\n\r\n\r\n<li><strong>Aprovisionamiento sostenible<\/strong>, asegurando que nuestros proveedores cumplan con los est\u00e1ndares de responsabilidad y sostenibilidad.<\/li>\r\n<\/ul>\r\n\r\n\r\n\r\n<h2 class=\"wp-block-heading\">La Sostenibilidad como Pilar Estrat\u00e9gico en METRICA<\/h2>\r\n\r\n\r\n\r\n<p>Nuestro reconocimiento por parte de EcoVadis refuerza nuestro compromiso con el desarrollo sostenible. En METRICA, entendemos que la <strong>sostenibilidad no es solo una meta, sino un principio rector de nuestra estrategia empresarial<\/strong>.<\/p>\r\n\r\n\r\n\r\n<p>Continuaremos trabajando para mejorar nuestras pr\u00e1cticas ESG, optimizar nuestras operaciones y garantizar un impacto positivo en la sociedad y el medioambiente.<\/p>\r\n\r\n\r\n\r\n<h3 class=\"wp-block-heading\">\u00bfQuieres conocer m\u00e1s sobre nuestras iniciativas de sostenibilidad?<\/h3>\r\n\r\n\r\n\r\n<p>Visita nuestro blog y s\u00edguenos en redes sociales para mantenerte informado sobre nuestras acciones y logros en materia de sostenibilidad. \u00a1Sigamos avanzando juntos hacia un futuro m\u00e1s responsable!<\/p>\r\n","protected":false},"excerpt":{"rendered":"<p>Renovamos nuestro sello EcoVadis nivel Bronce, logrando una mejora significativa respecto al a\u00f1o pasado y situ\u00e1ndonos en el TOP 35% de empresas evaluadas a nivel global.<\/p>\n","protected":false},"author":1,"featured_media":7544,"comment_status":"open","ping_status":"open","sticky":false,"template":"","format":"standard","meta":{"content-type":"","footnotes":""},"categories":[1828],"tags":[1213,1846,1279,1847,1525,1575,1162,1245,1221],"class_list":["post-7543","post","type-post","status-publish","format-standard","has-post-thumbnail","hentry","category-sostenibilidad-pe","tag-ambito-tecnologico-pe","tag-certificacion-ambiental-pe","tag-compromiso-empresarial-pe","tag-ecovadis-pe","tag-etica-empresarial-pe","tag-medio-ambiente-pe","tag-sector-it-pe","tag-sostenibilidad-pe","tag-tecnologia-pe"],"yoast_head":"<!-- This site is optimized with the Yoast SEO plugin v25.9 - https:\/\/yoast.com\/wordpress\/plugins\/seo\/ -->\n<title>Reforzamos nuestro compromiso con la \u00e9tica y la sostenibilidad - METRICA<\/title>\n<meta name=\"robots\" content=\"index, follow, max-snippet:-1, max-image-preview:large, max-video-preview:-1\" \/>\n<link rel=\"canonical\" href=\"https:\/\/www.metrica-global.com\/pe\/reforzamos-nuestro-compromiso-con-la-etica-y-la-sostenibilidad\/\" \/>\n<meta property=\"og:locale\" content=\"es_ES\" \/>\n<meta property=\"og:type\" content=\"article\" \/>\n<meta property=\"og:title\" content=\"Reforzamos nuestro compromiso con la \u00e9tica y la sostenibilidad - METRICA\" \/>\n<meta property=\"og:description\" content=\"Renovamos nuestro sello EcoVadis nivel Bronce, logrando una mejora significativa respecto al a\u00f1o pasado y situ\u00e1ndonos en el TOP 35% de empresas evaluadas a nivel global.\" \/>\n<meta property=\"og:url\" content=\"https:\/\/www.metrica-global.com\/pe\/reforzamos-nuestro-compromiso-con-la-etica-y-la-sostenibilidad\/\" \/>\n<meta property=\"og:site_name\" content=\"METRICA\" \/>\n<meta property=\"article:published_time\" content=\"2025-02-25T16:30:00+00:00\" \/>\n<meta property=\"article:modified_time\" content=\"2025-06-17T11:25:49+00:00\" \/>\n<meta property=\"og:image\" content=\"https:\/\/www.metrica-global.com\/wp-content\/uploads\/2025\/02\/BANNER-ECOVADIS-scaled-1.jpg\" \/>\n\t<meta property=\"og:image:width\" content=\"2560\" \/>\n\t<meta property=\"og:image:height\" content=\"979\" \/>\n\t<meta property=\"og:image:type\" content=\"image\/jpeg\" \/>\n<meta name=\"author\" content=\"desarrollo\" \/>\n<meta name=\"twitter:card\" content=\"summary_large_image\" \/>\n<meta name=\"twitter:label1\" content=\"Written by\" \/>\n\t<meta name=\"twitter:data1\" content=\"desarrollo\" \/>\n\t<meta name=\"twitter:label2\" content=\"Est. reading time\" \/>\n\t<meta name=\"twitter:data2\" content=\"2 minutes\" \/>\n<script type=\"application\/ld+json\" class=\"yoast-schema-graph\">{\"@context\":\"https:\/\/schema.org\",\"@graph\":[{\"@type\":\"Article\",\"@id\":\"https:\/\/www.metrica-global.com\/pe\/reforzamos-nuestro-compromiso-con-la-etica-y-la-sostenibilidad\/#article\",\"isPartOf\":{\"@id\":\"https:\/\/www.metrica-global.com\/pe\/reforzamos-nuestro-compromiso-con-la-etica-y-la-sostenibilidad\/\"},\"author\":{\"name\":\"desarrollo\",\"@id\":\"https:\/\/www.metrica-global.com\/#\/schema\/person\/78e8e629d9e5908167469b249f6f2cdc\"},\"headline\":\"Reforzamos nuestro compromiso con la \u00e9tica y la sostenibilidad\",\"datePublished\":\"2025-02-25T16:30:00+00:00\",\"dateModified\":\"2025-06-17T11:25:49+00:00\",\"mainEntityOfPage\":{\"@id\":\"https:\/\/www.metrica-global.com\/pe\/reforzamos-nuestro-compromiso-con-la-etica-y-la-sostenibilidad\/\"},\"wordCount\":390,\"commentCount\":0,\"publisher\":{\"@id\":\"https:\/\/www.metrica-global.com\/#organization\"},\"image\":{\"@id\":\"https:\/\/www.metrica-global.com\/pe\/reforzamos-nuestro-compromiso-con-la-etica-y-la-sostenibilidad\/#primaryimage\"},\"thumbnailUrl\":\"https:\/\/www.metrica-global.com\/wp-content\/uploads\/2025\/02\/BANNER-ECOVADIS-scaled-1.jpg\",\"keywords\":[\"\u00c1mbito Tecnol\u00f3gico\",\"Certificaci\u00f3n ambiental\",\"Compromiso empresarial\",\"EcoVadis\",\"\u00c9tica empresarial\",\"Medio Ambiente\",\"Sector IT\",\"Sostenibilidad\",\"Tecnolog\u00eda\"],\"articleSection\":[\"Sostenibilidad\"],\"inLanguage\":\"es-PE\",\"potentialAction\":[{\"@type\":\"CommentAction\",\"name\":\"Comment\",\"target\":[\"https:\/\/www.metrica-global.com\/pe\/reforzamos-nuestro-compromiso-con-la-etica-y-la-sostenibilidad\/#respond\"]}]},{\"@type\":\"WebPage\",\"@id\":\"https:\/\/www.metrica-global.com\/pe\/reforzamos-nuestro-compromiso-con-la-etica-y-la-sostenibilidad\/\",\"url\":\"https:\/\/www.metrica-global.com\/pe\/reforzamos-nuestro-compromiso-con-la-etica-y-la-sostenibilidad\/\",\"name\":\"Reforzamos nuestro compromiso con la \u00e9tica y la sostenibilidad - METRICA\",\"isPartOf\":{\"@id\":\"https:\/\/www.metrica-global.com\/#website\"},\"primaryImageOfPage\":{\"@id\":\"https:\/\/www.metrica-global.com\/pe\/reforzamos-nuestro-compromiso-con-la-etica-y-la-sostenibilidad\/#primaryimage\"},\"image\":{\"@id\":\"https:\/\/www.metrica-global.com\/pe\/reforzamos-nuestro-compromiso-con-la-etica-y-la-sostenibilidad\/#primaryimage\"},\"thumbnailUrl\":\"https:\/\/www.metrica-global.com\/wp-content\/uploads\/2025\/02\/BANNER-ECOVADIS-scaled-1.jpg\",\"datePublished\":\"2025-02-25T16:30:00+00:00\",\"dateModified\":\"2025-06-17T11:25:49+00:00\",\"breadcrumb\":{\"@id\":\"https:\/\/www.metrica-global.com\/pe\/reforzamos-nuestro-compromiso-con-la-etica-y-la-sostenibilidad\/#breadcrumb\"},\"inLanguage\":\"es-PE\",\"potentialAction\":[{\"@type\":\"ReadAction\",\"target\":[\"https:\/\/www.metrica-global.com\/pe\/reforzamos-nuestro-compromiso-con-la-etica-y-la-sostenibilidad\/\"]}]},{\"@type\":\"ImageObject\",\"inLanguage\":\"es-PE\",\"@id\":\"https:\/\/www.metrica-global.com\/pe\/reforzamos-nuestro-compromiso-con-la-etica-y-la-sostenibilidad\/#primaryimage\",\"url\":\"https:\/\/www.metrica-global.com\/wp-content\/uploads\/2025\/02\/BANNER-ECOVADIS-scaled-1.jpg\",\"contentUrl\":\"https:\/\/www.metrica-global.com\/wp-content\/uploads\/2025\/02\/BANNER-ECOVADIS-scaled-1.jpg\",\"width\":2560,\"height\":979,\"caption\":\"BANNER ECOVADIS scaled 1\"},{\"@type\":\"BreadcrumbList\",\"@id\":\"https:\/\/www.metrica-global.com\/pe\/reforzamos-nuestro-compromiso-con-la-etica-y-la-sostenibilidad\/#breadcrumb\",\"itemListElement\":[{\"@type\":\"ListItem\",\"position\":1,\"name\":\"Portada\",\"item\":\"https:\/\/www.metrica-global.com\/en\/\"},{\"@type\":\"ListItem\",\"position\":2,\"name\":\"Reforzamos nuestro compromiso con la \u00e9tica y la sostenibilidad\"}]},{\"@type\":\"WebSite\",\"@id\":\"https:\/\/www.metrica-global.com\/#website\",\"url\":\"https:\/\/www.metrica-global.com\/\",\"name\":\"METRICA\",\"description\":\"Servicios Globales IT\",\"publisher\":{\"@id\":\"https:\/\/www.metrica-global.com\/#organization\"},\"potentialAction\":[{\"@type\":\"SearchAction\",\"target\":{\"@type\":\"EntryPoint\",\"urlTemplate\":\"https:\/\/www.metrica-global.com\/?s={search_term_string}\"},\"query-input\":{\"@type\":\"PropertyValueSpecification\",\"valueRequired\":true,\"valueName\":\"search_term_string\"}}],\"inLanguage\":\"es-PE\"},{\"@type\":\"Organization\",\"@id\":\"https:\/\/www.metrica-global.com\/#organization\",\"name\":\"METRICA\",\"url\":\"https:\/\/www.metrica-global.com\/\",\"logo\":{\"@type\":\"ImageObject\",\"inLanguage\":\"es-PE\",\"@id\":\"https:\/\/www.metrica-global.com\/#\/schema\/logo\/image\/\",\"url\":\"https:\/\/www.metrica-global.com\/wp-content\/uploads\/2023\/12\/logo-metrica.png\",\"contentUrl\":\"https:\/\/www.metrica-global.com\/wp-content\/uploads\/2023\/12\/logo-metrica.png\",\"width\":332,\"height\":58,\"caption\":\"METRICA\"},\"image\":{\"@id\":\"https:\/\/www.metrica-global.com\/#\/schema\/logo\/image\/\"}},{\"@type\":\"Person\",\"@id\":\"https:\/\/www.metrica-global.com\/#\/schema\/person\/78e8e629d9e5908167469b249f6f2cdc\",\"name\":\"desarrollo\",\"image\":{\"@type\":\"ImageObject\",\"inLanguage\":\"es-PE\",\"@id\":\"https:\/\/www.metrica-global.com\/#\/schema\/person\/image\/\",\"url\":\"https:\/\/secure.gravatar.com\/avatar\/d2653fb8f170e1382a31acc69dcf92e99545e6329805eb11d8a34443b058f3de?s=96&d=mm&r=g\",\"contentUrl\":\"https:\/\/secure.gravatar.com\/avatar\/d2653fb8f170e1382a31acc69dcf92e99545e6329805eb11d8a34443b058f3de?s=96&d=mm&r=g\",\"caption\":\"desarrollo\"},\"url\":\"https:\/\/www.metrica-global.com\/pe\/author\/desarrollo\/\"}]}<\/script>\n<!-- \/ Yoast SEO plugin. -->","yoast_head_json":{"title":"Reforzamos nuestro compromiso con la \u00e9tica y la sostenibilidad - METRICA","robots":{"index":"index","follow":"follow","max-snippet":"max-snippet:-1","max-image-preview":"max-image-preview:large","max-video-preview":"max-video-preview:-1"},"canonical":"https:\/\/www.metrica-global.com\/pe\/reforzamos-nuestro-compromiso-con-la-etica-y-la-sostenibilidad\/","og_locale":"es_ES","og_type":"article","og_title":"Reforzamos nuestro compromiso con la \u00e9tica y la sostenibilidad - METRICA","og_description":"Renovamos nuestro sello EcoVadis nivel Bronce, logrando una mejora significativa respecto al a\u00f1o pasado y situ\u00e1ndonos en el TOP 35% de empresas evaluadas a nivel global.","og_url":"https:\/\/www.metrica-global.com\/pe\/reforzamos-nuestro-compromiso-con-la-etica-y-la-sostenibilidad\/","og_site_name":"METRICA","article_published_time":"2025-02-25T16:30:00+00:00","article_modified_time":"2025-06-17T11:25:49+00:00","og_image":[{"width":2560,"height":979,"url":"https:\/\/www.metrica-global.com\/wp-content\/uploads\/2025\/02\/BANNER-ECOVADIS-scaled-1.jpg","type":"image\/jpeg"}],"author":"desarrollo","twitter_card":"summary_large_image","twitter_misc":{"Written by":"desarrollo","Est. reading time":"2 minutes"},"schema":{"@context":"https:\/\/schema.org","@graph":[{"@type":"Article","@id":"https:\/\/www.metrica-global.com\/pe\/reforzamos-nuestro-compromiso-con-la-etica-y-la-sostenibilidad\/#article","isPartOf":{"@id":"https:\/\/www.metrica-global.com\/pe\/reforzamos-nuestro-compromiso-con-la-etica-y-la-sostenibilidad\/"},"author":{"name":"desarrollo","@id":"https:\/\/www.metrica-global.com\/#\/schema\/person\/78e8e629d9e5908167469b249f6f2cdc"},"headline":"Reforzamos nuestro compromiso con la \u00e9tica y la sostenibilidad","datePublished":"2025-02-25T16:30:00+00:00","dateModified":"2025-06-17T11:25:49+00:00","mainEntityOfPage":{"@id":"https:\/\/www.metrica-global.com\/pe\/reforzamos-nuestro-compromiso-con-la-etica-y-la-sostenibilidad\/"},"wordCount":390,"commentCount":0,"publisher":{"@id":"https:\/\/www.metrica-global.com\/#organization"},"image":{"@id":"https:\/\/www.metrica-global.com\/pe\/reforzamos-nuestro-compromiso-con-la-etica-y-la-sostenibilidad\/#primaryimage"},"thumbnailUrl":"https:\/\/www.metrica-global.com\/wp-content\/uploads\/2025\/02\/BANNER-ECOVADIS-scaled-1.jpg","keywords":["\u00c1mbito Tecnol\u00f3gico","Certificaci\u00f3n ambiental","Compromiso empresarial","EcoVadis","\u00c9tica empresarial","Medio Ambiente","Sector IT","Sostenibilidad","Tecnolog\u00eda"],"articleSection":["Sostenibilidad"],"inLanguage":"es-PE","potentialAction":[{"@type":"CommentAction","name":"Comment","target":["https:\/\/www.metrica-global.com\/pe\/reforzamos-nuestro-compromiso-con-la-etica-y-la-sostenibilidad\/#respond"]}]},{"@type":"WebPage","@id":"https:\/\/www.metrica-global.com\/pe\/reforzamos-nuestro-compromiso-con-la-etica-y-la-sostenibilidad\/","url":"https:\/\/www.metrica-global.com\/pe\/reforzamos-nuestro-compromiso-con-la-etica-y-la-sostenibilidad\/","name":"Reforzamos nuestro compromiso con la \u00e9tica y la sostenibilidad - METRICA","isPartOf":{"@id":"https:\/\/www.metrica-global.com\/#website"},"primaryImageOfPage":{"@id":"https:\/\/www.metrica-global.com\/pe\/reforzamos-nuestro-compromiso-con-la-etica-y-la-sostenibilidad\/#primaryimage"},"image":{"@id":"https:\/\/www.metrica-global.com\/pe\/reforzamos-nuestro-compromiso-con-la-etica-y-la-sostenibilidad\/#primaryimage"},"thumbnailUrl":"https:\/\/www.metrica-global.com\/wp-content\/uploads\/2025\/02\/BANNER-ECOVADIS-scaled-1.jpg","datePublished":"2025-02-25T16:30:00+00:00","dateModified":"2025-06-17T11:25:49+00:00","breadcrumb":{"@id":"https:\/\/www.metrica-global.com\/pe\/reforzamos-nuestro-compromiso-con-la-etica-y-la-sostenibilidad\/#breadcrumb"},"inLanguage":"es-PE","potentialAction":[{"@type":"ReadAction","target":["https:\/\/www.metrica-global.com\/pe\/reforzamos-nuestro-compromiso-con-la-etica-y-la-sostenibilidad\/"]}]},{"@type":"ImageObject","inLanguage":"es-PE","@id":"https:\/\/www.metrica-global.com\/pe\/reforzamos-nuestro-compromiso-con-la-etica-y-la-sostenibilidad\/#primaryimage","url":"https:\/\/www.metrica-global.com\/wp-content\/uploads\/2025\/02\/BANNER-ECOVADIS-scaled-1.jpg","contentUrl":"https:\/\/www.metrica-global.com\/wp-content\/uploads\/2025\/02\/BANNER-ECOVADIS-scaled-1.jpg","width":2560,"height":979,"caption":"BANNER ECOVADIS scaled 1"},{"@type":"BreadcrumbList","@id":"https:\/\/www.metrica-global.com\/pe\/reforzamos-nuestro-compromiso-con-la-etica-y-la-sostenibilidad\/#breadcrumb","itemListElement":[{"@type":"ListItem","position":1,"name":"Portada","item":"https:\/\/www.metrica-global.com\/en\/"},{"@type":"ListItem","position":2,"name":"Reforzamos nuestro compromiso con la \u00e9tica y la sostenibilidad"}]},{"@type":"WebSite","@id":"https:\/\/www.metrica-global.com\/#website","url":"https:\/\/www.metrica-global.com\/","name":"METRICA","description":"Servicios Globales IT","publisher":{"@id":"https:\/\/www.metrica-global.com\/#organization"},"potentialAction":[{"@type":"SearchAction","target":{"@type":"EntryPoint","urlTemplate":"https:\/\/www.metrica-global.com\/?s={search_term_string}"},"query-input":{"@type":"PropertyValueSpecification","valueRequired":true,"valueName":"search_term_string"}}],"inLanguage":"es-PE"},{"@type":"Organization","@id":"https:\/\/www.metrica-global.com\/#organization","name":"METRICA","url":"https:\/\/www.metrica-global.com\/","logo":{"@type":"ImageObject","inLanguage":"es-PE","@id":"https:\/\/www.metrica-global.com\/#\/schema\/logo\/image\/","url":"https:\/\/www.metrica-global.com\/wp-content\/uploads\/2023\/12\/logo-metrica.png","contentUrl":"https:\/\/www.metrica-global.com\/wp-content\/uploads\/2023\/12\/logo-metrica.png","width":332,"height":58,"caption":"METRICA"},"image":{"@id":"https:\/\/www.metrica-global.com\/#\/schema\/logo\/image\/"}},{"@type":"Person","@id":"https:\/\/www.metrica-global.com\/#\/schema\/person\/78e8e629d9e5908167469b249f6f2cdc","name":"desarrollo","image":{"@type":"ImageObject","inLanguage":"es-PE","@id":"https:\/\/www.metrica-global.com\/#\/schema\/person\/image\/","url":"https:\/\/secure.gravatar.com\/avatar\/d2653fb8f170e1382a31acc69dcf92e99545e6329805eb11d8a34443b058f3de?s=96&d=mm&r=g","contentUrl":"https:\/\/secure.gravatar.com\/avatar\/d2653fb8f170e1382a31acc69dcf92e99545e6329805eb11d8a34443b058f3de?s=96&d=mm&r=g","caption":"desarrollo"},"url":"https:\/\/www.metrica-global.com\/pe\/author\/desarrollo\/"}]}},"_links":{"self":[{"href":"https:\/\/www.metrica-global.com\/pe\/wp-json\/wp\/v2\/posts\/7543","targetHints":{"allow":["GET"]}}],"collection":[{"href":"https:\/\/www.metrica-global.com\/pe\/wp-json\/wp\/v2\/posts"}],"about":[{"href":"https:\/\/www.metrica-global.com\/pe\/wp-json\/wp\/v2\/types\/post"}],"author":[{"embeddable":true,"href":"https:\/\/www.metrica-global.com\/pe\/wp-json\/wp\/v2\/users\/1"}],"replies":[{"embeddable":true,"href":"https:\/\/www.metrica-global.com\/pe\/wp-json\/wp\/v2\/comments?post=7543"}],"version-history":[{"count":1,"href":"https:\/\/www.metrica-global.com\/pe\/wp-json\/wp\/v2\/posts\/7543\/revisions"}],"predecessor-version":[{"id":8031,"href":"https:\/\/www.metrica-global.com\/pe\/wp-json\/wp\/v2\/posts\/7543\/revisions\/8031"}],"wp:featuredmedia":[{"embeddable":true,"href":"https:\/\/www.metrica-global.com\/pe\/wp-json\/wp\/v2\/media\/7544"}],"wp:attachment":[{"href":"https:\/\/www.metrica-global.com\/pe\/wp-json\/wp\/v2\/media?parent=7543"}],"wp:term":[{"taxonomy":"category","embeddable":true,"href":"https:\/\/www.metrica-global.com\/pe\/wp-json\/wp\/v2\/categories?post=7543"},{"taxonomy":"post_tag","embeddable":true,"href":"https:\/\/www.metrica-global.com\/pe\/wp-json\/wp\/v2\/tags?post=7543"}],"curies":[{"name":"wp","href":"https:\/\/api.w.org\/{rel}","templated":true}]}}