{"id":7549,"date":"2025-02-14T12:39:06","date_gmt":"2025-02-14T11:39:06","guid":{"rendered":"https:\/\/www.metrica-global.com\/la-tecnologia-5g-aliado-en-sostenibilidad\/"},"modified":"2025-06-17T11:25:51","modified_gmt":"2025-06-17T11:25:51","slug":"la-tecnologia-5g-aliado-en-sostenibilidad","status":"publish","type":"post","link":"https:\/\/www.metrica-global.com\/pe\/la-tecnologia-5g-aliado-en-sostenibilidad\/","title":{"rendered":"La tecnolog\u00eda 5G: un nuevo aliado en sostenibilidad"},"content":{"rendered":"\r\n<p>En un mundo cada vez m\u00e1s interconectado, la tecnolog\u00eda 5G no solo ha revolucionado la velocidad y la conectividad, sino que tambi\u00e9n est\u00e1 marcando un antes y un despu\u00e9s en t\u00e9rminos de sostenibilidad. En <strong>METRICA<\/strong>, estamos convencidos de que la innovaci\u00f3n tecnol\u00f3gica debe ir de la mano con el cuidado del medio ambiente. Por eso, queremos destacar c\u00f3mo el 5G est\u00e1 transformando el futuro no solo a trav\u00e9s de su capacidad t\u00e9cnica, sino tambi\u00e9n por su impacto positivo en la sostenibilidad.<\/p>\r\n\r\n\r\n\r\n<h3 class=\"wp-block-heading\">\u00bfPor qu\u00e9 el 5G es una tecnolog\u00eda m\u00e1s sostenible?<\/h3>\r\n\r\n\r\n\r\n<p>El 5G no es solo sin\u00f3nimo de velocidad ultrarr\u00e1pida y baja latencia. Su dise\u00f1o tambi\u00e9n prioriza la eficiencia energ\u00e9tica y la reducci\u00f3n del impacto ambiental. A continuaci\u00f3n, te presentamos <strong>5 razones clave por las que el 5G est\u00e1 contribuyendo a un mundo m\u00e1s sostenible<\/strong>:<\/p>\r\n\r\n\r\n\r\n<h4 class=\"wp-block-heading\">1. <strong>Eficiencia energ\u00e9tica mejorada<\/strong><\/h4>\r\n\r\n\r\n\r\n<p>El 5G est\u00e1 optimizado para consumir hasta un <strong>90% menos de energ\u00eda por bit transmitido<\/strong> en comparaci\u00f3n con las redes 4G. Este menor consumo el\u00e9ctrico reduce significativamente la demanda de energ\u00eda, disminuyendo el impacto ambiental asociado a la operaci\u00f3n de las telecomunicaciones.<\/p>\r\n\r\n\r\n\r\n<h4 class=\"wp-block-heading\">2. <strong>Gesti\u00f3n inteligente de redes<\/strong><\/h4>\r\n\r\n\r\n\r\n<p>Gracias a su tecnolog\u00eda avanzada, las antenas 5G pueden <strong>desactivarse autom\u00e1ticamente cuando no est\u00e1n en uso<\/strong>, evitando el consumo innecesario de energ\u00eda. Esto no solo aumenta la eficiencia, sino que tambi\u00e9n minimiza las emisiones asociadas al funcionamiento continuo de la infraestructura.<\/p>\r\n\r\n\r\n\r\n<h4 class=\"wp-block-heading\">3. <strong>Reducci\u00f3n de emisiones de carbono<\/strong><\/h4>\r\n\r\n\r\n\r\n<p>El 5G mejora la transmisi\u00f3n de datos y reduce la latencia, lo que facilita procesos industriales m\u00e1s r\u00e1pidos y eficientes. Esto se traduce en una menor huella de carbono, especialmente en sectores como la log\u00edstica, la manufactura y las comunicaciones.<\/p>\r\n\r\n\r\n\r\n<h4 class=\"wp-block-heading\">4. <strong>Impulso a las ciudades inteligentes<\/strong><\/h4>\r\n\r\n\r\n\r\n<p>La conectividad avanzada del 5G permite la creaci\u00f3n de infraestructuras urbanas sostenibles, como sistemas de transporte inteligente, alumbrado p\u00fablico automatizado y una gesti\u00f3n m\u00e1s eficiente del tr\u00e1fico. Todo esto contribuye a una <strong>reducci\u00f3n del consumo energ\u00e9tico<\/strong> en las ciudades.<\/p>\r\n\r\n\r\n\r\n<h4 class=\"wp-block-heading\">5. <strong>Facilitador de la digitalizaci\u00f3n<\/strong><\/h4>\r\n\r\n\r\n\r\n<p>El 5G fomenta el trabajo remoto, la educaci\u00f3n a distancia y la telemedicina, reduciendo la necesidad de desplazamientos f\u00edsicos. Esto impacta directamente en la disminuci\u00f3n de emisiones contaminantes relacionadas con el transporte.<\/p>\r\n\r\n\r\n\r\n<h3 class=\"wp-block-heading\">El Compromiso de METRICA con un Futuro Sostenible<\/h3>\r\n\r\n\r\n\r\n<p>En <strong>METRICA<\/strong>, la sostenibilidad es un pilar fundamental de nuestra estrategia. Nos esforzamos por desarrollar soluciones tecnol\u00f3gicas que no solo impulsen la innovaci\u00f3n, sino que tambi\u00e9n respeten y protejan nuestro planeta.<\/p>\r\n\r\n\r\n\r\n<p>La implementaci\u00f3n del 5G es un claro ejemplo de c\u00f3mo la tecnolog\u00eda puede ser una aliada en la lucha por un futuro m\u00e1s verde. Pero no nos detenemos aqu\u00ed. Continuamos explorando nuevas formas de integrar la sostenibilidad en todos nuestros proyectos, promoviendo un enfoque responsable en el uso de tecnolog\u00eda.<\/p>\r\n\r\n\r\n\r\n<p>Porque creemos firmemente que el futuro debe ser tanto <strong>digital<\/strong> como <strong>sostenible<\/strong>. \u00a1Sigamos construy\u00e9ndolo juntos!<\/p>\r\n","protected":false},"excerpt":{"rendered":"<p>En un mundo cada vez m\u00e1s interconectado, la tecnolog\u00eda 5G no solo ha revolucionado la velocidad y la conectividad, sino que tambi\u00e9n est\u00e1 marcando un antes y un despu\u00e9s en t\u00e9rminos de sostenibilidad.<\/p>\n","protected":false},"author":1,"featured_media":7550,"comment_status":"open","ping_status":"open","sticky":false,"template":"","format":"standard","meta":{"content-type":"","footnotes":""},"categories":[1828],"tags":[1829,1213,1854,1832,1575,1855,1162,1856,1245,1221,1835,1857],"class_list":["post-7549","post","type-post","status-publish","format-standard","has-post-thumbnail","hentry","category-sostenibilidad-pe","tag-5g-pe","tag-ambito-tecnologico-pe","tag-digitalizacion-pe","tag-eficiencia-energetica-pe","tag-medio-ambiente-pe","tag-reduccion-de-emisiones-pe","tag-sector-it-pe","tag-smart-cities-pe","tag-sostenibilidad-pe","tag-tecnologia-pe","tag-tecnologia-5g-pe","tag-tecnologia-sostenible-pe"],"yoast_head":"<!-- This site is optimized with the Yoast SEO plugin v25.9 - https:\/\/yoast.com\/wordpress\/plugins\/seo\/ -->\n<title>La tecnolog\u00eda 5G: un nuevo aliado en sostenibilidad - METRICA<\/title>\n<meta name=\"robots\" content=\"index, follow, max-snippet:-1, max-image-preview:large, max-video-preview:-1\" \/>\n<link rel=\"canonical\" href=\"https:\/\/www.metrica-global.com\/pe\/la-tecnologia-5g-aliado-en-sostenibilidad\/\" \/>\n<meta property=\"og:locale\" content=\"es_ES\" \/>\n<meta property=\"og:type\" content=\"article\" \/>\n<meta property=\"og:title\" content=\"La tecnolog\u00eda 5G: un nuevo aliado en sostenibilidad - METRICA\" \/>\n<meta property=\"og:description\" content=\"En un mundo cada vez m\u00e1s interconectado, la tecnolog\u00eda 5G no solo ha revolucionado la velocidad y la conectividad, sino que tambi\u00e9n est\u00e1 marcando un antes y un despu\u00e9s en t\u00e9rminos de sostenibilidad.\" \/>\n<meta property=\"og:url\" content=\"https:\/\/www.metrica-global.com\/pe\/la-tecnologia-5g-aliado-en-sostenibilidad\/\" \/>\n<meta property=\"og:site_name\" content=\"METRICA\" \/>\n<meta property=\"article:published_time\" content=\"2025-02-14T11:39:06+00:00\" \/>\n<meta property=\"article:modified_time\" content=\"2025-06-17T11:25:51+00:00\" \/>\n<meta property=\"og:image\" content=\"https:\/\/www.metrica-global.com\/wp-content\/uploads\/2025\/02\/BANNER-5G-SOST-scaled-1.jpg\" \/>\n\t<meta property=\"og:image:width\" content=\"2560\" \/>\n\t<meta property=\"og:image:height\" content=\"1141\" \/>\n\t<meta property=\"og:image:type\" content=\"image\/jpeg\" \/>\n<meta name=\"author\" content=\"desarrollo\" \/>\n<meta name=\"twitter:card\" content=\"summary_large_image\" \/>\n<meta name=\"twitter:label1\" content=\"Written by\" \/>\n\t<meta name=\"twitter:data1\" content=\"desarrollo\" \/>\n\t<meta name=\"twitter:label2\" content=\"Est. reading time\" \/>\n\t<meta name=\"twitter:data2\" content=\"3 minutes\" \/>\n<script type=\"application\/ld+json\" class=\"yoast-schema-graph\">{\"@context\":\"https:\/\/schema.org\",\"@graph\":[{\"@type\":\"Article\",\"@id\":\"https:\/\/www.metrica-global.com\/pe\/la-tecnologia-5g-aliado-en-sostenibilidad\/#article\",\"isPartOf\":{\"@id\":\"https:\/\/www.metrica-global.com\/pe\/la-tecnologia-5g-aliado-en-sostenibilidad\/\"},\"author\":{\"name\":\"desarrollo\",\"@id\":\"https:\/\/www.metrica-global.com\/#\/schema\/person\/78e8e629d9e5908167469b249f6f2cdc\"},\"headline\":\"La tecnolog\u00eda 5G: un nuevo aliado en sostenibilidad\",\"datePublished\":\"2025-02-14T11:39:06+00:00\",\"dateModified\":\"2025-06-17T11:25:51+00:00\",\"mainEntityOfPage\":{\"@id\":\"https:\/\/www.metrica-global.com\/pe\/la-tecnologia-5g-aliado-en-sostenibilidad\/\"},\"wordCount\":518,\"commentCount\":0,\"publisher\":{\"@id\":\"https:\/\/www.metrica-global.com\/#organization\"},\"image\":{\"@id\":\"https:\/\/www.metrica-global.com\/pe\/la-tecnologia-5g-aliado-en-sostenibilidad\/#primaryimage\"},\"thumbnailUrl\":\"https:\/\/www.metrica-global.com\/wp-content\/uploads\/2025\/02\/BANNER-5G-SOST-scaled-1.jpg\",\"keywords\":[\"5G\",\"\u00c1mbito Tecnol\u00f3gico\",\"Digitalizaci\u00f3n\",\"Eficiencia energetica\",\"Medio Ambiente\",\"Reducci\u00f3n de Emisiones\",\"Sector IT\",\"Smart-cities\",\"Sostenibilidad\",\"Tecnolog\u00eda\",\"Tecnolog\u00eda 5G\",\"Tecnolog\u00eda Sostenible\"],\"articleSection\":[\"Sostenibilidad\"],\"inLanguage\":\"es-PE\",\"potentialAction\":[{\"@type\":\"CommentAction\",\"name\":\"Comment\",\"target\":[\"https:\/\/www.metrica-global.com\/pe\/la-tecnologia-5g-aliado-en-sostenibilidad\/#respond\"]}]},{\"@type\":\"WebPage\",\"@id\":\"https:\/\/www.metrica-global.com\/pe\/la-tecnologia-5g-aliado-en-sostenibilidad\/\",\"url\":\"https:\/\/www.metrica-global.com\/pe\/la-tecnologia-5g-aliado-en-sostenibilidad\/\",\"name\":\"La tecnolog\u00eda 5G: un nuevo aliado en sostenibilidad - METRICA\",\"isPartOf\":{\"@id\":\"https:\/\/www.metrica-global.com\/#website\"},\"primaryImageOfPage\":{\"@id\":\"https:\/\/www.metrica-global.com\/pe\/la-tecnologia-5g-aliado-en-sostenibilidad\/#primaryimage\"},\"image\":{\"@id\":\"https:\/\/www.metrica-global.com\/pe\/la-tecnologia-5g-aliado-en-sostenibilidad\/#primaryimage\"},\"thumbnailUrl\":\"https:\/\/www.metrica-global.com\/wp-content\/uploads\/2025\/02\/BANNER-5G-SOST-scaled-1.jpg\",\"datePublished\":\"2025-02-14T11:39:06+00:00\",\"dateModified\":\"2025-06-17T11:25:51+00:00\",\"breadcrumb\":{\"@id\":\"https:\/\/www.metrica-global.com\/pe\/la-tecnologia-5g-aliado-en-sostenibilidad\/#breadcrumb\"},\"inLanguage\":\"es-PE\",\"potentialAction\":[{\"@type\":\"ReadAction\",\"target\":[\"https:\/\/www.metrica-global.com\/pe\/la-tecnologia-5g-aliado-en-sostenibilidad\/\"]}]},{\"@type\":\"ImageObject\",\"inLanguage\":\"es-PE\",\"@id\":\"https:\/\/www.metrica-global.com\/pe\/la-tecnologia-5g-aliado-en-sostenibilidad\/#primaryimage\",\"url\":\"https:\/\/www.metrica-global.com\/wp-content\/uploads\/2025\/02\/BANNER-5G-SOST-scaled-1.jpg\",\"contentUrl\":\"https:\/\/www.metrica-global.com\/wp-content\/uploads\/2025\/02\/BANNER-5G-SOST-scaled-1.jpg\",\"width\":2560,\"height\":1141,\"caption\":\"BANNER 5G SOST scaled 1\"},{\"@type\":\"BreadcrumbList\",\"@id\":\"https:\/\/www.metrica-global.com\/pe\/la-tecnologia-5g-aliado-en-sostenibilidad\/#breadcrumb\",\"itemListElement\":[{\"@type\":\"ListItem\",\"position\":1,\"name\":\"Portada\",\"item\":\"https:\/\/www.metrica-global.com\/en\/\"},{\"@type\":\"ListItem\",\"position\":2,\"name\":\"La tecnolog\u00eda 5G: un nuevo aliado en sostenibilidad\"}]},{\"@type\":\"WebSite\",\"@id\":\"https:\/\/www.metrica-global.com\/#website\",\"url\":\"https:\/\/www.metrica-global.com\/\",\"name\":\"METRICA\",\"description\":\"Servicios Globales IT\",\"publisher\":{\"@id\":\"https:\/\/www.metrica-global.com\/#organization\"},\"potentialAction\":[{\"@type\":\"SearchAction\",\"target\":{\"@type\":\"EntryPoint\",\"urlTemplate\":\"https:\/\/www.metrica-global.com\/?s={search_term_string}\"},\"query-input\":{\"@type\":\"PropertyValueSpecification\",\"valueRequired\":true,\"valueName\":\"search_term_string\"}}],\"inLanguage\":\"es-PE\"},{\"@type\":\"Organization\",\"@id\":\"https:\/\/www.metrica-global.com\/#organization\",\"name\":\"METRICA\",\"url\":\"https:\/\/www.metrica-global.com\/\",\"logo\":{\"@type\":\"ImageObject\",\"inLanguage\":\"es-PE\",\"@id\":\"https:\/\/www.metrica-global.com\/#\/schema\/logo\/image\/\",\"url\":\"https:\/\/www.metrica-global.com\/wp-content\/uploads\/2023\/12\/logo-metrica.png\",\"contentUrl\":\"https:\/\/www.metrica-global.com\/wp-content\/uploads\/2023\/12\/logo-metrica.png\",\"width\":332,\"height\":58,\"caption\":\"METRICA\"},\"image\":{\"@id\":\"https:\/\/www.metrica-global.com\/#\/schema\/logo\/image\/\"}},{\"@type\":\"Person\",\"@id\":\"https:\/\/www.metrica-global.com\/#\/schema\/person\/78e8e629d9e5908167469b249f6f2cdc\",\"name\":\"desarrollo\",\"image\":{\"@type\":\"ImageObject\",\"inLanguage\":\"es-PE\",\"@id\":\"https:\/\/www.metrica-global.com\/#\/schema\/person\/image\/\",\"url\":\"https:\/\/secure.gravatar.com\/avatar\/d2653fb8f170e1382a31acc69dcf92e99545e6329805eb11d8a34443b058f3de?s=96&d=mm&r=g\",\"contentUrl\":\"https:\/\/secure.gravatar.com\/avatar\/d2653fb8f170e1382a31acc69dcf92e99545e6329805eb11d8a34443b058f3de?s=96&d=mm&r=g\",\"caption\":\"desarrollo\"},\"url\":\"https:\/\/www.metrica-global.com\/pe\/author\/desarrollo\/\"}]}<\/script>\n<!-- \/ Yoast SEO plugin. -->","yoast_head_json":{"title":"La tecnolog\u00eda 5G: un nuevo aliado en sostenibilidad - METRICA","robots":{"index":"index","follow":"follow","max-snippet":"max-snippet:-1","max-image-preview":"max-image-preview:large","max-video-preview":"max-video-preview:-1"},"canonical":"https:\/\/www.metrica-global.com\/pe\/la-tecnologia-5g-aliado-en-sostenibilidad\/","og_locale":"es_ES","og_type":"article","og_title":"La tecnolog\u00eda 5G: un nuevo aliado en sostenibilidad - METRICA","og_description":"En un mundo cada vez m\u00e1s interconectado, la tecnolog\u00eda 5G no solo ha revolucionado la velocidad y la conectividad, sino que tambi\u00e9n est\u00e1 marcando un antes y un despu\u00e9s en t\u00e9rminos de sostenibilidad.","og_url":"https:\/\/www.metrica-global.com\/pe\/la-tecnologia-5g-aliado-en-sostenibilidad\/","og_site_name":"METRICA","article_published_time":"2025-02-14T11:39:06+00:00","article_modified_time":"2025-06-17T11:25:51+00:00","og_image":[{"width":2560,"height":1141,"url":"https:\/\/www.metrica-global.com\/wp-content\/uploads\/2025\/02\/BANNER-5G-SOST-scaled-1.jpg","type":"image\/jpeg"}],"author":"desarrollo","twitter_card":"summary_large_image","twitter_misc":{"Written by":"desarrollo","Est. reading time":"3 minutes"},"schema":{"@context":"https:\/\/schema.org","@graph":[{"@type":"Article","@id":"https:\/\/www.metrica-global.com\/pe\/la-tecnologia-5g-aliado-en-sostenibilidad\/#article","isPartOf":{"@id":"https:\/\/www.metrica-global.com\/pe\/la-tecnologia-5g-aliado-en-sostenibilidad\/"},"author":{"name":"desarrollo","@id":"https:\/\/www.metrica-global.com\/#\/schema\/person\/78e8e629d9e5908167469b249f6f2cdc"},"headline":"La tecnolog\u00eda 5G: un nuevo aliado en sostenibilidad","datePublished":"2025-02-14T11:39:06+00:00","dateModified":"2025-06-17T11:25:51+00:00","mainEntityOfPage":{"@id":"https:\/\/www.metrica-global.com\/pe\/la-tecnologia-5g-aliado-en-sostenibilidad\/"},"wordCount":518,"commentCount":0,"publisher":{"@id":"https:\/\/www.metrica-global.com\/#organization"},"image":{"@id":"https:\/\/www.metrica-global.com\/pe\/la-tecnologia-5g-aliado-en-sostenibilidad\/#primaryimage"},"thumbnailUrl":"https:\/\/www.metrica-global.com\/wp-content\/uploads\/2025\/02\/BANNER-5G-SOST-scaled-1.jpg","keywords":["5G","\u00c1mbito Tecnol\u00f3gico","Digitalizaci\u00f3n","Eficiencia energetica","Medio Ambiente","Reducci\u00f3n de Emisiones","Sector IT","Smart-cities","Sostenibilidad","Tecnolog\u00eda","Tecnolog\u00eda 5G","Tecnolog\u00eda Sostenible"],"articleSection":["Sostenibilidad"],"inLanguage":"es-PE","potentialAction":[{"@type":"CommentAction","name":"Comment","target":["https:\/\/www.metrica-global.com\/pe\/la-tecnologia-5g-aliado-en-sostenibilidad\/#respond"]}]},{"@type":"WebPage","@id":"https:\/\/www.metrica-global.com\/pe\/la-tecnologia-5g-aliado-en-sostenibilidad\/","url":"https:\/\/www.metrica-global.com\/pe\/la-tecnologia-5g-aliado-en-sostenibilidad\/","name":"La tecnolog\u00eda 5G: un nuevo aliado en sostenibilidad - METRICA","isPartOf":{"@id":"https:\/\/www.metrica-global.com\/#website"},"primaryImageOfPage":{"@id":"https:\/\/www.metrica-global.com\/pe\/la-tecnologia-5g-aliado-en-sostenibilidad\/#primaryimage"},"image":{"@id":"https:\/\/www.metrica-global.com\/pe\/la-tecnologia-5g-aliado-en-sostenibilidad\/#primaryimage"},"thumbnailUrl":"https:\/\/www.metrica-global.com\/wp-content\/uploads\/2025\/02\/BANNER-5G-SOST-scaled-1.jpg","datePublished":"2025-02-14T11:39:06+00:00","dateModified":"2025-06-17T11:25:51+00:00","breadcrumb":{"@id":"https:\/\/www.metrica-global.com\/pe\/la-tecnologia-5g-aliado-en-sostenibilidad\/#breadcrumb"},"inLanguage":"es-PE","potentialAction":[{"@type":"ReadAction","target":["https:\/\/www.metrica-global.com\/pe\/la-tecnologia-5g-aliado-en-sostenibilidad\/"]}]},{"@type":"ImageObject","inLanguage":"es-PE","@id":"https:\/\/www.metrica-global.com\/pe\/la-tecnologia-5g-aliado-en-sostenibilidad\/#primaryimage","url":"https:\/\/www.metrica-global.com\/wp-content\/uploads\/2025\/02\/BANNER-5G-SOST-scaled-1.jpg","contentUrl":"https:\/\/www.metrica-global.com\/wp-content\/uploads\/2025\/02\/BANNER-5G-SOST-scaled-1.jpg","width":2560,"height":1141,"caption":"BANNER 5G SOST scaled 1"},{"@type":"BreadcrumbList","@id":"https:\/\/www.metrica-global.com\/pe\/la-tecnologia-5g-aliado-en-sostenibilidad\/#breadcrumb","itemListElement":[{"@type":"ListItem","position":1,"name":"Portada","item":"https:\/\/www.metrica-global.com\/en\/"},{"@type":"ListItem","position":2,"name":"La tecnolog\u00eda 5G: un nuevo aliado en sostenibilidad"}]},{"@type":"WebSite","@id":"https:\/\/www.metrica-global.com\/#website","url":"https:\/\/www.metrica-global.com\/","name":"METRICA","description":"Servicios Globales IT","publisher":{"@id":"https:\/\/www.metrica-global.com\/#organization"},"potentialAction":[{"@type":"SearchAction","target":{"@type":"EntryPoint","urlTemplate":"https:\/\/www.metrica-global.com\/?s={search_term_string}"},"query-input":{"@type":"PropertyValueSpecification","valueRequired":true,"valueName":"search_term_string"}}],"inLanguage":"es-PE"},{"@type":"Organization","@id":"https:\/\/www.metrica-global.com\/#organization","name":"METRICA","url":"https:\/\/www.metrica-global.com\/","logo":{"@type":"ImageObject","inLanguage":"es-PE","@id":"https:\/\/www.metrica-global.com\/#\/schema\/logo\/image\/","url":"https:\/\/www.metrica-global.com\/wp-content\/uploads\/2023\/12\/logo-metrica.png","contentUrl":"https:\/\/www.metrica-global.com\/wp-content\/uploads\/2023\/12\/logo-metrica.png","width":332,"height":58,"caption":"METRICA"},"image":{"@id":"https:\/\/www.metrica-global.com\/#\/schema\/logo\/image\/"}},{"@type":"Person","@id":"https:\/\/www.metrica-global.com\/#\/schema\/person\/78e8e629d9e5908167469b249f6f2cdc","name":"desarrollo","image":{"@type":"ImageObject","inLanguage":"es-PE","@id":"https:\/\/www.metrica-global.com\/#\/schema\/person\/image\/","url":"https:\/\/secure.gravatar.com\/avatar\/d2653fb8f170e1382a31acc69dcf92e99545e6329805eb11d8a34443b058f3de?s=96&d=mm&r=g","contentUrl":"https:\/\/secure.gravatar.com\/avatar\/d2653fb8f170e1382a31acc69dcf92e99545e6329805eb11d8a34443b058f3de?s=96&d=mm&r=g","caption":"desarrollo"},"url":"https:\/\/www.metrica-global.com\/pe\/author\/desarrollo\/"}]}},"_links":{"self":[{"href":"https:\/\/www.metrica-global.com\/pe\/wp-json\/wp\/v2\/posts\/7549","targetHints":{"allow":["GET"]}}],"collection":[{"href":"https:\/\/www.metrica-global.com\/pe\/wp-json\/wp\/v2\/posts"}],"about":[{"href":"https:\/\/www.metrica-global.com\/pe\/wp-json\/wp\/v2\/types\/post"}],"author":[{"embeddable":true,"href":"https:\/\/www.metrica-global.com\/pe\/wp-json\/wp\/v2\/users\/1"}],"replies":[{"embeddable":true,"href":"https:\/\/www.metrica-global.com\/pe\/wp-json\/wp\/v2\/comments?post=7549"}],"version-history":[{"count":1,"href":"https:\/\/www.metrica-global.com\/pe\/wp-json\/wp\/v2\/posts\/7549\/revisions"}],"predecessor-version":[{"id":8032,"href":"https:\/\/www.metrica-global.com\/pe\/wp-json\/wp\/v2\/posts\/7549\/revisions\/8032"}],"wp:featuredmedia":[{"embeddable":true,"href":"https:\/\/www.metrica-global.com\/pe\/wp-json\/wp\/v2\/media\/7550"}],"wp:attachment":[{"href":"https:\/\/www.metrica-global.com\/pe\/wp-json\/wp\/v2\/media?parent=7549"}],"wp:term":[{"taxonomy":"category","embeddable":true,"href":"https:\/\/www.metrica-global.com\/pe\/wp-json\/wp\/v2\/categories?post=7549"},{"taxonomy":"post_tag","embeddable":true,"href":"https:\/\/www.metrica-global.com\/pe\/wp-json\/wp\/v2\/tags?post=7549"}],"curies":[{"name":"wp","href":"https:\/\/api.w.org\/{rel}","templated":true}]}}