{"id":7573,"date":"2024-10-16T15:11:11","date_gmt":"2024-10-16T13:11:11","guid":{"rendered":"https:\/\/www.metrica-global.com\/memoria-de-sostenibilidad-2023-compromiso-con-el-futuro\/"},"modified":"2025-06-17T11:25:59","modified_gmt":"2025-06-17T11:25:59","slug":"memoria-de-sostenibilidad-2023-compromiso-con-el-futuro","status":"publish","type":"post","link":"https:\/\/www.metrica-global.com\/pe\/memoria-de-sostenibilidad-2023-compromiso-con-el-futuro\/","title":{"rendered":"Memoria de Sostenibilidad 2023: Compromiso con el Futuro"},"content":{"rendered":"\r\n<p>Hoy en M\u00e9trica, celebramos la publicaci\u00f3n de nuestra Memoria de Sostenibilidad 2023, un documento clave que refleja nuestro compromiso con la sostenibilidad y el desarrollo responsable. Este informe detalla nuestras iniciativas en \u00e1reas cruciales como el medio ambiente, la acci\u00f3n social y la buena gobernanza, reafirmando nuestra apuesta por un cambio positivo.<\/p>\r\n\r\n\r\n\r\n<p>A trav\u00e9s del programa &#8220;The Metrica Change&#8221;, hemos implementado acciones concretas que van desde la reducci\u00f3n de nuestra huella de carbono hasta la promoci\u00f3n del voluntariado corporativo. Estos esfuerzos tienen un solo prop\u00f3sito: contribuir a un futuro m\u00e1s inclusivo y sostenible. La transparencia es fundamental en nuestro enfoque, por lo que el informe no solo resalta nuestros logros, sino tambi\u00e9n los desaf\u00edos y aprendizajes que nos ayudan a seguir mejorando.<\/p>\r\n\r\n\r\n\r\n<p>Descargar la Memoria de Sostenibilidad 2023 es una oportunidad para conocer en detalle nuestras pol\u00edticas de sostenibilidad y los avances que estamos logrando. Disponible en la secci\u00f3n de Sostenibilidad de nuestra p\u00e1gina web, este informe es m\u00e1s que un reflejo de nuestros esfuerzos; es una invitaci\u00f3n a sumarse a un cambio real.<\/p>\r\n\r\n\r\n\r\n<p>Explorar nuestras iniciativas sostenibles no solo contribuye al desarrollo de nuestras comunidades, sino que tambi\u00e9n impulsa a M\u00e9trica hacia una gesti\u00f3n m\u00e1s \u00e9tica y responsable. \u00a1Descubre m\u00e1s y \u00fanete a nuestro compromiso con el futuro!<\/p>\r\n\r\n\r\n\r\n<div data-wp-interactive=\"core\/file\" class=\"wp-block-file\"><object data-wp-bind--hidden=\"!state.hasPdfPreview\" hidden class=\"wp-block-file__embed\" style=\"width: 100%; height: 600px;\" data=\"https:\/\/themetricachange.com\/wp-content\/uploads\/2024\/10\/Version-final-MEMORIA-SOSTENIBILIDAD-2023.pdf\" type=\"application\/pdf\" width=\"300\" height=\"150\" aria-label=\"Embed of Versi\u00f3n final - MEMORIA SOSTENIBILIDAD 2023.\"><\/object><a id=\"wp-block-file--media-3fb223b8-38ee-4f52-a536-37d5c9d13627\" href=\"https:\/\/themetricachange.com\/wp-content\/uploads\/2024\/10\/Version-final-MEMORIA-SOSTENIBILIDAD-2023.pdf\">Versi\u00f3n final &#8211; MEMORIA SOSTENIBILIDAD 2023<\/a><a class=\"wp-block-file__button wp-element-button\" href=\"https:\/\/themetricachange.com\/wp-content\/uploads\/2024\/10\/Version-final-MEMORIA-SOSTENIBILIDAD-2023.pdf\" download=\"\" aria-describedby=\"wp-block-file--media-3fb223b8-38ee-4f52-a536-37d5c9d13627\">Descarga<\/a><\/div>\r\n","protected":false},"excerpt":{"rendered":"<p>Celebramos la publicaci\u00f3n de nuestra Memoria de Sostenibilidad 2023, un documento clave que refleja nuestro compromiso con la sostenibilidad y el desarrollo responsable.<\/p>\n","protected":false},"author":1,"featured_media":7574,"comment_status":"open","ping_status":"open","sticky":false,"template":"","format":"standard","meta":{"content-type":"","footnotes":""},"categories":[1828],"tags":[1277,1891,1415,1892,1281,1575,1310,1245,1221,1424],"class_list":["post-7573","post","type-post","status-publish","format-standard","has-post-thumbnail","hentry","category-sostenibilidad-pe","tag-accion-social-pe","tag-buen-gobierno-pe","tag-esg-pe","tag-huella-de-carbono-pe","tag-inclusion-pe","tag-medio-ambiente-pe","tag-responsabilidad-corporativa-pe","tag-sostenibilidad-pe","tag-tecnologia-pe","tag-voluntariado-pe"],"yoast_head":"<!-- This site is optimized with the Yoast SEO plugin v25.9 - https:\/\/yoast.com\/wordpress\/plugins\/seo\/ -->\n<title>Memoria de Sostenibilidad 2023: Compromiso con el Futuro - METRICA<\/title>\n<meta name=\"robots\" content=\"index, follow, max-snippet:-1, max-image-preview:large, max-video-preview:-1\" \/>\n<link rel=\"canonical\" href=\"https:\/\/www.metrica-global.com\/pe\/memoria-de-sostenibilidad-2023-compromiso-con-el-futuro\/\" \/>\n<meta property=\"og:locale\" content=\"es_ES\" \/>\n<meta property=\"og:type\" content=\"article\" \/>\n<meta property=\"og:title\" content=\"Memoria de Sostenibilidad 2023: Compromiso con el Futuro - METRICA\" \/>\n<meta property=\"og:description\" content=\"Celebramos la publicaci\u00f3n de nuestra Memoria de Sostenibilidad 2023, un documento clave que refleja nuestro compromiso con la sostenibilidad y el desarrollo responsable.\" \/>\n<meta property=\"og:url\" content=\"https:\/\/www.metrica-global.com\/pe\/memoria-de-sostenibilidad-2023-compromiso-con-el-futuro\/\" \/>\n<meta property=\"og:site_name\" content=\"METRICA\" \/>\n<meta property=\"article:published_time\" content=\"2024-10-16T13:11:11+00:00\" \/>\n<meta property=\"article:modified_time\" content=\"2025-06-17T11:25:59+00:00\" \/>\n<meta property=\"og:image\" content=\"https:\/\/www.metrica-global.com\/wp-content\/uploads\/2024\/10\/BANNER-MEMORIA-scaled-1.jpg\" \/>\n\t<meta property=\"og:image:width\" content=\"2560\" \/>\n\t<meta property=\"og:image:height\" content=\"996\" \/>\n\t<meta property=\"og:image:type\" content=\"image\/jpeg\" \/>\n<meta name=\"author\" content=\"desarrollo\" \/>\n<meta name=\"twitter:card\" content=\"summary_large_image\" \/>\n<meta name=\"twitter:label1\" content=\"Written by\" \/>\n\t<meta name=\"twitter:data1\" content=\"desarrollo\" \/>\n\t<meta name=\"twitter:label2\" content=\"Est. reading time\" \/>\n\t<meta name=\"twitter:data2\" content=\"2 minutes\" \/>\n<script type=\"application\/ld+json\" class=\"yoast-schema-graph\">{\"@context\":\"https:\/\/schema.org\",\"@graph\":[{\"@type\":\"Article\",\"@id\":\"https:\/\/www.metrica-global.com\/pe\/memoria-de-sostenibilidad-2023-compromiso-con-el-futuro\/#article\",\"isPartOf\":{\"@id\":\"https:\/\/www.metrica-global.com\/pe\/memoria-de-sostenibilidad-2023-compromiso-con-el-futuro\/\"},\"author\":{\"name\":\"desarrollo\",\"@id\":\"https:\/\/www.metrica-global.com\/#\/schema\/person\/78e8e629d9e5908167469b249f6f2cdc\"},\"headline\":\"Memoria de Sostenibilidad 2023: Compromiso con el Futuro\",\"datePublished\":\"2024-10-16T13:11:11+00:00\",\"dateModified\":\"2025-06-17T11:25:59+00:00\",\"mainEntityOfPage\":{\"@id\":\"https:\/\/www.metrica-global.com\/pe\/memoria-de-sostenibilidad-2023-compromiso-con-el-futuro\/\"},\"wordCount\":241,\"commentCount\":0,\"publisher\":{\"@id\":\"https:\/\/www.metrica-global.com\/#organization\"},\"image\":{\"@id\":\"https:\/\/www.metrica-global.com\/pe\/memoria-de-sostenibilidad-2023-compromiso-con-el-futuro\/#primaryimage\"},\"thumbnailUrl\":\"https:\/\/www.metrica-global.com\/wp-content\/uploads\/2024\/10\/BANNER-MEMORIA-scaled-1.jpg\",\"keywords\":[\"Acci\u00f3n Social\",\"Buen gobierno\",\"ESG\",\"Huella de Carbono\",\"Inclusi\u00f3n\",\"Medio Ambiente\",\"Responsabilidad corporativa\",\"Sostenibilidad\",\"Tecnolog\u00eda\",\"Voluntariado\"],\"articleSection\":[\"Sostenibilidad\"],\"inLanguage\":\"es-PE\",\"potentialAction\":[{\"@type\":\"CommentAction\",\"name\":\"Comment\",\"target\":[\"https:\/\/www.metrica-global.com\/pe\/memoria-de-sostenibilidad-2023-compromiso-con-el-futuro\/#respond\"]}]},{\"@type\":\"WebPage\",\"@id\":\"https:\/\/www.metrica-global.com\/pe\/memoria-de-sostenibilidad-2023-compromiso-con-el-futuro\/\",\"url\":\"https:\/\/www.metrica-global.com\/pe\/memoria-de-sostenibilidad-2023-compromiso-con-el-futuro\/\",\"name\":\"Memoria de Sostenibilidad 2023: Compromiso con el Futuro - METRICA\",\"isPartOf\":{\"@id\":\"https:\/\/www.metrica-global.com\/#website\"},\"primaryImageOfPage\":{\"@id\":\"https:\/\/www.metrica-global.com\/pe\/memoria-de-sostenibilidad-2023-compromiso-con-el-futuro\/#primaryimage\"},\"image\":{\"@id\":\"https:\/\/www.metrica-global.com\/pe\/memoria-de-sostenibilidad-2023-compromiso-con-el-futuro\/#primaryimage\"},\"thumbnailUrl\":\"https:\/\/www.metrica-global.com\/wp-content\/uploads\/2024\/10\/BANNER-MEMORIA-scaled-1.jpg\",\"datePublished\":\"2024-10-16T13:11:11+00:00\",\"dateModified\":\"2025-06-17T11:25:59+00:00\",\"breadcrumb\":{\"@id\":\"https:\/\/www.metrica-global.com\/pe\/memoria-de-sostenibilidad-2023-compromiso-con-el-futuro\/#breadcrumb\"},\"inLanguage\":\"es-PE\",\"potentialAction\":[{\"@type\":\"ReadAction\",\"target\":[\"https:\/\/www.metrica-global.com\/pe\/memoria-de-sostenibilidad-2023-compromiso-con-el-futuro\/\"]}]},{\"@type\":\"ImageObject\",\"inLanguage\":\"es-PE\",\"@id\":\"https:\/\/www.metrica-global.com\/pe\/memoria-de-sostenibilidad-2023-compromiso-con-el-futuro\/#primaryimage\",\"url\":\"https:\/\/www.metrica-global.com\/wp-content\/uploads\/2024\/10\/BANNER-MEMORIA-scaled-1.jpg\",\"contentUrl\":\"https:\/\/www.metrica-global.com\/wp-content\/uploads\/2024\/10\/BANNER-MEMORIA-scaled-1.jpg\",\"width\":2560,\"height\":996,\"caption\":\"BANNER MEMORIA scaled 1\"},{\"@type\":\"BreadcrumbList\",\"@id\":\"https:\/\/www.metrica-global.com\/pe\/memoria-de-sostenibilidad-2023-compromiso-con-el-futuro\/#breadcrumb\",\"itemListElement\":[{\"@type\":\"ListItem\",\"position\":1,\"name\":\"Portada\",\"item\":\"https:\/\/www.metrica-global.com\/en\/\"},{\"@type\":\"ListItem\",\"position\":2,\"name\":\"Memoria de Sostenibilidad 2023: Compromiso con el Futuro\"}]},{\"@type\":\"WebSite\",\"@id\":\"https:\/\/www.metrica-global.com\/#website\",\"url\":\"https:\/\/www.metrica-global.com\/\",\"name\":\"METRICA\",\"description\":\"Servicios Globales IT\",\"publisher\":{\"@id\":\"https:\/\/www.metrica-global.com\/#organization\"},\"potentialAction\":[{\"@type\":\"SearchAction\",\"target\":{\"@type\":\"EntryPoint\",\"urlTemplate\":\"https:\/\/www.metrica-global.com\/?s={search_term_string}\"},\"query-input\":{\"@type\":\"PropertyValueSpecification\",\"valueRequired\":true,\"valueName\":\"search_term_string\"}}],\"inLanguage\":\"es-PE\"},{\"@type\":\"Organization\",\"@id\":\"https:\/\/www.metrica-global.com\/#organization\",\"name\":\"METRICA\",\"url\":\"https:\/\/www.metrica-global.com\/\",\"logo\":{\"@type\":\"ImageObject\",\"inLanguage\":\"es-PE\",\"@id\":\"https:\/\/www.metrica-global.com\/#\/schema\/logo\/image\/\",\"url\":\"https:\/\/www.metrica-global.com\/wp-content\/uploads\/2023\/12\/logo-metrica.png\",\"contentUrl\":\"https:\/\/www.metrica-global.com\/wp-content\/uploads\/2023\/12\/logo-metrica.png\",\"width\":332,\"height\":58,\"caption\":\"METRICA\"},\"image\":{\"@id\":\"https:\/\/www.metrica-global.com\/#\/schema\/logo\/image\/\"}},{\"@type\":\"Person\",\"@id\":\"https:\/\/www.metrica-global.com\/#\/schema\/person\/78e8e629d9e5908167469b249f6f2cdc\",\"name\":\"desarrollo\",\"image\":{\"@type\":\"ImageObject\",\"inLanguage\":\"es-PE\",\"@id\":\"https:\/\/www.metrica-global.com\/#\/schema\/person\/image\/\",\"url\":\"https:\/\/secure.gravatar.com\/avatar\/d2653fb8f170e1382a31acc69dcf92e99545e6329805eb11d8a34443b058f3de?s=96&d=mm&r=g\",\"contentUrl\":\"https:\/\/secure.gravatar.com\/avatar\/d2653fb8f170e1382a31acc69dcf92e99545e6329805eb11d8a34443b058f3de?s=96&d=mm&r=g\",\"caption\":\"desarrollo\"},\"url\":\"https:\/\/www.metrica-global.com\/pe\/author\/desarrollo\/\"}]}<\/script>\n<!-- \/ Yoast SEO plugin. -->","yoast_head_json":{"title":"Memoria de Sostenibilidad 2023: Compromiso con el Futuro - METRICA","robots":{"index":"index","follow":"follow","max-snippet":"max-snippet:-1","max-image-preview":"max-image-preview:large","max-video-preview":"max-video-preview:-1"},"canonical":"https:\/\/www.metrica-global.com\/pe\/memoria-de-sostenibilidad-2023-compromiso-con-el-futuro\/","og_locale":"es_ES","og_type":"article","og_title":"Memoria de Sostenibilidad 2023: Compromiso con el Futuro - METRICA","og_description":"Celebramos la publicaci\u00f3n de nuestra Memoria de Sostenibilidad 2023, un documento clave que refleja nuestro compromiso con la sostenibilidad y el desarrollo responsable.","og_url":"https:\/\/www.metrica-global.com\/pe\/memoria-de-sostenibilidad-2023-compromiso-con-el-futuro\/","og_site_name":"METRICA","article_published_time":"2024-10-16T13:11:11+00:00","article_modified_time":"2025-06-17T11:25:59+00:00","og_image":[{"width":2560,"height":996,"url":"https:\/\/www.metrica-global.com\/wp-content\/uploads\/2024\/10\/BANNER-MEMORIA-scaled-1.jpg","type":"image\/jpeg"}],"author":"desarrollo","twitter_card":"summary_large_image","twitter_misc":{"Written by":"desarrollo","Est. reading time":"2 minutes"},"schema":{"@context":"https:\/\/schema.org","@graph":[{"@type":"Article","@id":"https:\/\/www.metrica-global.com\/pe\/memoria-de-sostenibilidad-2023-compromiso-con-el-futuro\/#article","isPartOf":{"@id":"https:\/\/www.metrica-global.com\/pe\/memoria-de-sostenibilidad-2023-compromiso-con-el-futuro\/"},"author":{"name":"desarrollo","@id":"https:\/\/www.metrica-global.com\/#\/schema\/person\/78e8e629d9e5908167469b249f6f2cdc"},"headline":"Memoria de Sostenibilidad 2023: Compromiso con el Futuro","datePublished":"2024-10-16T13:11:11+00:00","dateModified":"2025-06-17T11:25:59+00:00","mainEntityOfPage":{"@id":"https:\/\/www.metrica-global.com\/pe\/memoria-de-sostenibilidad-2023-compromiso-con-el-futuro\/"},"wordCount":241,"commentCount":0,"publisher":{"@id":"https:\/\/www.metrica-global.com\/#organization"},"image":{"@id":"https:\/\/www.metrica-global.com\/pe\/memoria-de-sostenibilidad-2023-compromiso-con-el-futuro\/#primaryimage"},"thumbnailUrl":"https:\/\/www.metrica-global.com\/wp-content\/uploads\/2024\/10\/BANNER-MEMORIA-scaled-1.jpg","keywords":["Acci\u00f3n Social","Buen gobierno","ESG","Huella de Carbono","Inclusi\u00f3n","Medio Ambiente","Responsabilidad corporativa","Sostenibilidad","Tecnolog\u00eda","Voluntariado"],"articleSection":["Sostenibilidad"],"inLanguage":"es-PE","potentialAction":[{"@type":"CommentAction","name":"Comment","target":["https:\/\/www.metrica-global.com\/pe\/memoria-de-sostenibilidad-2023-compromiso-con-el-futuro\/#respond"]}]},{"@type":"WebPage","@id":"https:\/\/www.metrica-global.com\/pe\/memoria-de-sostenibilidad-2023-compromiso-con-el-futuro\/","url":"https:\/\/www.metrica-global.com\/pe\/memoria-de-sostenibilidad-2023-compromiso-con-el-futuro\/","name":"Memoria de Sostenibilidad 2023: Compromiso con el Futuro - METRICA","isPartOf":{"@id":"https:\/\/www.metrica-global.com\/#website"},"primaryImageOfPage":{"@id":"https:\/\/www.metrica-global.com\/pe\/memoria-de-sostenibilidad-2023-compromiso-con-el-futuro\/#primaryimage"},"image":{"@id":"https:\/\/www.metrica-global.com\/pe\/memoria-de-sostenibilidad-2023-compromiso-con-el-futuro\/#primaryimage"},"thumbnailUrl":"https:\/\/www.metrica-global.com\/wp-content\/uploads\/2024\/10\/BANNER-MEMORIA-scaled-1.jpg","datePublished":"2024-10-16T13:11:11+00:00","dateModified":"2025-06-17T11:25:59+00:00","breadcrumb":{"@id":"https:\/\/www.metrica-global.com\/pe\/memoria-de-sostenibilidad-2023-compromiso-con-el-futuro\/#breadcrumb"},"inLanguage":"es-PE","potentialAction":[{"@type":"ReadAction","target":["https:\/\/www.metrica-global.com\/pe\/memoria-de-sostenibilidad-2023-compromiso-con-el-futuro\/"]}]},{"@type":"ImageObject","inLanguage":"es-PE","@id":"https:\/\/www.metrica-global.com\/pe\/memoria-de-sostenibilidad-2023-compromiso-con-el-futuro\/#primaryimage","url":"https:\/\/www.metrica-global.com\/wp-content\/uploads\/2024\/10\/BANNER-MEMORIA-scaled-1.jpg","contentUrl":"https:\/\/www.metrica-global.com\/wp-content\/uploads\/2024\/10\/BANNER-MEMORIA-scaled-1.jpg","width":2560,"height":996,"caption":"BANNER MEMORIA scaled 1"},{"@type":"BreadcrumbList","@id":"https:\/\/www.metrica-global.com\/pe\/memoria-de-sostenibilidad-2023-compromiso-con-el-futuro\/#breadcrumb","itemListElement":[{"@type":"ListItem","position":1,"name":"Portada","item":"https:\/\/www.metrica-global.com\/en\/"},{"@type":"ListItem","position":2,"name":"Memoria de Sostenibilidad 2023: Compromiso con el Futuro"}]},{"@type":"WebSite","@id":"https:\/\/www.metrica-global.com\/#website","url":"https:\/\/www.metrica-global.com\/","name":"METRICA","description":"Servicios Globales IT","publisher":{"@id":"https:\/\/www.metrica-global.com\/#organization"},"potentialAction":[{"@type":"SearchAction","target":{"@type":"EntryPoint","urlTemplate":"https:\/\/www.metrica-global.com\/?s={search_term_string}"},"query-input":{"@type":"PropertyValueSpecification","valueRequired":true,"valueName":"search_term_string"}}],"inLanguage":"es-PE"},{"@type":"Organization","@id":"https:\/\/www.metrica-global.com\/#organization","name":"METRICA","url":"https:\/\/www.metrica-global.com\/","logo":{"@type":"ImageObject","inLanguage":"es-PE","@id":"https:\/\/www.metrica-global.com\/#\/schema\/logo\/image\/","url":"https:\/\/www.metrica-global.com\/wp-content\/uploads\/2023\/12\/logo-metrica.png","contentUrl":"https:\/\/www.metrica-global.com\/wp-content\/uploads\/2023\/12\/logo-metrica.png","width":332,"height":58,"caption":"METRICA"},"image":{"@id":"https:\/\/www.metrica-global.com\/#\/schema\/logo\/image\/"}},{"@type":"Person","@id":"https:\/\/www.metrica-global.com\/#\/schema\/person\/78e8e629d9e5908167469b249f6f2cdc","name":"desarrollo","image":{"@type":"ImageObject","inLanguage":"es-PE","@id":"https:\/\/www.metrica-global.com\/#\/schema\/person\/image\/","url":"https:\/\/secure.gravatar.com\/avatar\/d2653fb8f170e1382a31acc69dcf92e99545e6329805eb11d8a34443b058f3de?s=96&d=mm&r=g","contentUrl":"https:\/\/secure.gravatar.com\/avatar\/d2653fb8f170e1382a31acc69dcf92e99545e6329805eb11d8a34443b058f3de?s=96&d=mm&r=g","caption":"desarrollo"},"url":"https:\/\/www.metrica-global.com\/pe\/author\/desarrollo\/"}]}},"_links":{"self":[{"href":"https:\/\/www.metrica-global.com\/pe\/wp-json\/wp\/v2\/posts\/7573","targetHints":{"allow":["GET"]}}],"collection":[{"href":"https:\/\/www.metrica-global.com\/pe\/wp-json\/wp\/v2\/posts"}],"about":[{"href":"https:\/\/www.metrica-global.com\/pe\/wp-json\/wp\/v2\/types\/post"}],"author":[{"embeddable":true,"href":"https:\/\/www.metrica-global.com\/pe\/wp-json\/wp\/v2\/users\/1"}],"replies":[{"embeddable":true,"href":"https:\/\/www.metrica-global.com\/pe\/wp-json\/wp\/v2\/comments?post=7573"}],"version-history":[{"count":2,"href":"https:\/\/www.metrica-global.com\/pe\/wp-json\/wp\/v2\/posts\/7573\/revisions"}],"predecessor-version":[{"id":8040,"href":"https:\/\/www.metrica-global.com\/pe\/wp-json\/wp\/v2\/posts\/7573\/revisions\/8040"}],"wp:featuredmedia":[{"embeddable":true,"href":"https:\/\/www.metrica-global.com\/pe\/wp-json\/wp\/v2\/media\/7574"}],"wp:attachment":[{"href":"https:\/\/www.metrica-global.com\/pe\/wp-json\/wp\/v2\/media?parent=7573"}],"wp:term":[{"taxonomy":"category","embeddable":true,"href":"https:\/\/www.metrica-global.com\/pe\/wp-json\/wp\/v2\/categories?post=7573"},{"taxonomy":"post_tag","embeddable":true,"href":"https:\/\/www.metrica-global.com\/pe\/wp-json\/wp\/v2\/tags?post=7573"}],"curies":[{"name":"wp","href":"https:\/\/api.w.org\/{rel}","templated":true}]}}