{"id":7579,"date":"2024-09-26T16:12:12","date_gmt":"2024-09-26T14:12:12","guid":{"rendered":"https:\/\/www.metrica-global.com\/metrica-y-los-objetivos-de-desarrollo-sostenible\/"},"modified":"2025-06-17T11:27:59","modified_gmt":"2025-06-17T11:27:59","slug":"metrica-y-los-objetivos-de-desarrollo-sostenible","status":"publish","type":"post","link":"https:\/\/www.metrica-global.com\/pe\/metrica-y-los-objetivos-de-desarrollo-sostenible\/","title":{"rendered":"M\u00e9trica y los Objetivos de Desarrollo Sostenible"},"content":{"rendered":"\r\n<p>En el marco del 9\u00ba aniversario de los Objetivos de Desarrollo Sostenible (ODS) de las Naciones Unidas, en M\u00e9trica reafirmamos nuestro compromiso con la sostenibilidad, el impacto social y la protecci\u00f3n del medio ambiente. Como empresa tecnol\u00f3gica, entendemos la responsabilidad que tenemos en contribuir a un futuro m\u00e1s equitativo y sostenible. En este art\u00edculo, queremos compartir c\u00f3mo integramos los ODS en nuestras operaciones y qu\u00e9 significan para nuestra organizaci\u00f3n.<\/p>\r\n\r\n\r\n\r\n<h3 class=\"wp-block-heading\">\u00bfQu\u00e9 son los ODS y por qu\u00e9 son importantes?<\/h3>\r\n\r\n\r\n\r\n<p>Los ODS son una agenda global establecida por la ONU en 2015 con el fin de abordar los mayores desaf\u00edos que enfrenta la humanidad, desde la erradicaci\u00f3n de la pobreza hasta la lucha contra el cambio clim\u00e1tico. Para M\u00e9trica, los ODS son una gu\u00eda esencial que nos ayuda a gestionar de forma responsable el impacto econ\u00f3mico, social y ambiental de nuestras actividades.<\/p>\r\n\r\n\r\n\r\n<p>Adoptar los ODS no solo refleja nuestro compromiso con el bienestar de las comunidades donde operamos, sino tambi\u00e9n con la protecci\u00f3n del planeta. Este enfoque integral nos permite crecer de manera sostenible mientras creamos valor para nuestros empleados, clientes y la sociedad en general.<\/p>\r\n\r\n\r\n\r\n<h3 class=\"wp-block-heading\">ODS que M\u00e9trica integra en sus operaciones:<\/h3>\r\n\r\n\r\n\r\n<p>En M\u00e9trica, hemos alineado nuestras acciones con los siguientes ODS:<\/p>\r\n\r\n\r\n\r\n<ul class=\"wp-block-list\">\r\n<li>Fin de la pobreza<\/li>\r\n\r\n\r\n\r\n<li>Hambre cero<\/li>\r\n\r\n\r\n\r\n<li>Salud y bienestar<\/li>\r\n\r\n\r\n\r\n<li>Educaci\u00f3n de calidad<\/li>\r\n\r\n\r\n\r\n<li>Igualdad de g\u00e9nero<\/li>\r\n\r\n\r\n\r\n<li>Reducci\u00f3n de las desigualdades<\/li>\r\n\r\n\r\n\r\n<li>Producci\u00f3n y consumo responsables<\/li>\r\n\r\n\r\n\r\n<li>Paz, justicia e instituciones s\u00f3lidas<\/li>\r\n<\/ul>\r\n\r\n\r\n\r\n<h3 class=\"wp-block-heading\">Nuestro compromiso hacia el futuro<\/h3>\r\n\r\n\r\n\r\n<p>En M\u00e9trica, estamos comprometidos a continuar avanzando en la implementaci\u00f3n de los ODS. Creemos que la sostenibilidad no es solo una obligaci\u00f3n moral, sino una oportunidad para inspirar un cambio positivo y construir un mundo m\u00e1s justo y sostenible para todos.<\/p>\r\n","protected":false},"excerpt":{"rendered":"<p>En el marco del 9\u00ba aniversario de los Objetivos de Desarrollo Sostenible (ODS) de las Naciones Unidas, en M\u00e9trica reafirmamos nuestro compromiso con la sostenibilidad, el impacto social y la protecci\u00f3n del medio ambiente. <\/p>\n","protected":false},"author":1,"featured_media":7580,"comment_status":"open","ping_status":"open","sticky":false,"template":"","format":"standard","meta":{"content-type":"","footnotes":""},"categories":[1828],"tags":[1900,1213,1901,1902,1903,1717,1575,1904,1547,1245],"class_list":["post-7579","post","type-post","status-publish","format-standard","has-post-thumbnail","hentry","category-sostenibilidad-pe","tag-agenda-2030-pe","tag-ambito-tecnologico-pe","tag-consumo-responsable-pe","tag-desarrollo-sostenible-pe","tag-educacion-pe","tag-igualdad-de-genero-pe","tag-medio-ambiente-pe","tag-naciones-unidas-pe","tag-ods-pe","tag-sostenibilidad-pe"],"yoast_head":"<!-- This site is optimized with the Yoast SEO plugin v25.9 - https:\/\/yoast.com\/wordpress\/plugins\/seo\/ -->\n<title>M\u00e9trica y los Objetivos de Desarrollo Sostenible - METRICA<\/title>\n<meta name=\"robots\" content=\"index, follow, max-snippet:-1, max-image-preview:large, max-video-preview:-1\" \/>\n<link rel=\"canonical\" href=\"https:\/\/www.metrica-global.com\/pe\/metrica-y-los-objetivos-de-desarrollo-sostenible\/\" \/>\n<meta property=\"og:locale\" content=\"es_ES\" \/>\n<meta property=\"og:type\" content=\"article\" \/>\n<meta property=\"og:title\" content=\"M\u00e9trica y los Objetivos de Desarrollo Sostenible - METRICA\" \/>\n<meta property=\"og:description\" content=\"En el marco del 9\u00ba aniversario de los Objetivos de Desarrollo Sostenible (ODS) de las Naciones Unidas, en M\u00e9trica reafirmamos nuestro compromiso con la sostenibilidad, el impacto social y la protecci\u00f3n del medio ambiente.\" \/>\n<meta property=\"og:url\" content=\"https:\/\/www.metrica-global.com\/pe\/metrica-y-los-objetivos-de-desarrollo-sostenible\/\" \/>\n<meta property=\"og:site_name\" content=\"METRICA\" \/>\n<meta property=\"article:published_time\" content=\"2024-09-26T14:12:12+00:00\" \/>\n<meta property=\"article:modified_time\" content=\"2025-06-17T11:27:59+00:00\" \/>\n<meta property=\"og:image\" content=\"https:\/\/www.metrica-global.com\/wp-content\/uploads\/2024\/09\/BANNER-ODS-scaled-1.jpg\" \/>\n\t<meta property=\"og:image:width\" content=\"2560\" \/>\n\t<meta property=\"og:image:height\" content=\"807\" \/>\n\t<meta property=\"og:image:type\" content=\"image\/jpeg\" \/>\n<meta name=\"author\" content=\"desarrollo\" \/>\n<meta name=\"twitter:card\" content=\"summary_large_image\" \/>\n<meta name=\"twitter:label1\" content=\"Written by\" \/>\n\t<meta name=\"twitter:data1\" content=\"desarrollo\" \/>\n\t<meta name=\"twitter:label2\" content=\"Est. reading time\" \/>\n\t<meta name=\"twitter:data2\" content=\"2 minutes\" \/>\n<script type=\"application\/ld+json\" class=\"yoast-schema-graph\">{\"@context\":\"https:\/\/schema.org\",\"@graph\":[{\"@type\":\"Article\",\"@id\":\"https:\/\/www.metrica-global.com\/pe\/metrica-y-los-objetivos-de-desarrollo-sostenible\/#article\",\"isPartOf\":{\"@id\":\"https:\/\/www.metrica-global.com\/pe\/metrica-y-los-objetivos-de-desarrollo-sostenible\/\"},\"author\":{\"name\":\"desarrollo\",\"@id\":\"https:\/\/www.metrica-global.com\/#\/schema\/person\/78e8e629d9e5908167469b249f6f2cdc\"},\"headline\":\"M\u00e9trica y los Objetivos de Desarrollo Sostenible\",\"datePublished\":\"2024-09-26T14:12:12+00:00\",\"dateModified\":\"2025-06-17T11:27:59+00:00\",\"mainEntityOfPage\":{\"@id\":\"https:\/\/www.metrica-global.com\/pe\/metrica-y-los-objetivos-de-desarrollo-sostenible\/\"},\"wordCount\":307,\"commentCount\":0,\"publisher\":{\"@id\":\"https:\/\/www.metrica-global.com\/#organization\"},\"image\":{\"@id\":\"https:\/\/www.metrica-global.com\/pe\/metrica-y-los-objetivos-de-desarrollo-sostenible\/#primaryimage\"},\"thumbnailUrl\":\"https:\/\/www.metrica-global.com\/wp-content\/uploads\/2024\/09\/BANNER-ODS-scaled-1.jpg\",\"keywords\":[\"Agenda 2030\",\"\u00c1mbito Tecnol\u00f3gico\",\"Consumo responsable\",\"Desarrollo sostenible\",\"Educaci\u00f3n\",\"Igualdad de g\u00e9nero\",\"Medio Ambiente\",\"Naciones Unidas\",\"ODS\",\"Sostenibilidad\"],\"articleSection\":[\"Sostenibilidad\"],\"inLanguage\":\"es-PE\",\"potentialAction\":[{\"@type\":\"CommentAction\",\"name\":\"Comment\",\"target\":[\"https:\/\/www.metrica-global.com\/pe\/metrica-y-los-objetivos-de-desarrollo-sostenible\/#respond\"]}]},{\"@type\":\"WebPage\",\"@id\":\"https:\/\/www.metrica-global.com\/pe\/metrica-y-los-objetivos-de-desarrollo-sostenible\/\",\"url\":\"https:\/\/www.metrica-global.com\/pe\/metrica-y-los-objetivos-de-desarrollo-sostenible\/\",\"name\":\"M\u00e9trica y los Objetivos de Desarrollo Sostenible - METRICA\",\"isPartOf\":{\"@id\":\"https:\/\/www.metrica-global.com\/#website\"},\"primaryImageOfPage\":{\"@id\":\"https:\/\/www.metrica-global.com\/pe\/metrica-y-los-objetivos-de-desarrollo-sostenible\/#primaryimage\"},\"image\":{\"@id\":\"https:\/\/www.metrica-global.com\/pe\/metrica-y-los-objetivos-de-desarrollo-sostenible\/#primaryimage\"},\"thumbnailUrl\":\"https:\/\/www.metrica-global.com\/wp-content\/uploads\/2024\/09\/BANNER-ODS-scaled-1.jpg\",\"datePublished\":\"2024-09-26T14:12:12+00:00\",\"dateModified\":\"2025-06-17T11:27:59+00:00\",\"breadcrumb\":{\"@id\":\"https:\/\/www.metrica-global.com\/pe\/metrica-y-los-objetivos-de-desarrollo-sostenible\/#breadcrumb\"},\"inLanguage\":\"es-PE\",\"potentialAction\":[{\"@type\":\"ReadAction\",\"target\":[\"https:\/\/www.metrica-global.com\/pe\/metrica-y-los-objetivos-de-desarrollo-sostenible\/\"]}]},{\"@type\":\"ImageObject\",\"inLanguage\":\"es-PE\",\"@id\":\"https:\/\/www.metrica-global.com\/pe\/metrica-y-los-objetivos-de-desarrollo-sostenible\/#primaryimage\",\"url\":\"https:\/\/www.metrica-global.com\/wp-content\/uploads\/2024\/09\/BANNER-ODS-scaled-1.jpg\",\"contentUrl\":\"https:\/\/www.metrica-global.com\/wp-content\/uploads\/2024\/09\/BANNER-ODS-scaled-1.jpg\",\"width\":2560,\"height\":807,\"caption\":\"BANNER ODS scaled 1\"},{\"@type\":\"BreadcrumbList\",\"@id\":\"https:\/\/www.metrica-global.com\/pe\/metrica-y-los-objetivos-de-desarrollo-sostenible\/#breadcrumb\",\"itemListElement\":[{\"@type\":\"ListItem\",\"position\":1,\"name\":\"Portada\",\"item\":\"https:\/\/www.metrica-global.com\/en\/\"},{\"@type\":\"ListItem\",\"position\":2,\"name\":\"M\u00e9trica y los Objetivos de Desarrollo Sostenible\"}]},{\"@type\":\"WebSite\",\"@id\":\"https:\/\/www.metrica-global.com\/#website\",\"url\":\"https:\/\/www.metrica-global.com\/\",\"name\":\"METRICA\",\"description\":\"Servicios Globales IT\",\"publisher\":{\"@id\":\"https:\/\/www.metrica-global.com\/#organization\"},\"potentialAction\":[{\"@type\":\"SearchAction\",\"target\":{\"@type\":\"EntryPoint\",\"urlTemplate\":\"https:\/\/www.metrica-global.com\/?s={search_term_string}\"},\"query-input\":{\"@type\":\"PropertyValueSpecification\",\"valueRequired\":true,\"valueName\":\"search_term_string\"}}],\"inLanguage\":\"es-PE\"},{\"@type\":\"Organization\",\"@id\":\"https:\/\/www.metrica-global.com\/#organization\",\"name\":\"METRICA\",\"url\":\"https:\/\/www.metrica-global.com\/\",\"logo\":{\"@type\":\"ImageObject\",\"inLanguage\":\"es-PE\",\"@id\":\"https:\/\/www.metrica-global.com\/#\/schema\/logo\/image\/\",\"url\":\"https:\/\/www.metrica-global.com\/wp-content\/uploads\/2023\/12\/logo-metrica.png\",\"contentUrl\":\"https:\/\/www.metrica-global.com\/wp-content\/uploads\/2023\/12\/logo-metrica.png\",\"width\":332,\"height\":58,\"caption\":\"METRICA\"},\"image\":{\"@id\":\"https:\/\/www.metrica-global.com\/#\/schema\/logo\/image\/\"}},{\"@type\":\"Person\",\"@id\":\"https:\/\/www.metrica-global.com\/#\/schema\/person\/78e8e629d9e5908167469b249f6f2cdc\",\"name\":\"desarrollo\",\"image\":{\"@type\":\"ImageObject\",\"inLanguage\":\"es-PE\",\"@id\":\"https:\/\/www.metrica-global.com\/#\/schema\/person\/image\/\",\"url\":\"https:\/\/secure.gravatar.com\/avatar\/d2653fb8f170e1382a31acc69dcf92e99545e6329805eb11d8a34443b058f3de?s=96&d=mm&r=g\",\"contentUrl\":\"https:\/\/secure.gravatar.com\/avatar\/d2653fb8f170e1382a31acc69dcf92e99545e6329805eb11d8a34443b058f3de?s=96&d=mm&r=g\",\"caption\":\"desarrollo\"},\"url\":\"https:\/\/www.metrica-global.com\/pe\/author\/desarrollo\/\"}]}<\/script>\n<!-- \/ Yoast SEO plugin. -->","yoast_head_json":{"title":"M\u00e9trica y los Objetivos de Desarrollo Sostenible - METRICA","robots":{"index":"index","follow":"follow","max-snippet":"max-snippet:-1","max-image-preview":"max-image-preview:large","max-video-preview":"max-video-preview:-1"},"canonical":"https:\/\/www.metrica-global.com\/pe\/metrica-y-los-objetivos-de-desarrollo-sostenible\/","og_locale":"es_ES","og_type":"article","og_title":"M\u00e9trica y los Objetivos de Desarrollo Sostenible - METRICA","og_description":"En el marco del 9\u00ba aniversario de los Objetivos de Desarrollo Sostenible (ODS) de las Naciones Unidas, en M\u00e9trica reafirmamos nuestro compromiso con la sostenibilidad, el impacto social y la protecci\u00f3n del medio ambiente.","og_url":"https:\/\/www.metrica-global.com\/pe\/metrica-y-los-objetivos-de-desarrollo-sostenible\/","og_site_name":"METRICA","article_published_time":"2024-09-26T14:12:12+00:00","article_modified_time":"2025-06-17T11:27:59+00:00","og_image":[{"width":2560,"height":807,"url":"https:\/\/www.metrica-global.com\/wp-content\/uploads\/2024\/09\/BANNER-ODS-scaled-1.jpg","type":"image\/jpeg"}],"author":"desarrollo","twitter_card":"summary_large_image","twitter_misc":{"Written by":"desarrollo","Est. reading time":"2 minutes"},"schema":{"@context":"https:\/\/schema.org","@graph":[{"@type":"Article","@id":"https:\/\/www.metrica-global.com\/pe\/metrica-y-los-objetivos-de-desarrollo-sostenible\/#article","isPartOf":{"@id":"https:\/\/www.metrica-global.com\/pe\/metrica-y-los-objetivos-de-desarrollo-sostenible\/"},"author":{"name":"desarrollo","@id":"https:\/\/www.metrica-global.com\/#\/schema\/person\/78e8e629d9e5908167469b249f6f2cdc"},"headline":"M\u00e9trica y los Objetivos de Desarrollo Sostenible","datePublished":"2024-09-26T14:12:12+00:00","dateModified":"2025-06-17T11:27:59+00:00","mainEntityOfPage":{"@id":"https:\/\/www.metrica-global.com\/pe\/metrica-y-los-objetivos-de-desarrollo-sostenible\/"},"wordCount":307,"commentCount":0,"publisher":{"@id":"https:\/\/www.metrica-global.com\/#organization"},"image":{"@id":"https:\/\/www.metrica-global.com\/pe\/metrica-y-los-objetivos-de-desarrollo-sostenible\/#primaryimage"},"thumbnailUrl":"https:\/\/www.metrica-global.com\/wp-content\/uploads\/2024\/09\/BANNER-ODS-scaled-1.jpg","keywords":["Agenda 2030","\u00c1mbito Tecnol\u00f3gico","Consumo responsable","Desarrollo sostenible","Educaci\u00f3n","Igualdad de g\u00e9nero","Medio Ambiente","Naciones Unidas","ODS","Sostenibilidad"],"articleSection":["Sostenibilidad"],"inLanguage":"es-PE","potentialAction":[{"@type":"CommentAction","name":"Comment","target":["https:\/\/www.metrica-global.com\/pe\/metrica-y-los-objetivos-de-desarrollo-sostenible\/#respond"]}]},{"@type":"WebPage","@id":"https:\/\/www.metrica-global.com\/pe\/metrica-y-los-objetivos-de-desarrollo-sostenible\/","url":"https:\/\/www.metrica-global.com\/pe\/metrica-y-los-objetivos-de-desarrollo-sostenible\/","name":"M\u00e9trica y los Objetivos de Desarrollo Sostenible - METRICA","isPartOf":{"@id":"https:\/\/www.metrica-global.com\/#website"},"primaryImageOfPage":{"@id":"https:\/\/www.metrica-global.com\/pe\/metrica-y-los-objetivos-de-desarrollo-sostenible\/#primaryimage"},"image":{"@id":"https:\/\/www.metrica-global.com\/pe\/metrica-y-los-objetivos-de-desarrollo-sostenible\/#primaryimage"},"thumbnailUrl":"https:\/\/www.metrica-global.com\/wp-content\/uploads\/2024\/09\/BANNER-ODS-scaled-1.jpg","datePublished":"2024-09-26T14:12:12+00:00","dateModified":"2025-06-17T11:27:59+00:00","breadcrumb":{"@id":"https:\/\/www.metrica-global.com\/pe\/metrica-y-los-objetivos-de-desarrollo-sostenible\/#breadcrumb"},"inLanguage":"es-PE","potentialAction":[{"@type":"ReadAction","target":["https:\/\/www.metrica-global.com\/pe\/metrica-y-los-objetivos-de-desarrollo-sostenible\/"]}]},{"@type":"ImageObject","inLanguage":"es-PE","@id":"https:\/\/www.metrica-global.com\/pe\/metrica-y-los-objetivos-de-desarrollo-sostenible\/#primaryimage","url":"https:\/\/www.metrica-global.com\/wp-content\/uploads\/2024\/09\/BANNER-ODS-scaled-1.jpg","contentUrl":"https:\/\/www.metrica-global.com\/wp-content\/uploads\/2024\/09\/BANNER-ODS-scaled-1.jpg","width":2560,"height":807,"caption":"BANNER ODS scaled 1"},{"@type":"BreadcrumbList","@id":"https:\/\/www.metrica-global.com\/pe\/metrica-y-los-objetivos-de-desarrollo-sostenible\/#breadcrumb","itemListElement":[{"@type":"ListItem","position":1,"name":"Portada","item":"https:\/\/www.metrica-global.com\/en\/"},{"@type":"ListItem","position":2,"name":"M\u00e9trica y los Objetivos de Desarrollo Sostenible"}]},{"@type":"WebSite","@id":"https:\/\/www.metrica-global.com\/#website","url":"https:\/\/www.metrica-global.com\/","name":"METRICA","description":"Servicios Globales IT","publisher":{"@id":"https:\/\/www.metrica-global.com\/#organization"},"potentialAction":[{"@type":"SearchAction","target":{"@type":"EntryPoint","urlTemplate":"https:\/\/www.metrica-global.com\/?s={search_term_string}"},"query-input":{"@type":"PropertyValueSpecification","valueRequired":true,"valueName":"search_term_string"}}],"inLanguage":"es-PE"},{"@type":"Organization","@id":"https:\/\/www.metrica-global.com\/#organization","name":"METRICA","url":"https:\/\/www.metrica-global.com\/","logo":{"@type":"ImageObject","inLanguage":"es-PE","@id":"https:\/\/www.metrica-global.com\/#\/schema\/logo\/image\/","url":"https:\/\/www.metrica-global.com\/wp-content\/uploads\/2023\/12\/logo-metrica.png","contentUrl":"https:\/\/www.metrica-global.com\/wp-content\/uploads\/2023\/12\/logo-metrica.png","width":332,"height":58,"caption":"METRICA"},"image":{"@id":"https:\/\/www.metrica-global.com\/#\/schema\/logo\/image\/"}},{"@type":"Person","@id":"https:\/\/www.metrica-global.com\/#\/schema\/person\/78e8e629d9e5908167469b249f6f2cdc","name":"desarrollo","image":{"@type":"ImageObject","inLanguage":"es-PE","@id":"https:\/\/www.metrica-global.com\/#\/schema\/person\/image\/","url":"https:\/\/secure.gravatar.com\/avatar\/d2653fb8f170e1382a31acc69dcf92e99545e6329805eb11d8a34443b058f3de?s=96&d=mm&r=g","contentUrl":"https:\/\/secure.gravatar.com\/avatar\/d2653fb8f170e1382a31acc69dcf92e99545e6329805eb11d8a34443b058f3de?s=96&d=mm&r=g","caption":"desarrollo"},"url":"https:\/\/www.metrica-global.com\/pe\/author\/desarrollo\/"}]}},"_links":{"self":[{"href":"https:\/\/www.metrica-global.com\/pe\/wp-json\/wp\/v2\/posts\/7579","targetHints":{"allow":["GET"]}}],"collection":[{"href":"https:\/\/www.metrica-global.com\/pe\/wp-json\/wp\/v2\/posts"}],"about":[{"href":"https:\/\/www.metrica-global.com\/pe\/wp-json\/wp\/v2\/types\/post"}],"author":[{"embeddable":true,"href":"https:\/\/www.metrica-global.com\/pe\/wp-json\/wp\/v2\/users\/1"}],"replies":[{"embeddable":true,"href":"https:\/\/www.metrica-global.com\/pe\/wp-json\/wp\/v2\/comments?post=7579"}],"version-history":[{"count":1,"href":"https:\/\/www.metrica-global.com\/pe\/wp-json\/wp\/v2\/posts\/7579\/revisions"}],"predecessor-version":[{"id":8042,"href":"https:\/\/www.metrica-global.com\/pe\/wp-json\/wp\/v2\/posts\/7579\/revisions\/8042"}],"wp:featuredmedia":[{"embeddable":true,"href":"https:\/\/www.metrica-global.com\/pe\/wp-json\/wp\/v2\/media\/7580"}],"wp:attachment":[{"href":"https:\/\/www.metrica-global.com\/pe\/wp-json\/wp\/v2\/media?parent=7579"}],"wp:term":[{"taxonomy":"category","embeddable":true,"href":"https:\/\/www.metrica-global.com\/pe\/wp-json\/wp\/v2\/categories?post=7579"},{"taxonomy":"post_tag","embeddable":true,"href":"https:\/\/www.metrica-global.com\/pe\/wp-json\/wp\/v2\/tags?post=7579"}],"curies":[{"name":"wp","href":"https:\/\/api.w.org\/{rel}","templated":true}]}}