{"id":7600,"date":"2024-08-20T12:28:42","date_gmt":"2024-08-20T12:28:42","guid":{"rendered":"https:\/\/www.metrica-global.com\/semana-mundial-del-agua-2024\/"},"modified":"2025-06-17T11:27:12","modified_gmt":"2025-06-17T11:27:12","slug":"semana-mundial-del-agua-2024","status":"publish","type":"post","link":"https:\/\/www.metrica-global.com\/pe\/semana-mundial-del-agua-2024\/","title":{"rendered":"Semana Mundial del Agua 2024"},"content":{"rendered":"\r\n<p><strong>Del 25 al 29 de agosto de 2024<\/strong>, <strong>Estocolmo <\/strong>ser\u00e1 el epicentro de la <strong>Semana Mundial del Agua<\/strong>, un evento global que convoca a expertos, l\u00edderes y organizaciones de todo el mundo para enfrentar uno de los desaf\u00edos m\u00e1s urgentes de nuestra era: la crisis h\u00eddrica. Este a\u00f1o, el lema <strong>&#8220;Uniendo fronteras: Agua para un futuro pac\u00edfico y sostenible&#8221;<\/strong> resalta la importancia de la cooperaci\u00f3n internacional para asegurar un acceso equitativo y sostenible a este recurso vital.<\/p>\r\n\r\n\r\n\r\n<p>La <strong>crisis del agua<\/strong> es un tema que nos afecta a todos. La escasez de agua, la contaminaci\u00f3n de fuentes h\u00eddricas y el cambio clim\u00e1tico est\u00e1n exacerbando problemas que ya eran cr\u00edticos. La Semana Mundial del Agua se centra en encontrar soluciones conjuntas y sostenibles que permitan no solo la conservaci\u00f3n del agua, sino tambi\u00e9n la mejora de su distribuci\u00f3n y gesti\u00f3n a nivel global.<\/p>\r\n\r\n\r\n\r\n<div class=\"wp-block-media-text has-media-on-the-right is-stacked-on-mobile\" style=\"grid-template-columns: auto 29%;\">\r\n<div class=\"wp-block-media-text__content\">\r\n<p>En M\u00e9trica Consulting, entendemos que el agua es mucho m\u00e1s que un recurso; es el fundamento de la vida y un pilar esencial para la biodiversidad y el desarrollo sostenible. <strong>Nuestro compromiso con la preservaci\u00f3n del agua<\/strong> se manifiesta en cada uno de nuestros proyectos tecnol\u00f3gicos, que est\u00e1n dise\u00f1ados para promover pr\u00e1cticas responsables y eficientes en el uso de este recurso. Creemos firmemente que la tecnolog\u00eda puede jugar un papel crucial en la resoluci\u00f3n de la crisis h\u00eddrica, desde la optimizaci\u00f3n de recursos hasta la implementaci\u00f3n de soluciones innovadoras para el tratamiento y reutilizaci\u00f3n del agua.<\/p>\r\n\r\n\r\n\r\n<p>Recientemente, compartimos en nuestras redes sociales un <strong><a href=\"https:\/\/www.linkedin.com\/feed\/update\/urn:li:activity:7231631074781462529\" data-type=\"link\" data-id=\"https:\/\/www.linkedin.com\/feed\/update\/urn:li:activity:7231631074781462529\">mensaje en apoyo a la Semana Mundial del Agua<\/a><\/strong>, subrayando nuestra postura y compromiso con la causa. Invitamos a todos a unirse a este esfuerzo global y a adoptar un enfoque responsable en el uso del agua. Es imperativo que cada uno de nosotros contribuya al cambio necesario para garantizar la disponibilidad de agua para las futuras generaciones.<\/p>\r\n<\/div>\r\n<figure class=\"wp-block-media-text__media\"><img decoding=\"async\" class=\"wp-image-1544 size-full\" src=\"https:\/\/themetricachange.com\/wp-content\/uploads\/2024\/08\/BOTELLA-2-768x1024.jpg\" alt=\"\" \/><\/figure>\r\n<\/div>\r\n\r\n\r\n\r\n<p>En M\u00e9trica Consulting, estamos decididos a ser parte activa de la soluci\u00f3n.<strong> \u00a1Seamos el cambio que queremos ver en el mundo y trabajemos juntos por un futuro m\u00e1s verde y sostenible!<\/strong><\/p>\r\n","protected":false},"excerpt":{"rendered":"<p>Estocolmo ser\u00e1 el epicentro de un evento global que convoca a expertos, l\u00edderes y organizaciones de todo el mundo para enfrentar la crisis h\u00eddrica.<\/p>\n","protected":false},"author":1,"featured_media":7601,"comment_status":"open","ping_status":"open","sticky":false,"template":"","format":"standard","meta":{"content-type":"","footnotes":""},"categories":[1828],"tags":[1951,1714,1952,1953,1954,1955,1575,1245],"class_list":["post-7600","post","type-post","status-publish","format-standard","has-post-thumbnail","hentry","category-sostenibilidad-pe","tag-agua-pe","tag-buenas-practicas-pe","tag-consumo-respnosable-pe","tag-cooperacion-internacional-pe","tag-crisis-del-agua-pe","tag-cumbre-mundial-pe","tag-medio-ambiente-pe","tag-sostenibilidad-pe"],"yoast_head":"<!-- This site is optimized with the Yoast SEO plugin v25.9 - https:\/\/yoast.com\/wordpress\/plugins\/seo\/ -->\n<title>Semana Mundial del Agua 2024 - METRICA<\/title>\n<meta name=\"robots\" content=\"index, follow, max-snippet:-1, max-image-preview:large, max-video-preview:-1\" \/>\n<link rel=\"canonical\" href=\"https:\/\/www.metrica-global.com\/pe\/semana-mundial-del-agua-2024\/\" \/>\n<meta property=\"og:locale\" content=\"es_ES\" \/>\n<meta property=\"og:type\" content=\"article\" \/>\n<meta property=\"og:title\" content=\"Semana Mundial del Agua 2024 - METRICA\" \/>\n<meta property=\"og:description\" content=\"Estocolmo ser\u00e1 el epicentro de un evento global que convoca a expertos, l\u00edderes y organizaciones de todo el mundo para enfrentar la crisis h\u00eddrica.\" \/>\n<meta property=\"og:url\" content=\"https:\/\/www.metrica-global.com\/pe\/semana-mundial-del-agua-2024\/\" \/>\n<meta property=\"og:site_name\" content=\"METRICA\" \/>\n<meta property=\"article:published_time\" content=\"2024-08-20T12:28:42+00:00\" \/>\n<meta property=\"article:modified_time\" content=\"2025-06-17T11:27:12+00:00\" \/>\n<meta property=\"og:image\" content=\"https:\/\/www.metrica-global.com\/wp-content\/uploads\/2024\/08\/BANNER-SEMANA-AGUA-scaled-1.jpg\" \/>\n\t<meta property=\"og:image:width\" content=\"2560\" \/>\n\t<meta property=\"og:image:height\" content=\"1136\" \/>\n\t<meta property=\"og:image:type\" content=\"image\/jpeg\" \/>\n<meta name=\"author\" content=\"desarrollo\" \/>\n<meta name=\"twitter:card\" content=\"summary_large_image\" \/>\n<meta name=\"twitter:label1\" content=\"Written by\" \/>\n\t<meta name=\"twitter:data1\" content=\"desarrollo\" \/>\n\t<meta name=\"twitter:label2\" content=\"Est. reading time\" \/>\n\t<meta name=\"twitter:data2\" content=\"2 minutes\" \/>\n<script type=\"application\/ld+json\" class=\"yoast-schema-graph\">{\"@context\":\"https:\/\/schema.org\",\"@graph\":[{\"@type\":\"Article\",\"@id\":\"https:\/\/www.metrica-global.com\/pe\/semana-mundial-del-agua-2024\/#article\",\"isPartOf\":{\"@id\":\"https:\/\/www.metrica-global.com\/pe\/semana-mundial-del-agua-2024\/\"},\"author\":{\"name\":\"desarrollo\",\"@id\":\"https:\/\/www.metrica-global.com\/#\/schema\/person\/78e8e629d9e5908167469b249f6f2cdc\"},\"headline\":\"Semana Mundial del Agua 2024\",\"datePublished\":\"2024-08-20T12:28:42+00:00\",\"dateModified\":\"2025-06-17T11:27:12+00:00\",\"mainEntityOfPage\":{\"@id\":\"https:\/\/www.metrica-global.com\/pe\/semana-mundial-del-agua-2024\/\"},\"wordCount\":367,\"commentCount\":0,\"publisher\":{\"@id\":\"https:\/\/www.metrica-global.com\/#organization\"},\"image\":{\"@id\":\"https:\/\/www.metrica-global.com\/pe\/semana-mundial-del-agua-2024\/#primaryimage\"},\"thumbnailUrl\":\"https:\/\/www.metrica-global.com\/wp-content\/uploads\/2024\/08\/BANNER-SEMANA-AGUA-scaled-1.jpg\",\"keywords\":[\"Agua\",\"Buenas Pr\u00e1cticas\",\"Consumo respnosable\",\"Cooperaci\u00f3n Internacional\",\"Crisis del Agua\",\"Cumbre mundial\",\"Medio Ambiente\",\"Sostenibilidad\"],\"articleSection\":[\"Sostenibilidad\"],\"inLanguage\":\"es-PE\",\"potentialAction\":[{\"@type\":\"CommentAction\",\"name\":\"Comment\",\"target\":[\"https:\/\/www.metrica-global.com\/pe\/semana-mundial-del-agua-2024\/#respond\"]}]},{\"@type\":\"WebPage\",\"@id\":\"https:\/\/www.metrica-global.com\/pe\/semana-mundial-del-agua-2024\/\",\"url\":\"https:\/\/www.metrica-global.com\/pe\/semana-mundial-del-agua-2024\/\",\"name\":\"Semana Mundial del Agua 2024 - METRICA\",\"isPartOf\":{\"@id\":\"https:\/\/www.metrica-global.com\/#website\"},\"primaryImageOfPage\":{\"@id\":\"https:\/\/www.metrica-global.com\/pe\/semana-mundial-del-agua-2024\/#primaryimage\"},\"image\":{\"@id\":\"https:\/\/www.metrica-global.com\/pe\/semana-mundial-del-agua-2024\/#primaryimage\"},\"thumbnailUrl\":\"https:\/\/www.metrica-global.com\/wp-content\/uploads\/2024\/08\/BANNER-SEMANA-AGUA-scaled-1.jpg\",\"datePublished\":\"2024-08-20T12:28:42+00:00\",\"dateModified\":\"2025-06-17T11:27:12+00:00\",\"breadcrumb\":{\"@id\":\"https:\/\/www.metrica-global.com\/pe\/semana-mundial-del-agua-2024\/#breadcrumb\"},\"inLanguage\":\"es-PE\",\"potentialAction\":[{\"@type\":\"ReadAction\",\"target\":[\"https:\/\/www.metrica-global.com\/pe\/semana-mundial-del-agua-2024\/\"]}]},{\"@type\":\"ImageObject\",\"inLanguage\":\"es-PE\",\"@id\":\"https:\/\/www.metrica-global.com\/pe\/semana-mundial-del-agua-2024\/#primaryimage\",\"url\":\"https:\/\/www.metrica-global.com\/wp-content\/uploads\/2024\/08\/BANNER-SEMANA-AGUA-scaled-1.jpg\",\"contentUrl\":\"https:\/\/www.metrica-global.com\/wp-content\/uploads\/2024\/08\/BANNER-SEMANA-AGUA-scaled-1.jpg\",\"width\":2560,\"height\":1136,\"caption\":\"BANNER SEMANA AGUA scaled 1\"},{\"@type\":\"BreadcrumbList\",\"@id\":\"https:\/\/www.metrica-global.com\/pe\/semana-mundial-del-agua-2024\/#breadcrumb\",\"itemListElement\":[{\"@type\":\"ListItem\",\"position\":1,\"name\":\"Portada\",\"item\":\"https:\/\/www.metrica-global.com\/en\/\"},{\"@type\":\"ListItem\",\"position\":2,\"name\":\"Semana Mundial del Agua 2024\"}]},{\"@type\":\"WebSite\",\"@id\":\"https:\/\/www.metrica-global.com\/#website\",\"url\":\"https:\/\/www.metrica-global.com\/\",\"name\":\"METRICA\",\"description\":\"Servicios Globales IT\",\"publisher\":{\"@id\":\"https:\/\/www.metrica-global.com\/#organization\"},\"potentialAction\":[{\"@type\":\"SearchAction\",\"target\":{\"@type\":\"EntryPoint\",\"urlTemplate\":\"https:\/\/www.metrica-global.com\/?s={search_term_string}\"},\"query-input\":{\"@type\":\"PropertyValueSpecification\",\"valueRequired\":true,\"valueName\":\"search_term_string\"}}],\"inLanguage\":\"es-PE\"},{\"@type\":\"Organization\",\"@id\":\"https:\/\/www.metrica-global.com\/#organization\",\"name\":\"METRICA\",\"url\":\"https:\/\/www.metrica-global.com\/\",\"logo\":{\"@type\":\"ImageObject\",\"inLanguage\":\"es-PE\",\"@id\":\"https:\/\/www.metrica-global.com\/#\/schema\/logo\/image\/\",\"url\":\"https:\/\/www.metrica-global.com\/wp-content\/uploads\/2023\/12\/logo-metrica.png\",\"contentUrl\":\"https:\/\/www.metrica-global.com\/wp-content\/uploads\/2023\/12\/logo-metrica.png\",\"width\":332,\"height\":58,\"caption\":\"METRICA\"},\"image\":{\"@id\":\"https:\/\/www.metrica-global.com\/#\/schema\/logo\/image\/\"}},{\"@type\":\"Person\",\"@id\":\"https:\/\/www.metrica-global.com\/#\/schema\/person\/78e8e629d9e5908167469b249f6f2cdc\",\"name\":\"desarrollo\",\"image\":{\"@type\":\"ImageObject\",\"inLanguage\":\"es-PE\",\"@id\":\"https:\/\/www.metrica-global.com\/#\/schema\/person\/image\/\",\"url\":\"https:\/\/secure.gravatar.com\/avatar\/d2653fb8f170e1382a31acc69dcf92e99545e6329805eb11d8a34443b058f3de?s=96&d=mm&r=g\",\"contentUrl\":\"https:\/\/secure.gravatar.com\/avatar\/d2653fb8f170e1382a31acc69dcf92e99545e6329805eb11d8a34443b058f3de?s=96&d=mm&r=g\",\"caption\":\"desarrollo\"},\"url\":\"https:\/\/www.metrica-global.com\/pe\/author\/desarrollo\/\"}]}<\/script>\n<!-- \/ Yoast SEO plugin. -->","yoast_head_json":{"title":"Semana Mundial del Agua 2024 - METRICA","robots":{"index":"index","follow":"follow","max-snippet":"max-snippet:-1","max-image-preview":"max-image-preview:large","max-video-preview":"max-video-preview:-1"},"canonical":"https:\/\/www.metrica-global.com\/pe\/semana-mundial-del-agua-2024\/","og_locale":"es_ES","og_type":"article","og_title":"Semana Mundial del Agua 2024 - METRICA","og_description":"Estocolmo ser\u00e1 el epicentro de un evento global que convoca a expertos, l\u00edderes y organizaciones de todo el mundo para enfrentar la crisis h\u00eddrica.","og_url":"https:\/\/www.metrica-global.com\/pe\/semana-mundial-del-agua-2024\/","og_site_name":"METRICA","article_published_time":"2024-08-20T12:28:42+00:00","article_modified_time":"2025-06-17T11:27:12+00:00","og_image":[{"width":2560,"height":1136,"url":"https:\/\/www.metrica-global.com\/wp-content\/uploads\/2024\/08\/BANNER-SEMANA-AGUA-scaled-1.jpg","type":"image\/jpeg"}],"author":"desarrollo","twitter_card":"summary_large_image","twitter_misc":{"Written by":"desarrollo","Est. reading time":"2 minutes"},"schema":{"@context":"https:\/\/schema.org","@graph":[{"@type":"Article","@id":"https:\/\/www.metrica-global.com\/pe\/semana-mundial-del-agua-2024\/#article","isPartOf":{"@id":"https:\/\/www.metrica-global.com\/pe\/semana-mundial-del-agua-2024\/"},"author":{"name":"desarrollo","@id":"https:\/\/www.metrica-global.com\/#\/schema\/person\/78e8e629d9e5908167469b249f6f2cdc"},"headline":"Semana Mundial del Agua 2024","datePublished":"2024-08-20T12:28:42+00:00","dateModified":"2025-06-17T11:27:12+00:00","mainEntityOfPage":{"@id":"https:\/\/www.metrica-global.com\/pe\/semana-mundial-del-agua-2024\/"},"wordCount":367,"commentCount":0,"publisher":{"@id":"https:\/\/www.metrica-global.com\/#organization"},"image":{"@id":"https:\/\/www.metrica-global.com\/pe\/semana-mundial-del-agua-2024\/#primaryimage"},"thumbnailUrl":"https:\/\/www.metrica-global.com\/wp-content\/uploads\/2024\/08\/BANNER-SEMANA-AGUA-scaled-1.jpg","keywords":["Agua","Buenas Pr\u00e1cticas","Consumo respnosable","Cooperaci\u00f3n Internacional","Crisis del Agua","Cumbre mundial","Medio Ambiente","Sostenibilidad"],"articleSection":["Sostenibilidad"],"inLanguage":"es-PE","potentialAction":[{"@type":"CommentAction","name":"Comment","target":["https:\/\/www.metrica-global.com\/pe\/semana-mundial-del-agua-2024\/#respond"]}]},{"@type":"WebPage","@id":"https:\/\/www.metrica-global.com\/pe\/semana-mundial-del-agua-2024\/","url":"https:\/\/www.metrica-global.com\/pe\/semana-mundial-del-agua-2024\/","name":"Semana Mundial del Agua 2024 - METRICA","isPartOf":{"@id":"https:\/\/www.metrica-global.com\/#website"},"primaryImageOfPage":{"@id":"https:\/\/www.metrica-global.com\/pe\/semana-mundial-del-agua-2024\/#primaryimage"},"image":{"@id":"https:\/\/www.metrica-global.com\/pe\/semana-mundial-del-agua-2024\/#primaryimage"},"thumbnailUrl":"https:\/\/www.metrica-global.com\/wp-content\/uploads\/2024\/08\/BANNER-SEMANA-AGUA-scaled-1.jpg","datePublished":"2024-08-20T12:28:42+00:00","dateModified":"2025-06-17T11:27:12+00:00","breadcrumb":{"@id":"https:\/\/www.metrica-global.com\/pe\/semana-mundial-del-agua-2024\/#breadcrumb"},"inLanguage":"es-PE","potentialAction":[{"@type":"ReadAction","target":["https:\/\/www.metrica-global.com\/pe\/semana-mundial-del-agua-2024\/"]}]},{"@type":"ImageObject","inLanguage":"es-PE","@id":"https:\/\/www.metrica-global.com\/pe\/semana-mundial-del-agua-2024\/#primaryimage","url":"https:\/\/www.metrica-global.com\/wp-content\/uploads\/2024\/08\/BANNER-SEMANA-AGUA-scaled-1.jpg","contentUrl":"https:\/\/www.metrica-global.com\/wp-content\/uploads\/2024\/08\/BANNER-SEMANA-AGUA-scaled-1.jpg","width":2560,"height":1136,"caption":"BANNER SEMANA AGUA scaled 1"},{"@type":"BreadcrumbList","@id":"https:\/\/www.metrica-global.com\/pe\/semana-mundial-del-agua-2024\/#breadcrumb","itemListElement":[{"@type":"ListItem","position":1,"name":"Portada","item":"https:\/\/www.metrica-global.com\/en\/"},{"@type":"ListItem","position":2,"name":"Semana Mundial del Agua 2024"}]},{"@type":"WebSite","@id":"https:\/\/www.metrica-global.com\/#website","url":"https:\/\/www.metrica-global.com\/","name":"METRICA","description":"Servicios Globales IT","publisher":{"@id":"https:\/\/www.metrica-global.com\/#organization"},"potentialAction":[{"@type":"SearchAction","target":{"@type":"EntryPoint","urlTemplate":"https:\/\/www.metrica-global.com\/?s={search_term_string}"},"query-input":{"@type":"PropertyValueSpecification","valueRequired":true,"valueName":"search_term_string"}}],"inLanguage":"es-PE"},{"@type":"Organization","@id":"https:\/\/www.metrica-global.com\/#organization","name":"METRICA","url":"https:\/\/www.metrica-global.com\/","logo":{"@type":"ImageObject","inLanguage":"es-PE","@id":"https:\/\/www.metrica-global.com\/#\/schema\/logo\/image\/","url":"https:\/\/www.metrica-global.com\/wp-content\/uploads\/2023\/12\/logo-metrica.png","contentUrl":"https:\/\/www.metrica-global.com\/wp-content\/uploads\/2023\/12\/logo-metrica.png","width":332,"height":58,"caption":"METRICA"},"image":{"@id":"https:\/\/www.metrica-global.com\/#\/schema\/logo\/image\/"}},{"@type":"Person","@id":"https:\/\/www.metrica-global.com\/#\/schema\/person\/78e8e629d9e5908167469b249f6f2cdc","name":"desarrollo","image":{"@type":"ImageObject","inLanguage":"es-PE","@id":"https:\/\/www.metrica-global.com\/#\/schema\/person\/image\/","url":"https:\/\/secure.gravatar.com\/avatar\/d2653fb8f170e1382a31acc69dcf92e99545e6329805eb11d8a34443b058f3de?s=96&d=mm&r=g","contentUrl":"https:\/\/secure.gravatar.com\/avatar\/d2653fb8f170e1382a31acc69dcf92e99545e6329805eb11d8a34443b058f3de?s=96&d=mm&r=g","caption":"desarrollo"},"url":"https:\/\/www.metrica-global.com\/pe\/author\/desarrollo\/"}]}},"_links":{"self":[{"href":"https:\/\/www.metrica-global.com\/pe\/wp-json\/wp\/v2\/posts\/7600","targetHints":{"allow":["GET"]}}],"collection":[{"href":"https:\/\/www.metrica-global.com\/pe\/wp-json\/wp\/v2\/posts"}],"about":[{"href":"https:\/\/www.metrica-global.com\/pe\/wp-json\/wp\/v2\/types\/post"}],"author":[{"embeddable":true,"href":"https:\/\/www.metrica-global.com\/pe\/wp-json\/wp\/v2\/users\/1"}],"replies":[{"embeddable":true,"href":"https:\/\/www.metrica-global.com\/pe\/wp-json\/wp\/v2\/comments?post=7600"}],"version-history":[{"count":1,"href":"https:\/\/www.metrica-global.com\/pe\/wp-json\/wp\/v2\/posts\/7600\/revisions"}],"predecessor-version":[{"id":8048,"href":"https:\/\/www.metrica-global.com\/pe\/wp-json\/wp\/v2\/posts\/7600\/revisions\/8048"}],"wp:featuredmedia":[{"embeddable":true,"href":"https:\/\/www.metrica-global.com\/pe\/wp-json\/wp\/v2\/media\/7601"}],"wp:attachment":[{"href":"https:\/\/www.metrica-global.com\/pe\/wp-json\/wp\/v2\/media?parent=7600"}],"wp:term":[{"taxonomy":"category","embeddable":true,"href":"https:\/\/www.metrica-global.com\/pe\/wp-json\/wp\/v2\/categories?post=7600"},{"taxonomy":"post_tag","embeddable":true,"href":"https:\/\/www.metrica-global.com\/pe\/wp-json\/wp\/v2\/tags?post=7600"}],"curies":[{"name":"wp","href":"https:\/\/api.w.org\/{rel}","templated":true}]}}