{"id":7621,"date":"2024-06-05T12:32:00","date_gmt":"2024-06-05T12:32:00","guid":{"rendered":"https:\/\/www.metrica-global.com\/dia-mundial-del-medio-ambiente-compromiso-de-metrica-con-la-sostenibilidad\/"},"modified":"2025-06-17T11:27:21","modified_gmt":"2025-06-17T11:27:21","slug":"dia-mundial-del-medio-ambiente-compromiso-de-metrica-con-la-sostenibilidad","status":"publish","type":"post","link":"https:\/\/www.metrica-global.com\/pe\/dia-mundial-del-medio-ambiente-compromiso-de-metrica-con-la-sostenibilidad\/","title":{"rendered":"D\u00eda Mundial del Medio Ambiente: Compromiso de M\u00e9trica con la Sostenibilidad"},"content":{"rendered":"\r\n<p>En M\u00e9trica, la crisis clim\u00e1tica que enfrenta nuestro planeta es una preocupaci\u00f3n central. Nos dedicamos al cuidado del medio ambiente, la gesti\u00f3n sostenible de los recursos naturales y el uso de energ\u00edas limpias y no contaminantes. Por ello, en este D\u00eda Mundial del Medio Ambiente, queremos dar un paso m\u00e1s hacia la sostenibilidad y sensibilizar sobre las medidas que todos debemos tomar y aplicar.<\/p>\r\n\r\n\r\n\r\n<h3 class=\"wp-block-heading\">Nuevo Manual de Buenas Pr\u00e1cticas Medioambientales<\/h3>\r\n\r\n\r\n\r\n<p>Con motivo de este d\u00eda especial, lanzamos nuestro nuevo <strong>Manual de Buenas Pr\u00e1cticas Medioambientales<\/strong>. Este documento es una gu\u00eda completa que recopila conductas y consejos pr\u00e1cticos que, cuando se aplican correctamente tanto a nivel corporativo como individual, ayudan a mejorar nuestro entorno.<\/p>\r\n\r\n\r\n\r\n<h4 class=\"wp-block-heading\">Tem\u00e1ticas Clave del Manual<\/h4>\r\n\r\n\r\n\r\n<p>Nuestro manual se centra en cuatro \u00e1reas fundamentales donde M\u00e9trica tiene un mayor impacto medioambiental:<\/p>\r\n\r\n\r\n\r\n<ol class=\"wp-block-list\">\r\n<li><strong>Agua<\/strong>: Fomentamos el uso responsable y la conservaci\u00f3n de este recurso vital, ofreciendo estrategias para reducir el consumo y evitar su contaminaci\u00f3n.<\/li>\r\n\r\n\r\n\r\n<li><strong>Energ\u00eda<\/strong>: Promovemos el empleo de energ\u00edas limpias y renovables, as\u00ed como la implementaci\u00f3n de pr\u00e1cticas que mejoren la eficiencia energ\u00e9tica.<\/li>\r\n\r\n\r\n\r\n<li><strong>Calidad del Aire<\/strong>: Desarrollamos iniciativas para reducir las emisiones de gases contaminantes y mejorar la calidad del aire tanto dentro como fuera de nuestras instalaciones.<\/li>\r\n\r\n\r\n\r\n<li><strong>Gesti\u00f3n de Recursos y Residuos<\/strong>: Abogamos por una gesti\u00f3n responsable de los recursos y un manejo adecuado de los residuos, promoviendo el reciclaje y la reducci\u00f3n de desechos.<\/li>\r\n<\/ol>\r\n\r\n\r\n\r\n<h3 class=\"wp-block-heading\">Nuestro Compromiso<\/h3>\r\n\r\n\r\n\r\n<p>En M\u00e9trica, estamos comprometidos con la sostenibilidad y la protecci\u00f3n del medio ambiente. Creemos que peque\u00f1as acciones, cuando se multiplican por millones de personas, pueden transformar el mundo. Por eso, cada medida adoptada seg\u00fan nuestro Manual de Buenas Pr\u00e1cticas Medioambientales es un paso hacia un futuro m\u00e1s verde y saludable.<\/p>\r\n\r\n\r\n\r\n<p>\u00danete a nosotros en este viaje hacia la sostenibilidad y juntos, \u00a1cuidemos de nuestro entorno!<\/p>\r\n\r\n\r\n\r\n<figure class=\"wp-block-video\"><video src=\"https:\/\/themetricachange.com\/wp-content\/uploads\/2024\/07\/DIA-MUNDIAL-MEDIO-AMBIENTE-MANUAL-BUENAS-PRACTICAS-1.mp4\" controls=\"controls\" width=\"300\" height=\"150\"><\/video><\/figure>\r\n","protected":false},"excerpt":{"rendered":"<p>En este D\u00eda Mundial del Medio Ambiente, queremos dar un paso m\u00e1s hacia la sostenibilidad y sensibilizar sobre las medidas que todos debemos tomar y aplicar.<\/p>\n","protected":false},"author":1,"featured_media":7622,"comment_status":"open","ping_status":"open","sticky":false,"template":"","format":"standard","meta":{"content-type":"","footnotes":""},"categories":[1828],"tags":[1213,1714,1279,1832,1988,1989,1575,1162,1245,1990],"class_list":["post-7621","post","type-post","status-publish","format-standard","has-post-thumbnail","hentry","category-sostenibilidad-pe","tag-ambito-tecnologico-pe","tag-buenas-practicas-pe","tag-compromiso-empresarial-pe","tag-eficiencia-energetica-pe","tag-impacto-ambiental-pe","tag-manual-pe","tag-medio-ambiente-pe","tag-sector-it-pe","tag-sostenibilidad-pe","tag-the-metrica-change-pe"],"yoast_head":"<!-- This site is optimized with the Yoast SEO plugin v25.9 - https:\/\/yoast.com\/wordpress\/plugins\/seo\/ -->\n<title>D\u00eda Mundial del Medio Ambiente: Compromiso de M\u00e9trica con la Sostenibilidad - METRICA<\/title>\n<meta name=\"robots\" content=\"index, follow, max-snippet:-1, max-image-preview:large, max-video-preview:-1\" \/>\n<link rel=\"canonical\" href=\"https:\/\/www.metrica-global.com\/pe\/dia-mundial-del-medio-ambiente-compromiso-de-metrica-con-la-sostenibilidad\/\" \/>\n<meta property=\"og:locale\" content=\"es_ES\" \/>\n<meta property=\"og:type\" content=\"article\" \/>\n<meta property=\"og:title\" content=\"D\u00eda Mundial del Medio Ambiente: Compromiso de M\u00e9trica con la Sostenibilidad - METRICA\" \/>\n<meta property=\"og:description\" content=\"En este D\u00eda Mundial del Medio Ambiente, queremos dar un paso m\u00e1s hacia la sostenibilidad y sensibilizar sobre las medidas que todos debemos tomar y aplicar.\" \/>\n<meta property=\"og:url\" content=\"https:\/\/www.metrica-global.com\/pe\/dia-mundial-del-medio-ambiente-compromiso-de-metrica-con-la-sostenibilidad\/\" \/>\n<meta property=\"og:site_name\" content=\"METRICA\" \/>\n<meta property=\"article:published_time\" content=\"2024-06-05T12:32:00+00:00\" \/>\n<meta property=\"article:modified_time\" content=\"2025-06-17T11:27:21+00:00\" \/>\n<meta property=\"og:image\" content=\"https:\/\/www.metrica-global.com\/wp-content\/uploads\/2024\/07\/BANNER-NOTICIAS-scaled-1.jpg\" \/>\n\t<meta property=\"og:image:width\" content=\"2560\" \/>\n\t<meta property=\"og:image:height\" content=\"1280\" \/>\n\t<meta property=\"og:image:type\" content=\"image\/jpeg\" \/>\n<meta name=\"author\" content=\"desarrollo\" \/>\n<meta name=\"twitter:card\" content=\"summary_large_image\" \/>\n<meta name=\"twitter:label1\" content=\"Written by\" \/>\n\t<meta name=\"twitter:data1\" content=\"desarrollo\" \/>\n\t<meta name=\"twitter:label2\" content=\"Est. reading time\" \/>\n\t<meta name=\"twitter:data2\" content=\"2 minutes\" \/>\n<script type=\"application\/ld+json\" class=\"yoast-schema-graph\">{\"@context\":\"https:\/\/schema.org\",\"@graph\":[{\"@type\":\"Article\",\"@id\":\"https:\/\/www.metrica-global.com\/pe\/dia-mundial-del-medio-ambiente-compromiso-de-metrica-con-la-sostenibilidad\/#article\",\"isPartOf\":{\"@id\":\"https:\/\/www.metrica-global.com\/pe\/dia-mundial-del-medio-ambiente-compromiso-de-metrica-con-la-sostenibilidad\/\"},\"author\":{\"name\":\"desarrollo\",\"@id\":\"https:\/\/www.metrica-global.com\/#\/schema\/person\/78e8e629d9e5908167469b249f6f2cdc\"},\"headline\":\"D\u00eda Mundial del Medio Ambiente: Compromiso de M\u00e9trica con la Sostenibilidad\",\"datePublished\":\"2024-06-05T12:32:00+00:00\",\"dateModified\":\"2025-06-17T11:27:21+00:00\",\"mainEntityOfPage\":{\"@id\":\"https:\/\/www.metrica-global.com\/pe\/dia-mundial-del-medio-ambiente-compromiso-de-metrica-con-la-sostenibilidad\/\"},\"wordCount\":336,\"commentCount\":0,\"publisher\":{\"@id\":\"https:\/\/www.metrica-global.com\/#organization\"},\"image\":{\"@id\":\"https:\/\/www.metrica-global.com\/pe\/dia-mundial-del-medio-ambiente-compromiso-de-metrica-con-la-sostenibilidad\/#primaryimage\"},\"thumbnailUrl\":\"https:\/\/www.metrica-global.com\/wp-content\/uploads\/2024\/07\/BANNER-NOTICIAS-scaled-1.jpg\",\"keywords\":[\"\u00c1mbito Tecnol\u00f3gico\",\"Buenas Pr\u00e1cticas\",\"Compromiso empresarial\",\"Eficiencia energetica\",\"Impacto ambiental\",\"Manual\",\"Medio Ambiente\",\"Sector IT\",\"Sostenibilidad\",\"The Metrica Change\"],\"articleSection\":[\"Sostenibilidad\"],\"inLanguage\":\"es-PE\",\"potentialAction\":[{\"@type\":\"CommentAction\",\"name\":\"Comment\",\"target\":[\"https:\/\/www.metrica-global.com\/pe\/dia-mundial-del-medio-ambiente-compromiso-de-metrica-con-la-sostenibilidad\/#respond\"]}]},{\"@type\":\"WebPage\",\"@id\":\"https:\/\/www.metrica-global.com\/pe\/dia-mundial-del-medio-ambiente-compromiso-de-metrica-con-la-sostenibilidad\/\",\"url\":\"https:\/\/www.metrica-global.com\/pe\/dia-mundial-del-medio-ambiente-compromiso-de-metrica-con-la-sostenibilidad\/\",\"name\":\"D\u00eda Mundial del Medio Ambiente: Compromiso de M\u00e9trica con la Sostenibilidad - METRICA\",\"isPartOf\":{\"@id\":\"https:\/\/www.metrica-global.com\/#website\"},\"primaryImageOfPage\":{\"@id\":\"https:\/\/www.metrica-global.com\/pe\/dia-mundial-del-medio-ambiente-compromiso-de-metrica-con-la-sostenibilidad\/#primaryimage\"},\"image\":{\"@id\":\"https:\/\/www.metrica-global.com\/pe\/dia-mundial-del-medio-ambiente-compromiso-de-metrica-con-la-sostenibilidad\/#primaryimage\"},\"thumbnailUrl\":\"https:\/\/www.metrica-global.com\/wp-content\/uploads\/2024\/07\/BANNER-NOTICIAS-scaled-1.jpg\",\"datePublished\":\"2024-06-05T12:32:00+00:00\",\"dateModified\":\"2025-06-17T11:27:21+00:00\",\"breadcrumb\":{\"@id\":\"https:\/\/www.metrica-global.com\/pe\/dia-mundial-del-medio-ambiente-compromiso-de-metrica-con-la-sostenibilidad\/#breadcrumb\"},\"inLanguage\":\"es-PE\",\"potentialAction\":[{\"@type\":\"ReadAction\",\"target\":[\"https:\/\/www.metrica-global.com\/pe\/dia-mundial-del-medio-ambiente-compromiso-de-metrica-con-la-sostenibilidad\/\"]}]},{\"@type\":\"ImageObject\",\"inLanguage\":\"es-PE\",\"@id\":\"https:\/\/www.metrica-global.com\/pe\/dia-mundial-del-medio-ambiente-compromiso-de-metrica-con-la-sostenibilidad\/#primaryimage\",\"url\":\"https:\/\/www.metrica-global.com\/wp-content\/uploads\/2024\/07\/BANNER-NOTICIAS-scaled-1.jpg\",\"contentUrl\":\"https:\/\/www.metrica-global.com\/wp-content\/uploads\/2024\/07\/BANNER-NOTICIAS-scaled-1.jpg\",\"width\":2560,\"height\":1280,\"caption\":\"BANNER NOTICIAS scaled 1\"},{\"@type\":\"BreadcrumbList\",\"@id\":\"https:\/\/www.metrica-global.com\/pe\/dia-mundial-del-medio-ambiente-compromiso-de-metrica-con-la-sostenibilidad\/#breadcrumb\",\"itemListElement\":[{\"@type\":\"ListItem\",\"position\":1,\"name\":\"Portada\",\"item\":\"https:\/\/www.metrica-global.com\/en\/\"},{\"@type\":\"ListItem\",\"position\":2,\"name\":\"D\u00eda Mundial del Medio Ambiente: Compromiso de M\u00e9trica con la Sostenibilidad\"}]},{\"@type\":\"WebSite\",\"@id\":\"https:\/\/www.metrica-global.com\/#website\",\"url\":\"https:\/\/www.metrica-global.com\/\",\"name\":\"METRICA\",\"description\":\"Servicios Globales IT\",\"publisher\":{\"@id\":\"https:\/\/www.metrica-global.com\/#organization\"},\"potentialAction\":[{\"@type\":\"SearchAction\",\"target\":{\"@type\":\"EntryPoint\",\"urlTemplate\":\"https:\/\/www.metrica-global.com\/?s={search_term_string}\"},\"query-input\":{\"@type\":\"PropertyValueSpecification\",\"valueRequired\":true,\"valueName\":\"search_term_string\"}}],\"inLanguage\":\"es-PE\"},{\"@type\":\"Organization\",\"@id\":\"https:\/\/www.metrica-global.com\/#organization\",\"name\":\"METRICA\",\"url\":\"https:\/\/www.metrica-global.com\/\",\"logo\":{\"@type\":\"ImageObject\",\"inLanguage\":\"es-PE\",\"@id\":\"https:\/\/www.metrica-global.com\/#\/schema\/logo\/image\/\",\"url\":\"https:\/\/www.metrica-global.com\/wp-content\/uploads\/2023\/12\/logo-metrica.png\",\"contentUrl\":\"https:\/\/www.metrica-global.com\/wp-content\/uploads\/2023\/12\/logo-metrica.png\",\"width\":332,\"height\":58,\"caption\":\"METRICA\"},\"image\":{\"@id\":\"https:\/\/www.metrica-global.com\/#\/schema\/logo\/image\/\"}},{\"@type\":\"Person\",\"@id\":\"https:\/\/www.metrica-global.com\/#\/schema\/person\/78e8e629d9e5908167469b249f6f2cdc\",\"name\":\"desarrollo\",\"image\":{\"@type\":\"ImageObject\",\"inLanguage\":\"es-PE\",\"@id\":\"https:\/\/www.metrica-global.com\/#\/schema\/person\/image\/\",\"url\":\"https:\/\/secure.gravatar.com\/avatar\/d2653fb8f170e1382a31acc69dcf92e99545e6329805eb11d8a34443b058f3de?s=96&d=mm&r=g\",\"contentUrl\":\"https:\/\/secure.gravatar.com\/avatar\/d2653fb8f170e1382a31acc69dcf92e99545e6329805eb11d8a34443b058f3de?s=96&d=mm&r=g\",\"caption\":\"desarrollo\"},\"url\":\"https:\/\/www.metrica-global.com\/pe\/author\/desarrollo\/\"}]}<\/script>\n<!-- \/ Yoast SEO plugin. -->","yoast_head_json":{"title":"D\u00eda Mundial del Medio Ambiente: Compromiso de M\u00e9trica con la Sostenibilidad - METRICA","robots":{"index":"index","follow":"follow","max-snippet":"max-snippet:-1","max-image-preview":"max-image-preview:large","max-video-preview":"max-video-preview:-1"},"canonical":"https:\/\/www.metrica-global.com\/pe\/dia-mundial-del-medio-ambiente-compromiso-de-metrica-con-la-sostenibilidad\/","og_locale":"es_ES","og_type":"article","og_title":"D\u00eda Mundial del Medio Ambiente: Compromiso de M\u00e9trica con la Sostenibilidad - METRICA","og_description":"En este D\u00eda Mundial del Medio Ambiente, queremos dar un paso m\u00e1s hacia la sostenibilidad y sensibilizar sobre las medidas que todos debemos tomar y aplicar.","og_url":"https:\/\/www.metrica-global.com\/pe\/dia-mundial-del-medio-ambiente-compromiso-de-metrica-con-la-sostenibilidad\/","og_site_name":"METRICA","article_published_time":"2024-06-05T12:32:00+00:00","article_modified_time":"2025-06-17T11:27:21+00:00","og_image":[{"width":2560,"height":1280,"url":"https:\/\/www.metrica-global.com\/wp-content\/uploads\/2024\/07\/BANNER-NOTICIAS-scaled-1.jpg","type":"image\/jpeg"}],"author":"desarrollo","twitter_card":"summary_large_image","twitter_misc":{"Written by":"desarrollo","Est. reading time":"2 minutes"},"schema":{"@context":"https:\/\/schema.org","@graph":[{"@type":"Article","@id":"https:\/\/www.metrica-global.com\/pe\/dia-mundial-del-medio-ambiente-compromiso-de-metrica-con-la-sostenibilidad\/#article","isPartOf":{"@id":"https:\/\/www.metrica-global.com\/pe\/dia-mundial-del-medio-ambiente-compromiso-de-metrica-con-la-sostenibilidad\/"},"author":{"name":"desarrollo","@id":"https:\/\/www.metrica-global.com\/#\/schema\/person\/78e8e629d9e5908167469b249f6f2cdc"},"headline":"D\u00eda Mundial del Medio Ambiente: Compromiso de M\u00e9trica con la Sostenibilidad","datePublished":"2024-06-05T12:32:00+00:00","dateModified":"2025-06-17T11:27:21+00:00","mainEntityOfPage":{"@id":"https:\/\/www.metrica-global.com\/pe\/dia-mundial-del-medio-ambiente-compromiso-de-metrica-con-la-sostenibilidad\/"},"wordCount":336,"commentCount":0,"publisher":{"@id":"https:\/\/www.metrica-global.com\/#organization"},"image":{"@id":"https:\/\/www.metrica-global.com\/pe\/dia-mundial-del-medio-ambiente-compromiso-de-metrica-con-la-sostenibilidad\/#primaryimage"},"thumbnailUrl":"https:\/\/www.metrica-global.com\/wp-content\/uploads\/2024\/07\/BANNER-NOTICIAS-scaled-1.jpg","keywords":["\u00c1mbito Tecnol\u00f3gico","Buenas Pr\u00e1cticas","Compromiso empresarial","Eficiencia energetica","Impacto ambiental","Manual","Medio Ambiente","Sector IT","Sostenibilidad","The Metrica Change"],"articleSection":["Sostenibilidad"],"inLanguage":"es-PE","potentialAction":[{"@type":"CommentAction","name":"Comment","target":["https:\/\/www.metrica-global.com\/pe\/dia-mundial-del-medio-ambiente-compromiso-de-metrica-con-la-sostenibilidad\/#respond"]}]},{"@type":"WebPage","@id":"https:\/\/www.metrica-global.com\/pe\/dia-mundial-del-medio-ambiente-compromiso-de-metrica-con-la-sostenibilidad\/","url":"https:\/\/www.metrica-global.com\/pe\/dia-mundial-del-medio-ambiente-compromiso-de-metrica-con-la-sostenibilidad\/","name":"D\u00eda Mundial del Medio Ambiente: Compromiso de M\u00e9trica con la Sostenibilidad - METRICA","isPartOf":{"@id":"https:\/\/www.metrica-global.com\/#website"},"primaryImageOfPage":{"@id":"https:\/\/www.metrica-global.com\/pe\/dia-mundial-del-medio-ambiente-compromiso-de-metrica-con-la-sostenibilidad\/#primaryimage"},"image":{"@id":"https:\/\/www.metrica-global.com\/pe\/dia-mundial-del-medio-ambiente-compromiso-de-metrica-con-la-sostenibilidad\/#primaryimage"},"thumbnailUrl":"https:\/\/www.metrica-global.com\/wp-content\/uploads\/2024\/07\/BANNER-NOTICIAS-scaled-1.jpg","datePublished":"2024-06-05T12:32:00+00:00","dateModified":"2025-06-17T11:27:21+00:00","breadcrumb":{"@id":"https:\/\/www.metrica-global.com\/pe\/dia-mundial-del-medio-ambiente-compromiso-de-metrica-con-la-sostenibilidad\/#breadcrumb"},"inLanguage":"es-PE","potentialAction":[{"@type":"ReadAction","target":["https:\/\/www.metrica-global.com\/pe\/dia-mundial-del-medio-ambiente-compromiso-de-metrica-con-la-sostenibilidad\/"]}]},{"@type":"ImageObject","inLanguage":"es-PE","@id":"https:\/\/www.metrica-global.com\/pe\/dia-mundial-del-medio-ambiente-compromiso-de-metrica-con-la-sostenibilidad\/#primaryimage","url":"https:\/\/www.metrica-global.com\/wp-content\/uploads\/2024\/07\/BANNER-NOTICIAS-scaled-1.jpg","contentUrl":"https:\/\/www.metrica-global.com\/wp-content\/uploads\/2024\/07\/BANNER-NOTICIAS-scaled-1.jpg","width":2560,"height":1280,"caption":"BANNER NOTICIAS scaled 1"},{"@type":"BreadcrumbList","@id":"https:\/\/www.metrica-global.com\/pe\/dia-mundial-del-medio-ambiente-compromiso-de-metrica-con-la-sostenibilidad\/#breadcrumb","itemListElement":[{"@type":"ListItem","position":1,"name":"Portada","item":"https:\/\/www.metrica-global.com\/en\/"},{"@type":"ListItem","position":2,"name":"D\u00eda Mundial del Medio Ambiente: Compromiso de M\u00e9trica con la Sostenibilidad"}]},{"@type":"WebSite","@id":"https:\/\/www.metrica-global.com\/#website","url":"https:\/\/www.metrica-global.com\/","name":"METRICA","description":"Servicios Globales IT","publisher":{"@id":"https:\/\/www.metrica-global.com\/#organization"},"potentialAction":[{"@type":"SearchAction","target":{"@type":"EntryPoint","urlTemplate":"https:\/\/www.metrica-global.com\/?s={search_term_string}"},"query-input":{"@type":"PropertyValueSpecification","valueRequired":true,"valueName":"search_term_string"}}],"inLanguage":"es-PE"},{"@type":"Organization","@id":"https:\/\/www.metrica-global.com\/#organization","name":"METRICA","url":"https:\/\/www.metrica-global.com\/","logo":{"@type":"ImageObject","inLanguage":"es-PE","@id":"https:\/\/www.metrica-global.com\/#\/schema\/logo\/image\/","url":"https:\/\/www.metrica-global.com\/wp-content\/uploads\/2023\/12\/logo-metrica.png","contentUrl":"https:\/\/www.metrica-global.com\/wp-content\/uploads\/2023\/12\/logo-metrica.png","width":332,"height":58,"caption":"METRICA"},"image":{"@id":"https:\/\/www.metrica-global.com\/#\/schema\/logo\/image\/"}},{"@type":"Person","@id":"https:\/\/www.metrica-global.com\/#\/schema\/person\/78e8e629d9e5908167469b249f6f2cdc","name":"desarrollo","image":{"@type":"ImageObject","inLanguage":"es-PE","@id":"https:\/\/www.metrica-global.com\/#\/schema\/person\/image\/","url":"https:\/\/secure.gravatar.com\/avatar\/d2653fb8f170e1382a31acc69dcf92e99545e6329805eb11d8a34443b058f3de?s=96&d=mm&r=g","contentUrl":"https:\/\/secure.gravatar.com\/avatar\/d2653fb8f170e1382a31acc69dcf92e99545e6329805eb11d8a34443b058f3de?s=96&d=mm&r=g","caption":"desarrollo"},"url":"https:\/\/www.metrica-global.com\/pe\/author\/desarrollo\/"}]}},"_links":{"self":[{"href":"https:\/\/www.metrica-global.com\/pe\/wp-json\/wp\/v2\/posts\/7621","targetHints":{"allow":["GET"]}}],"collection":[{"href":"https:\/\/www.metrica-global.com\/pe\/wp-json\/wp\/v2\/posts"}],"about":[{"href":"https:\/\/www.metrica-global.com\/pe\/wp-json\/wp\/v2\/types\/post"}],"author":[{"embeddable":true,"href":"https:\/\/www.metrica-global.com\/pe\/wp-json\/wp\/v2\/users\/1"}],"replies":[{"embeddable":true,"href":"https:\/\/www.metrica-global.com\/pe\/wp-json\/wp\/v2\/comments?post=7621"}],"version-history":[{"count":1,"href":"https:\/\/www.metrica-global.com\/pe\/wp-json\/wp\/v2\/posts\/7621\/revisions"}],"predecessor-version":[{"id":8054,"href":"https:\/\/www.metrica-global.com\/pe\/wp-json\/wp\/v2\/posts\/7621\/revisions\/8054"}],"wp:featuredmedia":[{"embeddable":true,"href":"https:\/\/www.metrica-global.com\/pe\/wp-json\/wp\/v2\/media\/7622"}],"wp:attachment":[{"href":"https:\/\/www.metrica-global.com\/pe\/wp-json\/wp\/v2\/media?parent=7621"}],"wp:term":[{"taxonomy":"category","embeddable":true,"href":"https:\/\/www.metrica-global.com\/pe\/wp-json\/wp\/v2\/categories?post=7621"},{"taxonomy":"post_tag","embeddable":true,"href":"https:\/\/www.metrica-global.com\/pe\/wp-json\/wp\/v2\/tags?post=7621"}],"curies":[{"name":"wp","href":"https:\/\/api.w.org\/{rel}","templated":true}]}}