{"id":7628,"date":"2024-05-16T07:26:31","date_gmt":"2024-05-16T07:26:31","guid":{"rendered":"https:\/\/www.metrica-global.com\/dia-mundial-de-la-luz\/"},"modified":"2025-06-17T11:31:03","modified_gmt":"2025-06-17T11:31:03","slug":"dia-mundial-de-la-luz","status":"publish","type":"post","link":"https:\/\/www.metrica-global.com\/pe\/dia-mundial-de-la-luz\/","title":{"rendered":"D\u00eda Mundial de la Luz"},"content":{"rendered":"\r\n<h3 class=\"wp-block-heading\">Compromiso y Responsabilidad en M\u00e9trica<\/h3>\r\n\r\n\r\n\r\n<p>El <strong>D\u00eda Mundial de la Luz<\/strong> es una oportunidad perfecta para reflexionar sobre el papel fundamental que la luz desempe\u00f1a en nuestra vida cotidiana y en nuestras actividades laborales. En <strong>M\u00e9trica<\/strong>, una empresa tecnol\u00f3gica, la luz no solo es esencial para nuestras operaciones, sino que tambi\u00e9n representa nuestro compromiso con el uso responsable y sostenible de los recursos.<\/p>\r\n\r\n\r\n\r\n<p>Implementamos diversas medidas en nuestras oficinas para controlar el consumo energ\u00e9tico de manera eficiente:<\/p>\r\n\r\n\r\n\r\n<div class=\"wp-block-media-text is-stacked-on-mobile\" style=\"grid-template-columns: 18% auto;\">\r\n<figure class=\"wp-block-media-text__media\"><video src=\"https:\/\/themetricachange.com\/wp-content\/uploads\/2024\/05\/Dia-Mundial-de-la-Luz-1.mp4\" controls=\"controls\" width=\"300\" height=\"150\"><\/video><\/figure>\r\n<div class=\"wp-block-media-text__content\">\r\n<ol class=\"wp-block-list\">\r\n<li><strong>Uso de luces LED de bajo consumo:<\/strong> Todas nuestras instalaciones est\u00e1n equipadas con luces LED, que no solo reducen el consumo energ\u00e9tico, sino que tambi\u00e9n tienen una mayor durabilidad y menor impacto ambiental.<\/li>\r\n\r\n\r\n\r\n<li><strong>Dispositivos de encendido autom\u00e1tico y regulaci\u00f3n de intensidad:<\/strong> Contamos con sistemas inteligentes que ajustan autom\u00e1ticamente la iluminaci\u00f3n seg\u00fan las necesidades del momento, optimizando as\u00ed su uso y evitando el desperdicio de energ\u00eda.<\/li>\r\n\r\n\r\n\r\n<li><strong>Sistema de climatizaci\u00f3n eficiente:<\/strong> Nuestro sistema de climatizaci\u00f3n est\u00e1 dise\u00f1ado para adaptarse a las variaciones estacionales, proporcionando calefacci\u00f3n o refrigeraci\u00f3n seg\u00fan sea necesario, con un consumo energ\u00e9tico m\u00ednimo.<\/li>\r\n\r\n\r\n\r\n<li><strong>Dispositivos electr\u00f3nicos de alto rendimiento:<\/strong> Utilizamos equipos tecnol\u00f3gicos que destacan por su eficiencia energ\u00e9tica, lo que nos permite mantener un alto rendimiento sin comprometer el medio ambiente.<\/li>\r\n\r\n\r\n\r\n<li><strong>Bater\u00edas recargables:<\/strong> Todos nuestros dispositivos funcionan con bater\u00edas recargables, eliminando as\u00ed la necesidad de pilas desechables y reduciendo la generaci\u00f3n de residuos contaminantes.<\/li>\r\n<\/ol>\r\n<\/div>\r\n<\/div>\r\n\r\n\r\n\r\n<p>&nbsp;<\/p>\r\n\r\n\r\n\r\n<p>En <strong>M\u00e9trica<\/strong>, entendemos la importancia de cuidar nuestros recursos y estamos comprometidos a sumar nuestro granito de arena para un uso responsable de la luz. Creemos firmemente que peque\u00f1as acciones pueden generar grandes cambios, y nos esforzamos cada d\u00eda por integrar pr\u00e1cticas sostenibles en todas nuestras operaciones.<\/p>\r\n\r\n\r\n\r\n<p>\u00a1En el <strong>D\u00eda Mundial de la Luz<\/strong>, reafirmamos nuestro compromiso con la sostenibilidad y la eficiencia energ\u00e9tica! \ud83c\udf1e\u2728<\/p>\r\n\r\n\r\n\r\n<p>Para obtener m\u00e1s informaci\u00f3n sobre nuestras iniciativas y c\u00f3mo puedes contribuir a un uso responsable de la luz, visita nuestro sitio web. \u00a1Juntos podemos marcar la diferencia!<\/p>\r\n","protected":false},"excerpt":{"rendered":"<p>El D\u00eda Mundial de la Luz es una oportunidad perfecta para reflexionar sobre el papel fundamental que la luz desempe\u00f1a en nuestra vida cotidiana y en nuestras actividades laborales. <\/p>\n","protected":false},"author":1,"featured_media":7630,"comment_status":"open","ping_status":"open","sticky":false,"template":"","format":"standard","meta":{"content-type":"","footnotes":""},"categories":[1828],"tags":[1999,1831,1952,2000,1832,2001,1938,2002,2003,1978,1245],"class_list":["post-7628","post","type-post","status-publish","format-standard","has-post-thumbnail","hentry","category-sostenibilidad-pe","tag-ahorro-de-energia-pe","tag-consumo-energetico-pe","tag-consumo-respnosable-pe","tag-dia-mundial-de-la-luz-pe","tag-eficiencia-energetica-pe","tag-electricidad-pe","tag-empresa-sostenible-pe","tag-energia-pe","tag-luz-pe","tag-reciclaje-pe","tag-sostenibilidad-pe"],"yoast_head":"<!-- This site is optimized with the Yoast SEO plugin v25.9 - https:\/\/yoast.com\/wordpress\/plugins\/seo\/ -->\n<title>D\u00eda Mundial de la Luz - METRICA<\/title>\n<meta name=\"robots\" content=\"index, follow, max-snippet:-1, max-image-preview:large, max-video-preview:-1\" \/>\n<link rel=\"canonical\" href=\"https:\/\/www.metrica-global.com\/pe\/dia-mundial-de-la-luz\/\" \/>\n<meta property=\"og:locale\" content=\"es_ES\" \/>\n<meta property=\"og:type\" content=\"article\" \/>\n<meta property=\"og:title\" content=\"D\u00eda Mundial de la Luz - METRICA\" \/>\n<meta property=\"og:description\" content=\"El D\u00eda Mundial de la Luz es una oportunidad perfecta para reflexionar sobre el papel fundamental que la luz desempe\u00f1a en nuestra vida cotidiana y en nuestras actividades laborales.\" \/>\n<meta property=\"og:url\" content=\"https:\/\/www.metrica-global.com\/pe\/dia-mundial-de-la-luz\/\" \/>\n<meta property=\"og:site_name\" content=\"METRICA\" \/>\n<meta property=\"article:published_time\" content=\"2024-05-16T07:26:31+00:00\" \/>\n<meta property=\"article:modified_time\" content=\"2025-06-17T11:31:03+00:00\" \/>\n<meta property=\"og:image\" content=\"https:\/\/www.metrica-global.com\/wp-content\/uploads\/2024\/05\/BANNER-LUZ-scaled-1.jpg\" \/>\n\t<meta property=\"og:image:width\" content=\"2560\" \/>\n\t<meta property=\"og:image:height\" content=\"1083\" \/>\n\t<meta property=\"og:image:type\" content=\"image\/jpeg\" \/>\n<meta name=\"author\" content=\"desarrollo\" \/>\n<meta name=\"twitter:card\" content=\"summary_large_image\" \/>\n<meta name=\"twitter:label1\" content=\"Written by\" \/>\n\t<meta name=\"twitter:data1\" content=\"desarrollo\" \/>\n\t<meta name=\"twitter:label2\" content=\"Est. reading time\" \/>\n\t<meta name=\"twitter:data2\" content=\"2 minutes\" \/>\n<script type=\"application\/ld+json\" class=\"yoast-schema-graph\">{\"@context\":\"https:\/\/schema.org\",\"@graph\":[{\"@type\":\"Article\",\"@id\":\"https:\/\/www.metrica-global.com\/pe\/dia-mundial-de-la-luz\/#article\",\"isPartOf\":{\"@id\":\"https:\/\/www.metrica-global.com\/pe\/dia-mundial-de-la-luz\/\"},\"author\":{\"name\":\"desarrollo\",\"@id\":\"https:\/\/www.metrica-global.com\/#\/schema\/person\/78e8e629d9e5908167469b249f6f2cdc\"},\"headline\":\"D\u00eda Mundial de la Luz\",\"datePublished\":\"2024-05-16T07:26:31+00:00\",\"dateModified\":\"2025-06-17T11:31:03+00:00\",\"mainEntityOfPage\":{\"@id\":\"https:\/\/www.metrica-global.com\/pe\/dia-mundial-de-la-luz\/\"},\"wordCount\":357,\"commentCount\":0,\"publisher\":{\"@id\":\"https:\/\/www.metrica-global.com\/#organization\"},\"image\":{\"@id\":\"https:\/\/www.metrica-global.com\/pe\/dia-mundial-de-la-luz\/#primaryimage\"},\"thumbnailUrl\":\"https:\/\/www.metrica-global.com\/wp-content\/uploads\/2024\/05\/BANNER-LUZ-scaled-1.jpg\",\"keywords\":[\"Ahorro de energia\",\"Consumo energetico\",\"Consumo respnosable\",\"Dia Mundial de la Luz\",\"Eficiencia energetica\",\"Electricidad\",\"Empresa sostenible\",\"Energia\",\"Luz\",\"Reciclaje\",\"Sostenibilidad\"],\"articleSection\":[\"Sostenibilidad\"],\"inLanguage\":\"es-PE\",\"potentialAction\":[{\"@type\":\"CommentAction\",\"name\":\"Comment\",\"target\":[\"https:\/\/www.metrica-global.com\/pe\/dia-mundial-de-la-luz\/#respond\"]}]},{\"@type\":\"WebPage\",\"@id\":\"https:\/\/www.metrica-global.com\/pe\/dia-mundial-de-la-luz\/\",\"url\":\"https:\/\/www.metrica-global.com\/pe\/dia-mundial-de-la-luz\/\",\"name\":\"D\u00eda Mundial de la Luz - METRICA\",\"isPartOf\":{\"@id\":\"https:\/\/www.metrica-global.com\/#website\"},\"primaryImageOfPage\":{\"@id\":\"https:\/\/www.metrica-global.com\/pe\/dia-mundial-de-la-luz\/#primaryimage\"},\"image\":{\"@id\":\"https:\/\/www.metrica-global.com\/pe\/dia-mundial-de-la-luz\/#primaryimage\"},\"thumbnailUrl\":\"https:\/\/www.metrica-global.com\/wp-content\/uploads\/2024\/05\/BANNER-LUZ-scaled-1.jpg\",\"datePublished\":\"2024-05-16T07:26:31+00:00\",\"dateModified\":\"2025-06-17T11:31:03+00:00\",\"breadcrumb\":{\"@id\":\"https:\/\/www.metrica-global.com\/pe\/dia-mundial-de-la-luz\/#breadcrumb\"},\"inLanguage\":\"es-PE\",\"potentialAction\":[{\"@type\":\"ReadAction\",\"target\":[\"https:\/\/www.metrica-global.com\/pe\/dia-mundial-de-la-luz\/\"]}]},{\"@type\":\"ImageObject\",\"inLanguage\":\"es-PE\",\"@id\":\"https:\/\/www.metrica-global.com\/pe\/dia-mundial-de-la-luz\/#primaryimage\",\"url\":\"https:\/\/www.metrica-global.com\/wp-content\/uploads\/2024\/05\/BANNER-LUZ-scaled-1.jpg\",\"contentUrl\":\"https:\/\/www.metrica-global.com\/wp-content\/uploads\/2024\/05\/BANNER-LUZ-scaled-1.jpg\",\"width\":2560,\"height\":1083,\"caption\":\"BANNER LUZ scaled 1\"},{\"@type\":\"BreadcrumbList\",\"@id\":\"https:\/\/www.metrica-global.com\/pe\/dia-mundial-de-la-luz\/#breadcrumb\",\"itemListElement\":[{\"@type\":\"ListItem\",\"position\":1,\"name\":\"Portada\",\"item\":\"https:\/\/www.metrica-global.com\/en\/\"},{\"@type\":\"ListItem\",\"position\":2,\"name\":\"D\u00eda Mundial de la Luz\"}]},{\"@type\":\"WebSite\",\"@id\":\"https:\/\/www.metrica-global.com\/#website\",\"url\":\"https:\/\/www.metrica-global.com\/\",\"name\":\"METRICA\",\"description\":\"Servicios Globales IT\",\"publisher\":{\"@id\":\"https:\/\/www.metrica-global.com\/#organization\"},\"potentialAction\":[{\"@type\":\"SearchAction\",\"target\":{\"@type\":\"EntryPoint\",\"urlTemplate\":\"https:\/\/www.metrica-global.com\/?s={search_term_string}\"},\"query-input\":{\"@type\":\"PropertyValueSpecification\",\"valueRequired\":true,\"valueName\":\"search_term_string\"}}],\"inLanguage\":\"es-PE\"},{\"@type\":\"Organization\",\"@id\":\"https:\/\/www.metrica-global.com\/#organization\",\"name\":\"METRICA\",\"url\":\"https:\/\/www.metrica-global.com\/\",\"logo\":{\"@type\":\"ImageObject\",\"inLanguage\":\"es-PE\",\"@id\":\"https:\/\/www.metrica-global.com\/#\/schema\/logo\/image\/\",\"url\":\"https:\/\/www.metrica-global.com\/wp-content\/uploads\/2023\/12\/logo-metrica.png\",\"contentUrl\":\"https:\/\/www.metrica-global.com\/wp-content\/uploads\/2023\/12\/logo-metrica.png\",\"width\":332,\"height\":58,\"caption\":\"METRICA\"},\"image\":{\"@id\":\"https:\/\/www.metrica-global.com\/#\/schema\/logo\/image\/\"}},{\"@type\":\"Person\",\"@id\":\"https:\/\/www.metrica-global.com\/#\/schema\/person\/78e8e629d9e5908167469b249f6f2cdc\",\"name\":\"desarrollo\",\"image\":{\"@type\":\"ImageObject\",\"inLanguage\":\"es-PE\",\"@id\":\"https:\/\/www.metrica-global.com\/#\/schema\/person\/image\/\",\"url\":\"https:\/\/secure.gravatar.com\/avatar\/d2653fb8f170e1382a31acc69dcf92e99545e6329805eb11d8a34443b058f3de?s=96&d=mm&r=g\",\"contentUrl\":\"https:\/\/secure.gravatar.com\/avatar\/d2653fb8f170e1382a31acc69dcf92e99545e6329805eb11d8a34443b058f3de?s=96&d=mm&r=g\",\"caption\":\"desarrollo\"},\"url\":\"https:\/\/www.metrica-global.com\/pe\/author\/desarrollo\/\"}]}<\/script>\n<!-- \/ Yoast SEO plugin. -->","yoast_head_json":{"title":"D\u00eda Mundial de la Luz - METRICA","robots":{"index":"index","follow":"follow","max-snippet":"max-snippet:-1","max-image-preview":"max-image-preview:large","max-video-preview":"max-video-preview:-1"},"canonical":"https:\/\/www.metrica-global.com\/pe\/dia-mundial-de-la-luz\/","og_locale":"es_ES","og_type":"article","og_title":"D\u00eda Mundial de la Luz - METRICA","og_description":"El D\u00eda Mundial de la Luz es una oportunidad perfecta para reflexionar sobre el papel fundamental que la luz desempe\u00f1a en nuestra vida cotidiana y en nuestras actividades laborales.","og_url":"https:\/\/www.metrica-global.com\/pe\/dia-mundial-de-la-luz\/","og_site_name":"METRICA","article_published_time":"2024-05-16T07:26:31+00:00","article_modified_time":"2025-06-17T11:31:03+00:00","og_image":[{"width":2560,"height":1083,"url":"https:\/\/www.metrica-global.com\/wp-content\/uploads\/2024\/05\/BANNER-LUZ-scaled-1.jpg","type":"image\/jpeg"}],"author":"desarrollo","twitter_card":"summary_large_image","twitter_misc":{"Written by":"desarrollo","Est. reading time":"2 minutes"},"schema":{"@context":"https:\/\/schema.org","@graph":[{"@type":"Article","@id":"https:\/\/www.metrica-global.com\/pe\/dia-mundial-de-la-luz\/#article","isPartOf":{"@id":"https:\/\/www.metrica-global.com\/pe\/dia-mundial-de-la-luz\/"},"author":{"name":"desarrollo","@id":"https:\/\/www.metrica-global.com\/#\/schema\/person\/78e8e629d9e5908167469b249f6f2cdc"},"headline":"D\u00eda Mundial de la Luz","datePublished":"2024-05-16T07:26:31+00:00","dateModified":"2025-06-17T11:31:03+00:00","mainEntityOfPage":{"@id":"https:\/\/www.metrica-global.com\/pe\/dia-mundial-de-la-luz\/"},"wordCount":357,"commentCount":0,"publisher":{"@id":"https:\/\/www.metrica-global.com\/#organization"},"image":{"@id":"https:\/\/www.metrica-global.com\/pe\/dia-mundial-de-la-luz\/#primaryimage"},"thumbnailUrl":"https:\/\/www.metrica-global.com\/wp-content\/uploads\/2024\/05\/BANNER-LUZ-scaled-1.jpg","keywords":["Ahorro de energia","Consumo energetico","Consumo respnosable","Dia Mundial de la Luz","Eficiencia energetica","Electricidad","Empresa sostenible","Energia","Luz","Reciclaje","Sostenibilidad"],"articleSection":["Sostenibilidad"],"inLanguage":"es-PE","potentialAction":[{"@type":"CommentAction","name":"Comment","target":["https:\/\/www.metrica-global.com\/pe\/dia-mundial-de-la-luz\/#respond"]}]},{"@type":"WebPage","@id":"https:\/\/www.metrica-global.com\/pe\/dia-mundial-de-la-luz\/","url":"https:\/\/www.metrica-global.com\/pe\/dia-mundial-de-la-luz\/","name":"D\u00eda Mundial de la Luz - METRICA","isPartOf":{"@id":"https:\/\/www.metrica-global.com\/#website"},"primaryImageOfPage":{"@id":"https:\/\/www.metrica-global.com\/pe\/dia-mundial-de-la-luz\/#primaryimage"},"image":{"@id":"https:\/\/www.metrica-global.com\/pe\/dia-mundial-de-la-luz\/#primaryimage"},"thumbnailUrl":"https:\/\/www.metrica-global.com\/wp-content\/uploads\/2024\/05\/BANNER-LUZ-scaled-1.jpg","datePublished":"2024-05-16T07:26:31+00:00","dateModified":"2025-06-17T11:31:03+00:00","breadcrumb":{"@id":"https:\/\/www.metrica-global.com\/pe\/dia-mundial-de-la-luz\/#breadcrumb"},"inLanguage":"es-PE","potentialAction":[{"@type":"ReadAction","target":["https:\/\/www.metrica-global.com\/pe\/dia-mundial-de-la-luz\/"]}]},{"@type":"ImageObject","inLanguage":"es-PE","@id":"https:\/\/www.metrica-global.com\/pe\/dia-mundial-de-la-luz\/#primaryimage","url":"https:\/\/www.metrica-global.com\/wp-content\/uploads\/2024\/05\/BANNER-LUZ-scaled-1.jpg","contentUrl":"https:\/\/www.metrica-global.com\/wp-content\/uploads\/2024\/05\/BANNER-LUZ-scaled-1.jpg","width":2560,"height":1083,"caption":"BANNER LUZ scaled 1"},{"@type":"BreadcrumbList","@id":"https:\/\/www.metrica-global.com\/pe\/dia-mundial-de-la-luz\/#breadcrumb","itemListElement":[{"@type":"ListItem","position":1,"name":"Portada","item":"https:\/\/www.metrica-global.com\/en\/"},{"@type":"ListItem","position":2,"name":"D\u00eda Mundial de la Luz"}]},{"@type":"WebSite","@id":"https:\/\/www.metrica-global.com\/#website","url":"https:\/\/www.metrica-global.com\/","name":"METRICA","description":"Servicios Globales IT","publisher":{"@id":"https:\/\/www.metrica-global.com\/#organization"},"potentialAction":[{"@type":"SearchAction","target":{"@type":"EntryPoint","urlTemplate":"https:\/\/www.metrica-global.com\/?s={search_term_string}"},"query-input":{"@type":"PropertyValueSpecification","valueRequired":true,"valueName":"search_term_string"}}],"inLanguage":"es-PE"},{"@type":"Organization","@id":"https:\/\/www.metrica-global.com\/#organization","name":"METRICA","url":"https:\/\/www.metrica-global.com\/","logo":{"@type":"ImageObject","inLanguage":"es-PE","@id":"https:\/\/www.metrica-global.com\/#\/schema\/logo\/image\/","url":"https:\/\/www.metrica-global.com\/wp-content\/uploads\/2023\/12\/logo-metrica.png","contentUrl":"https:\/\/www.metrica-global.com\/wp-content\/uploads\/2023\/12\/logo-metrica.png","width":332,"height":58,"caption":"METRICA"},"image":{"@id":"https:\/\/www.metrica-global.com\/#\/schema\/logo\/image\/"}},{"@type":"Person","@id":"https:\/\/www.metrica-global.com\/#\/schema\/person\/78e8e629d9e5908167469b249f6f2cdc","name":"desarrollo","image":{"@type":"ImageObject","inLanguage":"es-PE","@id":"https:\/\/www.metrica-global.com\/#\/schema\/person\/image\/","url":"https:\/\/secure.gravatar.com\/avatar\/d2653fb8f170e1382a31acc69dcf92e99545e6329805eb11d8a34443b058f3de?s=96&d=mm&r=g","contentUrl":"https:\/\/secure.gravatar.com\/avatar\/d2653fb8f170e1382a31acc69dcf92e99545e6329805eb11d8a34443b058f3de?s=96&d=mm&r=g","caption":"desarrollo"},"url":"https:\/\/www.metrica-global.com\/pe\/author\/desarrollo\/"}]}},"_links":{"self":[{"href":"https:\/\/www.metrica-global.com\/pe\/wp-json\/wp\/v2\/posts\/7628","targetHints":{"allow":["GET"]}}],"collection":[{"href":"https:\/\/www.metrica-global.com\/pe\/wp-json\/wp\/v2\/posts"}],"about":[{"href":"https:\/\/www.metrica-global.com\/pe\/wp-json\/wp\/v2\/types\/post"}],"author":[{"embeddable":true,"href":"https:\/\/www.metrica-global.com\/pe\/wp-json\/wp\/v2\/users\/1"}],"replies":[{"embeddable":true,"href":"https:\/\/www.metrica-global.com\/pe\/wp-json\/wp\/v2\/comments?post=7628"}],"version-history":[{"count":1,"href":"https:\/\/www.metrica-global.com\/pe\/wp-json\/wp\/v2\/posts\/7628\/revisions"}],"predecessor-version":[{"id":8055,"href":"https:\/\/www.metrica-global.com\/pe\/wp-json\/wp\/v2\/posts\/7628\/revisions\/8055"}],"wp:featuredmedia":[{"embeddable":true,"href":"https:\/\/www.metrica-global.com\/pe\/wp-json\/wp\/v2\/media\/7630"}],"wp:attachment":[{"href":"https:\/\/www.metrica-global.com\/pe\/wp-json\/wp\/v2\/media?parent=7628"}],"wp:term":[{"taxonomy":"category","embeddable":true,"href":"https:\/\/www.metrica-global.com\/pe\/wp-json\/wp\/v2\/categories?post=7628"},{"taxonomy":"post_tag","embeddable":true,"href":"https:\/\/www.metrica-global.com\/pe\/wp-json\/wp\/v2\/tags?post=7628"}],"curies":[{"name":"wp","href":"https:\/\/api.w.org\/{rel}","templated":true}]}}