{"id":7637,"date":"2024-04-22T08:49:04","date_gmt":"2024-04-22T08:49:04","guid":{"rendered":"https:\/\/www.metrica-global.com\/dia-mundial-de-la-madre-tierra-2024\/"},"modified":"2025-06-17T11:31:05","modified_gmt":"2025-06-17T11:31:05","slug":"dia-mundial-de-la-madre-tierra-2024","status":"publish","type":"post","link":"https:\/\/www.metrica-global.com\/pe\/dia-mundial-de-la-madre-tierra-2024\/","title":{"rendered":"D\u00eda Mundial de la Madre Tierra 2024"},"content":{"rendered":"\r\n<p><strong>Celebrando el D\u00eda Mundial de la Madre Tierra: Medidas Esenciales para la Preservaci\u00f3n Ambiental<\/strong><\/p>\r\n\r\n\r\n\r\n<p>Cada 22 de abril, el mundo se une para celebrar el D\u00eda Mundial de la Madre Tierra, una ocasi\u00f3n para reflexionar sobre la importancia de proteger nuestro planeta y tomar medidas concretas para preservar su belleza y biodiversidad. En M\u00e9trica, nos sumamos a esta celebraci\u00f3n y queremos destacar tres medidas esenciales que deben implementarse a nivel global para garantizar un futuro sostenible para las generaciones venideras.<\/p>\r\n\r\n\r\n\r\n<div class=\"wp-block-media-text is-stacked-on-mobile\" style=\"grid-template-columns: 29% auto;\">\r\n<figure class=\"wp-block-media-text__media\"><img fetchpriority=\"high\" decoding=\"async\" width=\"683\" height=\"683\" class=\"wp-image-1438 size-full\" src=\"https:\/\/themetricachange.com\/wp-content\/uploads\/2024\/05\/cambio-climatico-por-que-es-importante-para-la-salud-de-nuestro-planeta-y-nuestro-futuro.jpg\" alt=\"\" srcset=\"https:\/\/www.metrica-global.com\/wp-content\/uploads\/2024\/05\/cambio-climatico-por-que-es-importante-para-la-salud-de-nuestro-planeta-y-nuestro-futuro.jpg 683w, https:\/\/www.metrica-global.com\/wp-content\/uploads\/2024\/05\/cambio-climatico-por-que-es-importante-para-la-salud-de-nuestro-planeta-y-nuestro-futuro-300x300.jpg 300w, https:\/\/www.metrica-global.com\/wp-content\/uploads\/2024\/05\/cambio-climatico-por-que-es-importante-para-la-salud-de-nuestro-planeta-y-nuestro-futuro-150x150.jpg 150w\" sizes=\"(max-width: 683px) 100vw, 683px\" \/><\/figure>\r\n<div class=\"wp-block-media-text__content\">\r\n<p><strong>1. Abordar el Cambio Clim\u00e1tico:<\/strong><\/p>\r\n\r\n\r\n\r\n<p>El cambio clim\u00e1tico es una de las mayores amenazas a las que se enfrenta nuestro planeta. Para combatirlo, es fundamental que empresas y gobiernos de todo el mundo se comprometan a reducir su huella de carbono. Esto implica la adopci\u00f3n de pr\u00e1cticas m\u00e1s sostenibles en la producci\u00f3n y el consumo de energ\u00eda, as\u00ed como la implementaci\u00f3n de pol\u00edticas que fomenten la transici\u00f3n hacia una econom\u00eda baja en carbono.<\/p>\r\n\r\n\r\n\r\n<p>En M\u00e9trica, estamos comprometidos con esta causa y trabajamos para reducir nuestra propia huella de carbono implementando medidas de eficiencia energ\u00e9tica y promoviendo el uso de energ\u00edas renovables en nuestras operaciones.<\/p>\r\n<\/div>\r\n<\/div>\r\n\r\n\r\n\r\n<div class=\"wp-block-media-text has-media-on-the-right is-stacked-on-mobile\" style=\"grid-template-columns: auto 31%;\">\r\n<div class=\"wp-block-media-text__content\">\r\n<p><strong>2. Acabar con los Pl\u00e1sticos de un Solo Uso:<\/strong><\/p>\r\n\r\n\r\n\r\n<p>La contaminaci\u00f3n por pl\u00e1sticos es otra grave amenaza para el medio ambiente. Millones de toneladas de pl\u00e1stico terminan en nuestros oc\u00e9anos cada a\u00f1o, poniendo en peligro la vida marina y contaminando nuestros ecosistemas. Para abordar este problema, es crucial reducir el consumo de pl\u00e1sticos de un solo uso y fomentar el reciclaje de este tipo de desechos no biodegradables.<\/p>\r\n\r\n\r\n\r\n<p>En M\u00e9trica, nos esforzamos por minimizar nuestro uso de pl\u00e1sticos y promover pr\u00e1cticas de consumo responsable entre nuestros empleados y clientes. Adem\u00e1s, apoyamos iniciativas de reciclaje y trabajamos con proveedores que ofrecen alternativas sostenibles al pl\u00e1stico.<\/p>\r\n<\/div>\r\n<figure class=\"wp-block-media-text__media\"><img decoding=\"async\" width=\"459\" height=\"459\" class=\"wp-image-1439 size-full\" src=\"https:\/\/themetricachange.com\/wp-content\/uploads\/2024\/05\/plasticos.jpg\" alt=\"\" srcset=\"https:\/\/www.metrica-global.com\/wp-content\/uploads\/2024\/05\/plasticos.jpg 459w, https:\/\/www.metrica-global.com\/wp-content\/uploads\/2024\/05\/plasticos-300x300.jpg 300w, https:\/\/www.metrica-global.com\/wp-content\/uploads\/2024\/05\/plasticos-150x150.jpg 150w\" sizes=\"(max-width: 459px) 100vw, 459px\" \/><\/figure>\r\n<\/div>\r\n\r\n\r\n\r\n<div class=\"wp-block-media-text is-stacked-on-mobile\" style=\"grid-template-columns: 28% auto;\">\r\n<figure class=\"wp-block-media-text__media\"><img decoding=\"async\" width=\"534\" height=\"534\" class=\"wp-image-1440 size-full\" src=\"https:\/\/themetricachange.com\/wp-content\/uploads\/2024\/05\/deforest.jpg\" alt=\"\" srcset=\"https:\/\/www.metrica-global.com\/wp-content\/uploads\/2024\/05\/deforest.jpg 534w, https:\/\/www.metrica-global.com\/wp-content\/uploads\/2024\/05\/deforest-300x300.jpg 300w, https:\/\/www.metrica-global.com\/wp-content\/uploads\/2024\/05\/deforest-150x150.jpg 150w\" sizes=\"(max-width: 534px) 100vw, 534px\" \/><\/figure>\r\n<div class=\"wp-block-media-text__content\">\r\n<p><strong>3. Recuperar Nuestros Ecosistemas:<\/strong><\/p>\r\n\r\n\r\n\r\n<p>La deforestaci\u00f3n y la degradaci\u00f3n de los ecosistemas son problemas urgentes que requieren una acci\u00f3n inmediata. Es fundamental trabajar a nivel institucional en la reforestaci\u00f3n y el cuidado de nuestros bosques, que act\u00faan como el pulm\u00f3n del planeta al absorber di\u00f3xido de carbono y producir ox\u00edgeno.<\/p>\r\n<\/div>\r\n<\/div>\r\n\r\n\r\n\r\n<p>&nbsp;<\/p>\r\n\r\n\r\n\r\n<p>En M\u00e9trica, colaboramos con organizaciones dedicadas a la conservaci\u00f3n de los bosques y participamos en proyectos de reforestaci\u00f3n en nuestras comunidades locales. Creemos en la importancia de proteger y restaurar nuestros ecosistemas para garantizar un futuro saludable para todos.<\/p>\r\n\r\n\r\n\r\n<p>En resumen, el D\u00eda Mundial de la Madre Tierra es una oportunidad para reflexionar sobre nuestro impacto en el planeta y tomar medidas concretas para protegerlo. En M\u00e9trica, estamos comprometidos con la preservaci\u00f3n ambiental y seguiremos trabajando para contribuir a un mundo m\u00e1s sostenible para las generaciones futuras.<\/p>\r\n","protected":false},"excerpt":{"rendered":"<p>D\u00eda Mundial de la Madre Tierra, una ocasi\u00f3n para reflexionar sobre la importancia de proteger nuestro planeta y tomar medidas concretas para preservar su belleza y biodiversidad.<\/p>\n","protected":false},"author":1,"featured_media":7639,"comment_status":"open","ping_status":"open","sticky":false,"template":"","format":"standard","meta":{"content-type":"","footnotes":""},"categories":[1828],"tags":[1936,2014,2015,1575,1977,2016,1978,2017,1245,2018],"class_list":["post-7637","post","type-post","status-publish","format-standard","has-post-thumbnail","hentry","category-sostenibilidad-pe","tag-cambio-climatico-pe","tag-deforestacion-pe","tag-madre-tierra-pe","tag-medio-ambiente-pe","tag-plasticos-pe","tag-preservacion-ambiental-pe","tag-reciclaje-pe","tag-reforestacion-pe","tag-sostenibilidad-pe","tag-sostenibilidad-ambiental-pe"],"yoast_head":"<!-- This site is optimized with the Yoast SEO plugin v25.9 - https:\/\/yoast.com\/wordpress\/plugins\/seo\/ -->\n<title>D\u00eda Mundial de la Madre Tierra 2024 - METRICA<\/title>\n<meta name=\"robots\" content=\"index, follow, max-snippet:-1, max-image-preview:large, max-video-preview:-1\" \/>\n<link rel=\"canonical\" href=\"https:\/\/www.metrica-global.com\/pe\/dia-mundial-de-la-madre-tierra-2024\/\" \/>\n<meta property=\"og:locale\" content=\"es_ES\" \/>\n<meta property=\"og:type\" content=\"article\" \/>\n<meta property=\"og:title\" content=\"D\u00eda Mundial de la Madre Tierra 2024 - METRICA\" \/>\n<meta property=\"og:description\" content=\"D\u00eda Mundial de la Madre Tierra, una ocasi\u00f3n para reflexionar sobre la importancia de proteger nuestro planeta y tomar medidas concretas para preservar su belleza y biodiversidad.\" \/>\n<meta property=\"og:url\" content=\"https:\/\/www.metrica-global.com\/pe\/dia-mundial-de-la-madre-tierra-2024\/\" \/>\n<meta property=\"og:site_name\" content=\"METRICA\" \/>\n<meta property=\"article:published_time\" content=\"2024-04-22T08:49:04+00:00\" \/>\n<meta property=\"article:modified_time\" content=\"2025-06-17T11:31:05+00:00\" \/>\n<meta property=\"og:image\" content=\"https:\/\/www.metrica-global.com\/wp-content\/uploads\/2024\/05\/BANNER-MADRE-TIERRA-scaled-1.jpg\" \/>\n\t<meta property=\"og:image:width\" content=\"2560\" \/>\n\t<meta property=\"og:image:height\" content=\"929\" \/>\n\t<meta property=\"og:image:type\" content=\"image\/jpeg\" \/>\n<meta name=\"author\" content=\"desarrollo\" \/>\n<meta name=\"twitter:card\" content=\"summary_large_image\" \/>\n<meta name=\"twitter:label1\" content=\"Written by\" \/>\n\t<meta name=\"twitter:data1\" content=\"desarrollo\" \/>\n\t<meta name=\"twitter:label2\" content=\"Est. reading time\" \/>\n\t<meta name=\"twitter:data2\" content=\"3 minutes\" \/>\n<script type=\"application\/ld+json\" class=\"yoast-schema-graph\">{\"@context\":\"https:\/\/schema.org\",\"@graph\":[{\"@type\":\"Article\",\"@id\":\"https:\/\/www.metrica-global.com\/pe\/dia-mundial-de-la-madre-tierra-2024\/#article\",\"isPartOf\":{\"@id\":\"https:\/\/www.metrica-global.com\/pe\/dia-mundial-de-la-madre-tierra-2024\/\"},\"author\":{\"name\":\"desarrollo\",\"@id\":\"https:\/\/www.metrica-global.com\/#\/schema\/person\/78e8e629d9e5908167469b249f6f2cdc\"},\"headline\":\"D\u00eda Mundial de la Madre Tierra 2024\",\"datePublished\":\"2024-04-22T08:49:04+00:00\",\"dateModified\":\"2025-06-17T11:31:05+00:00\",\"mainEntityOfPage\":{\"@id\":\"https:\/\/www.metrica-global.com\/pe\/dia-mundial-de-la-madre-tierra-2024\/\"},\"wordCount\":476,\"commentCount\":0,\"publisher\":{\"@id\":\"https:\/\/www.metrica-global.com\/#organization\"},\"image\":{\"@id\":\"https:\/\/www.metrica-global.com\/pe\/dia-mundial-de-la-madre-tierra-2024\/#primaryimage\"},\"thumbnailUrl\":\"https:\/\/www.metrica-global.com\/wp-content\/uploads\/2024\/05\/BANNER-MADRE-TIERRA-scaled-1.jpg\",\"keywords\":[\"Cambio Clim\u00e1tico\",\"Deforestaci\u00f3n\",\"Madre Tierra\",\"Medio Ambiente\",\"Pl\u00e1sticos\",\"Preservaci\u00f3n Ambiental\",\"Reciclaje\",\"Reforestaci\u00f3n\",\"Sostenibilidad\",\"Sostenibilidad Ambiental\"],\"articleSection\":[\"Sostenibilidad\"],\"inLanguage\":\"es-PE\",\"potentialAction\":[{\"@type\":\"CommentAction\",\"name\":\"Comment\",\"target\":[\"https:\/\/www.metrica-global.com\/pe\/dia-mundial-de-la-madre-tierra-2024\/#respond\"]}]},{\"@type\":\"WebPage\",\"@id\":\"https:\/\/www.metrica-global.com\/pe\/dia-mundial-de-la-madre-tierra-2024\/\",\"url\":\"https:\/\/www.metrica-global.com\/pe\/dia-mundial-de-la-madre-tierra-2024\/\",\"name\":\"D\u00eda Mundial de la Madre Tierra 2024 - METRICA\",\"isPartOf\":{\"@id\":\"https:\/\/www.metrica-global.com\/#website\"},\"primaryImageOfPage\":{\"@id\":\"https:\/\/www.metrica-global.com\/pe\/dia-mundial-de-la-madre-tierra-2024\/#primaryimage\"},\"image\":{\"@id\":\"https:\/\/www.metrica-global.com\/pe\/dia-mundial-de-la-madre-tierra-2024\/#primaryimage\"},\"thumbnailUrl\":\"https:\/\/www.metrica-global.com\/wp-content\/uploads\/2024\/05\/BANNER-MADRE-TIERRA-scaled-1.jpg\",\"datePublished\":\"2024-04-22T08:49:04+00:00\",\"dateModified\":\"2025-06-17T11:31:05+00:00\",\"breadcrumb\":{\"@id\":\"https:\/\/www.metrica-global.com\/pe\/dia-mundial-de-la-madre-tierra-2024\/#breadcrumb\"},\"inLanguage\":\"es-PE\",\"potentialAction\":[{\"@type\":\"ReadAction\",\"target\":[\"https:\/\/www.metrica-global.com\/pe\/dia-mundial-de-la-madre-tierra-2024\/\"]}]},{\"@type\":\"ImageObject\",\"inLanguage\":\"es-PE\",\"@id\":\"https:\/\/www.metrica-global.com\/pe\/dia-mundial-de-la-madre-tierra-2024\/#primaryimage\",\"url\":\"https:\/\/www.metrica-global.com\/wp-content\/uploads\/2024\/05\/BANNER-MADRE-TIERRA-scaled-1.jpg\",\"contentUrl\":\"https:\/\/www.metrica-global.com\/wp-content\/uploads\/2024\/05\/BANNER-MADRE-TIERRA-scaled-1.jpg\",\"width\":2560,\"height\":929,\"caption\":\"BANNER MADRE TIERRA scaled 1\"},{\"@type\":\"BreadcrumbList\",\"@id\":\"https:\/\/www.metrica-global.com\/pe\/dia-mundial-de-la-madre-tierra-2024\/#breadcrumb\",\"itemListElement\":[{\"@type\":\"ListItem\",\"position\":1,\"name\":\"Portada\",\"item\":\"https:\/\/www.metrica-global.com\/en\/\"},{\"@type\":\"ListItem\",\"position\":2,\"name\":\"D\u00eda Mundial de la Madre Tierra 2024\"}]},{\"@type\":\"WebSite\",\"@id\":\"https:\/\/www.metrica-global.com\/#website\",\"url\":\"https:\/\/www.metrica-global.com\/\",\"name\":\"METRICA\",\"description\":\"Servicios Globales IT\",\"publisher\":{\"@id\":\"https:\/\/www.metrica-global.com\/#organization\"},\"potentialAction\":[{\"@type\":\"SearchAction\",\"target\":{\"@type\":\"EntryPoint\",\"urlTemplate\":\"https:\/\/www.metrica-global.com\/?s={search_term_string}\"},\"query-input\":{\"@type\":\"PropertyValueSpecification\",\"valueRequired\":true,\"valueName\":\"search_term_string\"}}],\"inLanguage\":\"es-PE\"},{\"@type\":\"Organization\",\"@id\":\"https:\/\/www.metrica-global.com\/#organization\",\"name\":\"METRICA\",\"url\":\"https:\/\/www.metrica-global.com\/\",\"logo\":{\"@type\":\"ImageObject\",\"inLanguage\":\"es-PE\",\"@id\":\"https:\/\/www.metrica-global.com\/#\/schema\/logo\/image\/\",\"url\":\"https:\/\/www.metrica-global.com\/wp-content\/uploads\/2023\/12\/logo-metrica.png\",\"contentUrl\":\"https:\/\/www.metrica-global.com\/wp-content\/uploads\/2023\/12\/logo-metrica.png\",\"width\":332,\"height\":58,\"caption\":\"METRICA\"},\"image\":{\"@id\":\"https:\/\/www.metrica-global.com\/#\/schema\/logo\/image\/\"}},{\"@type\":\"Person\",\"@id\":\"https:\/\/www.metrica-global.com\/#\/schema\/person\/78e8e629d9e5908167469b249f6f2cdc\",\"name\":\"desarrollo\",\"image\":{\"@type\":\"ImageObject\",\"inLanguage\":\"es-PE\",\"@id\":\"https:\/\/www.metrica-global.com\/#\/schema\/person\/image\/\",\"url\":\"https:\/\/secure.gravatar.com\/avatar\/d2653fb8f170e1382a31acc69dcf92e99545e6329805eb11d8a34443b058f3de?s=96&d=mm&r=g\",\"contentUrl\":\"https:\/\/secure.gravatar.com\/avatar\/d2653fb8f170e1382a31acc69dcf92e99545e6329805eb11d8a34443b058f3de?s=96&d=mm&r=g\",\"caption\":\"desarrollo\"},\"url\":\"https:\/\/www.metrica-global.com\/pe\/author\/desarrollo\/\"}]}<\/script>\n<!-- \/ Yoast SEO plugin. -->","yoast_head_json":{"title":"D\u00eda Mundial de la Madre Tierra 2024 - METRICA","robots":{"index":"index","follow":"follow","max-snippet":"max-snippet:-1","max-image-preview":"max-image-preview:large","max-video-preview":"max-video-preview:-1"},"canonical":"https:\/\/www.metrica-global.com\/pe\/dia-mundial-de-la-madre-tierra-2024\/","og_locale":"es_ES","og_type":"article","og_title":"D\u00eda Mundial de la Madre Tierra 2024 - METRICA","og_description":"D\u00eda Mundial de la Madre Tierra, una ocasi\u00f3n para reflexionar sobre la importancia de proteger nuestro planeta y tomar medidas concretas para preservar su belleza y biodiversidad.","og_url":"https:\/\/www.metrica-global.com\/pe\/dia-mundial-de-la-madre-tierra-2024\/","og_site_name":"METRICA","article_published_time":"2024-04-22T08:49:04+00:00","article_modified_time":"2025-06-17T11:31:05+00:00","og_image":[{"width":2560,"height":929,"url":"https:\/\/www.metrica-global.com\/wp-content\/uploads\/2024\/05\/BANNER-MADRE-TIERRA-scaled-1.jpg","type":"image\/jpeg"}],"author":"desarrollo","twitter_card":"summary_large_image","twitter_misc":{"Written by":"desarrollo","Est. reading time":"3 minutes"},"schema":{"@context":"https:\/\/schema.org","@graph":[{"@type":"Article","@id":"https:\/\/www.metrica-global.com\/pe\/dia-mundial-de-la-madre-tierra-2024\/#article","isPartOf":{"@id":"https:\/\/www.metrica-global.com\/pe\/dia-mundial-de-la-madre-tierra-2024\/"},"author":{"name":"desarrollo","@id":"https:\/\/www.metrica-global.com\/#\/schema\/person\/78e8e629d9e5908167469b249f6f2cdc"},"headline":"D\u00eda Mundial de la Madre Tierra 2024","datePublished":"2024-04-22T08:49:04+00:00","dateModified":"2025-06-17T11:31:05+00:00","mainEntityOfPage":{"@id":"https:\/\/www.metrica-global.com\/pe\/dia-mundial-de-la-madre-tierra-2024\/"},"wordCount":476,"commentCount":0,"publisher":{"@id":"https:\/\/www.metrica-global.com\/#organization"},"image":{"@id":"https:\/\/www.metrica-global.com\/pe\/dia-mundial-de-la-madre-tierra-2024\/#primaryimage"},"thumbnailUrl":"https:\/\/www.metrica-global.com\/wp-content\/uploads\/2024\/05\/BANNER-MADRE-TIERRA-scaled-1.jpg","keywords":["Cambio Clim\u00e1tico","Deforestaci\u00f3n","Madre Tierra","Medio Ambiente","Pl\u00e1sticos","Preservaci\u00f3n Ambiental","Reciclaje","Reforestaci\u00f3n","Sostenibilidad","Sostenibilidad Ambiental"],"articleSection":["Sostenibilidad"],"inLanguage":"es-PE","potentialAction":[{"@type":"CommentAction","name":"Comment","target":["https:\/\/www.metrica-global.com\/pe\/dia-mundial-de-la-madre-tierra-2024\/#respond"]}]},{"@type":"WebPage","@id":"https:\/\/www.metrica-global.com\/pe\/dia-mundial-de-la-madre-tierra-2024\/","url":"https:\/\/www.metrica-global.com\/pe\/dia-mundial-de-la-madre-tierra-2024\/","name":"D\u00eda Mundial de la Madre Tierra 2024 - METRICA","isPartOf":{"@id":"https:\/\/www.metrica-global.com\/#website"},"primaryImageOfPage":{"@id":"https:\/\/www.metrica-global.com\/pe\/dia-mundial-de-la-madre-tierra-2024\/#primaryimage"},"image":{"@id":"https:\/\/www.metrica-global.com\/pe\/dia-mundial-de-la-madre-tierra-2024\/#primaryimage"},"thumbnailUrl":"https:\/\/www.metrica-global.com\/wp-content\/uploads\/2024\/05\/BANNER-MADRE-TIERRA-scaled-1.jpg","datePublished":"2024-04-22T08:49:04+00:00","dateModified":"2025-06-17T11:31:05+00:00","breadcrumb":{"@id":"https:\/\/www.metrica-global.com\/pe\/dia-mundial-de-la-madre-tierra-2024\/#breadcrumb"},"inLanguage":"es-PE","potentialAction":[{"@type":"ReadAction","target":["https:\/\/www.metrica-global.com\/pe\/dia-mundial-de-la-madre-tierra-2024\/"]}]},{"@type":"ImageObject","inLanguage":"es-PE","@id":"https:\/\/www.metrica-global.com\/pe\/dia-mundial-de-la-madre-tierra-2024\/#primaryimage","url":"https:\/\/www.metrica-global.com\/wp-content\/uploads\/2024\/05\/BANNER-MADRE-TIERRA-scaled-1.jpg","contentUrl":"https:\/\/www.metrica-global.com\/wp-content\/uploads\/2024\/05\/BANNER-MADRE-TIERRA-scaled-1.jpg","width":2560,"height":929,"caption":"BANNER MADRE TIERRA scaled 1"},{"@type":"BreadcrumbList","@id":"https:\/\/www.metrica-global.com\/pe\/dia-mundial-de-la-madre-tierra-2024\/#breadcrumb","itemListElement":[{"@type":"ListItem","position":1,"name":"Portada","item":"https:\/\/www.metrica-global.com\/en\/"},{"@type":"ListItem","position":2,"name":"D\u00eda Mundial de la Madre Tierra 2024"}]},{"@type":"WebSite","@id":"https:\/\/www.metrica-global.com\/#website","url":"https:\/\/www.metrica-global.com\/","name":"METRICA","description":"Servicios Globales IT","publisher":{"@id":"https:\/\/www.metrica-global.com\/#organization"},"potentialAction":[{"@type":"SearchAction","target":{"@type":"EntryPoint","urlTemplate":"https:\/\/www.metrica-global.com\/?s={search_term_string}"},"query-input":{"@type":"PropertyValueSpecification","valueRequired":true,"valueName":"search_term_string"}}],"inLanguage":"es-PE"},{"@type":"Organization","@id":"https:\/\/www.metrica-global.com\/#organization","name":"METRICA","url":"https:\/\/www.metrica-global.com\/","logo":{"@type":"ImageObject","inLanguage":"es-PE","@id":"https:\/\/www.metrica-global.com\/#\/schema\/logo\/image\/","url":"https:\/\/www.metrica-global.com\/wp-content\/uploads\/2023\/12\/logo-metrica.png","contentUrl":"https:\/\/www.metrica-global.com\/wp-content\/uploads\/2023\/12\/logo-metrica.png","width":332,"height":58,"caption":"METRICA"},"image":{"@id":"https:\/\/www.metrica-global.com\/#\/schema\/logo\/image\/"}},{"@type":"Person","@id":"https:\/\/www.metrica-global.com\/#\/schema\/person\/78e8e629d9e5908167469b249f6f2cdc","name":"desarrollo","image":{"@type":"ImageObject","inLanguage":"es-PE","@id":"https:\/\/www.metrica-global.com\/#\/schema\/person\/image\/","url":"https:\/\/secure.gravatar.com\/avatar\/d2653fb8f170e1382a31acc69dcf92e99545e6329805eb11d8a34443b058f3de?s=96&d=mm&r=g","contentUrl":"https:\/\/secure.gravatar.com\/avatar\/d2653fb8f170e1382a31acc69dcf92e99545e6329805eb11d8a34443b058f3de?s=96&d=mm&r=g","caption":"desarrollo"},"url":"https:\/\/www.metrica-global.com\/pe\/author\/desarrollo\/"}]}},"_links":{"self":[{"href":"https:\/\/www.metrica-global.com\/pe\/wp-json\/wp\/v2\/posts\/7637","targetHints":{"allow":["GET"]}}],"collection":[{"href":"https:\/\/www.metrica-global.com\/pe\/wp-json\/wp\/v2\/posts"}],"about":[{"href":"https:\/\/www.metrica-global.com\/pe\/wp-json\/wp\/v2\/types\/post"}],"author":[{"embeddable":true,"href":"https:\/\/www.metrica-global.com\/pe\/wp-json\/wp\/v2\/users\/1"}],"replies":[{"embeddable":true,"href":"https:\/\/www.metrica-global.com\/pe\/wp-json\/wp\/v2\/comments?post=7637"}],"version-history":[{"count":1,"href":"https:\/\/www.metrica-global.com\/pe\/wp-json\/wp\/v2\/posts\/7637\/revisions"}],"predecessor-version":[{"id":8058,"href":"https:\/\/www.metrica-global.com\/pe\/wp-json\/wp\/v2\/posts\/7637\/revisions\/8058"}],"wp:featuredmedia":[{"embeddable":true,"href":"https:\/\/www.metrica-global.com\/pe\/wp-json\/wp\/v2\/media\/7639"}],"wp:attachment":[{"href":"https:\/\/www.metrica-global.com\/pe\/wp-json\/wp\/v2\/media?parent=7637"}],"wp:term":[{"taxonomy":"category","embeddable":true,"href":"https:\/\/www.metrica-global.com\/pe\/wp-json\/wp\/v2\/categories?post=7637"},{"taxonomy":"post_tag","embeddable":true,"href":"https:\/\/www.metrica-global.com\/pe\/wp-json\/wp\/v2\/tags?post=7637"}],"curies":[{"name":"wp","href":"https:\/\/api.w.org\/{rel}","templated":true}]}}