{"id":7663,"date":"2024-01-31T08:58:04","date_gmt":"2024-01-31T08:58:04","guid":{"rendered":"https:\/\/www.metrica-global.com\/dia-de-la-reduccion-de-emisiones-de-co2\/"},"modified":"2025-06-17T11:31:14","modified_gmt":"2025-06-17T11:31:14","slug":"dia-de-la-reduccion-de-emisiones-de-co2","status":"publish","type":"post","link":"https:\/\/www.metrica-global.com\/pe\/dia-de-la-reduccion-de-emisiones-de-co2\/","title":{"rendered":"D\u00eda de la Reducci\u00f3n de Emisiones de CO2"},"content":{"rendered":"\t\t<div data-elementor-type=\"wp-post\" data-elementor-id=\"7663\" class=\"elementor elementor-7663 elementor-1357\" data-elementor-post-type=\"post\">\n\t\t\t\t<div class=\"elementor-element elementor-element-00eeb80 e-flex e-con-boxed e-con e-parent\" data-id=\"00eeb80\" data-element_type=\"container\">\n\t\t\t\t\t<div class=\"e-con-inner\">\n\t\t\t\t<div class=\"elementor-element elementor-element-870c50c elementor-widget elementor-widget-text-editor\" data-id=\"870c50c\" data-element_type=\"widget\" data-widget_type=\"text-editor.default\">\n\t\t\t\t<div class=\"elementor-widget-container\">\n\t\t\t\t\t\t\t\t\t<p>El 28 de enero se celebr\u00f3 el D\u00eda de la Reducci\u00f3n de Emisiones de CO2 o tambi\u00e9n conocido como D\u00eda Mundial de la Acci\u00f3n frente al Cambio Clim\u00e1tico.<\/p><p>Aunque sean varios los <a href=\"https:\/\/www.nationalgeographic.es\/medio-ambiente\/gases-efecto-invernadero-que-son-hacen\">gases de efecto invernadero<\/a> que afectan directamente al cambio clim\u00e1tico que el planeta Tierra est\u00e1 sufriendo, el CO2 es el gas que actualmente m\u00e1s cantidades se est\u00e1n emitiendo y que m\u00e1s est\u00e1 provocando la aceleraci\u00f3n de este suceso.<\/p><p>Es por eso por lo que diferentes organizaciones a nivel mundial tienen puesto en el foco la reducci\u00f3n de su emisi\u00f3n para intentar frenar la aceleraci\u00f3n de los efectos que est\u00e1 causando este fen\u00f3meno clim\u00e1tico.<\/p>\t\t\t\t\t\t\t\t<\/div>\n\t\t\t\t<\/div>\n\t\t\t\t\t<\/div>\n\t\t\t\t<\/div>\n\t\t<div class=\"elementor-element elementor-element-d9af577 e-flex e-con-boxed e-con e-parent\" data-id=\"d9af577\" data-element_type=\"container\">\n\t\t\t\t\t<div class=\"e-con-inner\">\n\t\t\t\t<div class=\"elementor-element elementor-element-452bd67 elementor-widget elementor-widget-video\" data-id=\"452bd67\" data-element_type=\"widget\" data-settings=\"{&quot;video_type&quot;:&quot;hosted&quot;,&quot;controls&quot;:&quot;yes&quot;}\" data-widget_type=\"video.default\">\n\t\t\t\t<div class=\"elementor-widget-container\">\n\t\t\t\t\t\t\t<div class=\"e-hosted-video elementor-wrapper elementor-open-inline\">\n\t\t\t\t\t<video class=\"elementor-video\" src=\"http:\/\/themetricachange.com\/wp-content\/uploads\/2024\/01\/DIA-REDUCCION-CO2-LINKEDIN-1.mp4\" controls=\"\" preload=\"metadata\" controlsList=\"nodownload\"><\/video>\n\t\t\t\t<\/div>\n\t\t\t\t\t\t<\/div>\n\t\t\t\t<\/div>\n\t\t\t\t\t<\/div>\n\t\t\t\t<\/div>\n\t\t<div class=\"elementor-element elementor-element-e25f7a4 e-flex e-con-boxed e-con e-parent\" data-id=\"e25f7a4\" data-element_type=\"container\">\n\t\t\t\t\t<div class=\"e-con-inner\">\n\t\t\t\t<div class=\"elementor-element elementor-element-2ac7aaa elementor-widget elementor-widget-text-editor\" data-id=\"2ac7aaa\" data-element_type=\"widget\" data-widget_type=\"text-editor.default\">\n\t\t\t\t<div class=\"elementor-widget-container\">\n\t\t\t\t\t\t\t\t\t<p>Son varias las medidas que podemos adoptar tanto como sociedad como empresas para poder ayudar en la causa:<\/p><p>\u00a0<\/p><ol><li>Aplicar las 3R:<\/li><\/ol><p>Todos y todas conocemos las famosas 3R: reciclar, reutilizar y reducir.<\/p><p>B\u00e1sicamente, reduciendo el consumo de ciertos productos o servicios, reutilizar productos que parecen no tener m\u00e1s vida o reciclar los materiales pueden ser una gran labor para esta causa.<\/p><p>\u00a0<\/p><ol start=\"2\"><li>Desplazarse de forma sostenible:<\/li><\/ol><p>Uno de los mayores emisores de CO2 en la actualidad es el transporte. Por ese motivo, se aconseja el utilizar <a href=\"https:\/\/www.bbva.com\/es\/sostenibilidad\/que-es-el-transporte-sostenible-el-futuro-del-sector-logistico-y-las-ciudades\/\">transporte sostenible<\/a> como veh\u00edculos electr\u00f3nicos o fomentar el uso del transporte p\u00fablico, para as\u00ed disminuir las emisiones de este gas.\u00a0<\/p><p>\u00a0<\/p><ol start=\"3\"><li>Apoyar la Eficiencia Energ\u00e9tica y el Uso de Renovables.<\/li><\/ol><p>Cada vez m\u00e1s, las distintas fuentes que generan <a href=\"https:\/\/es.statista.com\/temas\/6675\/las-energias-renovables-en-espana\/#topicOverview\">energ\u00eda renovable<\/a> est\u00e1n tomando importancia, ya que evitan la emisi\u00f3n de CO2 y el gasto de combustibles f\u00f3siles.<\/p><p>El paso marzo de 2023, en Espa\u00f1a, el 53% del consumo el\u00e9ctrico fue fruto de energ\u00eda, encabezando el ranking la energ\u00eda e\u00f3lica. As\u00ed pues, la producci\u00f3n del conjunto de tecnolog\u00edas que no emiten CO2 equivalente ha significado el 75,5% del total del consumo.<\/p><p>\u00a0<\/p><ol start=\"4\"><li>Compensar las emisiones de CO2.<\/li><\/ol><p>Existen diversos sistemas para reducir las emisiones de este gas de efecto invernador.<\/p><p>Por ejemplo, desde M\u00e9trica, realizamos el <a href=\"https:\/\/www.linkedin.com\/feed\/update\/urn:li:activity:7113120951835201538\">C\u00e1lculo de la Huella de Carbono<\/a> de la mano de EcoVadis. Gracias a este c\u00e1lculo, pudimos ver nuestro consumo exacto de CO2 y poder aplicar ciertas medidas para reducir nuestro impacto.<\/p><p>\u00a0<\/p><ol start=\"5\"><li>Conservar y mejorar los sumideros de Carbono.<\/li><\/ol><p>Los oc\u00e9anos y los bosques son los mayores retenedores de CO2 del planeta. Es por eso que es muy importante el cuidarlos para seguir manteniendo lo que actualmente son los responsables de que este GEI no llegue a la atm\u00f3sfera.<\/p><p>Los \u00faltimos estudios demuestran que en Espa\u00f1a las emisiones de GEI tienden a la baja pero toda acci\u00f3n que sume a la causa es positiva ya que seguimos teniendo un reto mundial que superar, reducir lo m\u00e1ximo las emisiones de CO2.<\/p>\t\t\t\t\t\t\t\t<\/div>\n\t\t\t\t<\/div>\n\t\t\t\t\t<\/div>\n\t\t\t\t<\/div>\n\t\t\t\t<\/div>\n\t\t","protected":false},"excerpt":{"rendered":"<p>El 28 de enero se celebr\u00f3 el D\u00eda de la Reducci\u00f3n de Emisiones de CO2 o tambi\u00e9n conocido como D\u00eda Mundial de la Acci\u00f3n frente al Cambio Clim\u00e1tico. Aunque sean varios los gases de efecto invernadero que afectan directamente al cambio clim\u00e1tico que el planeta Tierra est\u00e1 sufriendo, el CO2 es el gas que actualmente [&hellip;]<\/p>\n","protected":false},"author":1,"featured_media":7664,"comment_status":"open","ping_status":"open","sticky":false,"template":"","format":"standard","meta":{"content-type":"","footnotes":""},"categories":[1828],"tags":[],"class_list":["post-7663","post","type-post","status-publish","format-standard","has-post-thumbnail","hentry","category-sostenibilidad-pe"],"yoast_head":"<!-- This site is optimized with the Yoast SEO plugin v25.9 - https:\/\/yoast.com\/wordpress\/plugins\/seo\/ -->\n<title>D\u00eda de la Reducci\u00f3n de Emisiones de CO2 - METRICA<\/title>\n<meta name=\"robots\" content=\"index, follow, max-snippet:-1, max-image-preview:large, max-video-preview:-1\" \/>\n<link rel=\"canonical\" href=\"https:\/\/www.metrica-global.com\/pe\/dia-de-la-reduccion-de-emisiones-de-co2\/\" \/>\n<meta property=\"og:locale\" content=\"es_ES\" \/>\n<meta property=\"og:type\" content=\"article\" \/>\n<meta property=\"og:title\" content=\"D\u00eda de la Reducci\u00f3n de Emisiones de CO2 - METRICA\" \/>\n<meta property=\"og:description\" content=\"El 28 de enero se celebr\u00f3 el D\u00eda de la Reducci\u00f3n de Emisiones de CO2 o tambi\u00e9n conocido como D\u00eda Mundial de la Acci\u00f3n frente al Cambio Clim\u00e1tico. Aunque sean varios los gases de efecto invernadero que afectan directamente al cambio clim\u00e1tico que el planeta Tierra est\u00e1 sufriendo, el CO2 es el gas que actualmente [&hellip;]\" \/>\n<meta property=\"og:url\" content=\"https:\/\/www.metrica-global.com\/pe\/dia-de-la-reduccion-de-emisiones-de-co2\/\" \/>\n<meta property=\"og:site_name\" content=\"METRICA\" \/>\n<meta property=\"article:published_time\" content=\"2024-01-31T08:58:04+00:00\" \/>\n<meta property=\"article:modified_time\" content=\"2025-06-17T11:31:14+00:00\" \/>\n<meta property=\"og:image\" content=\"https:\/\/www.metrica-global.com\/wp-content\/uploads\/2024\/01\/Diseno-sin-titulo-2-scaled-e1706691663697.jpg\" \/>\n\t<meta property=\"og:image:width\" content=\"1873\" \/>\n\t<meta property=\"og:image:height\" content=\"917\" \/>\n\t<meta property=\"og:image:type\" content=\"image\/jpeg\" \/>\n<meta name=\"author\" content=\"desarrollo\" \/>\n<meta name=\"twitter:card\" content=\"summary_large_image\" \/>\n<meta name=\"twitter:label1\" content=\"Written by\" \/>\n\t<meta name=\"twitter:data1\" content=\"desarrollo\" \/>\n\t<meta name=\"twitter:label2\" content=\"Est. reading time\" \/>\n\t<meta name=\"twitter:data2\" content=\"3 minutes\" \/>\n<script type=\"application\/ld+json\" class=\"yoast-schema-graph\">{\"@context\":\"https:\/\/schema.org\",\"@graph\":[{\"@type\":\"Article\",\"@id\":\"https:\/\/www.metrica-global.com\/pe\/dia-de-la-reduccion-de-emisiones-de-co2\/#article\",\"isPartOf\":{\"@id\":\"https:\/\/www.metrica-global.com\/pe\/dia-de-la-reduccion-de-emisiones-de-co2\/\"},\"author\":{\"name\":\"desarrollo\",\"@id\":\"https:\/\/www.metrica-global.com\/#\/schema\/person\/78e8e629d9e5908167469b249f6f2cdc\"},\"headline\":\"D\u00eda de la Reducci\u00f3n de Emisiones de CO2\",\"datePublished\":\"2024-01-31T08:58:04+00:00\",\"dateModified\":\"2025-06-17T11:31:14+00:00\",\"mainEntityOfPage\":{\"@id\":\"https:\/\/www.metrica-global.com\/pe\/dia-de-la-reduccion-de-emisiones-de-co2\/\"},\"wordCount\":487,\"commentCount\":0,\"publisher\":{\"@id\":\"https:\/\/www.metrica-global.com\/#organization\"},\"image\":{\"@id\":\"https:\/\/www.metrica-global.com\/pe\/dia-de-la-reduccion-de-emisiones-de-co2\/#primaryimage\"},\"thumbnailUrl\":\"https:\/\/www.metrica-global.com\/wp-content\/uploads\/2024\/01\/Diseno-sin-titulo-2-scaled-e1706691663697.jpg\",\"articleSection\":[\"Sostenibilidad\"],\"inLanguage\":\"es-PE\",\"potentialAction\":[{\"@type\":\"CommentAction\",\"name\":\"Comment\",\"target\":[\"https:\/\/www.metrica-global.com\/pe\/dia-de-la-reduccion-de-emisiones-de-co2\/#respond\"]}]},{\"@type\":\"WebPage\",\"@id\":\"https:\/\/www.metrica-global.com\/pe\/dia-de-la-reduccion-de-emisiones-de-co2\/\",\"url\":\"https:\/\/www.metrica-global.com\/pe\/dia-de-la-reduccion-de-emisiones-de-co2\/\",\"name\":\"D\u00eda de la Reducci\u00f3n de Emisiones de CO2 - METRICA\",\"isPartOf\":{\"@id\":\"https:\/\/www.metrica-global.com\/#website\"},\"primaryImageOfPage\":{\"@id\":\"https:\/\/www.metrica-global.com\/pe\/dia-de-la-reduccion-de-emisiones-de-co2\/#primaryimage\"},\"image\":{\"@id\":\"https:\/\/www.metrica-global.com\/pe\/dia-de-la-reduccion-de-emisiones-de-co2\/#primaryimage\"},\"thumbnailUrl\":\"https:\/\/www.metrica-global.com\/wp-content\/uploads\/2024\/01\/Diseno-sin-titulo-2-scaled-e1706691663697.jpg\",\"datePublished\":\"2024-01-31T08:58:04+00:00\",\"dateModified\":\"2025-06-17T11:31:14+00:00\",\"breadcrumb\":{\"@id\":\"https:\/\/www.metrica-global.com\/pe\/dia-de-la-reduccion-de-emisiones-de-co2\/#breadcrumb\"},\"inLanguage\":\"es-PE\",\"potentialAction\":[{\"@type\":\"ReadAction\",\"target\":[\"https:\/\/www.metrica-global.com\/pe\/dia-de-la-reduccion-de-emisiones-de-co2\/\"]}]},{\"@type\":\"ImageObject\",\"inLanguage\":\"es-PE\",\"@id\":\"https:\/\/www.metrica-global.com\/pe\/dia-de-la-reduccion-de-emisiones-de-co2\/#primaryimage\",\"url\":\"https:\/\/www.metrica-global.com\/wp-content\/uploads\/2024\/01\/Diseno-sin-titulo-2-scaled-e1706691663697.jpg\",\"contentUrl\":\"https:\/\/www.metrica-global.com\/wp-content\/uploads\/2024\/01\/Diseno-sin-titulo-2-scaled-e1706691663697.jpg\",\"width\":1873,\"height\":917,\"caption\":\"Diseno sin titulo 2 scaled e1706691663697\"},{\"@type\":\"BreadcrumbList\",\"@id\":\"https:\/\/www.metrica-global.com\/pe\/dia-de-la-reduccion-de-emisiones-de-co2\/#breadcrumb\",\"itemListElement\":[{\"@type\":\"ListItem\",\"position\":1,\"name\":\"Portada\",\"item\":\"https:\/\/www.metrica-global.com\/en\/\"},{\"@type\":\"ListItem\",\"position\":2,\"name\":\"D\u00eda de la Reducci\u00f3n de Emisiones de CO2\"}]},{\"@type\":\"WebSite\",\"@id\":\"https:\/\/www.metrica-global.com\/#website\",\"url\":\"https:\/\/www.metrica-global.com\/\",\"name\":\"METRICA\",\"description\":\"Servicios Globales IT\",\"publisher\":{\"@id\":\"https:\/\/www.metrica-global.com\/#organization\"},\"potentialAction\":[{\"@type\":\"SearchAction\",\"target\":{\"@type\":\"EntryPoint\",\"urlTemplate\":\"https:\/\/www.metrica-global.com\/?s={search_term_string}\"},\"query-input\":{\"@type\":\"PropertyValueSpecification\",\"valueRequired\":true,\"valueName\":\"search_term_string\"}}],\"inLanguage\":\"es-PE\"},{\"@type\":\"Organization\",\"@id\":\"https:\/\/www.metrica-global.com\/#organization\",\"name\":\"METRICA\",\"url\":\"https:\/\/www.metrica-global.com\/\",\"logo\":{\"@type\":\"ImageObject\",\"inLanguage\":\"es-PE\",\"@id\":\"https:\/\/www.metrica-global.com\/#\/schema\/logo\/image\/\",\"url\":\"https:\/\/www.metrica-global.com\/wp-content\/uploads\/2023\/12\/logo-metrica.png\",\"contentUrl\":\"https:\/\/www.metrica-global.com\/wp-content\/uploads\/2023\/12\/logo-metrica.png\",\"width\":332,\"height\":58,\"caption\":\"METRICA\"},\"image\":{\"@id\":\"https:\/\/www.metrica-global.com\/#\/schema\/logo\/image\/\"}},{\"@type\":\"Person\",\"@id\":\"https:\/\/www.metrica-global.com\/#\/schema\/person\/78e8e629d9e5908167469b249f6f2cdc\",\"name\":\"desarrollo\",\"image\":{\"@type\":\"ImageObject\",\"inLanguage\":\"es-PE\",\"@id\":\"https:\/\/www.metrica-global.com\/#\/schema\/person\/image\/\",\"url\":\"https:\/\/secure.gravatar.com\/avatar\/d2653fb8f170e1382a31acc69dcf92e99545e6329805eb11d8a34443b058f3de?s=96&d=mm&r=g\",\"contentUrl\":\"https:\/\/secure.gravatar.com\/avatar\/d2653fb8f170e1382a31acc69dcf92e99545e6329805eb11d8a34443b058f3de?s=96&d=mm&r=g\",\"caption\":\"desarrollo\"},\"url\":\"https:\/\/www.metrica-global.com\/pe\/author\/desarrollo\/\"}]}<\/script>\n<!-- \/ Yoast SEO plugin. -->","yoast_head_json":{"title":"D\u00eda de la Reducci\u00f3n de Emisiones de CO2 - METRICA","robots":{"index":"index","follow":"follow","max-snippet":"max-snippet:-1","max-image-preview":"max-image-preview:large","max-video-preview":"max-video-preview:-1"},"canonical":"https:\/\/www.metrica-global.com\/pe\/dia-de-la-reduccion-de-emisiones-de-co2\/","og_locale":"es_ES","og_type":"article","og_title":"D\u00eda de la Reducci\u00f3n de Emisiones de CO2 - METRICA","og_description":"El 28 de enero se celebr\u00f3 el D\u00eda de la Reducci\u00f3n de Emisiones de CO2 o tambi\u00e9n conocido como D\u00eda Mundial de la Acci\u00f3n frente al Cambio Clim\u00e1tico. Aunque sean varios los gases de efecto invernadero que afectan directamente al cambio clim\u00e1tico que el planeta Tierra est\u00e1 sufriendo, el CO2 es el gas que actualmente [&hellip;]","og_url":"https:\/\/www.metrica-global.com\/pe\/dia-de-la-reduccion-de-emisiones-de-co2\/","og_site_name":"METRICA","article_published_time":"2024-01-31T08:58:04+00:00","article_modified_time":"2025-06-17T11:31:14+00:00","og_image":[{"width":1873,"height":917,"url":"https:\/\/www.metrica-global.com\/wp-content\/uploads\/2024\/01\/Diseno-sin-titulo-2-scaled-e1706691663697.jpg","type":"image\/jpeg"}],"author":"desarrollo","twitter_card":"summary_large_image","twitter_misc":{"Written by":"desarrollo","Est. reading time":"3 minutes"},"schema":{"@context":"https:\/\/schema.org","@graph":[{"@type":"Article","@id":"https:\/\/www.metrica-global.com\/pe\/dia-de-la-reduccion-de-emisiones-de-co2\/#article","isPartOf":{"@id":"https:\/\/www.metrica-global.com\/pe\/dia-de-la-reduccion-de-emisiones-de-co2\/"},"author":{"name":"desarrollo","@id":"https:\/\/www.metrica-global.com\/#\/schema\/person\/78e8e629d9e5908167469b249f6f2cdc"},"headline":"D\u00eda de la Reducci\u00f3n de Emisiones de CO2","datePublished":"2024-01-31T08:58:04+00:00","dateModified":"2025-06-17T11:31:14+00:00","mainEntityOfPage":{"@id":"https:\/\/www.metrica-global.com\/pe\/dia-de-la-reduccion-de-emisiones-de-co2\/"},"wordCount":487,"commentCount":0,"publisher":{"@id":"https:\/\/www.metrica-global.com\/#organization"},"image":{"@id":"https:\/\/www.metrica-global.com\/pe\/dia-de-la-reduccion-de-emisiones-de-co2\/#primaryimage"},"thumbnailUrl":"https:\/\/www.metrica-global.com\/wp-content\/uploads\/2024\/01\/Diseno-sin-titulo-2-scaled-e1706691663697.jpg","articleSection":["Sostenibilidad"],"inLanguage":"es-PE","potentialAction":[{"@type":"CommentAction","name":"Comment","target":["https:\/\/www.metrica-global.com\/pe\/dia-de-la-reduccion-de-emisiones-de-co2\/#respond"]}]},{"@type":"WebPage","@id":"https:\/\/www.metrica-global.com\/pe\/dia-de-la-reduccion-de-emisiones-de-co2\/","url":"https:\/\/www.metrica-global.com\/pe\/dia-de-la-reduccion-de-emisiones-de-co2\/","name":"D\u00eda de la Reducci\u00f3n de Emisiones de CO2 - METRICA","isPartOf":{"@id":"https:\/\/www.metrica-global.com\/#website"},"primaryImageOfPage":{"@id":"https:\/\/www.metrica-global.com\/pe\/dia-de-la-reduccion-de-emisiones-de-co2\/#primaryimage"},"image":{"@id":"https:\/\/www.metrica-global.com\/pe\/dia-de-la-reduccion-de-emisiones-de-co2\/#primaryimage"},"thumbnailUrl":"https:\/\/www.metrica-global.com\/wp-content\/uploads\/2024\/01\/Diseno-sin-titulo-2-scaled-e1706691663697.jpg","datePublished":"2024-01-31T08:58:04+00:00","dateModified":"2025-06-17T11:31:14+00:00","breadcrumb":{"@id":"https:\/\/www.metrica-global.com\/pe\/dia-de-la-reduccion-de-emisiones-de-co2\/#breadcrumb"},"inLanguage":"es-PE","potentialAction":[{"@type":"ReadAction","target":["https:\/\/www.metrica-global.com\/pe\/dia-de-la-reduccion-de-emisiones-de-co2\/"]}]},{"@type":"ImageObject","inLanguage":"es-PE","@id":"https:\/\/www.metrica-global.com\/pe\/dia-de-la-reduccion-de-emisiones-de-co2\/#primaryimage","url":"https:\/\/www.metrica-global.com\/wp-content\/uploads\/2024\/01\/Diseno-sin-titulo-2-scaled-e1706691663697.jpg","contentUrl":"https:\/\/www.metrica-global.com\/wp-content\/uploads\/2024\/01\/Diseno-sin-titulo-2-scaled-e1706691663697.jpg","width":1873,"height":917,"caption":"Diseno sin titulo 2 scaled e1706691663697"},{"@type":"BreadcrumbList","@id":"https:\/\/www.metrica-global.com\/pe\/dia-de-la-reduccion-de-emisiones-de-co2\/#breadcrumb","itemListElement":[{"@type":"ListItem","position":1,"name":"Portada","item":"https:\/\/www.metrica-global.com\/en\/"},{"@type":"ListItem","position":2,"name":"D\u00eda de la Reducci\u00f3n de Emisiones de CO2"}]},{"@type":"WebSite","@id":"https:\/\/www.metrica-global.com\/#website","url":"https:\/\/www.metrica-global.com\/","name":"METRICA","description":"Servicios Globales IT","publisher":{"@id":"https:\/\/www.metrica-global.com\/#organization"},"potentialAction":[{"@type":"SearchAction","target":{"@type":"EntryPoint","urlTemplate":"https:\/\/www.metrica-global.com\/?s={search_term_string}"},"query-input":{"@type":"PropertyValueSpecification","valueRequired":true,"valueName":"search_term_string"}}],"inLanguage":"es-PE"},{"@type":"Organization","@id":"https:\/\/www.metrica-global.com\/#organization","name":"METRICA","url":"https:\/\/www.metrica-global.com\/","logo":{"@type":"ImageObject","inLanguage":"es-PE","@id":"https:\/\/www.metrica-global.com\/#\/schema\/logo\/image\/","url":"https:\/\/www.metrica-global.com\/wp-content\/uploads\/2023\/12\/logo-metrica.png","contentUrl":"https:\/\/www.metrica-global.com\/wp-content\/uploads\/2023\/12\/logo-metrica.png","width":332,"height":58,"caption":"METRICA"},"image":{"@id":"https:\/\/www.metrica-global.com\/#\/schema\/logo\/image\/"}},{"@type":"Person","@id":"https:\/\/www.metrica-global.com\/#\/schema\/person\/78e8e629d9e5908167469b249f6f2cdc","name":"desarrollo","image":{"@type":"ImageObject","inLanguage":"es-PE","@id":"https:\/\/www.metrica-global.com\/#\/schema\/person\/image\/","url":"https:\/\/secure.gravatar.com\/avatar\/d2653fb8f170e1382a31acc69dcf92e99545e6329805eb11d8a34443b058f3de?s=96&d=mm&r=g","contentUrl":"https:\/\/secure.gravatar.com\/avatar\/d2653fb8f170e1382a31acc69dcf92e99545e6329805eb11d8a34443b058f3de?s=96&d=mm&r=g","caption":"desarrollo"},"url":"https:\/\/www.metrica-global.com\/pe\/author\/desarrollo\/"}]}},"_links":{"self":[{"href":"https:\/\/www.metrica-global.com\/pe\/wp-json\/wp\/v2\/posts\/7663","targetHints":{"allow":["GET"]}}],"collection":[{"href":"https:\/\/www.metrica-global.com\/pe\/wp-json\/wp\/v2\/posts"}],"about":[{"href":"https:\/\/www.metrica-global.com\/pe\/wp-json\/wp\/v2\/types\/post"}],"author":[{"embeddable":true,"href":"https:\/\/www.metrica-global.com\/pe\/wp-json\/wp\/v2\/users\/1"}],"replies":[{"embeddable":true,"href":"https:\/\/www.metrica-global.com\/pe\/wp-json\/wp\/v2\/comments?post=7663"}],"version-history":[{"count":1,"href":"https:\/\/www.metrica-global.com\/pe\/wp-json\/wp\/v2\/posts\/7663\/revisions"}],"predecessor-version":[{"id":8062,"href":"https:\/\/www.metrica-global.com\/pe\/wp-json\/wp\/v2\/posts\/7663\/revisions\/8062"}],"wp:featuredmedia":[{"embeddable":true,"href":"https:\/\/www.metrica-global.com\/pe\/wp-json\/wp\/v2\/media\/7664"}],"wp:attachment":[{"href":"https:\/\/www.metrica-global.com\/pe\/wp-json\/wp\/v2\/media?parent=7663"}],"wp:term":[{"taxonomy":"category","embeddable":true,"href":"https:\/\/www.metrica-global.com\/pe\/wp-json\/wp\/v2\/categories?post=7663"},{"taxonomy":"post_tag","embeddable":true,"href":"https:\/\/www.metrica-global.com\/pe\/wp-json\/wp\/v2\/tags?post=7663"}],"curies":[{"name":"wp","href":"https:\/\/api.w.org\/{rel}","templated":true}]}}